{"id":25429,"date":"2022-05-18T14:02:53","date_gmt":"2022-05-18T14:02:53","guid":{"rendered":"https:\/\/www.africa-press.net\/tchad\/politique\/un-faux-compte-facebook-cree-au-nom-du-ministere-des-finances"},"modified":"2022-05-18T14:29:13","modified_gmt":"2022-05-18T14:29:13","slug":"un-faux-compte-facebook-cree-au-nom-du-ministere-des-finances","status":"publish","type":"post","link":"https:\/\/www.africa-press.net\/tchad\/politique\/un-faux-compte-facebook-cree-au-nom-du-ministere-des-finances","title":{"rendered":"un faux compte Facebook cr\u00e9\u00e9 au nom du minist\u00e8re des Finances"},"content":{"rendered":"<p><span style=\"color: #ff6600\"><strong>Africa-Press &#8211; Tchad. <\/strong><\/span><b>A travers un communiqu\u00e9 du 17 mai, le minist\u00e8re des Finances et du Budget fait savoir qu\u2019une fausse page Facebook est cr\u00e9\u00e9e en son nom pour diffuser des fausses des informations.<\/b><\/p>\n<p>S\u2019adressant aux internautes, le Coordonnateur de la cellule de communication du minist\u00e8re des Finances regrette, que des individus mal intentionn\u00e9s ont cr\u00e9\u00e9 une page Facebook au nom du minist\u00e8re des Finances et du Budget afin, manifestement, de diffuser de fausses informations.<\/p>\n<p>Il invite par ailleurs, le public \u00e0 la plus grande prudence quant \u00e0 l\u2019offre de subvention en partenariat avec le nomm\u00e9 \u00ab GEN \u00bb qui serait publi\u00e9e sur cette fausse page et \u00e9galement largement diffus\u00e9e par mail. \u00ab Le D\u00e9partement n\u2019est nullement associ\u00e9, ni initiateur de cette d\u00e9marche. \u00bb, indique Adam Abakar Kayaye.<\/p>\n<p>Par ailleurs, le Minist\u00e8re rappelle qu\u2019il y a qu\u2019une seule page Facebook officielle du Minist\u00e8re qui se pr\u00e9sente comme suit : \u00ab Minist\u00e8re des Finances et du Budget- Tchad comportant une certification en bleu \u00bb. Facebook a \u00e9t\u00e9 saisi en vue de la suppression de cette page et le Minist\u00e8re des Finances et du Budget en appelle \u00e0 la vigilance de tous.<\/p>\n<p><strong>Pour plus d&rsquo;informations et d&rsquo;analyses sur la <a href=\"https:\/\/www.africa-press.net\/tchad\">Tchad<\/a>, suivez <a href=\"https:\/\/www.africa-press.net\/\">Africa-Press<\/a><\/strong><\/p>\n","protected":false},"excerpt":{"rendered":"<p>Africa-Press &#8211; Tchad. A travers un communiqu\u00e9 du 17 mai, le minist\u00e8re des Finances et du Budget fait savoir qu\u2019une fausse page Facebook est cr\u00e9\u00e9e en son nom pour diffuser des fausses des informations. S\u2019adressant aux internautes, le Coordonnateur de la cellule de communication du minist\u00e8re des Finances regrette, que des individus mal intentionn\u00e9s ont [&hellip;]<\/p>\n","protected":false},"author":82,"featured_media":25428,"comment_status":"open","ping_status":"closed","sticky":false,"template":"","format":"standard","meta":{"footnotes":""},"categories":[11,2,10],"tags":[37,292,3726,232,29],"class_list":["post-25429","post","type-post","status-publish","format-standard","has-post-thumbnail","hentry","category-homepage-french","category-politique","category-toutes-les-actualites","tag-africa-press","tag-africa-press-tchad","tag-fausse-page-facebook","tag-ministere-des-finances","tag-tchad"],"yoast_head":"<!-- This site is optimized with the Yoast SEO Premium plugin v26.1 (Yoast SEO v27.0) - https:\/\/yoast.com\/product\/yoast-seo-premium-wordpress\/ -->\n<title>un faux compte Facebook cr\u00e9\u00e9 au nom du minist\u00e8re des Finances - tchad<\/title>\n<meta name=\"description\" content=\"A travers un communiqu\u00e9 du 17 mai, le minist\u00e8re des Finances et du Budget fait savoir qu\u2019une fausse page Facebook est ...\" \/>\n<meta name=\"robots\" content=\"index, follow, max-snippet:-1, max-image-preview:large, max-video-preview:-1\" \/>\n<link rel=\"canonical\" href=\"https:\/\/www.africa-press.net\/tchad\/politique\/un-faux-compte-facebook-cree-au-nom-du-ministere-des-finances\" \/>\n<meta property=\"og:locale\" content=\"fr_FR\" \/>\n<meta property=\"og:type\" content=\"article\" \/>\n<meta property=\"og:title\" content=\"un faux compte Facebook cr\u00e9\u00e9 au nom du minist\u00e8re des Finances\" \/>\n<meta property=\"og:description\" content=\"A travers un communiqu\u00e9 du 17 mai, le minist\u00e8re des Finances et du Budget fait savoir qu\u2019une fausse page Facebook est ...\" \/>\n<meta property=\"og:url\" content=\"https:\/\/www.africa-press.net\/tchad\/politique\/un-faux-compte-facebook-cree-au-nom-du-ministere-des-finances\" \/>\n<meta property=\"og:site_name\" content=\"tchad\" \/>\n<meta property=\"article:published_time\" content=\"2022-05-18T14:02:53+00:00\" \/>\n<meta property=\"article:modified_time\" content=\"2022-05-18T14:29:13+00:00\" \/>\n<meta property=\"og:image\" content=\"https:\/\/static.africa-press.net\/tchad\/sites\/41\/2022\/05\/postQueueImg_6-628502a0b244a.jpg\" \/>\n\t<meta property=\"og:image:width\" content=\"780\" \/>\n\t<meta property=\"og:image:height\" content=\"440\" \/>\n\t<meta property=\"og:image:type\" content=\"image\/jpeg\" \/>\n<meta name=\"author\" content=\"cfeditorfr\" \/>\n<meta name=\"twitter:card\" content=\"summary_large_image\" \/>\n<meta name=\"twitter:label1\" content=\"\u00c9crit par\" \/>\n\t<meta name=\"twitter:data1\" content=\"cfeditorfr\" \/>\n\t<meta name=\"twitter:label2\" content=\"Dur\u00e9e de lecture estim\u00e9e\" \/>\n\t<meta name=\"twitter:data2\" content=\"1 minute\" \/>\n<script type=\"application\/ld+json\" class=\"yoast-schema-graph\">{\"@context\":\"https:\/\/schema.org\",\"@graph\":[{\"@type\":\"Article\",\"@id\":\"https:\/\/www.africa-press.net\/tchad\/politique\/un-faux-compte-facebook-cree-au-nom-du-ministere-des-finances#article\",\"isPartOf\":{\"@id\":\"https:\/\/www.africa-press.net\/tchad\/politique\/un-faux-compte-facebook-cree-au-nom-du-ministere-des-finances\"},\"author\":{\"name\":\"cfeditorfr\",\"@id\":\"https:\/\/www.africa-press.net\/tchad\/#\/schema\/person\/2b1cf3cd81a31e3cd26889ca66d677f1\"},\"headline\":\"un faux compte Facebook cr\u00e9\u00e9 au nom du minist\u00e8re des Finances\",\"datePublished\":\"2022-05-18T14:02:53+00:00\",\"dateModified\":\"2022-05-18T14:29:13+00:00\",\"mainEntityOfPage\":{\"@id\":\"https:\/\/www.africa-press.net\/tchad\/politique\/un-faux-compte-facebook-cree-au-nom-du-ministere-des-finances\"},\"wordCount\":223,\"commentCount\":0,\"image\":{\"@id\":\"https:\/\/www.africa-press.net\/tchad\/politique\/un-faux-compte-facebook-cree-au-nom-du-ministere-des-finances#primaryimage\"},\"thumbnailUrl\":\"https:\/\/static.africa-press.net\/tchad\/sites\/41\/2022\/05\/postQueueImg_6-628502a0b244a.jpg\",\"keywords\":[\"Africa Press\",\"Africa Press-Tchad\",\"fausse page Facebook\",\"minist\u00e8re des finances\",\"Tchad\"],\"articleSection\":[\"homepage-french\",\"Politique\",\"Toutes les actualit\u00e9s\"],\"inLanguage\":\"fr-FR\",\"potentialAction\":[{\"@type\":\"CommentAction\",\"name\":\"Comment\",\"target\":[\"https:\/\/www.africa-press.net\/tchad\/politique\/un-faux-compte-facebook-cree-au-nom-du-ministere-des-finances#respond\"]}]},{\"@type\":\"WebPage\",\"@id\":\"https:\/\/www.africa-press.net\/tchad\/politique\/un-faux-compte-facebook-cree-au-nom-du-ministere-des-finances\",\"url\":\"https:\/\/www.africa-press.net\/tchad\/politique\/un-faux-compte-facebook-cree-au-nom-du-ministere-des-finances\",\"name\":\"un faux compte Facebook cr\u00e9\u00e9 au nom du minist\u00e8re des Finances - tchad\",\"isPartOf\":{\"@id\":\"https:\/\/www.africa-press.net\/tchad\/#website\"},\"primaryImageOfPage\":{\"@id\":\"https:\/\/www.africa-press.net\/tchad\/politique\/un-faux-compte-facebook-cree-au-nom-du-ministere-des-finances#primaryimage\"},\"image\":{\"@id\":\"https:\/\/www.africa-press.net\/tchad\/politique\/un-faux-compte-facebook-cree-au-nom-du-ministere-des-finances#primaryimage\"},\"thumbnailUrl\":\"https:\/\/static.africa-press.net\/tchad\/sites\/41\/2022\/05\/postQueueImg_6-628502a0b244a.jpg\",\"datePublished\":\"2022-05-18T14:02:53+00:00\",\"dateModified\":\"2022-05-18T14:29:13+00:00\",\"author\":{\"@id\":\"https:\/\/www.africa-press.net\/tchad\/#\/schema\/person\/2b1cf3cd81a31e3cd26889ca66d677f1\"},\"description\":\"A travers un communiqu\u00e9 du 17 mai, le minist\u00e8re des Finances et du Budget fait savoir qu\u2019une fausse page Facebook est ...\",\"breadcrumb\":{\"@id\":\"https:\/\/www.africa-press.net\/tchad\/politique\/un-faux-compte-facebook-cree-au-nom-du-ministere-des-finances#breadcrumb\"},\"inLanguage\":\"fr-FR\",\"potentialAction\":[{\"@type\":\"ReadAction\",\"target\":[\"https:\/\/www.africa-press.net\/tchad\/politique\/un-faux-compte-facebook-cree-au-nom-du-ministere-des-finances\"]}]},{\"@type\":\"ImageObject\",\"inLanguage\":\"fr-FR\",\"@id\":\"https:\/\/www.africa-press.net\/tchad\/politique\/un-faux-compte-facebook-cree-au-nom-du-ministere-des-finances#primaryimage\",\"url\":\"https:\/\/static.africa-press.net\/tchad\/sites\/41\/2022\/05\/postQueueImg_6-628502a0b244a.jpg\",\"contentUrl\":\"https:\/\/static.africa-press.net\/tchad\/sites\/41\/2022\/05\/postQueueImg_6-628502a0b244a.jpg\",\"width\":780,\"height\":440,\"caption\":\"un faux compte Facebook cr\u00e9\u00e9 au nom du minist\u00e8re des Finances\"},{\"@type\":\"BreadcrumbList\",\"@id\":\"https:\/\/www.africa-press.net\/tchad\/politique\/un-faux-compte-facebook-cree-au-nom-du-ministere-des-finances#breadcrumb\",\"itemListElement\":[{\"@type\":\"ListItem\",\"position\":1,\"name\":\"Accueil\",\"item\":\"https:\/\/www.africa-press.net\/tchad\/\"},{\"@type\":\"ListItem\",\"position\":2,\"name\":\"un faux compte Facebook cr\u00e9\u00e9 au nom du minist\u00e8re des Finances\"}]},{\"@type\":\"WebSite\",\"@id\":\"https:\/\/www.africa-press.net\/tchad\/#website\",\"url\":\"https:\/\/www.africa-press.net\/tchad\/\",\"name\":\"tchad\",\"description\":\"Just another Africa News Agency Sites site\",\"potentialAction\":[{\"@type\":\"SearchAction\",\"target\":{\"@type\":\"EntryPoint\",\"urlTemplate\":\"https:\/\/www.africa-press.net\/tchad\/?s={search_term_string}\"},\"query-input\":{\"@type\":\"PropertyValueSpecification\",\"valueRequired\":true,\"valueName\":\"search_term_string\"}}],\"inLanguage\":\"fr-FR\"},{\"@type\":\"Person\",\"@id\":\"https:\/\/www.africa-press.net\/tchad\/#\/schema\/person\/2b1cf3cd81a31e3cd26889ca66d677f1\",\"name\":\"cfeditorfr\"}]}<\/script>\n<!-- \/ Yoast SEO Premium plugin. -->","yoast_head_json":{"title":"un faux compte Facebook cr\u00e9\u00e9 au nom du minist\u00e8re des Finances - tchad","description":"A travers un communiqu\u00e9 du 17 mai, le minist\u00e8re des Finances et du Budget fait savoir qu\u2019une fausse page Facebook est ...","robots":{"index":"index","follow":"follow","max-snippet":"max-snippet:-1","max-image-preview":"max-image-preview:large","max-video-preview":"max-video-preview:-1"},"canonical":"https:\/\/www.africa-press.net\/tchad\/politique\/un-faux-compte-facebook-cree-au-nom-du-ministere-des-finances","og_locale":"fr_FR","og_type":"article","og_title":"un faux compte Facebook cr\u00e9\u00e9 au nom du minist\u00e8re des Finances","og_description":"A travers un communiqu\u00e9 du 17 mai, le minist\u00e8re des Finances et du Budget fait savoir qu\u2019une fausse page Facebook est ...","og_url":"https:\/\/www.africa-press.net\/tchad\/politique\/un-faux-compte-facebook-cree-au-nom-du-ministere-des-finances","og_site_name":"tchad","article_published_time":"2022-05-18T14:02:53+00:00","article_modified_time":"2022-05-18T14:29:13+00:00","og_image":[{"width":780,"height":440,"url":"https:\/\/static.africa-press.net\/tchad\/sites\/41\/2022\/05\/postQueueImg_6-628502a0b244a.jpg","type":"image\/jpeg"}],"author":"cfeditorfr","twitter_card":"summary_large_image","twitter_misc":{"\u00c9crit par":"cfeditorfr","Dur\u00e9e de lecture estim\u00e9e":"1 minute"},"schema":{"@context":"https:\/\/schema.org","@graph":[{"@type":"Article","@id":"https:\/\/www.africa-press.net\/tchad\/politique\/un-faux-compte-facebook-cree-au-nom-du-ministere-des-finances#article","isPartOf":{"@id":"https:\/\/www.africa-press.net\/tchad\/politique\/un-faux-compte-facebook-cree-au-nom-du-ministere-des-finances"},"author":{"name":"cfeditorfr","@id":"https:\/\/www.africa-press.net\/tchad\/#\/schema\/person\/2b1cf3cd81a31e3cd26889ca66d677f1"},"headline":"un faux compte Facebook cr\u00e9\u00e9 au nom du minist\u00e8re des Finances","datePublished":"2022-05-18T14:02:53+00:00","dateModified":"2022-05-18T14:29:13+00:00","mainEntityOfPage":{"@id":"https:\/\/www.africa-press.net\/tchad\/politique\/un-faux-compte-facebook-cree-au-nom-du-ministere-des-finances"},"wordCount":223,"commentCount":0,"image":{"@id":"https:\/\/www.africa-press.net\/tchad\/politique\/un-faux-compte-facebook-cree-au-nom-du-ministere-des-finances#primaryimage"},"thumbnailUrl":"https:\/\/static.africa-press.net\/tchad\/sites\/41\/2022\/05\/postQueueImg_6-628502a0b244a.jpg","keywords":["Africa Press","Africa Press-Tchad","fausse page Facebook","minist\u00e8re des finances","Tchad"],"articleSection":["homepage-french","Politique","Toutes les actualit\u00e9s"],"inLanguage":"fr-FR","potentialAction":[{"@type":"CommentAction","name":"Comment","target":["https:\/\/www.africa-press.net\/tchad\/politique\/un-faux-compte-facebook-cree-au-nom-du-ministere-des-finances#respond"]}]},{"@type":"WebPage","@id":"https:\/\/www.africa-press.net\/tchad\/politique\/un-faux-compte-facebook-cree-au-nom-du-ministere-des-finances","url":"https:\/\/www.africa-press.net\/tchad\/politique\/un-faux-compte-facebook-cree-au-nom-du-ministere-des-finances","name":"un faux compte Facebook cr\u00e9\u00e9 au nom du minist\u00e8re des Finances - tchad","isPartOf":{"@id":"https:\/\/www.africa-press.net\/tchad\/#website"},"primaryImageOfPage":{"@id":"https:\/\/www.africa-press.net\/tchad\/politique\/un-faux-compte-facebook-cree-au-nom-du-ministere-des-finances#primaryimage"},"image":{"@id":"https:\/\/www.africa-press.net\/tchad\/politique\/un-faux-compte-facebook-cree-au-nom-du-ministere-des-finances#primaryimage"},"thumbnailUrl":"https:\/\/static.africa-press.net\/tchad\/sites\/41\/2022\/05\/postQueueImg_6-628502a0b244a.jpg","datePublished":"2022-05-18T14:02:53+00:00","dateModified":"2022-05-18T14:29:13+00:00","author":{"@id":"https:\/\/www.africa-press.net\/tchad\/#\/schema\/person\/2b1cf3cd81a31e3cd26889ca66d677f1"},"description":"A travers un communiqu\u00e9 du 17 mai, le minist\u00e8re des Finances et du Budget fait savoir qu\u2019une fausse page Facebook est ...","breadcrumb":{"@id":"https:\/\/www.africa-press.net\/tchad\/politique\/un-faux-compte-facebook-cree-au-nom-du-ministere-des-finances#breadcrumb"},"inLanguage":"fr-FR","potentialAction":[{"@type":"ReadAction","target":["https:\/\/www.africa-press.net\/tchad\/politique\/un-faux-compte-facebook-cree-au-nom-du-ministere-des-finances"]}]},{"@type":"ImageObject","inLanguage":"fr-FR","@id":"https:\/\/www.africa-press.net\/tchad\/politique\/un-faux-compte-facebook-cree-au-nom-du-ministere-des-finances#primaryimage","url":"https:\/\/static.africa-press.net\/tchad\/sites\/41\/2022\/05\/postQueueImg_6-628502a0b244a.jpg","contentUrl":"https:\/\/static.africa-press.net\/tchad\/sites\/41\/2022\/05\/postQueueImg_6-628502a0b244a.jpg","width":780,"height":440,"caption":"un faux compte Facebook cr\u00e9\u00e9 au nom du minist\u00e8re des Finances"},{"@type":"BreadcrumbList","@id":"https:\/\/www.africa-press.net\/tchad\/politique\/un-faux-compte-facebook-cree-au-nom-du-ministere-des-finances#breadcrumb","itemListElement":[{"@type":"ListItem","position":1,"name":"Accueil","item":"https:\/\/www.africa-press.net\/tchad\/"},{"@type":"ListItem","position":2,"name":"un faux compte Facebook cr\u00e9\u00e9 au nom du minist\u00e8re des Finances"}]},{"@type":"WebSite","@id":"https:\/\/www.africa-press.net\/tchad\/#website","url":"https:\/\/www.africa-press.net\/tchad\/","name":"tchad","description":"Just another Africa News Agency Sites site","potentialAction":[{"@type":"SearchAction","target":{"@type":"EntryPoint","urlTemplate":"https:\/\/www.africa-press.net\/tchad\/?s={search_term_string}"},"query-input":{"@type":"PropertyValueSpecification","valueRequired":true,"valueName":"search_term_string"}}],"inLanguage":"fr-FR"},{"@type":"Person","@id":"https:\/\/www.africa-press.net\/tchad\/#\/schema\/person\/2b1cf3cd81a31e3cd26889ca66d677f1","name":"cfeditorfr"}]}},"_links":{"self":[{"href":"https:\/\/www.africa-press.net\/tchad\/wp-json\/wp\/v2\/posts\/25429","targetHints":{"allow":["GET"]}}],"collection":[{"href":"https:\/\/www.africa-press.net\/tchad\/wp-json\/wp\/v2\/posts"}],"about":[{"href":"https:\/\/www.africa-press.net\/tchad\/wp-json\/wp\/v2\/types\/post"}],"author":[{"embeddable":true,"href":"https:\/\/www.africa-press.net\/tchad\/wp-json\/wp\/v2\/users\/82"}],"replies":[{"embeddable":true,"href":"https:\/\/www.africa-press.net\/tchad\/wp-json\/wp\/v2\/comments?post=25429"}],"version-history":[{"count":0,"href":"https:\/\/www.africa-press.net\/tchad\/wp-json\/wp\/v2\/posts\/25429\/revisions"}],"wp:featuredmedia":[{"embeddable":true,"href":"https:\/\/www.africa-press.net\/tchad\/wp-json\/wp\/v2\/media\/25428"}],"wp:attachment":[{"href":"https:\/\/www.africa-press.net\/tchad\/wp-json\/wp\/v2\/media?parent=25429"}],"wp:term":[{"taxonomy":"category","embeddable":true,"href":"https:\/\/www.africa-press.net\/tchad\/wp-json\/wp\/v2\/categories?post=25429"},{"taxonomy":"post_tag","embeddable":true,"href":"https:\/\/www.africa-press.net\/tchad\/wp-json\/wp\/v2\/tags?post=25429"}],"curies":[{"name":"wp","href":"https:\/\/api.w.org\/{rel}","templated":true}]}}