{"id":26122,"date":"2022-05-30T17:38:40","date_gmt":"2022-05-30T17:38:40","guid":{"rendered":"https:\/\/www.africa-press.net\/tchad\/politique\/le-ministere-de-la-sante-evalue-les-campagnes-de-lutte-contre-la-poliomyelite"},"modified":"2022-05-30T18:07:35","modified_gmt":"2022-05-30T18:07:35","slug":"le-ministere-de-la-sante-evalue-les-campagnes-de-lutte-contre-la-poliomyelite","status":"publish","type":"post","link":"https:\/\/www.africa-press.net\/tchad\/toutes-les-actualites\/le-ministere-de-la-sante-evalue-les-campagnes-de-lutte-contre-la-poliomyelite","title":{"rendered":"le minist\u00e8re de la Sant\u00e9 \u00e9value les campagnes de lutte contre la poliomy\u00e9lite"},"content":{"rendered":"<p><span style=\"color: #ff6600\"><strong>Africa-Press &#8211; Tchad. <\/strong><\/span><b>Le ministre de la sant\u00e9 publique, Dr Abdel-madjid Abderahim a offici\u00e9 ce lundi 30 mai 2022, une rencontre d\u2019\u00e9valuation des campagnes de lutte contre la poliomy\u00e9lite, la rougeole et la covid- 19.<\/b><\/p>\n<p>Les pr\u00e9paratifs de la campagne contre la poliomy\u00e9lite Pr\u00e9vue du 10 au 13 juin 2022 dans 139 districts sanitaires s\u2019effectuent selon le calendrier adopt\u00e9 a pr\u00e9cis\u00e9 le coordonnateur du programme \u00e9largi de vaccination Dr Abderamane Addi.<\/p>\n<p>Les prochaines \u00e9tapes consistent \u00e0 mobiliser les diff\u00e9rentes \u00e9quipes, les recycler et les envoyer sur le terrain. L\u2019\u00e9valuation des activit\u00e9s r\u00e9alis\u00e9es, l\u2019aspect logistique, la disponibilit\u00e9 des ressources dans le meilleur d\u00e9lai ont \u00e9t\u00e9 d\u00e9battue au cours de la rencontre.<\/p>\n<p>La repr\u00e9sentante de l\u2019Unicef \u00e0 la r\u00e9union a rassur\u00e9 que son organisation apporte le soutien n\u00e9cessaire pour le bon d\u00e9roulement des campagnes de vaccination.<\/p>\n<p>Le repr\u00e9sentant de l\u2019OMS s\u2019est r\u00e9joui pour sa part de la qualit\u00e9 du travail accompli et demand\u00e9 aux \u00e9quipes techniques d\u2019\u00eatre vigilantes pour circonscrire les \u00e9ventualit\u00e9s.<\/p>\n<p>Le ministre de la sant\u00e9 publique et de la solidaire nationale a f\u00e9licit\u00e9 les \u00e9quipes techniques, les services centraux, les d\u00e9l\u00e9gu\u00e9s provinciaux et les partenaires pour avoir mis les bouch\u00e9s doubles dans la tenue des activit\u00e9s vaccinales.<\/p>\n<p>Dr Abdel-madjid Abderahim a recommand\u00e9 la mise en place d\u2019un comit\u00e9 qui se chargera de l\u2019organisation et du bon choix des membres des \u00e9quipes techniques tout en sugg\u00e9rant l\u2019implication des \u00e9tudiants en m\u00e9decine selon les normes. Dr Abdel-madjid Abderahim a exhort\u00e9 les responsables \u00e0 all\u00e9ger les proc\u00e9dures d\u2019octroi des ressources et d\u2019associer les services d\u00e9concentr\u00e9s pour tenir les op\u00e9rations dans des bonnes conditions.<\/p>\n<p>Le ministre est revenu largement sur la planification, la coordination et le suivi sinc\u00e8res pour la conduite des activit\u00e9s vaccinales. Il a instruit les d\u00e9l\u00e9gu\u00e9s provinciaux de la sant\u00e9 publique et de la solidarit\u00e9 nationale \u00e0 accorder plus de l\u2019importance \u00e0 la vaccination de routine pour assurer une meilleure couverture aux enfants.<\/p>\n<p>Il a parl\u00e9 aussi de l\u2019innovation dans les m\u00e9thodes, le maintien et le renforcement de la dynamique qui doit \u00eatre adapt\u00e9e au contexte actuel dans le but de r\u00e9pondre promptement aux exigences et sp\u00e9cifi\u00e9s nationales.<\/p>\n<p>Une autre pr\u00e9sentation sur l\u2019\u00e9tat d\u2019avancement des pr\u00e9paratifs de la campagne covid-19 dans le bloc II s\u2019en est suivie et des explications ont \u00e9t\u00e9 donn\u00e9es par rapport aux \u00e9tapes franchies et celles encore. Les pr\u00e9paratifs sont \u00e0 45% et les le\u00e7ons sont tir\u00e9es de l\u2019op\u00e9ration ant\u00e9rieure pour mieux organiser la prochaine campagne.<\/p>\n<p>Ensuite, Le directeur adjoint de la surveillance et de la lutte contre la maladie Ali Abderamane a pr\u00e9sent\u00e9 les actions r\u00e9alis\u00e9es dans la lutte contre la rougeole, les cas suspects notifi\u00e9s, les mesures prises et les suggestions pour circonscrire la maladie.<\/p>\n<p>Il a \u00e9num\u00e9r\u00e9 \u00e9galement les districts qui font fac a la maladie et l\u2019\u00e9volution hebdomadaire de la rougeole tout indiquant que la riposte organis\u00e9e a r\u00e9duit les risques de propagation.<\/p>\n<p>Le ministre a soulign\u00e9 qu\u2019il est une exigence d\u2019adopter des nouvelles m\u00e9thodes, efficaces et pratiques pour lutter contre les \u00e9pid\u00e9mies. Il a demand\u00e9 aux services concern\u00e9s et les partenaires de mener une r\u00e9flexion approfondie en vue de proposer des strat\u00e9gies ad\u00e9quates pour la vaccination de routine dans l\u2019optique de faire face aux \u00e9pid\u00e9mies et maladies.<\/p>\n<p>Dr Abdel-madjid Abderahim a instruit les responsables \u00e0 une meilleure coordination des activit\u00e9s pour plus de r\u00e9sultats dans les actions planifi\u00e9es et les perspectives.<\/p>\n<p><strong>Pour plus d&rsquo;informations et d&rsquo;analyses sur la <a href=\"https:\/\/www.africa-press.net\/tchad\">Tchad<\/a>, suivez <a href=\"https:\/\/www.africa-press.net\/\">Africa-Press<\/a><\/strong><\/p>\n","protected":false},"excerpt":{"rendered":"<p>Africa-Press &#8211; Tchad. Le ministre de la sant\u00e9 publique, Dr Abdel-madjid Abderahim a offici\u00e9 ce lundi 30 mai 2022, une rencontre d\u2019\u00e9valuation des campagnes de lutte contre la poliomy\u00e9lite, la rougeole et la covid- 19. Les pr\u00e9paratifs de la campagne contre la poliomy\u00e9lite Pr\u00e9vue du 10 au 13 juin 2022 dans 139 districts sanitaires s\u2019effectuent [&hellip;]<\/p>\n","protected":false},"author":82,"featured_media":26121,"comment_status":"open","ping_status":"closed","sticky":false,"template":"","format":"standard","meta":{"footnotes":""},"categories":[21,11,10],"tags":[37,292,89,3771,3770,29],"class_list":["post-26122","post","type-post","status-publish","format-standard","has-post-thumbnail","hentry","category-communaute","category-homepage-french","category-toutes-les-actualites","tag-africa-press","tag-africa-press-tchad","tag-covid-19","tag-la-rougeole","tag-poliomyelite","tag-tchad"],"yoast_head":"<!-- This site is optimized with the Yoast SEO Premium plugin v26.1 (Yoast SEO v27.0) - https:\/\/yoast.com\/product\/yoast-seo-premium-wordpress\/ -->\n<title>le minist\u00e8re de la Sant\u00e9 \u00e9value les campagnes de lutte contre la poliomy\u00e9lite - tchad<\/title>\n<meta name=\"description\" content=\"Le ministre de la sant\u00e9 publique, Dr Abdel-madjid Abderahim a offici\u00e9 ce lundi 30 mai 2022, une rencontre d\u2019\u00e9valuatio ...\" \/>\n<meta name=\"robots\" content=\"index, follow, max-snippet:-1, max-image-preview:large, max-video-preview:-1\" \/>\n<link rel=\"canonical\" href=\"https:\/\/www.africa-press.net\/tchad\/toutes-les-actualites\/le-ministere-de-la-sante-evalue-les-campagnes-de-lutte-contre-la-poliomyelite\" \/>\n<meta property=\"og:locale\" content=\"fr_FR\" \/>\n<meta property=\"og:type\" content=\"article\" \/>\n<meta property=\"og:title\" content=\"le minist\u00e8re de la Sant\u00e9 \u00e9value les campagnes de lutte contre la poliomy\u00e9lite\" \/>\n<meta property=\"og:description\" content=\"Le ministre de la sant\u00e9 publique, Dr Abdel-madjid Abderahim a offici\u00e9 ce lundi 30 mai 2022, une rencontre d\u2019\u00e9valuatio ...\" \/>\n<meta property=\"og:url\" content=\"https:\/\/www.africa-press.net\/tchad\/toutes-les-actualites\/le-ministere-de-la-sante-evalue-les-campagnes-de-lutte-contre-la-poliomyelite\" \/>\n<meta property=\"og:site_name\" content=\"tchad\" \/>\n<meta property=\"article:published_time\" content=\"2022-05-30T17:38:40+00:00\" \/>\n<meta property=\"article:modified_time\" content=\"2022-05-30T18:07:35+00:00\" \/>\n<meta property=\"og:image\" content=\"https:\/\/static.africa-press.net\/tchad\/sites\/41\/2022\/05\/postQueueImg_32-629507cdbdc65.jpg\" \/>\n\t<meta property=\"og:image:width\" content=\"780\" \/>\n\t<meta property=\"og:image:height\" content=\"440\" \/>\n\t<meta property=\"og:image:type\" content=\"image\/jpeg\" \/>\n<meta name=\"author\" content=\"cfeditorfr\" \/>\n<meta name=\"twitter:card\" content=\"summary_large_image\" \/>\n<meta name=\"twitter:label1\" content=\"\u00c9crit par\" \/>\n\t<meta name=\"twitter:data1\" content=\"cfeditorfr\" \/>\n\t<meta name=\"twitter:label2\" content=\"Dur\u00e9e de lecture estim\u00e9e\" \/>\n\t<meta name=\"twitter:data2\" content=\"3 minutes\" \/>\n<script type=\"application\/ld+json\" class=\"yoast-schema-graph\">{\"@context\":\"https:\/\/schema.org\",\"@graph\":[{\"@type\":\"Article\",\"@id\":\"https:\/\/www.africa-press.net\/tchad\/toutes-les-actualites\/le-ministere-de-la-sante-evalue-les-campagnes-de-lutte-contre-la-poliomyelite#article\",\"isPartOf\":{\"@id\":\"https:\/\/www.africa-press.net\/tchad\/toutes-les-actualites\/le-ministere-de-la-sante-evalue-les-campagnes-de-lutte-contre-la-poliomyelite\"},\"author\":{\"name\":\"cfeditorfr\",\"@id\":\"https:\/\/www.africa-press.net\/tchad\/#\/schema\/person\/2b1cf3cd81a31e3cd26889ca66d677f1\"},\"headline\":\"le minist\u00e8re de la Sant\u00e9 \u00e9value les campagnes de lutte contre la poliomy\u00e9lite\",\"datePublished\":\"2022-05-30T17:38:40+00:00\",\"dateModified\":\"2022-05-30T18:07:35+00:00\",\"mainEntityOfPage\":{\"@id\":\"https:\/\/www.africa-press.net\/tchad\/toutes-les-actualites\/le-ministere-de-la-sante-evalue-les-campagnes-de-lutte-contre-la-poliomyelite\"},\"wordCount\":650,\"commentCount\":0,\"image\":{\"@id\":\"https:\/\/www.africa-press.net\/tchad\/toutes-les-actualites\/le-ministere-de-la-sante-evalue-les-campagnes-de-lutte-contre-la-poliomyelite#primaryimage\"},\"thumbnailUrl\":\"https:\/\/static.africa-press.net\/tchad\/sites\/41\/2022\/05\/postQueueImg_32-629507cdbdc65.jpg\",\"keywords\":[\"Africa Press\",\"Africa Press-Tchad\",\"COVID 19\",\"la rougeole\",\"poliomy\u00e9lite\",\"Tchad\"],\"articleSection\":[\"Communaut\u00e9\",\"homepage-french\",\"Toutes les actualit\u00e9s\"],\"inLanguage\":\"fr-FR\",\"potentialAction\":[{\"@type\":\"CommentAction\",\"name\":\"Comment\",\"target\":[\"https:\/\/www.africa-press.net\/tchad\/toutes-les-actualites\/le-ministere-de-la-sante-evalue-les-campagnes-de-lutte-contre-la-poliomyelite#respond\"]}]},{\"@type\":\"WebPage\",\"@id\":\"https:\/\/www.africa-press.net\/tchad\/toutes-les-actualites\/le-ministere-de-la-sante-evalue-les-campagnes-de-lutte-contre-la-poliomyelite\",\"url\":\"https:\/\/www.africa-press.net\/tchad\/toutes-les-actualites\/le-ministere-de-la-sante-evalue-les-campagnes-de-lutte-contre-la-poliomyelite\",\"name\":\"le minist\u00e8re de la Sant\u00e9 \u00e9value les campagnes de lutte contre la poliomy\u00e9lite - tchad\",\"isPartOf\":{\"@id\":\"https:\/\/www.africa-press.net\/tchad\/#website\"},\"primaryImageOfPage\":{\"@id\":\"https:\/\/www.africa-press.net\/tchad\/toutes-les-actualites\/le-ministere-de-la-sante-evalue-les-campagnes-de-lutte-contre-la-poliomyelite#primaryimage\"},\"image\":{\"@id\":\"https:\/\/www.africa-press.net\/tchad\/toutes-les-actualites\/le-ministere-de-la-sante-evalue-les-campagnes-de-lutte-contre-la-poliomyelite#primaryimage\"},\"thumbnailUrl\":\"https:\/\/static.africa-press.net\/tchad\/sites\/41\/2022\/05\/postQueueImg_32-629507cdbdc65.jpg\",\"datePublished\":\"2022-05-30T17:38:40+00:00\",\"dateModified\":\"2022-05-30T18:07:35+00:00\",\"author\":{\"@id\":\"https:\/\/www.africa-press.net\/tchad\/#\/schema\/person\/2b1cf3cd81a31e3cd26889ca66d677f1\"},\"description\":\"Le ministre de la sant\u00e9 publique, Dr Abdel-madjid Abderahim a offici\u00e9 ce lundi 30 mai 2022, une rencontre d\u2019\u00e9valuatio ...\",\"breadcrumb\":{\"@id\":\"https:\/\/www.africa-press.net\/tchad\/toutes-les-actualites\/le-ministere-de-la-sante-evalue-les-campagnes-de-lutte-contre-la-poliomyelite#breadcrumb\"},\"inLanguage\":\"fr-FR\",\"potentialAction\":[{\"@type\":\"ReadAction\",\"target\":[\"https:\/\/www.africa-press.net\/tchad\/toutes-les-actualites\/le-ministere-de-la-sante-evalue-les-campagnes-de-lutte-contre-la-poliomyelite\"]}]},{\"@type\":\"ImageObject\",\"inLanguage\":\"fr-FR\",\"@id\":\"https:\/\/www.africa-press.net\/tchad\/toutes-les-actualites\/le-ministere-de-la-sante-evalue-les-campagnes-de-lutte-contre-la-poliomyelite#primaryimage\",\"url\":\"https:\/\/static.africa-press.net\/tchad\/sites\/41\/2022\/05\/postQueueImg_32-629507cdbdc65.jpg\",\"contentUrl\":\"https:\/\/static.africa-press.net\/tchad\/sites\/41\/2022\/05\/postQueueImg_32-629507cdbdc65.jpg\",\"width\":780,\"height\":440,\"caption\":\"le minist\u00e8re de la Sant\u00e9 \u00e9value les campagnes de lutte contre la poliomy\u00e9lite\"},{\"@type\":\"BreadcrumbList\",\"@id\":\"https:\/\/www.africa-press.net\/tchad\/toutes-les-actualites\/le-ministere-de-la-sante-evalue-les-campagnes-de-lutte-contre-la-poliomyelite#breadcrumb\",\"itemListElement\":[{\"@type\":\"ListItem\",\"position\":1,\"name\":\"Accueil\",\"item\":\"https:\/\/www.africa-press.net\/tchad\/\"},{\"@type\":\"ListItem\",\"position\":2,\"name\":\"le minist\u00e8re de la Sant\u00e9 \u00e9value les campagnes de lutte contre la poliomy\u00e9lite\"}]},{\"@type\":\"WebSite\",\"@id\":\"https:\/\/www.africa-press.net\/tchad\/#website\",\"url\":\"https:\/\/www.africa-press.net\/tchad\/\",\"name\":\"tchad\",\"description\":\"Just another Africa News Agency Sites site\",\"potentialAction\":[{\"@type\":\"SearchAction\",\"target\":{\"@type\":\"EntryPoint\",\"urlTemplate\":\"https:\/\/www.africa-press.net\/tchad\/?s={search_term_string}\"},\"query-input\":{\"@type\":\"PropertyValueSpecification\",\"valueRequired\":true,\"valueName\":\"search_term_string\"}}],\"inLanguage\":\"fr-FR\"},{\"@type\":\"Person\",\"@id\":\"https:\/\/www.africa-press.net\/tchad\/#\/schema\/person\/2b1cf3cd81a31e3cd26889ca66d677f1\",\"name\":\"cfeditorfr\"}]}<\/script>\n<!-- \/ Yoast SEO Premium plugin. -->","yoast_head_json":{"title":"le minist\u00e8re de la Sant\u00e9 \u00e9value les campagnes de lutte contre la poliomy\u00e9lite - tchad","description":"Le ministre de la sant\u00e9 publique, Dr Abdel-madjid Abderahim a offici\u00e9 ce lundi 30 mai 2022, une rencontre d\u2019\u00e9valuatio ...","robots":{"index":"index","follow":"follow","max-snippet":"max-snippet:-1","max-image-preview":"max-image-preview:large","max-video-preview":"max-video-preview:-1"},"canonical":"https:\/\/www.africa-press.net\/tchad\/toutes-les-actualites\/le-ministere-de-la-sante-evalue-les-campagnes-de-lutte-contre-la-poliomyelite","og_locale":"fr_FR","og_type":"article","og_title":"le minist\u00e8re de la Sant\u00e9 \u00e9value les campagnes de lutte contre la poliomy\u00e9lite","og_description":"Le ministre de la sant\u00e9 publique, Dr Abdel-madjid Abderahim a offici\u00e9 ce lundi 30 mai 2022, une rencontre d\u2019\u00e9valuatio ...","og_url":"https:\/\/www.africa-press.net\/tchad\/toutes-les-actualites\/le-ministere-de-la-sante-evalue-les-campagnes-de-lutte-contre-la-poliomyelite","og_site_name":"tchad","article_published_time":"2022-05-30T17:38:40+00:00","article_modified_time":"2022-05-30T18:07:35+00:00","og_image":[{"width":780,"height":440,"url":"https:\/\/static.africa-press.net\/tchad\/sites\/41\/2022\/05\/postQueueImg_32-629507cdbdc65.jpg","type":"image\/jpeg"}],"author":"cfeditorfr","twitter_card":"summary_large_image","twitter_misc":{"\u00c9crit par":"cfeditorfr","Dur\u00e9e de lecture estim\u00e9e":"3 minutes"},"schema":{"@context":"https:\/\/schema.org","@graph":[{"@type":"Article","@id":"https:\/\/www.africa-press.net\/tchad\/toutes-les-actualites\/le-ministere-de-la-sante-evalue-les-campagnes-de-lutte-contre-la-poliomyelite#article","isPartOf":{"@id":"https:\/\/www.africa-press.net\/tchad\/toutes-les-actualites\/le-ministere-de-la-sante-evalue-les-campagnes-de-lutte-contre-la-poliomyelite"},"author":{"name":"cfeditorfr","@id":"https:\/\/www.africa-press.net\/tchad\/#\/schema\/person\/2b1cf3cd81a31e3cd26889ca66d677f1"},"headline":"le minist\u00e8re de la Sant\u00e9 \u00e9value les campagnes de lutte contre la poliomy\u00e9lite","datePublished":"2022-05-30T17:38:40+00:00","dateModified":"2022-05-30T18:07:35+00:00","mainEntityOfPage":{"@id":"https:\/\/www.africa-press.net\/tchad\/toutes-les-actualites\/le-ministere-de-la-sante-evalue-les-campagnes-de-lutte-contre-la-poliomyelite"},"wordCount":650,"commentCount":0,"image":{"@id":"https:\/\/www.africa-press.net\/tchad\/toutes-les-actualites\/le-ministere-de-la-sante-evalue-les-campagnes-de-lutte-contre-la-poliomyelite#primaryimage"},"thumbnailUrl":"https:\/\/static.africa-press.net\/tchad\/sites\/41\/2022\/05\/postQueueImg_32-629507cdbdc65.jpg","keywords":["Africa Press","Africa Press-Tchad","COVID 19","la rougeole","poliomy\u00e9lite","Tchad"],"articleSection":["Communaut\u00e9","homepage-french","Toutes les actualit\u00e9s"],"inLanguage":"fr-FR","potentialAction":[{"@type":"CommentAction","name":"Comment","target":["https:\/\/www.africa-press.net\/tchad\/toutes-les-actualites\/le-ministere-de-la-sante-evalue-les-campagnes-de-lutte-contre-la-poliomyelite#respond"]}]},{"@type":"WebPage","@id":"https:\/\/www.africa-press.net\/tchad\/toutes-les-actualites\/le-ministere-de-la-sante-evalue-les-campagnes-de-lutte-contre-la-poliomyelite","url":"https:\/\/www.africa-press.net\/tchad\/toutes-les-actualites\/le-ministere-de-la-sante-evalue-les-campagnes-de-lutte-contre-la-poliomyelite","name":"le minist\u00e8re de la Sant\u00e9 \u00e9value les campagnes de lutte contre la poliomy\u00e9lite - tchad","isPartOf":{"@id":"https:\/\/www.africa-press.net\/tchad\/#website"},"primaryImageOfPage":{"@id":"https:\/\/www.africa-press.net\/tchad\/toutes-les-actualites\/le-ministere-de-la-sante-evalue-les-campagnes-de-lutte-contre-la-poliomyelite#primaryimage"},"image":{"@id":"https:\/\/www.africa-press.net\/tchad\/toutes-les-actualites\/le-ministere-de-la-sante-evalue-les-campagnes-de-lutte-contre-la-poliomyelite#primaryimage"},"thumbnailUrl":"https:\/\/static.africa-press.net\/tchad\/sites\/41\/2022\/05\/postQueueImg_32-629507cdbdc65.jpg","datePublished":"2022-05-30T17:38:40+00:00","dateModified":"2022-05-30T18:07:35+00:00","author":{"@id":"https:\/\/www.africa-press.net\/tchad\/#\/schema\/person\/2b1cf3cd81a31e3cd26889ca66d677f1"},"description":"Le ministre de la sant\u00e9 publique, Dr Abdel-madjid Abderahim a offici\u00e9 ce lundi 30 mai 2022, une rencontre d\u2019\u00e9valuatio ...","breadcrumb":{"@id":"https:\/\/www.africa-press.net\/tchad\/toutes-les-actualites\/le-ministere-de-la-sante-evalue-les-campagnes-de-lutte-contre-la-poliomyelite#breadcrumb"},"inLanguage":"fr-FR","potentialAction":[{"@type":"ReadAction","target":["https:\/\/www.africa-press.net\/tchad\/toutes-les-actualites\/le-ministere-de-la-sante-evalue-les-campagnes-de-lutte-contre-la-poliomyelite"]}]},{"@type":"ImageObject","inLanguage":"fr-FR","@id":"https:\/\/www.africa-press.net\/tchad\/toutes-les-actualites\/le-ministere-de-la-sante-evalue-les-campagnes-de-lutte-contre-la-poliomyelite#primaryimage","url":"https:\/\/static.africa-press.net\/tchad\/sites\/41\/2022\/05\/postQueueImg_32-629507cdbdc65.jpg","contentUrl":"https:\/\/static.africa-press.net\/tchad\/sites\/41\/2022\/05\/postQueueImg_32-629507cdbdc65.jpg","width":780,"height":440,"caption":"le minist\u00e8re de la Sant\u00e9 \u00e9value les campagnes de lutte contre la poliomy\u00e9lite"},{"@type":"BreadcrumbList","@id":"https:\/\/www.africa-press.net\/tchad\/toutes-les-actualites\/le-ministere-de-la-sante-evalue-les-campagnes-de-lutte-contre-la-poliomyelite#breadcrumb","itemListElement":[{"@type":"ListItem","position":1,"name":"Accueil","item":"https:\/\/www.africa-press.net\/tchad\/"},{"@type":"ListItem","position":2,"name":"le minist\u00e8re de la Sant\u00e9 \u00e9value les campagnes de lutte contre la poliomy\u00e9lite"}]},{"@type":"WebSite","@id":"https:\/\/www.africa-press.net\/tchad\/#website","url":"https:\/\/www.africa-press.net\/tchad\/","name":"tchad","description":"Just another Africa News Agency Sites site","potentialAction":[{"@type":"SearchAction","target":{"@type":"EntryPoint","urlTemplate":"https:\/\/www.africa-press.net\/tchad\/?s={search_term_string}"},"query-input":{"@type":"PropertyValueSpecification","valueRequired":true,"valueName":"search_term_string"}}],"inLanguage":"fr-FR"},{"@type":"Person","@id":"https:\/\/www.africa-press.net\/tchad\/#\/schema\/person\/2b1cf3cd81a31e3cd26889ca66d677f1","name":"cfeditorfr"}]}},"_links":{"self":[{"href":"https:\/\/www.africa-press.net\/tchad\/wp-json\/wp\/v2\/posts\/26122","targetHints":{"allow":["GET"]}}],"collection":[{"href":"https:\/\/www.africa-press.net\/tchad\/wp-json\/wp\/v2\/posts"}],"about":[{"href":"https:\/\/www.africa-press.net\/tchad\/wp-json\/wp\/v2\/types\/post"}],"author":[{"embeddable":true,"href":"https:\/\/www.africa-press.net\/tchad\/wp-json\/wp\/v2\/users\/82"}],"replies":[{"embeddable":true,"href":"https:\/\/www.africa-press.net\/tchad\/wp-json\/wp\/v2\/comments?post=26122"}],"version-history":[{"count":0,"href":"https:\/\/www.africa-press.net\/tchad\/wp-json\/wp\/v2\/posts\/26122\/revisions"}],"wp:featuredmedia":[{"embeddable":true,"href":"https:\/\/www.africa-press.net\/tchad\/wp-json\/wp\/v2\/media\/26121"}],"wp:attachment":[{"href":"https:\/\/www.africa-press.net\/tchad\/wp-json\/wp\/v2\/media?parent=26122"}],"wp:term":[{"taxonomy":"category","embeddable":true,"href":"https:\/\/www.africa-press.net\/tchad\/wp-json\/wp\/v2\/categories?post=26122"},{"taxonomy":"post_tag","embeddable":true,"href":"https:\/\/www.africa-press.net\/tchad\/wp-json\/wp\/v2\/tags?post=26122"}],"curies":[{"name":"wp","href":"https:\/\/api.w.org\/{rel}","templated":true}]}}