{"id":26230,"date":"2022-06-01T10:43:00","date_gmt":"2022-06-01T10:43:00","guid":{"rendered":"https:\/\/www.africa-press.net\/tchad\/politique\/le-dg-de-lena-presente-les-difficultes-de-son-institution-au-pcmt"},"modified":"2022-06-01T11:11:28","modified_gmt":"2022-06-01T11:11:28","slug":"le-dg-de-lena-presente-les-difficultes-de-son-institution-au-pcmt","status":"publish","type":"post","link":"https:\/\/www.africa-press.net\/tchad\/politique\/le-dg-de-lena-presente-les-difficultes-de-son-institution-au-pcmt","title":{"rendered":"le DG de l\u2019ENA pr\u00e9sente les difficult\u00e9s de son institution au PCMT"},"content":{"rendered":"<p><span style=\"color: #ff6600\"><strong>Africa-Press &#8211; Tchad. <\/strong><\/span><b>Le pr\u00e9sident du Conseil militaire de transition a re\u00e7u en audience, le pr\u00e9sident du Conseil d\u2019administration et le directeur g\u00e9n\u00e9ral de l\u2019Ecole nationale d\u2019administration, le 30 mai 2022.<\/b><\/p>\n<p>La rencontre de travail a permis d\u2019\u00e9valuer le d\u00e9roulement des activit\u00e9s \u00e0 l\u2019ENA. Ainsi, le DG, S\u00e9noussi Hassana Abdoulaye a dress\u00e9 un \u00e9tat des lieux des activit\u00e9s de l\u2019Ecole. Egalement les difficult\u00e9s d\u2019ordre financier qu\u2019elle rencontre et les perspectives qui se dessinent dans le nouveau plan strat\u00e9gique 2022-2026 de l\u2019ENA qui est en phase d\u2019\u00e9laboration.<\/p>\n<p><b>S\u00e9noussi Hassana Abdoulaye<\/b><\/p>\n<p>Le DG de l\u2019ENA a \u00e9galement pr\u00e9sent\u00e9 quelques dol\u00e9ances en mati\u00e8re de renforcement de la formation continue, d\u2019augmentation des capacit\u00e9s de l\u2019Ecole, de la promotion et de la responsabilisation des \u00e9narques dans l\u2019Administration Publique.<\/p>\n<p>Le PCMT a confi\u00e9 \u00e0 l\u2019\u00e9quipe dirigeante avoir pris bonne note des difficult\u00e9s pr\u00e9sent\u00e9es et a approuv\u00e9 les perspectives en cours. Il a, en outre, rassur\u00e9 de faire de son mieux pour donner une suite satisfaisante \u00e0 toutes les dol\u00e9ances et suggestions formul\u00e9es.<\/p>\n<p><strong>Pour plus d&rsquo;informations et d&rsquo;analyses sur la <a href=\"https:\/\/www.africa-press.net\/tchad\">Tchad<\/a>, suivez <a href=\"https:\/\/www.africa-press.net\/\">Africa-Press<\/a><\/strong><\/p>\n","protected":false},"excerpt":{"rendered":"<p>Africa-Press &#8211; Tchad. Le pr\u00e9sident du Conseil militaire de transition a re\u00e7u en audience, le pr\u00e9sident du Conseil d\u2019administration et le directeur g\u00e9n\u00e9ral de l\u2019Ecole nationale d\u2019administration, le 30 mai 2022. La rencontre de travail a permis d\u2019\u00e9valuer le d\u00e9roulement des activit\u00e9s \u00e0 l\u2019ENA. Ainsi, le DG, S\u00e9noussi Hassana Abdoulaye a dress\u00e9 un \u00e9tat des [&hellip;]<\/p>\n","protected":false},"author":82,"featured_media":26229,"comment_status":"open","ping_status":"closed","sticky":false,"template":"","format":"standard","meta":{"footnotes":""},"categories":[11,2,20,10],"tags":[37,292,3779,1717,29],"class_list":["post-26230","post","type-post","status-publish","format-standard","has-post-thumbnail","hentry","category-homepage-french","category-politique","category-top-nouvelles","category-toutes-les-actualites","tag-africa-press","tag-africa-press-tchad","tag-dg-de-lena","tag-pcmt","tag-tchad"],"yoast_head":"<!-- This site is optimized with the Yoast SEO Premium plugin v26.1 (Yoast SEO v27.0) - https:\/\/yoast.com\/product\/yoast-seo-premium-wordpress\/ -->\n<title>le DG de l\u2019ENA pr\u00e9sente les difficult\u00e9s de son institution au PCMT - tchad<\/title>\n<meta name=\"description\" content=\"Le pr\u00e9sident du Conseil militaire de transition a re\u00e7u en audience, le pr\u00e9sident du Conseil d\u2019administration et le di ...\" \/>\n<meta name=\"robots\" content=\"index, follow, max-snippet:-1, max-image-preview:large, max-video-preview:-1\" \/>\n<link rel=\"canonical\" href=\"https:\/\/www.africa-press.net\/tchad\/politique\/le-dg-de-lena-presente-les-difficultes-de-son-institution-au-pcmt\" \/>\n<meta property=\"og:locale\" content=\"fr_FR\" \/>\n<meta property=\"og:type\" content=\"article\" \/>\n<meta property=\"og:title\" content=\"le DG de l\u2019ENA pr\u00e9sente les difficult\u00e9s de son institution au PCMT\" \/>\n<meta property=\"og:description\" content=\"Le pr\u00e9sident du Conseil militaire de transition a re\u00e7u en audience, le pr\u00e9sident du Conseil d\u2019administration et le di ...\" \/>\n<meta property=\"og:url\" content=\"https:\/\/www.africa-press.net\/tchad\/politique\/le-dg-de-lena-presente-les-difficultes-de-son-institution-au-pcmt\" \/>\n<meta property=\"og:site_name\" content=\"tchad\" \/>\n<meta property=\"article:published_time\" content=\"2022-06-01T10:43:00+00:00\" \/>\n<meta property=\"article:modified_time\" content=\"2022-06-01T11:11:28+00:00\" \/>\n<meta property=\"og:image\" content=\"https:\/\/static.africa-press.net\/tchad\/sites\/41\/2022\/06\/postQueueImg_35.jpg\" \/>\n\t<meta property=\"og:image:width\" content=\"780\" \/>\n\t<meta property=\"og:image:height\" content=\"440\" \/>\n\t<meta property=\"og:image:type\" content=\"image\/jpeg\" \/>\n<meta name=\"author\" content=\"cfeditorfr\" \/>\n<meta name=\"twitter:card\" content=\"summary_large_image\" \/>\n<meta name=\"twitter:label1\" content=\"\u00c9crit par\" \/>\n\t<meta name=\"twitter:data1\" content=\"cfeditorfr\" \/>\n\t<meta name=\"twitter:label2\" content=\"Dur\u00e9e de lecture estim\u00e9e\" \/>\n\t<meta name=\"twitter:data2\" content=\"1 minute\" \/>\n<script type=\"application\/ld+json\" class=\"yoast-schema-graph\">{\"@context\":\"https:\/\/schema.org\",\"@graph\":[{\"@type\":\"Article\",\"@id\":\"https:\/\/www.africa-press.net\/tchad\/politique\/le-dg-de-lena-presente-les-difficultes-de-son-institution-au-pcmt#article\",\"isPartOf\":{\"@id\":\"https:\/\/www.africa-press.net\/tchad\/politique\/le-dg-de-lena-presente-les-difficultes-de-son-institution-au-pcmt\"},\"author\":{\"name\":\"cfeditorfr\",\"@id\":\"https:\/\/www.africa-press.net\/tchad\/#\/schema\/person\/2b1cf3cd81a31e3cd26889ca66d677f1\"},\"headline\":\"le DG de l\u2019ENA pr\u00e9sente les difficult\u00e9s de son institution au PCMT\",\"datePublished\":\"2022-06-01T10:43:00+00:00\",\"dateModified\":\"2022-06-01T11:11:28+00:00\",\"mainEntityOfPage\":{\"@id\":\"https:\/\/www.africa-press.net\/tchad\/politique\/le-dg-de-lena-presente-les-difficultes-de-son-institution-au-pcmt\"},\"wordCount\":224,\"commentCount\":0,\"image\":{\"@id\":\"https:\/\/www.africa-press.net\/tchad\/politique\/le-dg-de-lena-presente-les-difficultes-de-son-institution-au-pcmt#primaryimage\"},\"thumbnailUrl\":\"https:\/\/static.africa-press.net\/tchad\/sites\/41\/2022\/06\/postQueueImg_35.jpg\",\"keywords\":[\"Africa Press\",\"Africa Press-Tchad\",\"DG de l\u2019ENA\",\"PCMT\",\"Tchad\"],\"articleSection\":[\"homepage-french\",\"Politique\",\"Top Nouvelles\",\"Toutes les actualit\u00e9s\"],\"inLanguage\":\"fr-FR\",\"potentialAction\":[{\"@type\":\"CommentAction\",\"name\":\"Comment\",\"target\":[\"https:\/\/www.africa-press.net\/tchad\/politique\/le-dg-de-lena-presente-les-difficultes-de-son-institution-au-pcmt#respond\"]}]},{\"@type\":\"WebPage\",\"@id\":\"https:\/\/www.africa-press.net\/tchad\/politique\/le-dg-de-lena-presente-les-difficultes-de-son-institution-au-pcmt\",\"url\":\"https:\/\/www.africa-press.net\/tchad\/politique\/le-dg-de-lena-presente-les-difficultes-de-son-institution-au-pcmt\",\"name\":\"le DG de l\u2019ENA pr\u00e9sente les difficult\u00e9s de son institution au PCMT - tchad\",\"isPartOf\":{\"@id\":\"https:\/\/www.africa-press.net\/tchad\/#website\"},\"primaryImageOfPage\":{\"@id\":\"https:\/\/www.africa-press.net\/tchad\/politique\/le-dg-de-lena-presente-les-difficultes-de-son-institution-au-pcmt#primaryimage\"},\"image\":{\"@id\":\"https:\/\/www.africa-press.net\/tchad\/politique\/le-dg-de-lena-presente-les-difficultes-de-son-institution-au-pcmt#primaryimage\"},\"thumbnailUrl\":\"https:\/\/static.africa-press.net\/tchad\/sites\/41\/2022\/06\/postQueueImg_35.jpg\",\"datePublished\":\"2022-06-01T10:43:00+00:00\",\"dateModified\":\"2022-06-01T11:11:28+00:00\",\"author\":{\"@id\":\"https:\/\/www.africa-press.net\/tchad\/#\/schema\/person\/2b1cf3cd81a31e3cd26889ca66d677f1\"},\"description\":\"Le pr\u00e9sident du Conseil militaire de transition a re\u00e7u en audience, le pr\u00e9sident du Conseil d\u2019administration et le di ...\",\"breadcrumb\":{\"@id\":\"https:\/\/www.africa-press.net\/tchad\/politique\/le-dg-de-lena-presente-les-difficultes-de-son-institution-au-pcmt#breadcrumb\"},\"inLanguage\":\"fr-FR\",\"potentialAction\":[{\"@type\":\"ReadAction\",\"target\":[\"https:\/\/www.africa-press.net\/tchad\/politique\/le-dg-de-lena-presente-les-difficultes-de-son-institution-au-pcmt\"]}]},{\"@type\":\"ImageObject\",\"inLanguage\":\"fr-FR\",\"@id\":\"https:\/\/www.africa-press.net\/tchad\/politique\/le-dg-de-lena-presente-les-difficultes-de-son-institution-au-pcmt#primaryimage\",\"url\":\"https:\/\/static.africa-press.net\/tchad\/sites\/41\/2022\/06\/postQueueImg_35.jpg\",\"contentUrl\":\"https:\/\/static.africa-press.net\/tchad\/sites\/41\/2022\/06\/postQueueImg_35.jpg\",\"width\":780,\"height\":440,\"caption\":\"le DG de l\u2019ENA pr\u00e9sente les difficult\u00e9s de son institution au PCMT\"},{\"@type\":\"BreadcrumbList\",\"@id\":\"https:\/\/www.africa-press.net\/tchad\/politique\/le-dg-de-lena-presente-les-difficultes-de-son-institution-au-pcmt#breadcrumb\",\"itemListElement\":[{\"@type\":\"ListItem\",\"position\":1,\"name\":\"Accueil\",\"item\":\"https:\/\/www.africa-press.net\/tchad\/\"},{\"@type\":\"ListItem\",\"position\":2,\"name\":\"le DG de l\u2019ENA pr\u00e9sente les difficult\u00e9s de son institution au PCMT\"}]},{\"@type\":\"WebSite\",\"@id\":\"https:\/\/www.africa-press.net\/tchad\/#website\",\"url\":\"https:\/\/www.africa-press.net\/tchad\/\",\"name\":\"tchad\",\"description\":\"Just another Africa News Agency Sites site\",\"potentialAction\":[{\"@type\":\"SearchAction\",\"target\":{\"@type\":\"EntryPoint\",\"urlTemplate\":\"https:\/\/www.africa-press.net\/tchad\/?s={search_term_string}\"},\"query-input\":{\"@type\":\"PropertyValueSpecification\",\"valueRequired\":true,\"valueName\":\"search_term_string\"}}],\"inLanguage\":\"fr-FR\"},{\"@type\":\"Person\",\"@id\":\"https:\/\/www.africa-press.net\/tchad\/#\/schema\/person\/2b1cf3cd81a31e3cd26889ca66d677f1\",\"name\":\"cfeditorfr\"}]}<\/script>\n<!-- \/ Yoast SEO Premium plugin. -->","yoast_head_json":{"title":"le DG de l\u2019ENA pr\u00e9sente les difficult\u00e9s de son institution au PCMT - tchad","description":"Le pr\u00e9sident du Conseil militaire de transition a re\u00e7u en audience, le pr\u00e9sident du Conseil d\u2019administration et le di ...","robots":{"index":"index","follow":"follow","max-snippet":"max-snippet:-1","max-image-preview":"max-image-preview:large","max-video-preview":"max-video-preview:-1"},"canonical":"https:\/\/www.africa-press.net\/tchad\/politique\/le-dg-de-lena-presente-les-difficultes-de-son-institution-au-pcmt","og_locale":"fr_FR","og_type":"article","og_title":"le DG de l\u2019ENA pr\u00e9sente les difficult\u00e9s de son institution au PCMT","og_description":"Le pr\u00e9sident du Conseil militaire de transition a re\u00e7u en audience, le pr\u00e9sident du Conseil d\u2019administration et le di ...","og_url":"https:\/\/www.africa-press.net\/tchad\/politique\/le-dg-de-lena-presente-les-difficultes-de-son-institution-au-pcmt","og_site_name":"tchad","article_published_time":"2022-06-01T10:43:00+00:00","article_modified_time":"2022-06-01T11:11:28+00:00","og_image":[{"width":780,"height":440,"url":"https:\/\/static.africa-press.net\/tchad\/sites\/41\/2022\/06\/postQueueImg_35.jpg","type":"image\/jpeg"}],"author":"cfeditorfr","twitter_card":"summary_large_image","twitter_misc":{"\u00c9crit par":"cfeditorfr","Dur\u00e9e de lecture estim\u00e9e":"1 minute"},"schema":{"@context":"https:\/\/schema.org","@graph":[{"@type":"Article","@id":"https:\/\/www.africa-press.net\/tchad\/politique\/le-dg-de-lena-presente-les-difficultes-de-son-institution-au-pcmt#article","isPartOf":{"@id":"https:\/\/www.africa-press.net\/tchad\/politique\/le-dg-de-lena-presente-les-difficultes-de-son-institution-au-pcmt"},"author":{"name":"cfeditorfr","@id":"https:\/\/www.africa-press.net\/tchad\/#\/schema\/person\/2b1cf3cd81a31e3cd26889ca66d677f1"},"headline":"le DG de l\u2019ENA pr\u00e9sente les difficult\u00e9s de son institution au PCMT","datePublished":"2022-06-01T10:43:00+00:00","dateModified":"2022-06-01T11:11:28+00:00","mainEntityOfPage":{"@id":"https:\/\/www.africa-press.net\/tchad\/politique\/le-dg-de-lena-presente-les-difficultes-de-son-institution-au-pcmt"},"wordCount":224,"commentCount":0,"image":{"@id":"https:\/\/www.africa-press.net\/tchad\/politique\/le-dg-de-lena-presente-les-difficultes-de-son-institution-au-pcmt#primaryimage"},"thumbnailUrl":"https:\/\/static.africa-press.net\/tchad\/sites\/41\/2022\/06\/postQueueImg_35.jpg","keywords":["Africa Press","Africa Press-Tchad","DG de l\u2019ENA","PCMT","Tchad"],"articleSection":["homepage-french","Politique","Top Nouvelles","Toutes les actualit\u00e9s"],"inLanguage":"fr-FR","potentialAction":[{"@type":"CommentAction","name":"Comment","target":["https:\/\/www.africa-press.net\/tchad\/politique\/le-dg-de-lena-presente-les-difficultes-de-son-institution-au-pcmt#respond"]}]},{"@type":"WebPage","@id":"https:\/\/www.africa-press.net\/tchad\/politique\/le-dg-de-lena-presente-les-difficultes-de-son-institution-au-pcmt","url":"https:\/\/www.africa-press.net\/tchad\/politique\/le-dg-de-lena-presente-les-difficultes-de-son-institution-au-pcmt","name":"le DG de l\u2019ENA pr\u00e9sente les difficult\u00e9s de son institution au PCMT - tchad","isPartOf":{"@id":"https:\/\/www.africa-press.net\/tchad\/#website"},"primaryImageOfPage":{"@id":"https:\/\/www.africa-press.net\/tchad\/politique\/le-dg-de-lena-presente-les-difficultes-de-son-institution-au-pcmt#primaryimage"},"image":{"@id":"https:\/\/www.africa-press.net\/tchad\/politique\/le-dg-de-lena-presente-les-difficultes-de-son-institution-au-pcmt#primaryimage"},"thumbnailUrl":"https:\/\/static.africa-press.net\/tchad\/sites\/41\/2022\/06\/postQueueImg_35.jpg","datePublished":"2022-06-01T10:43:00+00:00","dateModified":"2022-06-01T11:11:28+00:00","author":{"@id":"https:\/\/www.africa-press.net\/tchad\/#\/schema\/person\/2b1cf3cd81a31e3cd26889ca66d677f1"},"description":"Le pr\u00e9sident du Conseil militaire de transition a re\u00e7u en audience, le pr\u00e9sident du Conseil d\u2019administration et le di ...","breadcrumb":{"@id":"https:\/\/www.africa-press.net\/tchad\/politique\/le-dg-de-lena-presente-les-difficultes-de-son-institution-au-pcmt#breadcrumb"},"inLanguage":"fr-FR","potentialAction":[{"@type":"ReadAction","target":["https:\/\/www.africa-press.net\/tchad\/politique\/le-dg-de-lena-presente-les-difficultes-de-son-institution-au-pcmt"]}]},{"@type":"ImageObject","inLanguage":"fr-FR","@id":"https:\/\/www.africa-press.net\/tchad\/politique\/le-dg-de-lena-presente-les-difficultes-de-son-institution-au-pcmt#primaryimage","url":"https:\/\/static.africa-press.net\/tchad\/sites\/41\/2022\/06\/postQueueImg_35.jpg","contentUrl":"https:\/\/static.africa-press.net\/tchad\/sites\/41\/2022\/06\/postQueueImg_35.jpg","width":780,"height":440,"caption":"le DG de l\u2019ENA pr\u00e9sente les difficult\u00e9s de son institution au PCMT"},{"@type":"BreadcrumbList","@id":"https:\/\/www.africa-press.net\/tchad\/politique\/le-dg-de-lena-presente-les-difficultes-de-son-institution-au-pcmt#breadcrumb","itemListElement":[{"@type":"ListItem","position":1,"name":"Accueil","item":"https:\/\/www.africa-press.net\/tchad\/"},{"@type":"ListItem","position":2,"name":"le DG de l\u2019ENA pr\u00e9sente les difficult\u00e9s de son institution au PCMT"}]},{"@type":"WebSite","@id":"https:\/\/www.africa-press.net\/tchad\/#website","url":"https:\/\/www.africa-press.net\/tchad\/","name":"tchad","description":"Just another Africa News Agency Sites site","potentialAction":[{"@type":"SearchAction","target":{"@type":"EntryPoint","urlTemplate":"https:\/\/www.africa-press.net\/tchad\/?s={search_term_string}"},"query-input":{"@type":"PropertyValueSpecification","valueRequired":true,"valueName":"search_term_string"}}],"inLanguage":"fr-FR"},{"@type":"Person","@id":"https:\/\/www.africa-press.net\/tchad\/#\/schema\/person\/2b1cf3cd81a31e3cd26889ca66d677f1","name":"cfeditorfr"}]}},"_links":{"self":[{"href":"https:\/\/www.africa-press.net\/tchad\/wp-json\/wp\/v2\/posts\/26230","targetHints":{"allow":["GET"]}}],"collection":[{"href":"https:\/\/www.africa-press.net\/tchad\/wp-json\/wp\/v2\/posts"}],"about":[{"href":"https:\/\/www.africa-press.net\/tchad\/wp-json\/wp\/v2\/types\/post"}],"author":[{"embeddable":true,"href":"https:\/\/www.africa-press.net\/tchad\/wp-json\/wp\/v2\/users\/82"}],"replies":[{"embeddable":true,"href":"https:\/\/www.africa-press.net\/tchad\/wp-json\/wp\/v2\/comments?post=26230"}],"version-history":[{"count":0,"href":"https:\/\/www.africa-press.net\/tchad\/wp-json\/wp\/v2\/posts\/26230\/revisions"}],"wp:featuredmedia":[{"embeddable":true,"href":"https:\/\/www.africa-press.net\/tchad\/wp-json\/wp\/v2\/media\/26229"}],"wp:attachment":[{"href":"https:\/\/www.africa-press.net\/tchad\/wp-json\/wp\/v2\/media?parent=26230"}],"wp:term":[{"taxonomy":"category","embeddable":true,"href":"https:\/\/www.africa-press.net\/tchad\/wp-json\/wp\/v2\/categories?post=26230"},{"taxonomy":"post_tag","embeddable":true,"href":"https:\/\/www.africa-press.net\/tchad\/wp-json\/wp\/v2\/tags?post=26230"}],"curies":[{"name":"wp","href":"https:\/\/api.w.org\/{rel}","templated":true}]}}