{"id":26599,"date":"2022-06-07T14:39:23","date_gmt":"2022-06-07T14:39:23","guid":{"rendered":"https:\/\/www.africa-press.net\/tchad\/politique\/lonape-lance-les-journees-dorientation-professionnelle-et-universitaire"},"modified":"2022-06-07T14:52:43","modified_gmt":"2022-06-07T14:52:43","slug":"lonape-lance-les-journees-dorientation-professionnelle-et-universitaire","status":"publish","type":"post","link":"https:\/\/www.africa-press.net\/tchad\/culture-et-art\/lonape-lance-les-journees-dorientation-professionnelle-et-universitaire","title":{"rendered":"l\u2019ONAPE lance les journ\u00e9es d\u2019orientation professionnelle et universitaire"},"content":{"rendered":"<p><span style=\"color: #ff6600\"><strong>Africa-Press &#8211; Tchad. <\/strong><\/span>C\u2019est au cours d\u2019une c\u00e9r\u00e9monie, en pr\u00e9sence des \u00e9tudiants venant des horizons divers que les journ\u00e9es d\u2019orientation professionnelle de l\u2019ONAPE sont lanc\u00e9es.<\/p>\n<p>Pour le repr\u00e9sentant du directeur de l\u2019ONAPE par ailleurs le chef de bureau d\u2019agence d\u2019Abena, Abouna Abdelaziz Abouna, cette pr\u00e9sence massive des \u00e9tudiants t\u00e9moigne de l\u2019int\u00e9r\u00eat important que ces derniers accordent \u00e0 l\u2019orientation du jeune dipl\u00f4m\u00e9 et \u00e0 son avenir professionnel. \u00ab Elle est la frange la plus importante de la population et socle de d\u00e9veloppement de notre pays \u00bb ajoute-t-il.<\/p>\n<p>Ces journ\u00e9es d\u2019orientation qui concernent les futurs dipl\u00f4m\u00e9s des universit\u00e9s et grandes \u00e9coles du 6eme ,7\u00e8me, 9eme arrondissement, consiste \u00e0 amener les \u00e9l\u00e8ves et les \u00e9tudiants \u00e0 op\u00e9rer des choix judicieux quant \u00e0 leur avenir professionnel.<\/p>\n<p>De ces \u00e9changes, sortiront des recommandations fortes allant dans le sens de l\u2019am\u00e9lioration des conditions des demandeurs d\u2019emploi.<\/p>\n<p><strong>Pour plus d&rsquo;informations et d&rsquo;analyses sur la <a href=\"https:\/\/www.africa-press.net\/tchad\">Tchad<\/a>, suivez <a href=\"https:\/\/www.africa-press.net\/\">Africa-Press<\/a><\/strong><\/p>\n","protected":false},"excerpt":{"rendered":"<p>Africa-Press &#8211; Tchad. C\u2019est au cours d\u2019une c\u00e9r\u00e9monie, en pr\u00e9sence des \u00e9tudiants venant des horizons divers que les journ\u00e9es d\u2019orientation professionnelle de l\u2019ONAPE sont lanc\u00e9es. Pour le repr\u00e9sentant du directeur de l\u2019ONAPE par ailleurs le chef de bureau d\u2019agence d\u2019Abena, Abouna Abdelaziz Abouna, cette pr\u00e9sence massive des \u00e9tudiants t\u00e9moigne de l\u2019int\u00e9r\u00eat important que ces derniers [&hellip;]<\/p>\n","protected":false},"author":82,"featured_media":26598,"comment_status":"open","ping_status":"closed","sticky":false,"template":"","format":"standard","meta":{"footnotes":""},"categories":[5,11,10],"tags":[37,292,29],"class_list":["post-26599","post","type-post","status-publish","format-standard","has-post-thumbnail","hentry","category-culture-et-art","category-homepage-french","category-toutes-les-actualites","tag-africa-press","tag-africa-press-tchad","tag-tchad"],"yoast_head":"<!-- This site is optimized with the Yoast SEO Premium plugin v26.1 (Yoast SEO v27.0) - https:\/\/yoast.com\/product\/yoast-seo-premium-wordpress\/ -->\n<title>l\u2019ONAPE lance les journ\u00e9es d\u2019orientation professionnelle et universitaire - tchad<\/title>\n<meta name=\"description\" content=\"C\u2019est au cours d\u2019une c\u00e9r\u00e9monie, en pr\u00e9sence des \u00e9tudiants venant des horizons divers que les journ\u00e9es d\u2019orientation prof ...\" \/>\n<meta name=\"robots\" content=\"index, follow, max-snippet:-1, max-image-preview:large, max-video-preview:-1\" \/>\n<link rel=\"canonical\" href=\"https:\/\/www.africa-press.net\/tchad\/culture-et-art\/lonape-lance-les-journees-dorientation-professionnelle-et-universitaire\" \/>\n<meta property=\"og:locale\" content=\"fr_FR\" \/>\n<meta property=\"og:type\" content=\"article\" \/>\n<meta property=\"og:title\" content=\"l\u2019ONAPE lance les journ\u00e9es d\u2019orientation professionnelle et universitaire\" \/>\n<meta property=\"og:description\" content=\"C\u2019est au cours d\u2019une c\u00e9r\u00e9monie, en pr\u00e9sence des \u00e9tudiants venant des horizons divers que les journ\u00e9es d\u2019orientation prof ...\" \/>\n<meta property=\"og:url\" content=\"https:\/\/www.africa-press.net\/tchad\/culture-et-art\/lonape-lance-les-journees-dorientation-professionnelle-et-universitaire\" \/>\n<meta property=\"og:site_name\" content=\"tchad\" \/>\n<meta property=\"article:published_time\" content=\"2022-06-07T14:39:23+00:00\" \/>\n<meta property=\"article:modified_time\" content=\"2022-06-07T14:52:43+00:00\" \/>\n<meta property=\"og:image\" content=\"https:\/\/static.africa-press.net\/tchad\/sites\/41\/2022\/06\/postQueueImg_3-629f662cbf8ec.jpg\" \/>\n\t<meta property=\"og:image:width\" content=\"696\" \/>\n\t<meta property=\"og:image:height\" content=\"383\" \/>\n\t<meta property=\"og:image:type\" content=\"image\/jpeg\" \/>\n<meta name=\"author\" content=\"cfeditorfr\" \/>\n<meta name=\"twitter:card\" content=\"summary_large_image\" \/>\n<meta name=\"twitter:label1\" content=\"\u00c9crit par\" \/>\n\t<meta name=\"twitter:data1\" content=\"cfeditorfr\" \/>\n\t<meta name=\"twitter:label2\" content=\"Dur\u00e9e de lecture estim\u00e9e\" \/>\n\t<meta name=\"twitter:data2\" content=\"1 minute\" \/>\n<script type=\"application\/ld+json\" class=\"yoast-schema-graph\">{\"@context\":\"https:\/\/schema.org\",\"@graph\":[{\"@type\":\"Article\",\"@id\":\"https:\/\/www.africa-press.net\/tchad\/culture-et-art\/lonape-lance-les-journees-dorientation-professionnelle-et-universitaire#article\",\"isPartOf\":{\"@id\":\"https:\/\/www.africa-press.net\/tchad\/culture-et-art\/lonape-lance-les-journees-dorientation-professionnelle-et-universitaire\"},\"author\":{\"name\":\"cfeditorfr\",\"@id\":\"https:\/\/www.africa-press.net\/tchad\/#\/schema\/person\/2b1cf3cd81a31e3cd26889ca66d677f1\"},\"headline\":\"l\u2019ONAPE lance les journ\u00e9es d\u2019orientation professionnelle et universitaire\",\"datePublished\":\"2022-06-07T14:39:23+00:00\",\"dateModified\":\"2022-06-07T14:52:43+00:00\",\"mainEntityOfPage\":{\"@id\":\"https:\/\/www.africa-press.net\/tchad\/culture-et-art\/lonape-lance-les-journees-dorientation-professionnelle-et-universitaire\"},\"wordCount\":187,\"commentCount\":0,\"image\":{\"@id\":\"https:\/\/www.africa-press.net\/tchad\/culture-et-art\/lonape-lance-les-journees-dorientation-professionnelle-et-universitaire#primaryimage\"},\"thumbnailUrl\":\"https:\/\/static.africa-press.net\/tchad\/sites\/41\/2022\/06\/postQueueImg_3-629f662cbf8ec.jpg\",\"keywords\":[\"Africa Press\",\"Africa Press-Tchad\",\"Tchad\"],\"articleSection\":[\"Culture et Art\",\"homepage-french\",\"Toutes les actualit\u00e9s\"],\"inLanguage\":\"fr-FR\",\"potentialAction\":[{\"@type\":\"CommentAction\",\"name\":\"Comment\",\"target\":[\"https:\/\/www.africa-press.net\/tchad\/culture-et-art\/lonape-lance-les-journees-dorientation-professionnelle-et-universitaire#respond\"]}]},{\"@type\":\"WebPage\",\"@id\":\"https:\/\/www.africa-press.net\/tchad\/culture-et-art\/lonape-lance-les-journees-dorientation-professionnelle-et-universitaire\",\"url\":\"https:\/\/www.africa-press.net\/tchad\/culture-et-art\/lonape-lance-les-journees-dorientation-professionnelle-et-universitaire\",\"name\":\"l\u2019ONAPE lance les journ\u00e9es d\u2019orientation professionnelle et universitaire - tchad\",\"isPartOf\":{\"@id\":\"https:\/\/www.africa-press.net\/tchad\/#website\"},\"primaryImageOfPage\":{\"@id\":\"https:\/\/www.africa-press.net\/tchad\/culture-et-art\/lonape-lance-les-journees-dorientation-professionnelle-et-universitaire#primaryimage\"},\"image\":{\"@id\":\"https:\/\/www.africa-press.net\/tchad\/culture-et-art\/lonape-lance-les-journees-dorientation-professionnelle-et-universitaire#primaryimage\"},\"thumbnailUrl\":\"https:\/\/static.africa-press.net\/tchad\/sites\/41\/2022\/06\/postQueueImg_3-629f662cbf8ec.jpg\",\"datePublished\":\"2022-06-07T14:39:23+00:00\",\"dateModified\":\"2022-06-07T14:52:43+00:00\",\"author\":{\"@id\":\"https:\/\/www.africa-press.net\/tchad\/#\/schema\/person\/2b1cf3cd81a31e3cd26889ca66d677f1\"},\"description\":\"C\u2019est au cours d\u2019une c\u00e9r\u00e9monie, en pr\u00e9sence des \u00e9tudiants venant des horizons divers que les journ\u00e9es d\u2019orientation prof ...\",\"breadcrumb\":{\"@id\":\"https:\/\/www.africa-press.net\/tchad\/culture-et-art\/lonape-lance-les-journees-dorientation-professionnelle-et-universitaire#breadcrumb\"},\"inLanguage\":\"fr-FR\",\"potentialAction\":[{\"@type\":\"ReadAction\",\"target\":[\"https:\/\/www.africa-press.net\/tchad\/culture-et-art\/lonape-lance-les-journees-dorientation-professionnelle-et-universitaire\"]}]},{\"@type\":\"ImageObject\",\"inLanguage\":\"fr-FR\",\"@id\":\"https:\/\/www.africa-press.net\/tchad\/culture-et-art\/lonape-lance-les-journees-dorientation-professionnelle-et-universitaire#primaryimage\",\"url\":\"https:\/\/static.africa-press.net\/tchad\/sites\/41\/2022\/06\/postQueueImg_3-629f662cbf8ec.jpg\",\"contentUrl\":\"https:\/\/static.africa-press.net\/tchad\/sites\/41\/2022\/06\/postQueueImg_3-629f662cbf8ec.jpg\",\"width\":696,\"height\":383,\"caption\":\"l\u2019ONAPE lance les journ\u00e9es d\u2019orientation professionnelle et universitaire\"},{\"@type\":\"BreadcrumbList\",\"@id\":\"https:\/\/www.africa-press.net\/tchad\/culture-et-art\/lonape-lance-les-journees-dorientation-professionnelle-et-universitaire#breadcrumb\",\"itemListElement\":[{\"@type\":\"ListItem\",\"position\":1,\"name\":\"Accueil\",\"item\":\"https:\/\/www.africa-press.net\/tchad\/\"},{\"@type\":\"ListItem\",\"position\":2,\"name\":\"l\u2019ONAPE lance les journ\u00e9es d\u2019orientation professionnelle et universitaire\"}]},{\"@type\":\"WebSite\",\"@id\":\"https:\/\/www.africa-press.net\/tchad\/#website\",\"url\":\"https:\/\/www.africa-press.net\/tchad\/\",\"name\":\"tchad\",\"description\":\"Just another Africa News Agency Sites site\",\"potentialAction\":[{\"@type\":\"SearchAction\",\"target\":{\"@type\":\"EntryPoint\",\"urlTemplate\":\"https:\/\/www.africa-press.net\/tchad\/?s={search_term_string}\"},\"query-input\":{\"@type\":\"PropertyValueSpecification\",\"valueRequired\":true,\"valueName\":\"search_term_string\"}}],\"inLanguage\":\"fr-FR\"},{\"@type\":\"Person\",\"@id\":\"https:\/\/www.africa-press.net\/tchad\/#\/schema\/person\/2b1cf3cd81a31e3cd26889ca66d677f1\",\"name\":\"cfeditorfr\"}]}<\/script>\n<!-- \/ Yoast SEO Premium plugin. -->","yoast_head_json":{"title":"l\u2019ONAPE lance les journ\u00e9es d\u2019orientation professionnelle et universitaire - tchad","description":"C\u2019est au cours d\u2019une c\u00e9r\u00e9monie, en pr\u00e9sence des \u00e9tudiants venant des horizons divers que les journ\u00e9es d\u2019orientation prof ...","robots":{"index":"index","follow":"follow","max-snippet":"max-snippet:-1","max-image-preview":"max-image-preview:large","max-video-preview":"max-video-preview:-1"},"canonical":"https:\/\/www.africa-press.net\/tchad\/culture-et-art\/lonape-lance-les-journees-dorientation-professionnelle-et-universitaire","og_locale":"fr_FR","og_type":"article","og_title":"l\u2019ONAPE lance les journ\u00e9es d\u2019orientation professionnelle et universitaire","og_description":"C\u2019est au cours d\u2019une c\u00e9r\u00e9monie, en pr\u00e9sence des \u00e9tudiants venant des horizons divers que les journ\u00e9es d\u2019orientation prof ...","og_url":"https:\/\/www.africa-press.net\/tchad\/culture-et-art\/lonape-lance-les-journees-dorientation-professionnelle-et-universitaire","og_site_name":"tchad","article_published_time":"2022-06-07T14:39:23+00:00","article_modified_time":"2022-06-07T14:52:43+00:00","og_image":[{"width":696,"height":383,"url":"https:\/\/static.africa-press.net\/tchad\/sites\/41\/2022\/06\/postQueueImg_3-629f662cbf8ec.jpg","type":"image\/jpeg"}],"author":"cfeditorfr","twitter_card":"summary_large_image","twitter_misc":{"\u00c9crit par":"cfeditorfr","Dur\u00e9e de lecture estim\u00e9e":"1 minute"},"schema":{"@context":"https:\/\/schema.org","@graph":[{"@type":"Article","@id":"https:\/\/www.africa-press.net\/tchad\/culture-et-art\/lonape-lance-les-journees-dorientation-professionnelle-et-universitaire#article","isPartOf":{"@id":"https:\/\/www.africa-press.net\/tchad\/culture-et-art\/lonape-lance-les-journees-dorientation-professionnelle-et-universitaire"},"author":{"name":"cfeditorfr","@id":"https:\/\/www.africa-press.net\/tchad\/#\/schema\/person\/2b1cf3cd81a31e3cd26889ca66d677f1"},"headline":"l\u2019ONAPE lance les journ\u00e9es d\u2019orientation professionnelle et universitaire","datePublished":"2022-06-07T14:39:23+00:00","dateModified":"2022-06-07T14:52:43+00:00","mainEntityOfPage":{"@id":"https:\/\/www.africa-press.net\/tchad\/culture-et-art\/lonape-lance-les-journees-dorientation-professionnelle-et-universitaire"},"wordCount":187,"commentCount":0,"image":{"@id":"https:\/\/www.africa-press.net\/tchad\/culture-et-art\/lonape-lance-les-journees-dorientation-professionnelle-et-universitaire#primaryimage"},"thumbnailUrl":"https:\/\/static.africa-press.net\/tchad\/sites\/41\/2022\/06\/postQueueImg_3-629f662cbf8ec.jpg","keywords":["Africa Press","Africa Press-Tchad","Tchad"],"articleSection":["Culture et Art","homepage-french","Toutes les actualit\u00e9s"],"inLanguage":"fr-FR","potentialAction":[{"@type":"CommentAction","name":"Comment","target":["https:\/\/www.africa-press.net\/tchad\/culture-et-art\/lonape-lance-les-journees-dorientation-professionnelle-et-universitaire#respond"]}]},{"@type":"WebPage","@id":"https:\/\/www.africa-press.net\/tchad\/culture-et-art\/lonape-lance-les-journees-dorientation-professionnelle-et-universitaire","url":"https:\/\/www.africa-press.net\/tchad\/culture-et-art\/lonape-lance-les-journees-dorientation-professionnelle-et-universitaire","name":"l\u2019ONAPE lance les journ\u00e9es d\u2019orientation professionnelle et universitaire - tchad","isPartOf":{"@id":"https:\/\/www.africa-press.net\/tchad\/#website"},"primaryImageOfPage":{"@id":"https:\/\/www.africa-press.net\/tchad\/culture-et-art\/lonape-lance-les-journees-dorientation-professionnelle-et-universitaire#primaryimage"},"image":{"@id":"https:\/\/www.africa-press.net\/tchad\/culture-et-art\/lonape-lance-les-journees-dorientation-professionnelle-et-universitaire#primaryimage"},"thumbnailUrl":"https:\/\/static.africa-press.net\/tchad\/sites\/41\/2022\/06\/postQueueImg_3-629f662cbf8ec.jpg","datePublished":"2022-06-07T14:39:23+00:00","dateModified":"2022-06-07T14:52:43+00:00","author":{"@id":"https:\/\/www.africa-press.net\/tchad\/#\/schema\/person\/2b1cf3cd81a31e3cd26889ca66d677f1"},"description":"C\u2019est au cours d\u2019une c\u00e9r\u00e9monie, en pr\u00e9sence des \u00e9tudiants venant des horizons divers que les journ\u00e9es d\u2019orientation prof ...","breadcrumb":{"@id":"https:\/\/www.africa-press.net\/tchad\/culture-et-art\/lonape-lance-les-journees-dorientation-professionnelle-et-universitaire#breadcrumb"},"inLanguage":"fr-FR","potentialAction":[{"@type":"ReadAction","target":["https:\/\/www.africa-press.net\/tchad\/culture-et-art\/lonape-lance-les-journees-dorientation-professionnelle-et-universitaire"]}]},{"@type":"ImageObject","inLanguage":"fr-FR","@id":"https:\/\/www.africa-press.net\/tchad\/culture-et-art\/lonape-lance-les-journees-dorientation-professionnelle-et-universitaire#primaryimage","url":"https:\/\/static.africa-press.net\/tchad\/sites\/41\/2022\/06\/postQueueImg_3-629f662cbf8ec.jpg","contentUrl":"https:\/\/static.africa-press.net\/tchad\/sites\/41\/2022\/06\/postQueueImg_3-629f662cbf8ec.jpg","width":696,"height":383,"caption":"l\u2019ONAPE lance les journ\u00e9es d\u2019orientation professionnelle et universitaire"},{"@type":"BreadcrumbList","@id":"https:\/\/www.africa-press.net\/tchad\/culture-et-art\/lonape-lance-les-journees-dorientation-professionnelle-et-universitaire#breadcrumb","itemListElement":[{"@type":"ListItem","position":1,"name":"Accueil","item":"https:\/\/www.africa-press.net\/tchad\/"},{"@type":"ListItem","position":2,"name":"l\u2019ONAPE lance les journ\u00e9es d\u2019orientation professionnelle et universitaire"}]},{"@type":"WebSite","@id":"https:\/\/www.africa-press.net\/tchad\/#website","url":"https:\/\/www.africa-press.net\/tchad\/","name":"tchad","description":"Just another Africa News Agency Sites site","potentialAction":[{"@type":"SearchAction","target":{"@type":"EntryPoint","urlTemplate":"https:\/\/www.africa-press.net\/tchad\/?s={search_term_string}"},"query-input":{"@type":"PropertyValueSpecification","valueRequired":true,"valueName":"search_term_string"}}],"inLanguage":"fr-FR"},{"@type":"Person","@id":"https:\/\/www.africa-press.net\/tchad\/#\/schema\/person\/2b1cf3cd81a31e3cd26889ca66d677f1","name":"cfeditorfr"}]}},"_links":{"self":[{"href":"https:\/\/www.africa-press.net\/tchad\/wp-json\/wp\/v2\/posts\/26599","targetHints":{"allow":["GET"]}}],"collection":[{"href":"https:\/\/www.africa-press.net\/tchad\/wp-json\/wp\/v2\/posts"}],"about":[{"href":"https:\/\/www.africa-press.net\/tchad\/wp-json\/wp\/v2\/types\/post"}],"author":[{"embeddable":true,"href":"https:\/\/www.africa-press.net\/tchad\/wp-json\/wp\/v2\/users\/82"}],"replies":[{"embeddable":true,"href":"https:\/\/www.africa-press.net\/tchad\/wp-json\/wp\/v2\/comments?post=26599"}],"version-history":[{"count":0,"href":"https:\/\/www.africa-press.net\/tchad\/wp-json\/wp\/v2\/posts\/26599\/revisions"}],"wp:featuredmedia":[{"embeddable":true,"href":"https:\/\/www.africa-press.net\/tchad\/wp-json\/wp\/v2\/media\/26598"}],"wp:attachment":[{"href":"https:\/\/www.africa-press.net\/tchad\/wp-json\/wp\/v2\/media?parent=26599"}],"wp:term":[{"taxonomy":"category","embeddable":true,"href":"https:\/\/www.africa-press.net\/tchad\/wp-json\/wp\/v2\/categories?post=26599"},{"taxonomy":"post_tag","embeddable":true,"href":"https:\/\/www.africa-press.net\/tchad\/wp-json\/wp\/v2\/tags?post=26599"}],"curies":[{"name":"wp","href":"https:\/\/api.w.org\/{rel}","templated":true}]}}