{"id":26604,"date":"2022-06-07T14:39:47","date_gmt":"2022-06-07T14:39:47","guid":{"rendered":"https:\/\/www.africa-press.net\/tchad\/politique\/lancement-dun-magazine-specialise-en-economie-denomme-eco-tchad"},"modified":"2022-06-07T14:53:19","modified_gmt":"2022-06-07T14:53:19","slug":"lancement-dun-magazine-specialise-en-economie-denomme-eco-tchad","status":"publish","type":"post","link":"https:\/\/www.africa-press.net\/tchad\/economie\/lancement-dun-magazine-specialise-en-economie-denomme-eco-tchad","title":{"rendered":"Lancement d\u2019un magazine sp\u00e9cialis\u00e9 en \u00e9conomie d\u00e9nomm\u00e9 Eco Tchad"},"content":{"rendered":"<p><span style=\"color: #ff6600\"><strong>Africa-Press &#8211; Tchad. <\/strong><\/span>Le magazine \u2018\u2019Eco Tchad\u2019\u2019 est cr\u00e9\u00e9 par un groupe de jeunes d\u00e9sireux d\u2019apporter leur contribution \u00e0 l\u2019essor de l\u2019\u00e9conomie tchadienne.<\/p>\n<p>Si le Tchad compte plusieurs m\u00e9dias g\u00e9n\u00e9ralistes, la presse sp\u00e9cialis\u00e9e se fait rare.<\/p>\n<p>Ce nouveau-n\u00e9 de la presse \u00e9crite vient enrichir le panorama de la presse au Tchad.<\/p>\n<p>Ce magazine bi-mensuel au format berlinois traite uniquement des sujets en rapport avec l\u2019\u00e9conomie tchadienne avec un accent sur les questions de l\u2019entrepreneuriat.<\/p>\n<p>Selon le directeur de publication du magazine, Ahmat Adoum, \u2018\u2019Eco Tchad\u2019\u2019 est cr\u00e9e pour accompagner les petites et moyennes entreprises qui sont de futures grandes entreprises avec une communication de qualit\u00e9.<\/p>\n<p>\u00ab En effet, ce magazine panafricain dont le slogan est \u2018\u2019Informer pour stimuler le progr\u00e8s\u2019\u2019, fera de la promotion des PME son cheval de bataille \u00bb s\u2019engage-t-il.<\/p>\n<p>Le rapporteur g\u00e9n\u00e9ral de la Haute Autorit\u00e9 des M\u00e9dias et de l\u2019Audiovisuel (HAMA), Laoro Gondj\u00e9, officiant la c\u00e9r\u00e9monie de lancement, a fait savoir que son institution a donn\u00e9 son quitus \u00e0 ce m\u00e9dia qui contribue \u00e0 une expression plurielle de l\u2019opinion et \u00e0 la libert\u00e9 de presse au Tchad.<\/p>\n<p>\u00ab Surtout en cette p\u00e9riode charni\u00e8re de l\u2019histoire du Tchad \u00bb constate le rapporteur.<\/p>\n<p>Le premier num\u00e9ro du magazine est d\u00e9j\u00e0 disponible dans les kiosques et bient\u00f4t un site compagnon sera cr\u00e9\u00e9 pour les informations en continu.<\/p>\n\r\n                <style type=\"text\/css\">\r\n                    \r\n                    #td_uid_1_69ec8e420ef33  .td-doubleSlider-2 .td-item1 {\r\n                        background: url(https:\/\/static.africa-press.net\/tchad\/sites\/41\/2022\/06\/postMeadiaimg_4_1-80x60.jpg) 0 0 no-repeat;\r\n                    }\r\n                    #td_uid_1_69ec8e420ef33  .td-doubleSlider-2 .td-item2 {\r\n                        background: url(https:\/\/static.africa-press.net\/tchad\/sites\/41\/2022\/06\/postMeadiaimg_4_2-80x60.jpg) 0 0 no-repeat;\r\n                    }\r\n                <\/style>\r\n\r\n                <div id=\"td_uid_1_69ec8e420ef33\" class=\"td-gallery td-slide-on-2-columns\">\r\n                    <div class=\"post_td_gallery\">\r\n                        <div class=\"td-gallery-slide-top\">\r\n                           <div class=\"td-gallery-title\"><\/div>\r\n\r\n                            <div class=\"td-gallery-controls-wrapper\">\r\n                                <div class=\"td-gallery-slide-count\"><span class=\"td-gallery-slide-item-focus\">1<\/span> de 2<\/div>\r\n                                <div class=\"td-gallery-slide-prev-next-but\">\r\n                                    <i class = \"td-icon-left doubleSliderPrevButton\"><\/i>\r\n                                    <i class = \"td-icon-right doubleSliderNextButton\"><\/i>\r\n                                <\/div>\r\n                            <\/div>\r\n                        <\/div>\r\n\r\n                        <div class = \"td-doubleSlider-1 \">\r\n                            <div class = \"td-slider\">\r\n                                \r\n                    <div class = \"td-slide-item td-item1\">\r\n                        <figure class=\"td-slide-galery-figure td-slide-popup-gallery\">\r\n                            <a class=\"slide-gallery-image-link\" href=\"https:\/\/static.africa-press.net\/tchad\/sites\/41\/2022\/06\/postMeadiaimg_4_1.jpg\" title=\"postMeadiaimg_4_1\"  data-caption=\"\"  data-description=\"\">\r\n                                <img decoding=\"async\" src=\"https:\/\/static.africa-press.net\/tchad\/sites\/41\/2022\/06\/postMeadiaimg_4_1.jpg\" srcset=\"https:\/\/static.africa-press.net\/tchad\/sites\/41\/2022\/06\/postMeadiaimg_4_1.jpg 696w, https:\/\/static.africa-press.net\/tchad\/sites\/41\/2022\/06\/postMeadiaimg_4_1-300x169.jpg 300w\" sizes=\"(max-width: 696px) 100vw, 696px\" alt=\"\">\r\n                            <\/a>\r\n                            \r\n                        <\/figure>\r\n                    <\/div>\r\n                    <div class = \"td-slide-item td-item2\">\r\n                        <figure class=\"td-slide-galery-figure td-slide-popup-gallery\">\r\n                            <a class=\"slide-gallery-image-link\" href=\"https:\/\/static.africa-press.net\/tchad\/sites\/41\/2022\/06\/postMeadiaimg_4_2.jpg\" title=\"postMeadiaimg_4_2\"  data-caption=\"\"  data-description=\"\">\r\n                                <img decoding=\"async\" src=\"https:\/\/static.africa-press.net\/tchad\/sites\/41\/2022\/06\/postMeadiaimg_4_2.jpg\" srcset=\"https:\/\/static.africa-press.net\/tchad\/sites\/41\/2022\/06\/postMeadiaimg_4_2.jpg 768w, https:\/\/static.africa-press.net\/tchad\/sites\/41\/2022\/06\/postMeadiaimg_4_2-300x169.jpg 300w\" sizes=\"(max-width: 768px) 100vw, 768px\" alt=\"\">\r\n                            <\/a>\r\n                            \r\n                        <\/figure>\r\n                    <\/div>\r\n                            <\/div>\r\n                        <\/div>\r\n\r\n                        <div class = \"td-doubleSlider-2\">\r\n                            <div class = \"td-slider\">\r\n                                \r\n                    <div class = \"td-button td-item1\">\r\n                        <div class = \"td-border\"><\/div>\r\n                    <\/div>\r\n                    <div class = \"td-button td-item2\">\r\n                        <div class = \"td-border\"><\/div>\r\n                    <\/div>\r\n                            <\/div>\r\n                        <\/div>\r\n\r\n                    <\/div>\r\n\r\n                <\/div>\r\n                \n<p><strong>Pour plus d&rsquo;informations et d&rsquo;analyses sur la <a href=\"https:\/\/www.africa-press.net\/tchad\">Tchad<\/a>, suivez <a href=\"https:\/\/www.africa-press.net\/\">Africa-Press<\/a><\/strong><\/p>\n","protected":false},"excerpt":{"rendered":"<p>Africa-Press &#8211; Tchad. Le magazine \u2018\u2019Eco Tchad\u2019\u2019 est cr\u00e9\u00e9 par un groupe de jeunes d\u00e9sireux d\u2019apporter leur contribution \u00e0 l\u2019essor de l\u2019\u00e9conomie tchadienne. Si le Tchad compte plusieurs m\u00e9dias g\u00e9n\u00e9ralistes, la presse sp\u00e9cialis\u00e9e se fait rare. Ce nouveau-n\u00e9 de la presse \u00e9crite vient enrichir le panorama de la presse au Tchad. Ce magazine bi-mensuel au [&hellip;]<\/p>\n","protected":false},"author":82,"featured_media":26603,"comment_status":"open","ping_status":"closed","sticky":false,"template":"","format":"standard","meta":{"footnotes":""},"categories":[3,11,8,10],"tags":[37,292,29],"class_list":["post-26604","post","type-post","status-publish","format-standard","has-post-thumbnail","hentry","category-economie","category-homepage-french","category-photo","category-toutes-les-actualites","tag-africa-press","tag-africa-press-tchad","tag-tchad"],"yoast_head":"<!-- This site is optimized with the Yoast SEO Premium plugin v26.1 (Yoast SEO v27.0) - https:\/\/yoast.com\/product\/yoast-seo-premium-wordpress\/ -->\n<title>Lancement d\u2019un magazine sp\u00e9cialis\u00e9 en \u00e9conomie d\u00e9nomm\u00e9 Eco Tchad - tchad<\/title>\n<meta name=\"description\" content=\"Le magazine \u2018\u2019Eco Tchad\u2019\u2019 est cr\u00e9\u00e9 par un groupe de jeunes d\u00e9sireux d\u2019apporter leur contribution \u00e0 l\u2019essor de l\u2019\u00e9conomie ...\" \/>\n<meta name=\"robots\" content=\"index, follow, max-snippet:-1, max-image-preview:large, max-video-preview:-1\" \/>\n<link rel=\"canonical\" href=\"https:\/\/www.africa-press.net\/tchad\/economie\/lancement-dun-magazine-specialise-en-economie-denomme-eco-tchad\" \/>\n<meta property=\"og:locale\" content=\"fr_FR\" \/>\n<meta property=\"og:type\" content=\"article\" \/>\n<meta property=\"og:title\" content=\"Lancement d\u2019un magazine sp\u00e9cialis\u00e9 en \u00e9conomie d\u00e9nomm\u00e9 Eco Tchad\" \/>\n<meta property=\"og:description\" content=\"Le magazine \u2018\u2019Eco Tchad\u2019\u2019 est cr\u00e9\u00e9 par un groupe de jeunes d\u00e9sireux d\u2019apporter leur contribution \u00e0 l\u2019essor de l\u2019\u00e9conomie ...\" \/>\n<meta property=\"og:url\" content=\"https:\/\/www.africa-press.net\/tchad\/economie\/lancement-dun-magazine-specialise-en-economie-denomme-eco-tchad\" \/>\n<meta property=\"og:site_name\" content=\"tchad\" \/>\n<meta property=\"article:published_time\" content=\"2022-06-07T14:39:47+00:00\" \/>\n<meta property=\"article:modified_time\" content=\"2022-06-07T14:53:19+00:00\" \/>\n<meta property=\"og:image\" content=\"https:\/\/static.africa-press.net\/tchad\/sites\/41\/2022\/06\/postQueueImg_4-629f665084bb7.jpg\" \/>\n\t<meta property=\"og:image:width\" content=\"647\" \/>\n\t<meta property=\"og:image:height\" content=\"392\" \/>\n\t<meta property=\"og:image:type\" content=\"image\/jpeg\" \/>\n<meta name=\"author\" content=\"cfeditorfr\" \/>\n<meta name=\"twitter:card\" content=\"summary_large_image\" \/>\n<meta name=\"twitter:label1\" content=\"\u00c9crit par\" \/>\n\t<meta name=\"twitter:data1\" content=\"cfeditorfr\" \/>\n\t<meta name=\"twitter:label2\" content=\"Dur\u00e9e de lecture estim\u00e9e\" \/>\n\t<meta name=\"twitter:data2\" content=\"1 minute\" \/>\n<script type=\"application\/ld+json\" class=\"yoast-schema-graph\">{\"@context\":\"https:\/\/schema.org\",\"@graph\":[{\"@type\":\"Article\",\"@id\":\"https:\/\/www.africa-press.net\/tchad\/economie\/lancement-dun-magazine-specialise-en-economie-denomme-eco-tchad#article\",\"isPartOf\":{\"@id\":\"https:\/\/www.africa-press.net\/tchad\/economie\/lancement-dun-magazine-specialise-en-economie-denomme-eco-tchad\"},\"author\":{\"name\":\"cfeditorfr\",\"@id\":\"https:\/\/www.africa-press.net\/tchad\/#\/schema\/person\/2b1cf3cd81a31e3cd26889ca66d677f1\"},\"headline\":\"Lancement d\u2019un magazine sp\u00e9cialis\u00e9 en \u00e9conomie d\u00e9nomm\u00e9 Eco Tchad\",\"datePublished\":\"2022-06-07T14:39:47+00:00\",\"dateModified\":\"2022-06-07T14:53:19+00:00\",\"mainEntityOfPage\":{\"@id\":\"https:\/\/www.africa-press.net\/tchad\/economie\/lancement-dun-magazine-specialise-en-economie-denomme-eco-tchad\"},\"wordCount\":272,\"commentCount\":0,\"image\":{\"@id\":\"https:\/\/www.africa-press.net\/tchad\/economie\/lancement-dun-magazine-specialise-en-economie-denomme-eco-tchad#primaryimage\"},\"thumbnailUrl\":\"https:\/\/static.africa-press.net\/tchad\/sites\/41\/2022\/06\/postQueueImg_4-629f665084bb7.jpg\",\"keywords\":[\"Africa Press\",\"Africa Press-Tchad\",\"Tchad\"],\"articleSection\":[\"\u00c9conomie\",\"homepage-french\",\"Photo\",\"Toutes les actualit\u00e9s\"],\"inLanguage\":\"fr-FR\",\"potentialAction\":[{\"@type\":\"CommentAction\",\"name\":\"Comment\",\"target\":[\"https:\/\/www.africa-press.net\/tchad\/economie\/lancement-dun-magazine-specialise-en-economie-denomme-eco-tchad#respond\"]}]},{\"@type\":\"WebPage\",\"@id\":\"https:\/\/www.africa-press.net\/tchad\/economie\/lancement-dun-magazine-specialise-en-economie-denomme-eco-tchad\",\"url\":\"https:\/\/www.africa-press.net\/tchad\/economie\/lancement-dun-magazine-specialise-en-economie-denomme-eco-tchad\",\"name\":\"Lancement d\u2019un magazine sp\u00e9cialis\u00e9 en \u00e9conomie d\u00e9nomm\u00e9 Eco Tchad - tchad\",\"isPartOf\":{\"@id\":\"https:\/\/www.africa-press.net\/tchad\/#website\"},\"primaryImageOfPage\":{\"@id\":\"https:\/\/www.africa-press.net\/tchad\/economie\/lancement-dun-magazine-specialise-en-economie-denomme-eco-tchad#primaryimage\"},\"image\":{\"@id\":\"https:\/\/www.africa-press.net\/tchad\/economie\/lancement-dun-magazine-specialise-en-economie-denomme-eco-tchad#primaryimage\"},\"thumbnailUrl\":\"https:\/\/static.africa-press.net\/tchad\/sites\/41\/2022\/06\/postQueueImg_4-629f665084bb7.jpg\",\"datePublished\":\"2022-06-07T14:39:47+00:00\",\"dateModified\":\"2022-06-07T14:53:19+00:00\",\"author\":{\"@id\":\"https:\/\/www.africa-press.net\/tchad\/#\/schema\/person\/2b1cf3cd81a31e3cd26889ca66d677f1\"},\"description\":\"Le magazine \u2018\u2019Eco Tchad\u2019\u2019 est cr\u00e9\u00e9 par un groupe de jeunes d\u00e9sireux d\u2019apporter leur contribution \u00e0 l\u2019essor de l\u2019\u00e9conomie ...\",\"breadcrumb\":{\"@id\":\"https:\/\/www.africa-press.net\/tchad\/economie\/lancement-dun-magazine-specialise-en-economie-denomme-eco-tchad#breadcrumb\"},\"inLanguage\":\"fr-FR\",\"potentialAction\":[{\"@type\":\"ReadAction\",\"target\":[\"https:\/\/www.africa-press.net\/tchad\/economie\/lancement-dun-magazine-specialise-en-economie-denomme-eco-tchad\"]}]},{\"@type\":\"ImageObject\",\"inLanguage\":\"fr-FR\",\"@id\":\"https:\/\/www.africa-press.net\/tchad\/economie\/lancement-dun-magazine-specialise-en-economie-denomme-eco-tchad#primaryimage\",\"url\":\"https:\/\/static.africa-press.net\/tchad\/sites\/41\/2022\/06\/postQueueImg_4-629f665084bb7.jpg\",\"contentUrl\":\"https:\/\/static.africa-press.net\/tchad\/sites\/41\/2022\/06\/postQueueImg_4-629f665084bb7.jpg\",\"width\":647,\"height\":392,\"caption\":\"Lancement d\u2019un magazine sp\u00e9cialis\u00e9 en \u00e9conomie d\u00e9nomm\u00e9 Eco Tchad\"},{\"@type\":\"BreadcrumbList\",\"@id\":\"https:\/\/www.africa-press.net\/tchad\/economie\/lancement-dun-magazine-specialise-en-economie-denomme-eco-tchad#breadcrumb\",\"itemListElement\":[{\"@type\":\"ListItem\",\"position\":1,\"name\":\"Accueil\",\"item\":\"https:\/\/www.africa-press.net\/tchad\/\"},{\"@type\":\"ListItem\",\"position\":2,\"name\":\"Lancement d\u2019un magazine sp\u00e9cialis\u00e9 en \u00e9conomie d\u00e9nomm\u00e9 Eco Tchad\"}]},{\"@type\":\"WebSite\",\"@id\":\"https:\/\/www.africa-press.net\/tchad\/#website\",\"url\":\"https:\/\/www.africa-press.net\/tchad\/\",\"name\":\"tchad\",\"description\":\"Just another Africa News Agency Sites site\",\"potentialAction\":[{\"@type\":\"SearchAction\",\"target\":{\"@type\":\"EntryPoint\",\"urlTemplate\":\"https:\/\/www.africa-press.net\/tchad\/?s={search_term_string}\"},\"query-input\":{\"@type\":\"PropertyValueSpecification\",\"valueRequired\":true,\"valueName\":\"search_term_string\"}}],\"inLanguage\":\"fr-FR\"},{\"@type\":\"Person\",\"@id\":\"https:\/\/www.africa-press.net\/tchad\/#\/schema\/person\/2b1cf3cd81a31e3cd26889ca66d677f1\",\"name\":\"cfeditorfr\"}]}<\/script>\n<!-- \/ Yoast SEO Premium plugin. -->","yoast_head_json":{"title":"Lancement d\u2019un magazine sp\u00e9cialis\u00e9 en \u00e9conomie d\u00e9nomm\u00e9 Eco Tchad - tchad","description":"Le magazine \u2018\u2019Eco Tchad\u2019\u2019 est cr\u00e9\u00e9 par un groupe de jeunes d\u00e9sireux d\u2019apporter leur contribution \u00e0 l\u2019essor de l\u2019\u00e9conomie ...","robots":{"index":"index","follow":"follow","max-snippet":"max-snippet:-1","max-image-preview":"max-image-preview:large","max-video-preview":"max-video-preview:-1"},"canonical":"https:\/\/www.africa-press.net\/tchad\/economie\/lancement-dun-magazine-specialise-en-economie-denomme-eco-tchad","og_locale":"fr_FR","og_type":"article","og_title":"Lancement d\u2019un magazine sp\u00e9cialis\u00e9 en \u00e9conomie d\u00e9nomm\u00e9 Eco Tchad","og_description":"Le magazine \u2018\u2019Eco Tchad\u2019\u2019 est cr\u00e9\u00e9 par un groupe de jeunes d\u00e9sireux d\u2019apporter leur contribution \u00e0 l\u2019essor de l\u2019\u00e9conomie ...","og_url":"https:\/\/www.africa-press.net\/tchad\/economie\/lancement-dun-magazine-specialise-en-economie-denomme-eco-tchad","og_site_name":"tchad","article_published_time":"2022-06-07T14:39:47+00:00","article_modified_time":"2022-06-07T14:53:19+00:00","og_image":[{"width":647,"height":392,"url":"https:\/\/static.africa-press.net\/tchad\/sites\/41\/2022\/06\/postQueueImg_4-629f665084bb7.jpg","type":"image\/jpeg"}],"author":"cfeditorfr","twitter_card":"summary_large_image","twitter_misc":{"\u00c9crit par":"cfeditorfr","Dur\u00e9e de lecture estim\u00e9e":"1 minute"},"schema":{"@context":"https:\/\/schema.org","@graph":[{"@type":"Article","@id":"https:\/\/www.africa-press.net\/tchad\/economie\/lancement-dun-magazine-specialise-en-economie-denomme-eco-tchad#article","isPartOf":{"@id":"https:\/\/www.africa-press.net\/tchad\/economie\/lancement-dun-magazine-specialise-en-economie-denomme-eco-tchad"},"author":{"name":"cfeditorfr","@id":"https:\/\/www.africa-press.net\/tchad\/#\/schema\/person\/2b1cf3cd81a31e3cd26889ca66d677f1"},"headline":"Lancement d\u2019un magazine sp\u00e9cialis\u00e9 en \u00e9conomie d\u00e9nomm\u00e9 Eco Tchad","datePublished":"2022-06-07T14:39:47+00:00","dateModified":"2022-06-07T14:53:19+00:00","mainEntityOfPage":{"@id":"https:\/\/www.africa-press.net\/tchad\/economie\/lancement-dun-magazine-specialise-en-economie-denomme-eco-tchad"},"wordCount":272,"commentCount":0,"image":{"@id":"https:\/\/www.africa-press.net\/tchad\/economie\/lancement-dun-magazine-specialise-en-economie-denomme-eco-tchad#primaryimage"},"thumbnailUrl":"https:\/\/static.africa-press.net\/tchad\/sites\/41\/2022\/06\/postQueueImg_4-629f665084bb7.jpg","keywords":["Africa Press","Africa Press-Tchad","Tchad"],"articleSection":["\u00c9conomie","homepage-french","Photo","Toutes les actualit\u00e9s"],"inLanguage":"fr-FR","potentialAction":[{"@type":"CommentAction","name":"Comment","target":["https:\/\/www.africa-press.net\/tchad\/economie\/lancement-dun-magazine-specialise-en-economie-denomme-eco-tchad#respond"]}]},{"@type":"WebPage","@id":"https:\/\/www.africa-press.net\/tchad\/economie\/lancement-dun-magazine-specialise-en-economie-denomme-eco-tchad","url":"https:\/\/www.africa-press.net\/tchad\/economie\/lancement-dun-magazine-specialise-en-economie-denomme-eco-tchad","name":"Lancement d\u2019un magazine sp\u00e9cialis\u00e9 en \u00e9conomie d\u00e9nomm\u00e9 Eco Tchad - tchad","isPartOf":{"@id":"https:\/\/www.africa-press.net\/tchad\/#website"},"primaryImageOfPage":{"@id":"https:\/\/www.africa-press.net\/tchad\/economie\/lancement-dun-magazine-specialise-en-economie-denomme-eco-tchad#primaryimage"},"image":{"@id":"https:\/\/www.africa-press.net\/tchad\/economie\/lancement-dun-magazine-specialise-en-economie-denomme-eco-tchad#primaryimage"},"thumbnailUrl":"https:\/\/static.africa-press.net\/tchad\/sites\/41\/2022\/06\/postQueueImg_4-629f665084bb7.jpg","datePublished":"2022-06-07T14:39:47+00:00","dateModified":"2022-06-07T14:53:19+00:00","author":{"@id":"https:\/\/www.africa-press.net\/tchad\/#\/schema\/person\/2b1cf3cd81a31e3cd26889ca66d677f1"},"description":"Le magazine \u2018\u2019Eco Tchad\u2019\u2019 est cr\u00e9\u00e9 par un groupe de jeunes d\u00e9sireux d\u2019apporter leur contribution \u00e0 l\u2019essor de l\u2019\u00e9conomie ...","breadcrumb":{"@id":"https:\/\/www.africa-press.net\/tchad\/economie\/lancement-dun-magazine-specialise-en-economie-denomme-eco-tchad#breadcrumb"},"inLanguage":"fr-FR","potentialAction":[{"@type":"ReadAction","target":["https:\/\/www.africa-press.net\/tchad\/economie\/lancement-dun-magazine-specialise-en-economie-denomme-eco-tchad"]}]},{"@type":"ImageObject","inLanguage":"fr-FR","@id":"https:\/\/www.africa-press.net\/tchad\/economie\/lancement-dun-magazine-specialise-en-economie-denomme-eco-tchad#primaryimage","url":"https:\/\/static.africa-press.net\/tchad\/sites\/41\/2022\/06\/postQueueImg_4-629f665084bb7.jpg","contentUrl":"https:\/\/static.africa-press.net\/tchad\/sites\/41\/2022\/06\/postQueueImg_4-629f665084bb7.jpg","width":647,"height":392,"caption":"Lancement d\u2019un magazine sp\u00e9cialis\u00e9 en \u00e9conomie d\u00e9nomm\u00e9 Eco Tchad"},{"@type":"BreadcrumbList","@id":"https:\/\/www.africa-press.net\/tchad\/economie\/lancement-dun-magazine-specialise-en-economie-denomme-eco-tchad#breadcrumb","itemListElement":[{"@type":"ListItem","position":1,"name":"Accueil","item":"https:\/\/www.africa-press.net\/tchad\/"},{"@type":"ListItem","position":2,"name":"Lancement d\u2019un magazine sp\u00e9cialis\u00e9 en \u00e9conomie d\u00e9nomm\u00e9 Eco Tchad"}]},{"@type":"WebSite","@id":"https:\/\/www.africa-press.net\/tchad\/#website","url":"https:\/\/www.africa-press.net\/tchad\/","name":"tchad","description":"Just another Africa News Agency Sites site","potentialAction":[{"@type":"SearchAction","target":{"@type":"EntryPoint","urlTemplate":"https:\/\/www.africa-press.net\/tchad\/?s={search_term_string}"},"query-input":{"@type":"PropertyValueSpecification","valueRequired":true,"valueName":"search_term_string"}}],"inLanguage":"fr-FR"},{"@type":"Person","@id":"https:\/\/www.africa-press.net\/tchad\/#\/schema\/person\/2b1cf3cd81a31e3cd26889ca66d677f1","name":"cfeditorfr"}]}},"_links":{"self":[{"href":"https:\/\/www.africa-press.net\/tchad\/wp-json\/wp\/v2\/posts\/26604","targetHints":{"allow":["GET"]}}],"collection":[{"href":"https:\/\/www.africa-press.net\/tchad\/wp-json\/wp\/v2\/posts"}],"about":[{"href":"https:\/\/www.africa-press.net\/tchad\/wp-json\/wp\/v2\/types\/post"}],"author":[{"embeddable":true,"href":"https:\/\/www.africa-press.net\/tchad\/wp-json\/wp\/v2\/users\/82"}],"replies":[{"embeddable":true,"href":"https:\/\/www.africa-press.net\/tchad\/wp-json\/wp\/v2\/comments?post=26604"}],"version-history":[{"count":0,"href":"https:\/\/www.africa-press.net\/tchad\/wp-json\/wp\/v2\/posts\/26604\/revisions"}],"wp:featuredmedia":[{"embeddable":true,"href":"https:\/\/www.africa-press.net\/tchad\/wp-json\/wp\/v2\/media\/26603"}],"wp:attachment":[{"href":"https:\/\/www.africa-press.net\/tchad\/wp-json\/wp\/v2\/media?parent=26604"}],"wp:term":[{"taxonomy":"category","embeddable":true,"href":"https:\/\/www.africa-press.net\/tchad\/wp-json\/wp\/v2\/categories?post=26604"},{"taxonomy":"post_tag","embeddable":true,"href":"https:\/\/www.africa-press.net\/tchad\/wp-json\/wp\/v2\/tags?post=26604"}],"curies":[{"name":"wp","href":"https:\/\/api.w.org\/{rel}","templated":true}]}}