{"id":26918,"date":"2022-06-11T11:34:48","date_gmt":"2022-06-11T11:34:48","guid":{"rendered":"https:\/\/www.africa-press.net\/tchad\/politique\/un-atelier-sur-la-gestion-des-conflits-agriculteurs-eleveurs-organise-a-abeche"},"modified":"2022-06-11T12:21:22","modified_gmt":"2022-06-11T12:21:22","slug":"un-atelier-sur-la-gestion-des-conflits-agriculteurs-eleveurs-organise-a-abeche","status":"publish","type":"post","link":"https:\/\/www.africa-press.net\/tchad\/toutes-les-actualites\/un-atelier-sur-la-gestion-des-conflits-agriculteurs-eleveurs-organise-a-abeche","title":{"rendered":"un atelier sur la gestion des conflits agriculteurs-\u00e9leveurs organis\u00e9 \u00e0 Ab\u00e9ch\u00e9"},"content":{"rendered":"<p><span style=\"color: #ff6600\"><strong>Africa-Press &#8211; Tchad. <\/strong><\/span>Le minist\u00e8re de la Justice, charg\u00e9 des droits Humains, \u00e0 travers l\u2019Ecole Nationale de formation judiciaire, et en partenariat avec le Programme des Nations Unies pour le d\u00e9veloppement (PNUD), organise depuis ce jeudi 09 juin \u00e0 Ab\u00e9ch\u00e9, chef-lieu de la province du Ouadda\u00ef, un atelier sur la gestion des conflits entre agricultures \u00e9leveurs.<\/p>\n<p>Cet atelier de quatre jours regroupe une trentaine de participants venus de trois provinces, \u00e0 savoir : le Salamat, le Sila et le Ouadda\u00ef.<\/p>\n<p>C&rsquo;est le secr\u00e9taire g\u00e9n\u00e9ral de la province du Ouadda\u00ef, Abakar Hissein Didigui qui a donn\u00e9 le coup d\u00b4envoi des travaux, en pr\u00e9sence du coordonnateur du Projet d\u00b4appui au renforcement des institutions de la cha\u00eene p\u00e9nale, Me Olivier Tshibola.<\/p>\n<p>L\u2019objectif recherch\u00e9, \u00e0 travers cette formation, est de renforcer les capacit\u00e9s des acteurs de la cha\u00eene p\u00e9nale, dans le r\u00e8glement des conflits agriculteurs-\u00e9leveurs, en vue de favoriser une vie sociale apais\u00e9e.<\/p>\n<p>Dans son intervention, le repr\u00e9sentant r\u00e9sident du PNUD, Olivier Tshibola a r\u00e9v\u00e9l\u00e9 que le renforcement des capacit\u00e9s des acteurs judiciaires, participe \u00e0 l\u00b4atteinte de l\u00b4ODD 16 qui tend \u00e0 promouvoir l\u2019av\u00e8nement des soci\u00e9t\u00e9s pacifiques et inclusives aux fins d\u00b4assurer l&rsquo;acc\u00e8s \u00e0 la justice pour tous, et la mise en place des institutions efficaces et responsables.<\/p>\n<p>Il a ensuite r\u00e9it\u00e9r\u00e9 l\u00b4engagement du PNUD \u00e0 continuer \u00e0 accompagner le ministre de la Justice, dans ses efforts de renforcement de l\u00b4Etat de droit et de la consolidation de la paix au Tchad, gage d&rsquo;un d\u00e9veloppement humain durable.<\/p>\n<p>Pour sa part, le directeur g\u00e9n\u00e9ral de l&rsquo;Ecole nationale de formation judiciaire, Seid Djimed Zaouri a dit que cette formation rev\u00eat une tr\u00e8s haute port\u00e9e et traduit l\u00b4engagement des plus hautes autorit\u00e9s du pays, dans le cadre de la mise en \u0153uvre de la politique du gouvernement dans la qu\u00eate de la stabilit\u00e9.<\/p>\n<p>Lan\u00e7ant les travaux, le secr\u00e9taire g\u00e9n\u00e9ral de la province du Ouadda\u00ef Abakar Hissein Didigui a salu\u00e9 l\u2019initiative de l&rsquo;Ecole nationale de formation judiciaire et le PNUD, pour avoir port\u00e9 leur choix sur le chef-lieu de la province du Ouadda\u00ef d&rsquo;abriter cette session de formation, avant de relever que le gouvernement de transition, sous l&rsquo;\u00e9gide du g\u00e9n\u00e9ral Mahamat Idriss Deby Itno, ne m\u00e9nage aucun effort pour \u00e9radiquer d\u00e9finitivement ce type de conflit.<\/p>\n<p>C&rsquo;est dans cette optique que plusieurs missions interminist\u00e9rielles ont \u00e9t\u00e9 effectu\u00e9es sur l\u2019ensemble du territoire, lors des conflits souvent meurtriers, pour tenter d&rsquo;y faire face.<\/p>\n<p>Il faut noter que prennent part \u00e0 ses assises les autorit\u00e9s administratives, judiciaires et les leaders traditionnels.<\/p>\n<p><strong>Pour plus d&rsquo;informations et d&rsquo;analyses sur la <a href=\"https:\/\/www.africa-press.net\/tchad\">Tchad<\/a>, suivez <a href=\"https:\/\/www.africa-press.net\/\">Africa-Press<\/a><\/strong><\/p>\n","protected":false},"excerpt":{"rendered":"<p>Africa-Press &#8211; Tchad. Le minist\u00e8re de la Justice, charg\u00e9 des droits Humains, \u00e0 travers l\u2019Ecole Nationale de formation judiciaire, et en partenariat avec le Programme des Nations Unies pour le d\u00e9veloppement (PNUD), organise depuis ce jeudi 09 juin \u00e0 Ab\u00e9ch\u00e9, chef-lieu de la province du Ouadda\u00ef, un atelier sur la gestion des conflits entre agricultures [&hellip;]<\/p>\n","protected":false},"author":82,"featured_media":26917,"comment_status":"open","ping_status":"closed","sticky":false,"template":"","format":"standard","meta":{"footnotes":""},"categories":[21,11,10],"tags":[37,292,29],"class_list":["post-26918","post","type-post","status-publish","format-standard","has-post-thumbnail","hentry","category-communaute","category-homepage-french","category-toutes-les-actualites","tag-africa-press","tag-africa-press-tchad","tag-tchad"],"yoast_head":"<!-- This site is optimized with the Yoast SEO Premium plugin v26.1 (Yoast SEO v27.0) - https:\/\/yoast.com\/product\/yoast-seo-premium-wordpress\/ -->\n<title>un atelier sur la gestion des conflits agriculteurs-\u00e9leveurs organis\u00e9 \u00e0 Ab\u00e9ch\u00e9 - tchad<\/title>\n<meta name=\"description\" content=\"Le minist\u00e8re de la Justice, charg\u00e9 des droits Humains, \u00e0 travers l\u2019Ecole Nationale de formation judiciaire, et en parten ...\" \/>\n<meta name=\"robots\" content=\"index, follow, max-snippet:-1, max-image-preview:large, max-video-preview:-1\" \/>\n<link rel=\"canonical\" href=\"https:\/\/www.africa-press.net\/tchad\/toutes-les-actualites\/un-atelier-sur-la-gestion-des-conflits-agriculteurs-eleveurs-organise-a-abeche\" \/>\n<meta property=\"og:locale\" content=\"fr_FR\" \/>\n<meta property=\"og:type\" content=\"article\" \/>\n<meta property=\"og:title\" content=\"un atelier sur la gestion des conflits agriculteurs-\u00e9leveurs organis\u00e9 \u00e0 Ab\u00e9ch\u00e9\" \/>\n<meta property=\"og:description\" content=\"Le minist\u00e8re de la Justice, charg\u00e9 des droits Humains, \u00e0 travers l\u2019Ecole Nationale de formation judiciaire, et en parten ...\" \/>\n<meta property=\"og:url\" content=\"https:\/\/www.africa-press.net\/tchad\/toutes-les-actualites\/un-atelier-sur-la-gestion-des-conflits-agriculteurs-eleveurs-organise-a-abeche\" \/>\n<meta property=\"og:site_name\" content=\"tchad\" \/>\n<meta property=\"article:published_time\" content=\"2022-06-11T11:34:48+00:00\" \/>\n<meta property=\"article:modified_time\" content=\"2022-06-11T12:21:22+00:00\" \/>\n<meta property=\"og:image\" content=\"https:\/\/static.africa-press.net\/tchad\/sites\/41\/2022\/06\/postQueueImg_8-62a488aa8635b.jpg\" \/>\n\t<meta property=\"og:image:width\" content=\"870\" \/>\n\t<meta property=\"og:image:height\" content=\"490\" \/>\n\t<meta property=\"og:image:type\" content=\"image\/jpeg\" \/>\n<meta name=\"author\" content=\"cfeditorfr\" \/>\n<meta name=\"twitter:card\" content=\"summary_large_image\" \/>\n<meta name=\"twitter:label1\" content=\"\u00c9crit par\" \/>\n\t<meta name=\"twitter:data1\" content=\"cfeditorfr\" \/>\n\t<meta name=\"twitter:label2\" content=\"Dur\u00e9e de lecture estim\u00e9e\" \/>\n\t<meta name=\"twitter:data2\" content=\"2 minutes\" \/>\n<script type=\"application\/ld+json\" class=\"yoast-schema-graph\">{\"@context\":\"https:\/\/schema.org\",\"@graph\":[{\"@type\":\"Article\",\"@id\":\"https:\/\/www.africa-press.net\/tchad\/toutes-les-actualites\/un-atelier-sur-la-gestion-des-conflits-agriculteurs-eleveurs-organise-a-abeche#article\",\"isPartOf\":{\"@id\":\"https:\/\/www.africa-press.net\/tchad\/toutes-les-actualites\/un-atelier-sur-la-gestion-des-conflits-agriculteurs-eleveurs-organise-a-abeche\"},\"author\":{\"name\":\"cfeditorfr\",\"@id\":\"https:\/\/www.africa-press.net\/tchad\/#\/schema\/person\/2b1cf3cd81a31e3cd26889ca66d677f1\"},\"headline\":\"un atelier sur la gestion des conflits agriculteurs-\u00e9leveurs organis\u00e9 \u00e0 Ab\u00e9ch\u00e9\",\"datePublished\":\"2022-06-11T11:34:48+00:00\",\"dateModified\":\"2022-06-11T12:21:22+00:00\",\"mainEntityOfPage\":{\"@id\":\"https:\/\/www.africa-press.net\/tchad\/toutes-les-actualites\/un-atelier-sur-la-gestion-des-conflits-agriculteurs-eleveurs-organise-a-abeche\"},\"wordCount\":487,\"commentCount\":0,\"image\":{\"@id\":\"https:\/\/www.africa-press.net\/tchad\/toutes-les-actualites\/un-atelier-sur-la-gestion-des-conflits-agriculteurs-eleveurs-organise-a-abeche#primaryimage\"},\"thumbnailUrl\":\"https:\/\/static.africa-press.net\/tchad\/sites\/41\/2022\/06\/postQueueImg_8-62a488aa8635b.jpg\",\"keywords\":[\"Africa Press\",\"Africa Press-Tchad\",\"Tchad\"],\"articleSection\":[\"Communaut\u00e9\",\"homepage-french\",\"Toutes les actualit\u00e9s\"],\"inLanguage\":\"fr-FR\",\"potentialAction\":[{\"@type\":\"CommentAction\",\"name\":\"Comment\",\"target\":[\"https:\/\/www.africa-press.net\/tchad\/toutes-les-actualites\/un-atelier-sur-la-gestion-des-conflits-agriculteurs-eleveurs-organise-a-abeche#respond\"]}]},{\"@type\":\"WebPage\",\"@id\":\"https:\/\/www.africa-press.net\/tchad\/toutes-les-actualites\/un-atelier-sur-la-gestion-des-conflits-agriculteurs-eleveurs-organise-a-abeche\",\"url\":\"https:\/\/www.africa-press.net\/tchad\/toutes-les-actualites\/un-atelier-sur-la-gestion-des-conflits-agriculteurs-eleveurs-organise-a-abeche\",\"name\":\"un atelier sur la gestion des conflits agriculteurs-\u00e9leveurs organis\u00e9 \u00e0 Ab\u00e9ch\u00e9 - tchad\",\"isPartOf\":{\"@id\":\"https:\/\/www.africa-press.net\/tchad\/#website\"},\"primaryImageOfPage\":{\"@id\":\"https:\/\/www.africa-press.net\/tchad\/toutes-les-actualites\/un-atelier-sur-la-gestion-des-conflits-agriculteurs-eleveurs-organise-a-abeche#primaryimage\"},\"image\":{\"@id\":\"https:\/\/www.africa-press.net\/tchad\/toutes-les-actualites\/un-atelier-sur-la-gestion-des-conflits-agriculteurs-eleveurs-organise-a-abeche#primaryimage\"},\"thumbnailUrl\":\"https:\/\/static.africa-press.net\/tchad\/sites\/41\/2022\/06\/postQueueImg_8-62a488aa8635b.jpg\",\"datePublished\":\"2022-06-11T11:34:48+00:00\",\"dateModified\":\"2022-06-11T12:21:22+00:00\",\"author\":{\"@id\":\"https:\/\/www.africa-press.net\/tchad\/#\/schema\/person\/2b1cf3cd81a31e3cd26889ca66d677f1\"},\"description\":\"Le minist\u00e8re de la Justice, charg\u00e9 des droits Humains, \u00e0 travers l\u2019Ecole Nationale de formation judiciaire, et en parten ...\",\"breadcrumb\":{\"@id\":\"https:\/\/www.africa-press.net\/tchad\/toutes-les-actualites\/un-atelier-sur-la-gestion-des-conflits-agriculteurs-eleveurs-organise-a-abeche#breadcrumb\"},\"inLanguage\":\"fr-FR\",\"potentialAction\":[{\"@type\":\"ReadAction\",\"target\":[\"https:\/\/www.africa-press.net\/tchad\/toutes-les-actualites\/un-atelier-sur-la-gestion-des-conflits-agriculteurs-eleveurs-organise-a-abeche\"]}]},{\"@type\":\"ImageObject\",\"inLanguage\":\"fr-FR\",\"@id\":\"https:\/\/www.africa-press.net\/tchad\/toutes-les-actualites\/un-atelier-sur-la-gestion-des-conflits-agriculteurs-eleveurs-organise-a-abeche#primaryimage\",\"url\":\"https:\/\/static.africa-press.net\/tchad\/sites\/41\/2022\/06\/postQueueImg_8-62a488aa8635b.jpg\",\"contentUrl\":\"https:\/\/static.africa-press.net\/tchad\/sites\/41\/2022\/06\/postQueueImg_8-62a488aa8635b.jpg\",\"width\":870,\"height\":490,\"caption\":\"un atelier sur la gestion des conflits agriculteurs-\u00e9leveurs organis\u00e9 \u00e0 Ab\u00e9ch\u00e9\"},{\"@type\":\"BreadcrumbList\",\"@id\":\"https:\/\/www.africa-press.net\/tchad\/toutes-les-actualites\/un-atelier-sur-la-gestion-des-conflits-agriculteurs-eleveurs-organise-a-abeche#breadcrumb\",\"itemListElement\":[{\"@type\":\"ListItem\",\"position\":1,\"name\":\"Accueil\",\"item\":\"https:\/\/www.africa-press.net\/tchad\/\"},{\"@type\":\"ListItem\",\"position\":2,\"name\":\"un atelier sur la gestion des conflits agriculteurs-\u00e9leveurs organis\u00e9 \u00e0 Ab\u00e9ch\u00e9\"}]},{\"@type\":\"WebSite\",\"@id\":\"https:\/\/www.africa-press.net\/tchad\/#website\",\"url\":\"https:\/\/www.africa-press.net\/tchad\/\",\"name\":\"tchad\",\"description\":\"Just another Africa News Agency Sites site\",\"potentialAction\":[{\"@type\":\"SearchAction\",\"target\":{\"@type\":\"EntryPoint\",\"urlTemplate\":\"https:\/\/www.africa-press.net\/tchad\/?s={search_term_string}\"},\"query-input\":{\"@type\":\"PropertyValueSpecification\",\"valueRequired\":true,\"valueName\":\"search_term_string\"}}],\"inLanguage\":\"fr-FR\"},{\"@type\":\"Person\",\"@id\":\"https:\/\/www.africa-press.net\/tchad\/#\/schema\/person\/2b1cf3cd81a31e3cd26889ca66d677f1\",\"name\":\"cfeditorfr\"}]}<\/script>\n<!-- \/ Yoast SEO Premium plugin. -->","yoast_head_json":{"title":"un atelier sur la gestion des conflits agriculteurs-\u00e9leveurs organis\u00e9 \u00e0 Ab\u00e9ch\u00e9 - tchad","description":"Le minist\u00e8re de la Justice, charg\u00e9 des droits Humains, \u00e0 travers l\u2019Ecole Nationale de formation judiciaire, et en parten ...","robots":{"index":"index","follow":"follow","max-snippet":"max-snippet:-1","max-image-preview":"max-image-preview:large","max-video-preview":"max-video-preview:-1"},"canonical":"https:\/\/www.africa-press.net\/tchad\/toutes-les-actualites\/un-atelier-sur-la-gestion-des-conflits-agriculteurs-eleveurs-organise-a-abeche","og_locale":"fr_FR","og_type":"article","og_title":"un atelier sur la gestion des conflits agriculteurs-\u00e9leveurs organis\u00e9 \u00e0 Ab\u00e9ch\u00e9","og_description":"Le minist\u00e8re de la Justice, charg\u00e9 des droits Humains, \u00e0 travers l\u2019Ecole Nationale de formation judiciaire, et en parten ...","og_url":"https:\/\/www.africa-press.net\/tchad\/toutes-les-actualites\/un-atelier-sur-la-gestion-des-conflits-agriculteurs-eleveurs-organise-a-abeche","og_site_name":"tchad","article_published_time":"2022-06-11T11:34:48+00:00","article_modified_time":"2022-06-11T12:21:22+00:00","og_image":[{"width":870,"height":490,"url":"https:\/\/static.africa-press.net\/tchad\/sites\/41\/2022\/06\/postQueueImg_8-62a488aa8635b.jpg","type":"image\/jpeg"}],"author":"cfeditorfr","twitter_card":"summary_large_image","twitter_misc":{"\u00c9crit par":"cfeditorfr","Dur\u00e9e de lecture estim\u00e9e":"2 minutes"},"schema":{"@context":"https:\/\/schema.org","@graph":[{"@type":"Article","@id":"https:\/\/www.africa-press.net\/tchad\/toutes-les-actualites\/un-atelier-sur-la-gestion-des-conflits-agriculteurs-eleveurs-organise-a-abeche#article","isPartOf":{"@id":"https:\/\/www.africa-press.net\/tchad\/toutes-les-actualites\/un-atelier-sur-la-gestion-des-conflits-agriculteurs-eleveurs-organise-a-abeche"},"author":{"name":"cfeditorfr","@id":"https:\/\/www.africa-press.net\/tchad\/#\/schema\/person\/2b1cf3cd81a31e3cd26889ca66d677f1"},"headline":"un atelier sur la gestion des conflits agriculteurs-\u00e9leveurs organis\u00e9 \u00e0 Ab\u00e9ch\u00e9","datePublished":"2022-06-11T11:34:48+00:00","dateModified":"2022-06-11T12:21:22+00:00","mainEntityOfPage":{"@id":"https:\/\/www.africa-press.net\/tchad\/toutes-les-actualites\/un-atelier-sur-la-gestion-des-conflits-agriculteurs-eleveurs-organise-a-abeche"},"wordCount":487,"commentCount":0,"image":{"@id":"https:\/\/www.africa-press.net\/tchad\/toutes-les-actualites\/un-atelier-sur-la-gestion-des-conflits-agriculteurs-eleveurs-organise-a-abeche#primaryimage"},"thumbnailUrl":"https:\/\/static.africa-press.net\/tchad\/sites\/41\/2022\/06\/postQueueImg_8-62a488aa8635b.jpg","keywords":["Africa Press","Africa Press-Tchad","Tchad"],"articleSection":["Communaut\u00e9","homepage-french","Toutes les actualit\u00e9s"],"inLanguage":"fr-FR","potentialAction":[{"@type":"CommentAction","name":"Comment","target":["https:\/\/www.africa-press.net\/tchad\/toutes-les-actualites\/un-atelier-sur-la-gestion-des-conflits-agriculteurs-eleveurs-organise-a-abeche#respond"]}]},{"@type":"WebPage","@id":"https:\/\/www.africa-press.net\/tchad\/toutes-les-actualites\/un-atelier-sur-la-gestion-des-conflits-agriculteurs-eleveurs-organise-a-abeche","url":"https:\/\/www.africa-press.net\/tchad\/toutes-les-actualites\/un-atelier-sur-la-gestion-des-conflits-agriculteurs-eleveurs-organise-a-abeche","name":"un atelier sur la gestion des conflits agriculteurs-\u00e9leveurs organis\u00e9 \u00e0 Ab\u00e9ch\u00e9 - tchad","isPartOf":{"@id":"https:\/\/www.africa-press.net\/tchad\/#website"},"primaryImageOfPage":{"@id":"https:\/\/www.africa-press.net\/tchad\/toutes-les-actualites\/un-atelier-sur-la-gestion-des-conflits-agriculteurs-eleveurs-organise-a-abeche#primaryimage"},"image":{"@id":"https:\/\/www.africa-press.net\/tchad\/toutes-les-actualites\/un-atelier-sur-la-gestion-des-conflits-agriculteurs-eleveurs-organise-a-abeche#primaryimage"},"thumbnailUrl":"https:\/\/static.africa-press.net\/tchad\/sites\/41\/2022\/06\/postQueueImg_8-62a488aa8635b.jpg","datePublished":"2022-06-11T11:34:48+00:00","dateModified":"2022-06-11T12:21:22+00:00","author":{"@id":"https:\/\/www.africa-press.net\/tchad\/#\/schema\/person\/2b1cf3cd81a31e3cd26889ca66d677f1"},"description":"Le minist\u00e8re de la Justice, charg\u00e9 des droits Humains, \u00e0 travers l\u2019Ecole Nationale de formation judiciaire, et en parten ...","breadcrumb":{"@id":"https:\/\/www.africa-press.net\/tchad\/toutes-les-actualites\/un-atelier-sur-la-gestion-des-conflits-agriculteurs-eleveurs-organise-a-abeche#breadcrumb"},"inLanguage":"fr-FR","potentialAction":[{"@type":"ReadAction","target":["https:\/\/www.africa-press.net\/tchad\/toutes-les-actualites\/un-atelier-sur-la-gestion-des-conflits-agriculteurs-eleveurs-organise-a-abeche"]}]},{"@type":"ImageObject","inLanguage":"fr-FR","@id":"https:\/\/www.africa-press.net\/tchad\/toutes-les-actualites\/un-atelier-sur-la-gestion-des-conflits-agriculteurs-eleveurs-organise-a-abeche#primaryimage","url":"https:\/\/static.africa-press.net\/tchad\/sites\/41\/2022\/06\/postQueueImg_8-62a488aa8635b.jpg","contentUrl":"https:\/\/static.africa-press.net\/tchad\/sites\/41\/2022\/06\/postQueueImg_8-62a488aa8635b.jpg","width":870,"height":490,"caption":"un atelier sur la gestion des conflits agriculteurs-\u00e9leveurs organis\u00e9 \u00e0 Ab\u00e9ch\u00e9"},{"@type":"BreadcrumbList","@id":"https:\/\/www.africa-press.net\/tchad\/toutes-les-actualites\/un-atelier-sur-la-gestion-des-conflits-agriculteurs-eleveurs-organise-a-abeche#breadcrumb","itemListElement":[{"@type":"ListItem","position":1,"name":"Accueil","item":"https:\/\/www.africa-press.net\/tchad\/"},{"@type":"ListItem","position":2,"name":"un atelier sur la gestion des conflits agriculteurs-\u00e9leveurs organis\u00e9 \u00e0 Ab\u00e9ch\u00e9"}]},{"@type":"WebSite","@id":"https:\/\/www.africa-press.net\/tchad\/#website","url":"https:\/\/www.africa-press.net\/tchad\/","name":"tchad","description":"Just another Africa News Agency Sites site","potentialAction":[{"@type":"SearchAction","target":{"@type":"EntryPoint","urlTemplate":"https:\/\/www.africa-press.net\/tchad\/?s={search_term_string}"},"query-input":{"@type":"PropertyValueSpecification","valueRequired":true,"valueName":"search_term_string"}}],"inLanguage":"fr-FR"},{"@type":"Person","@id":"https:\/\/www.africa-press.net\/tchad\/#\/schema\/person\/2b1cf3cd81a31e3cd26889ca66d677f1","name":"cfeditorfr"}]}},"_links":{"self":[{"href":"https:\/\/www.africa-press.net\/tchad\/wp-json\/wp\/v2\/posts\/26918","targetHints":{"allow":["GET"]}}],"collection":[{"href":"https:\/\/www.africa-press.net\/tchad\/wp-json\/wp\/v2\/posts"}],"about":[{"href":"https:\/\/www.africa-press.net\/tchad\/wp-json\/wp\/v2\/types\/post"}],"author":[{"embeddable":true,"href":"https:\/\/www.africa-press.net\/tchad\/wp-json\/wp\/v2\/users\/82"}],"replies":[{"embeddable":true,"href":"https:\/\/www.africa-press.net\/tchad\/wp-json\/wp\/v2\/comments?post=26918"}],"version-history":[{"count":0,"href":"https:\/\/www.africa-press.net\/tchad\/wp-json\/wp\/v2\/posts\/26918\/revisions"}],"wp:featuredmedia":[{"embeddable":true,"href":"https:\/\/www.africa-press.net\/tchad\/wp-json\/wp\/v2\/media\/26917"}],"wp:attachment":[{"href":"https:\/\/www.africa-press.net\/tchad\/wp-json\/wp\/v2\/media?parent=26918"}],"wp:term":[{"taxonomy":"category","embeddable":true,"href":"https:\/\/www.africa-press.net\/tchad\/wp-json\/wp\/v2\/categories?post=26918"},{"taxonomy":"post_tag","embeddable":true,"href":"https:\/\/www.africa-press.net\/tchad\/wp-json\/wp\/v2\/tags?post=26918"}],"curies":[{"name":"wp","href":"https:\/\/api.w.org\/{rel}","templated":true}]}}