{"id":26924,"date":"2022-06-11T11:35:48","date_gmt":"2022-06-11T11:35:48","guid":{"rendered":"https:\/\/www.africa-press.net\/tchad\/politique\/le-tchad-et-la-banque-mondiale-se-concertent-sur-la-planification-des-actions-de-developpement"},"modified":"2022-06-11T12:24:27","modified_gmt":"2022-06-11T12:24:27","slug":"le-tchad-et-la-banque-mondiale-se-concertent-sur-la-planification-des-actions-de-developpement","status":"publish","type":"post","link":"https:\/\/www.africa-press.net\/tchad\/economie\/le-tchad-et-la-banque-mondiale-se-concertent-sur-la-planification-des-actions-de-developpement","title":{"rendered":"Le Tchad et la Banque mondiale se concertent sur la planification des actions de d\u00e9veloppement"},"content":{"rendered":"<p><span style=\"color: #ff6600\"><strong>Africa-Press &#8211; Tchad. <\/strong><\/span><a name=\"para_1\"><\/a><\/p>\n<p>La directrice des op\u00e9rations de la Banque mondiale pour les pays du Sahel est en visite du travail au Tchad du 10 au 14 juin 2022.<\/p>\n<p>La Mozambicaine, Clara Ana Couthino De Sousa a \u00e9t\u00e9 re\u00e7ue par le ministre de l&rsquo;\u00c9conomie, de la Planification du d\u00e9veloppement et de la Coop\u00e9ration internationale (MEPDCI), Mahamat Hamid Koua.<\/p>\n<p>L&rsquo;objet de cette visite est s&rsquo;entretenir avec les hautes autorit\u00e9s sur les multiples d\u00e9fis li\u00e9s aux questions de d\u00e9veloppement du Tchad.<\/p>\n<p>Ensuite, la directrice rencontrera les diff\u00e9rents partenaires au d\u00e9veloppement qui appuient le Tchad, pour \u00e9changer sur les pr\u00e9occupations communes li\u00e9es \u00e0 la lutte contre la pauvret\u00e9 et la promotion du bien-\u00eatre de la population tchadienne.<\/p>\n<p>Il est aussi pr\u00e9vu des \u00e9changes directs avec les b\u00e9n\u00e9ficiaires des projets financ\u00e9s par la Banque mondiale et les membres de la soci\u00e9t\u00e9 civile op\u00e9rant dans les secteurs essentiels li\u00e9s \u00e0 l&rsquo;\u00e9ducation, la sant\u00e9 et l&rsquo;autonomisation des femmes.<\/p>\n<p>Juste apr\u00e8s le t\u00eate-\u00e0-t\u00eate avec le ministre de l\u2019\u00c9conomie, la directrice a indiqu\u00e9 que l\u2019accent a \u00e9t\u00e9 mis sur la mise en \u0153uvre des projets de la Banque mondiale et la planification des activit\u00e9s de l&rsquo;ann\u00e9e fiscale 2023.<\/p>\n<p>\u00c0 noter que Mme Clara Ana Couthino De Sousa occupe notamment le poste de directrice des op\u00e9rations pour le Niger, le Mali et le Burkina Faso depuis le 1er juillet 2021.<\/p>\n<p>Elle est bas\u00e9e \u00e0 Bamako dans la capitale du Mali.<\/p>\n<p><strong>Pour plus d&rsquo;informations et d&rsquo;analyses sur la <a href=\"https:\/\/www.africa-press.net\/tchad\">Tchad<\/a>, suivez <a href=\"https:\/\/www.africa-press.net\/\">Africa-Press<\/a><\/strong><\/p>\n","protected":false},"excerpt":{"rendered":"<p>Africa-Press &#8211; Tchad. La directrice des op\u00e9rations de la Banque mondiale pour les pays du Sahel est en visite du travail au Tchad du 10 au 14 juin 2022. La Mozambicaine, Clara Ana Couthino De Sousa a \u00e9t\u00e9 re\u00e7ue par le ministre de l&rsquo;\u00c9conomie, de la Planification du d\u00e9veloppement et de la Coop\u00e9ration internationale (MEPDCI), [&hellip;]<\/p>\n","protected":false},"author":82,"featured_media":26923,"comment_status":"open","ping_status":"closed","sticky":false,"template":"","format":"standard","meta":{"footnotes":""},"categories":[3,11,10],"tags":[37,292,29],"class_list":["post-26924","post","type-post","status-publish","format-standard","has-post-thumbnail","hentry","category-economie","category-homepage-french","category-toutes-les-actualites","tag-africa-press","tag-africa-press-tchad","tag-tchad"],"yoast_head":"<!-- This site is optimized with the Yoast SEO Premium plugin v26.1 (Yoast SEO v27.0) - https:\/\/yoast.com\/product\/yoast-seo-premium-wordpress\/ -->\n<title>Le Tchad et la Banque mondiale se concertent sur la planification des actions de d\u00e9veloppement - tchad<\/title>\n<meta name=\"description\" content=\"La directrice des op\u00e9rations de la Banque mondiale pour les pays du Sahel est en visite du travai ...\" \/>\n<meta name=\"robots\" content=\"index, follow, max-snippet:-1, max-image-preview:large, max-video-preview:-1\" \/>\n<link rel=\"canonical\" href=\"https:\/\/www.africa-press.net\/tchad\/economie\/le-tchad-et-la-banque-mondiale-se-concertent-sur-la-planification-des-actions-de-developpement\" \/>\n<meta property=\"og:locale\" content=\"fr_FR\" \/>\n<meta property=\"og:type\" content=\"article\" \/>\n<meta property=\"og:title\" content=\"Le Tchad et la Banque mondiale se concertent sur la planification des actions de d\u00e9veloppement\" \/>\n<meta property=\"og:description\" content=\"La directrice des op\u00e9rations de la Banque mondiale pour les pays du Sahel est en visite du travai ...\" \/>\n<meta property=\"og:url\" content=\"https:\/\/www.africa-press.net\/tchad\/economie\/le-tchad-et-la-banque-mondiale-se-concertent-sur-la-planification-des-actions-de-developpement\" \/>\n<meta property=\"og:site_name\" content=\"tchad\" \/>\n<meta property=\"article:published_time\" content=\"2022-06-11T11:35:48+00:00\" \/>\n<meta property=\"article:modified_time\" content=\"2022-06-11T12:24:27+00:00\" \/>\n<meta property=\"og:image\" content=\"https:\/\/static.africa-press.net\/tchad\/sites\/41\/2022\/06\/postQueueImg_10-62a489631ea4d.jpg\" \/>\n\t<meta property=\"og:image:width\" content=\"818\" \/>\n\t<meta property=\"og:image:height\" content=\"465\" \/>\n\t<meta property=\"og:image:type\" content=\"image\/jpeg\" \/>\n<meta name=\"author\" content=\"cfeditorfr\" \/>\n<meta name=\"twitter:card\" content=\"summary_large_image\" \/>\n<meta name=\"twitter:label1\" content=\"\u00c9crit par\" \/>\n\t<meta name=\"twitter:data1\" content=\"cfeditorfr\" \/>\n\t<meta name=\"twitter:label2\" content=\"Dur\u00e9e de lecture estim\u00e9e\" \/>\n\t<meta name=\"twitter:data2\" content=\"1 minute\" \/>\n<script type=\"application\/ld+json\" class=\"yoast-schema-graph\">{\"@context\":\"https:\/\/schema.org\",\"@graph\":[{\"@type\":\"Article\",\"@id\":\"https:\/\/www.africa-press.net\/tchad\/economie\/le-tchad-et-la-banque-mondiale-se-concertent-sur-la-planification-des-actions-de-developpement#article\",\"isPartOf\":{\"@id\":\"https:\/\/www.africa-press.net\/tchad\/economie\/le-tchad-et-la-banque-mondiale-se-concertent-sur-la-planification-des-actions-de-developpement\"},\"author\":{\"name\":\"cfeditorfr\",\"@id\":\"https:\/\/www.africa-press.net\/tchad\/#\/schema\/person\/2b1cf3cd81a31e3cd26889ca66d677f1\"},\"headline\":\"Le Tchad et la Banque mondiale se concertent sur la planification des actions de d\u00e9veloppement\",\"datePublished\":\"2022-06-11T11:35:48+00:00\",\"dateModified\":\"2022-06-11T12:24:27+00:00\",\"mainEntityOfPage\":{\"@id\":\"https:\/\/www.africa-press.net\/tchad\/economie\/le-tchad-et-la-banque-mondiale-se-concertent-sur-la-planification-des-actions-de-developpement\"},\"wordCount\":286,\"commentCount\":0,\"image\":{\"@id\":\"https:\/\/www.africa-press.net\/tchad\/economie\/le-tchad-et-la-banque-mondiale-se-concertent-sur-la-planification-des-actions-de-developpement#primaryimage\"},\"thumbnailUrl\":\"https:\/\/static.africa-press.net\/tchad\/sites\/41\/2022\/06\/postQueueImg_10-62a489631ea4d.jpg\",\"keywords\":[\"Africa Press\",\"Africa Press-Tchad\",\"Tchad\"],\"articleSection\":[\"\u00c9conomie\",\"homepage-french\",\"Toutes les actualit\u00e9s\"],\"inLanguage\":\"fr-FR\",\"potentialAction\":[{\"@type\":\"CommentAction\",\"name\":\"Comment\",\"target\":[\"https:\/\/www.africa-press.net\/tchad\/economie\/le-tchad-et-la-banque-mondiale-se-concertent-sur-la-planification-des-actions-de-developpement#respond\"]}]},{\"@type\":\"WebPage\",\"@id\":\"https:\/\/www.africa-press.net\/tchad\/economie\/le-tchad-et-la-banque-mondiale-se-concertent-sur-la-planification-des-actions-de-developpement\",\"url\":\"https:\/\/www.africa-press.net\/tchad\/economie\/le-tchad-et-la-banque-mondiale-se-concertent-sur-la-planification-des-actions-de-developpement\",\"name\":\"Le Tchad et la Banque mondiale se concertent sur la planification des actions de d\u00e9veloppement - tchad\",\"isPartOf\":{\"@id\":\"https:\/\/www.africa-press.net\/tchad\/#website\"},\"primaryImageOfPage\":{\"@id\":\"https:\/\/www.africa-press.net\/tchad\/economie\/le-tchad-et-la-banque-mondiale-se-concertent-sur-la-planification-des-actions-de-developpement#primaryimage\"},\"image\":{\"@id\":\"https:\/\/www.africa-press.net\/tchad\/economie\/le-tchad-et-la-banque-mondiale-se-concertent-sur-la-planification-des-actions-de-developpement#primaryimage\"},\"thumbnailUrl\":\"https:\/\/static.africa-press.net\/tchad\/sites\/41\/2022\/06\/postQueueImg_10-62a489631ea4d.jpg\",\"datePublished\":\"2022-06-11T11:35:48+00:00\",\"dateModified\":\"2022-06-11T12:24:27+00:00\",\"author\":{\"@id\":\"https:\/\/www.africa-press.net\/tchad\/#\/schema\/person\/2b1cf3cd81a31e3cd26889ca66d677f1\"},\"description\":\"La directrice des op\u00e9rations de la Banque mondiale pour les pays du Sahel est en visite du travai ...\",\"breadcrumb\":{\"@id\":\"https:\/\/www.africa-press.net\/tchad\/economie\/le-tchad-et-la-banque-mondiale-se-concertent-sur-la-planification-des-actions-de-developpement#breadcrumb\"},\"inLanguage\":\"fr-FR\",\"potentialAction\":[{\"@type\":\"ReadAction\",\"target\":[\"https:\/\/www.africa-press.net\/tchad\/economie\/le-tchad-et-la-banque-mondiale-se-concertent-sur-la-planification-des-actions-de-developpement\"]}]},{\"@type\":\"ImageObject\",\"inLanguage\":\"fr-FR\",\"@id\":\"https:\/\/www.africa-press.net\/tchad\/economie\/le-tchad-et-la-banque-mondiale-se-concertent-sur-la-planification-des-actions-de-developpement#primaryimage\",\"url\":\"https:\/\/static.africa-press.net\/tchad\/sites\/41\/2022\/06\/postQueueImg_10-62a489631ea4d.jpg\",\"contentUrl\":\"https:\/\/static.africa-press.net\/tchad\/sites\/41\/2022\/06\/postQueueImg_10-62a489631ea4d.jpg\",\"width\":818,\"height\":465,\"caption\":\"Le Tchad et la Banque mondiale se concertent sur la planification des actions de d\u00e9veloppement\"},{\"@type\":\"BreadcrumbList\",\"@id\":\"https:\/\/www.africa-press.net\/tchad\/economie\/le-tchad-et-la-banque-mondiale-se-concertent-sur-la-planification-des-actions-de-developpement#breadcrumb\",\"itemListElement\":[{\"@type\":\"ListItem\",\"position\":1,\"name\":\"Accueil\",\"item\":\"https:\/\/www.africa-press.net\/tchad\/\"},{\"@type\":\"ListItem\",\"position\":2,\"name\":\"Le Tchad et la Banque mondiale se concertent sur la planification des actions de d\u00e9veloppement\"}]},{\"@type\":\"WebSite\",\"@id\":\"https:\/\/www.africa-press.net\/tchad\/#website\",\"url\":\"https:\/\/www.africa-press.net\/tchad\/\",\"name\":\"tchad\",\"description\":\"Just another Africa News Agency Sites site\",\"potentialAction\":[{\"@type\":\"SearchAction\",\"target\":{\"@type\":\"EntryPoint\",\"urlTemplate\":\"https:\/\/www.africa-press.net\/tchad\/?s={search_term_string}\"},\"query-input\":{\"@type\":\"PropertyValueSpecification\",\"valueRequired\":true,\"valueName\":\"search_term_string\"}}],\"inLanguage\":\"fr-FR\"},{\"@type\":\"Person\",\"@id\":\"https:\/\/www.africa-press.net\/tchad\/#\/schema\/person\/2b1cf3cd81a31e3cd26889ca66d677f1\",\"name\":\"cfeditorfr\"}]}<\/script>\n<!-- \/ Yoast SEO Premium plugin. -->","yoast_head_json":{"title":"Le Tchad et la Banque mondiale se concertent sur la planification des actions de d\u00e9veloppement - tchad","description":"La directrice des op\u00e9rations de la Banque mondiale pour les pays du Sahel est en visite du travai ...","robots":{"index":"index","follow":"follow","max-snippet":"max-snippet:-1","max-image-preview":"max-image-preview:large","max-video-preview":"max-video-preview:-1"},"canonical":"https:\/\/www.africa-press.net\/tchad\/economie\/le-tchad-et-la-banque-mondiale-se-concertent-sur-la-planification-des-actions-de-developpement","og_locale":"fr_FR","og_type":"article","og_title":"Le Tchad et la Banque mondiale se concertent sur la planification des actions de d\u00e9veloppement","og_description":"La directrice des op\u00e9rations de la Banque mondiale pour les pays du Sahel est en visite du travai ...","og_url":"https:\/\/www.africa-press.net\/tchad\/economie\/le-tchad-et-la-banque-mondiale-se-concertent-sur-la-planification-des-actions-de-developpement","og_site_name":"tchad","article_published_time":"2022-06-11T11:35:48+00:00","article_modified_time":"2022-06-11T12:24:27+00:00","og_image":[{"width":818,"height":465,"url":"https:\/\/static.africa-press.net\/tchad\/sites\/41\/2022\/06\/postQueueImg_10-62a489631ea4d.jpg","type":"image\/jpeg"}],"author":"cfeditorfr","twitter_card":"summary_large_image","twitter_misc":{"\u00c9crit par":"cfeditorfr","Dur\u00e9e de lecture estim\u00e9e":"1 minute"},"schema":{"@context":"https:\/\/schema.org","@graph":[{"@type":"Article","@id":"https:\/\/www.africa-press.net\/tchad\/economie\/le-tchad-et-la-banque-mondiale-se-concertent-sur-la-planification-des-actions-de-developpement#article","isPartOf":{"@id":"https:\/\/www.africa-press.net\/tchad\/economie\/le-tchad-et-la-banque-mondiale-se-concertent-sur-la-planification-des-actions-de-developpement"},"author":{"name":"cfeditorfr","@id":"https:\/\/www.africa-press.net\/tchad\/#\/schema\/person\/2b1cf3cd81a31e3cd26889ca66d677f1"},"headline":"Le Tchad et la Banque mondiale se concertent sur la planification des actions de d\u00e9veloppement","datePublished":"2022-06-11T11:35:48+00:00","dateModified":"2022-06-11T12:24:27+00:00","mainEntityOfPage":{"@id":"https:\/\/www.africa-press.net\/tchad\/economie\/le-tchad-et-la-banque-mondiale-se-concertent-sur-la-planification-des-actions-de-developpement"},"wordCount":286,"commentCount":0,"image":{"@id":"https:\/\/www.africa-press.net\/tchad\/economie\/le-tchad-et-la-banque-mondiale-se-concertent-sur-la-planification-des-actions-de-developpement#primaryimage"},"thumbnailUrl":"https:\/\/static.africa-press.net\/tchad\/sites\/41\/2022\/06\/postQueueImg_10-62a489631ea4d.jpg","keywords":["Africa Press","Africa Press-Tchad","Tchad"],"articleSection":["\u00c9conomie","homepage-french","Toutes les actualit\u00e9s"],"inLanguage":"fr-FR","potentialAction":[{"@type":"CommentAction","name":"Comment","target":["https:\/\/www.africa-press.net\/tchad\/economie\/le-tchad-et-la-banque-mondiale-se-concertent-sur-la-planification-des-actions-de-developpement#respond"]}]},{"@type":"WebPage","@id":"https:\/\/www.africa-press.net\/tchad\/economie\/le-tchad-et-la-banque-mondiale-se-concertent-sur-la-planification-des-actions-de-developpement","url":"https:\/\/www.africa-press.net\/tchad\/economie\/le-tchad-et-la-banque-mondiale-se-concertent-sur-la-planification-des-actions-de-developpement","name":"Le Tchad et la Banque mondiale se concertent sur la planification des actions de d\u00e9veloppement - tchad","isPartOf":{"@id":"https:\/\/www.africa-press.net\/tchad\/#website"},"primaryImageOfPage":{"@id":"https:\/\/www.africa-press.net\/tchad\/economie\/le-tchad-et-la-banque-mondiale-se-concertent-sur-la-planification-des-actions-de-developpement#primaryimage"},"image":{"@id":"https:\/\/www.africa-press.net\/tchad\/economie\/le-tchad-et-la-banque-mondiale-se-concertent-sur-la-planification-des-actions-de-developpement#primaryimage"},"thumbnailUrl":"https:\/\/static.africa-press.net\/tchad\/sites\/41\/2022\/06\/postQueueImg_10-62a489631ea4d.jpg","datePublished":"2022-06-11T11:35:48+00:00","dateModified":"2022-06-11T12:24:27+00:00","author":{"@id":"https:\/\/www.africa-press.net\/tchad\/#\/schema\/person\/2b1cf3cd81a31e3cd26889ca66d677f1"},"description":"La directrice des op\u00e9rations de la Banque mondiale pour les pays du Sahel est en visite du travai ...","breadcrumb":{"@id":"https:\/\/www.africa-press.net\/tchad\/economie\/le-tchad-et-la-banque-mondiale-se-concertent-sur-la-planification-des-actions-de-developpement#breadcrumb"},"inLanguage":"fr-FR","potentialAction":[{"@type":"ReadAction","target":["https:\/\/www.africa-press.net\/tchad\/economie\/le-tchad-et-la-banque-mondiale-se-concertent-sur-la-planification-des-actions-de-developpement"]}]},{"@type":"ImageObject","inLanguage":"fr-FR","@id":"https:\/\/www.africa-press.net\/tchad\/economie\/le-tchad-et-la-banque-mondiale-se-concertent-sur-la-planification-des-actions-de-developpement#primaryimage","url":"https:\/\/static.africa-press.net\/tchad\/sites\/41\/2022\/06\/postQueueImg_10-62a489631ea4d.jpg","contentUrl":"https:\/\/static.africa-press.net\/tchad\/sites\/41\/2022\/06\/postQueueImg_10-62a489631ea4d.jpg","width":818,"height":465,"caption":"Le Tchad et la Banque mondiale se concertent sur la planification des actions de d\u00e9veloppement"},{"@type":"BreadcrumbList","@id":"https:\/\/www.africa-press.net\/tchad\/economie\/le-tchad-et-la-banque-mondiale-se-concertent-sur-la-planification-des-actions-de-developpement#breadcrumb","itemListElement":[{"@type":"ListItem","position":1,"name":"Accueil","item":"https:\/\/www.africa-press.net\/tchad\/"},{"@type":"ListItem","position":2,"name":"Le Tchad et la Banque mondiale se concertent sur la planification des actions de d\u00e9veloppement"}]},{"@type":"WebSite","@id":"https:\/\/www.africa-press.net\/tchad\/#website","url":"https:\/\/www.africa-press.net\/tchad\/","name":"tchad","description":"Just another Africa News Agency Sites site","potentialAction":[{"@type":"SearchAction","target":{"@type":"EntryPoint","urlTemplate":"https:\/\/www.africa-press.net\/tchad\/?s={search_term_string}"},"query-input":{"@type":"PropertyValueSpecification","valueRequired":true,"valueName":"search_term_string"}}],"inLanguage":"fr-FR"},{"@type":"Person","@id":"https:\/\/www.africa-press.net\/tchad\/#\/schema\/person\/2b1cf3cd81a31e3cd26889ca66d677f1","name":"cfeditorfr"}]}},"_links":{"self":[{"href":"https:\/\/www.africa-press.net\/tchad\/wp-json\/wp\/v2\/posts\/26924","targetHints":{"allow":["GET"]}}],"collection":[{"href":"https:\/\/www.africa-press.net\/tchad\/wp-json\/wp\/v2\/posts"}],"about":[{"href":"https:\/\/www.africa-press.net\/tchad\/wp-json\/wp\/v2\/types\/post"}],"author":[{"embeddable":true,"href":"https:\/\/www.africa-press.net\/tchad\/wp-json\/wp\/v2\/users\/82"}],"replies":[{"embeddable":true,"href":"https:\/\/www.africa-press.net\/tchad\/wp-json\/wp\/v2\/comments?post=26924"}],"version-history":[{"count":0,"href":"https:\/\/www.africa-press.net\/tchad\/wp-json\/wp\/v2\/posts\/26924\/revisions"}],"wp:featuredmedia":[{"embeddable":true,"href":"https:\/\/www.africa-press.net\/tchad\/wp-json\/wp\/v2\/media\/26923"}],"wp:attachment":[{"href":"https:\/\/www.africa-press.net\/tchad\/wp-json\/wp\/v2\/media?parent=26924"}],"wp:term":[{"taxonomy":"category","embeddable":true,"href":"https:\/\/www.africa-press.net\/tchad\/wp-json\/wp\/v2\/categories?post=26924"},{"taxonomy":"post_tag","embeddable":true,"href":"https:\/\/www.africa-press.net\/tchad\/wp-json\/wp\/v2\/tags?post=26924"}],"curies":[{"name":"wp","href":"https:\/\/api.w.org\/{rel}","templated":true}]}}