{"id":26939,"date":"2022-06-11T11:39:13","date_gmt":"2022-06-11T11:39:13","guid":{"rendered":"https:\/\/www.africa-press.net\/tchad\/politique\/un-mauritanien-a-la-rescousse-du-pre-dialogue-de-doha"},"modified":"2022-06-11T12:26:38","modified_gmt":"2022-06-11T12:26:38","slug":"un-mauritanien-a-la-rescousse-du-pre-dialogue-de-doha","status":"publish","type":"post","link":"https:\/\/www.africa-press.net\/tchad\/politique\/un-mauritanien-a-la-rescousse-du-pre-dialogue-de-doha","title":{"rendered":"un Mauritanien \u00e0 la rescousse du pr\u00e9-dialogue de Doha"},"content":{"rendered":"<p><span style=\"color: #ff6600\"><strong>Africa-Press &#8211; Tchad. <\/strong><\/span>Le Mauritanien Moustapha Chafi, surnomm\u00e9 \u00ab le Jacques Focart sans mallettes du Sahel \u00bb, a rejoint l\u2019\u00e9quipe de facilitation qatarienne comme un \u00ab minci dominci (envoy\u00e9 sp\u00e9cial) \u00bb entre les parties tchadiennes, dans une d\u00e9marche visant \u00e0 sauver le Dialogue National de Doha.<\/p>\n<p>Homme de r\u00e9seau et tr\u00e8s \u00e9cout\u00e9 dans plusieurs palais d\u2019Afrique, du Moyen-Orient et du continent europ\u00e9en, celui qui fut conseiller sp\u00e9cial de l\u2019ancien pr\u00e9sident burkinab\u00e9 Blaise Compaor\u00e9 avait \u00e9galement \u00e9t\u00e9 nomm\u00e9 conseiller sp\u00e9cial de la pr\u00e9sidence de la R\u00e9publique du Niger en septembre 2021. L\u2019homme est connu dans l\u2019espace sahelien comme celui qui a lib\u00e9r\u00e9 plusieurs otages occidentaux des mains des terroristes.<\/p>\n<p>En effet, face \u00e0 l\u2019impasse et aux difficult\u00e9s de trouver un accord inclusif entre les diff\u00e9rentes parties tchadiennes en n\u00e9gociation \u00e0 Doha. Le gouvernement qatari a fait appel \u00e0 ces services pour r\u00e9soudre les difficult\u00e9s qui ont retard\u00e9 un accord. Le Mauritanien sera donc charg\u00e9 de concilier les deux parties afin de trouver un accord dans un bref d\u00e9lai.<\/p>\n<p><strong>Pour plus d&rsquo;informations et d&rsquo;analyses sur la <a href=\"https:\/\/www.africa-press.net\/tchad\">Tchad<\/a>, suivez <a href=\"https:\/\/www.africa-press.net\/\">Africa-Press<\/a><\/strong><\/p>\n","protected":false},"excerpt":{"rendered":"<p>Africa-Press &#8211; Tchad. Le Mauritanien Moustapha Chafi, surnomm\u00e9 \u00ab le Jacques Focart sans mallettes du Sahel \u00bb, a rejoint l\u2019\u00e9quipe de facilitation qatarienne comme un \u00ab minci dominci (envoy\u00e9 sp\u00e9cial) \u00bb entre les parties tchadiennes, dans une d\u00e9marche visant \u00e0 sauver le Dialogue National de Doha. Homme de r\u00e9seau et tr\u00e8s \u00e9cout\u00e9 dans plusieurs palais [&hellip;]<\/p>\n","protected":false},"author":82,"featured_media":26938,"comment_status":"open","ping_status":"closed","sticky":false,"template":"","format":"standard","meta":{"footnotes":""},"categories":[11,2,20,10],"tags":[37,292,29],"class_list":["post-26939","post","type-post","status-publish","format-standard","has-post-thumbnail","hentry","category-homepage-french","category-politique","category-top-nouvelles","category-toutes-les-actualites","tag-africa-press","tag-africa-press-tchad","tag-tchad"],"yoast_head":"<!-- This site is optimized with the Yoast SEO Premium plugin v26.1 (Yoast SEO v27.0) - https:\/\/yoast.com\/product\/yoast-seo-premium-wordpress\/ -->\n<title>un Mauritanien \u00e0 la rescousse du pr\u00e9-dialogue de Doha - tchad<\/title>\n<meta name=\"description\" content=\"Le Mauritanien Moustapha Chafi, surnomm\u00e9 \u00ab le Jacques Focart sans mallettes du Sahel \u00bb, a rejoint l\u2019\u00e9quipe de facilitati ...\" \/>\n<meta name=\"robots\" content=\"index, follow, max-snippet:-1, max-image-preview:large, max-video-preview:-1\" \/>\n<link rel=\"canonical\" href=\"https:\/\/www.africa-press.net\/tchad\/politique\/un-mauritanien-a-la-rescousse-du-pre-dialogue-de-doha\" \/>\n<meta property=\"og:locale\" content=\"fr_FR\" \/>\n<meta property=\"og:type\" content=\"article\" \/>\n<meta property=\"og:title\" content=\"un Mauritanien \u00e0 la rescousse du pr\u00e9-dialogue de Doha\" \/>\n<meta property=\"og:description\" content=\"Le Mauritanien Moustapha Chafi, surnomm\u00e9 \u00ab le Jacques Focart sans mallettes du Sahel \u00bb, a rejoint l\u2019\u00e9quipe de facilitati ...\" \/>\n<meta property=\"og:url\" content=\"https:\/\/www.africa-press.net\/tchad\/politique\/un-mauritanien-a-la-rescousse-du-pre-dialogue-de-doha\" \/>\n<meta property=\"og:site_name\" content=\"tchad\" \/>\n<meta property=\"article:published_time\" content=\"2022-06-11T11:39:13+00:00\" \/>\n<meta property=\"article:modified_time\" content=\"2022-06-11T12:26:38+00:00\" \/>\n<meta property=\"og:image\" content=\"https:\/\/static.africa-press.net\/tchad\/sites\/41\/2022\/06\/postQueueImg_15-62a489e588a43.jpg\" \/>\n\t<meta property=\"og:image:width\" content=\"800\" \/>\n\t<meta property=\"og:image:height\" content=\"445\" \/>\n\t<meta property=\"og:image:type\" content=\"image\/jpeg\" \/>\n<meta name=\"author\" content=\"cfeditorfr\" \/>\n<meta name=\"twitter:card\" content=\"summary_large_image\" \/>\n<meta name=\"twitter:label1\" content=\"\u00c9crit par\" \/>\n\t<meta name=\"twitter:data1\" content=\"cfeditorfr\" \/>\n\t<meta name=\"twitter:label2\" content=\"Dur\u00e9e de lecture estim\u00e9e\" \/>\n\t<meta name=\"twitter:data2\" content=\"1 minute\" \/>\n<script type=\"application\/ld+json\" class=\"yoast-schema-graph\">{\"@context\":\"https:\/\/schema.org\",\"@graph\":[{\"@type\":\"Article\",\"@id\":\"https:\/\/www.africa-press.net\/tchad\/politique\/un-mauritanien-a-la-rescousse-du-pre-dialogue-de-doha#article\",\"isPartOf\":{\"@id\":\"https:\/\/www.africa-press.net\/tchad\/politique\/un-mauritanien-a-la-rescousse-du-pre-dialogue-de-doha\"},\"author\":{\"name\":\"cfeditorfr\",\"@id\":\"https:\/\/www.africa-press.net\/tchad\/#\/schema\/person\/2b1cf3cd81a31e3cd26889ca66d677f1\"},\"headline\":\"un Mauritanien \u00e0 la rescousse du pr\u00e9-dialogue de Doha\",\"datePublished\":\"2022-06-11T11:39:13+00:00\",\"dateModified\":\"2022-06-11T12:26:38+00:00\",\"mainEntityOfPage\":{\"@id\":\"https:\/\/www.africa-press.net\/tchad\/politique\/un-mauritanien-a-la-rescousse-du-pre-dialogue-de-doha\"},\"wordCount\":202,\"commentCount\":0,\"image\":{\"@id\":\"https:\/\/www.africa-press.net\/tchad\/politique\/un-mauritanien-a-la-rescousse-du-pre-dialogue-de-doha#primaryimage\"},\"thumbnailUrl\":\"https:\/\/static.africa-press.net\/tchad\/sites\/41\/2022\/06\/postQueueImg_15-62a489e588a43.jpg\",\"keywords\":[\"Africa Press\",\"Africa Press-Tchad\",\"Tchad\"],\"articleSection\":[\"homepage-french\",\"Politique\",\"Top Nouvelles\",\"Toutes les actualit\u00e9s\"],\"inLanguage\":\"fr-FR\",\"potentialAction\":[{\"@type\":\"CommentAction\",\"name\":\"Comment\",\"target\":[\"https:\/\/www.africa-press.net\/tchad\/politique\/un-mauritanien-a-la-rescousse-du-pre-dialogue-de-doha#respond\"]}]},{\"@type\":\"WebPage\",\"@id\":\"https:\/\/www.africa-press.net\/tchad\/politique\/un-mauritanien-a-la-rescousse-du-pre-dialogue-de-doha\",\"url\":\"https:\/\/www.africa-press.net\/tchad\/politique\/un-mauritanien-a-la-rescousse-du-pre-dialogue-de-doha\",\"name\":\"un Mauritanien \u00e0 la rescousse du pr\u00e9-dialogue de Doha - tchad\",\"isPartOf\":{\"@id\":\"https:\/\/www.africa-press.net\/tchad\/#website\"},\"primaryImageOfPage\":{\"@id\":\"https:\/\/www.africa-press.net\/tchad\/politique\/un-mauritanien-a-la-rescousse-du-pre-dialogue-de-doha#primaryimage\"},\"image\":{\"@id\":\"https:\/\/www.africa-press.net\/tchad\/politique\/un-mauritanien-a-la-rescousse-du-pre-dialogue-de-doha#primaryimage\"},\"thumbnailUrl\":\"https:\/\/static.africa-press.net\/tchad\/sites\/41\/2022\/06\/postQueueImg_15-62a489e588a43.jpg\",\"datePublished\":\"2022-06-11T11:39:13+00:00\",\"dateModified\":\"2022-06-11T12:26:38+00:00\",\"author\":{\"@id\":\"https:\/\/www.africa-press.net\/tchad\/#\/schema\/person\/2b1cf3cd81a31e3cd26889ca66d677f1\"},\"description\":\"Le Mauritanien Moustapha Chafi, surnomm\u00e9 \u00ab le Jacques Focart sans mallettes du Sahel \u00bb, a rejoint l\u2019\u00e9quipe de facilitati ...\",\"breadcrumb\":{\"@id\":\"https:\/\/www.africa-press.net\/tchad\/politique\/un-mauritanien-a-la-rescousse-du-pre-dialogue-de-doha#breadcrumb\"},\"inLanguage\":\"fr-FR\",\"potentialAction\":[{\"@type\":\"ReadAction\",\"target\":[\"https:\/\/www.africa-press.net\/tchad\/politique\/un-mauritanien-a-la-rescousse-du-pre-dialogue-de-doha\"]}]},{\"@type\":\"ImageObject\",\"inLanguage\":\"fr-FR\",\"@id\":\"https:\/\/www.africa-press.net\/tchad\/politique\/un-mauritanien-a-la-rescousse-du-pre-dialogue-de-doha#primaryimage\",\"url\":\"https:\/\/static.africa-press.net\/tchad\/sites\/41\/2022\/06\/postQueueImg_15-62a489e588a43.jpg\",\"contentUrl\":\"https:\/\/static.africa-press.net\/tchad\/sites\/41\/2022\/06\/postQueueImg_15-62a489e588a43.jpg\",\"width\":800,\"height\":445,\"caption\":\"un Mauritanien \u00e0 la rescousse du pr\u00e9-dialogue de Doha\"},{\"@type\":\"BreadcrumbList\",\"@id\":\"https:\/\/www.africa-press.net\/tchad\/politique\/un-mauritanien-a-la-rescousse-du-pre-dialogue-de-doha#breadcrumb\",\"itemListElement\":[{\"@type\":\"ListItem\",\"position\":1,\"name\":\"Accueil\",\"item\":\"https:\/\/www.africa-press.net\/tchad\/\"},{\"@type\":\"ListItem\",\"position\":2,\"name\":\"un Mauritanien \u00e0 la rescousse du pr\u00e9-dialogue de Doha\"}]},{\"@type\":\"WebSite\",\"@id\":\"https:\/\/www.africa-press.net\/tchad\/#website\",\"url\":\"https:\/\/www.africa-press.net\/tchad\/\",\"name\":\"tchad\",\"description\":\"Just another Africa News Agency Sites site\",\"potentialAction\":[{\"@type\":\"SearchAction\",\"target\":{\"@type\":\"EntryPoint\",\"urlTemplate\":\"https:\/\/www.africa-press.net\/tchad\/?s={search_term_string}\"},\"query-input\":{\"@type\":\"PropertyValueSpecification\",\"valueRequired\":true,\"valueName\":\"search_term_string\"}}],\"inLanguage\":\"fr-FR\"},{\"@type\":\"Person\",\"@id\":\"https:\/\/www.africa-press.net\/tchad\/#\/schema\/person\/2b1cf3cd81a31e3cd26889ca66d677f1\",\"name\":\"cfeditorfr\"}]}<\/script>\n<!-- \/ Yoast SEO Premium plugin. -->","yoast_head_json":{"title":"un Mauritanien \u00e0 la rescousse du pr\u00e9-dialogue de Doha - tchad","description":"Le Mauritanien Moustapha Chafi, surnomm\u00e9 \u00ab le Jacques Focart sans mallettes du Sahel \u00bb, a rejoint l\u2019\u00e9quipe de facilitati ...","robots":{"index":"index","follow":"follow","max-snippet":"max-snippet:-1","max-image-preview":"max-image-preview:large","max-video-preview":"max-video-preview:-1"},"canonical":"https:\/\/www.africa-press.net\/tchad\/politique\/un-mauritanien-a-la-rescousse-du-pre-dialogue-de-doha","og_locale":"fr_FR","og_type":"article","og_title":"un Mauritanien \u00e0 la rescousse du pr\u00e9-dialogue de Doha","og_description":"Le Mauritanien Moustapha Chafi, surnomm\u00e9 \u00ab le Jacques Focart sans mallettes du Sahel \u00bb, a rejoint l\u2019\u00e9quipe de facilitati ...","og_url":"https:\/\/www.africa-press.net\/tchad\/politique\/un-mauritanien-a-la-rescousse-du-pre-dialogue-de-doha","og_site_name":"tchad","article_published_time":"2022-06-11T11:39:13+00:00","article_modified_time":"2022-06-11T12:26:38+00:00","og_image":[{"width":800,"height":445,"url":"https:\/\/static.africa-press.net\/tchad\/sites\/41\/2022\/06\/postQueueImg_15-62a489e588a43.jpg","type":"image\/jpeg"}],"author":"cfeditorfr","twitter_card":"summary_large_image","twitter_misc":{"\u00c9crit par":"cfeditorfr","Dur\u00e9e de lecture estim\u00e9e":"1 minute"},"schema":{"@context":"https:\/\/schema.org","@graph":[{"@type":"Article","@id":"https:\/\/www.africa-press.net\/tchad\/politique\/un-mauritanien-a-la-rescousse-du-pre-dialogue-de-doha#article","isPartOf":{"@id":"https:\/\/www.africa-press.net\/tchad\/politique\/un-mauritanien-a-la-rescousse-du-pre-dialogue-de-doha"},"author":{"name":"cfeditorfr","@id":"https:\/\/www.africa-press.net\/tchad\/#\/schema\/person\/2b1cf3cd81a31e3cd26889ca66d677f1"},"headline":"un Mauritanien \u00e0 la rescousse du pr\u00e9-dialogue de Doha","datePublished":"2022-06-11T11:39:13+00:00","dateModified":"2022-06-11T12:26:38+00:00","mainEntityOfPage":{"@id":"https:\/\/www.africa-press.net\/tchad\/politique\/un-mauritanien-a-la-rescousse-du-pre-dialogue-de-doha"},"wordCount":202,"commentCount":0,"image":{"@id":"https:\/\/www.africa-press.net\/tchad\/politique\/un-mauritanien-a-la-rescousse-du-pre-dialogue-de-doha#primaryimage"},"thumbnailUrl":"https:\/\/static.africa-press.net\/tchad\/sites\/41\/2022\/06\/postQueueImg_15-62a489e588a43.jpg","keywords":["Africa Press","Africa Press-Tchad","Tchad"],"articleSection":["homepage-french","Politique","Top Nouvelles","Toutes les actualit\u00e9s"],"inLanguage":"fr-FR","potentialAction":[{"@type":"CommentAction","name":"Comment","target":["https:\/\/www.africa-press.net\/tchad\/politique\/un-mauritanien-a-la-rescousse-du-pre-dialogue-de-doha#respond"]}]},{"@type":"WebPage","@id":"https:\/\/www.africa-press.net\/tchad\/politique\/un-mauritanien-a-la-rescousse-du-pre-dialogue-de-doha","url":"https:\/\/www.africa-press.net\/tchad\/politique\/un-mauritanien-a-la-rescousse-du-pre-dialogue-de-doha","name":"un Mauritanien \u00e0 la rescousse du pr\u00e9-dialogue de Doha - tchad","isPartOf":{"@id":"https:\/\/www.africa-press.net\/tchad\/#website"},"primaryImageOfPage":{"@id":"https:\/\/www.africa-press.net\/tchad\/politique\/un-mauritanien-a-la-rescousse-du-pre-dialogue-de-doha#primaryimage"},"image":{"@id":"https:\/\/www.africa-press.net\/tchad\/politique\/un-mauritanien-a-la-rescousse-du-pre-dialogue-de-doha#primaryimage"},"thumbnailUrl":"https:\/\/static.africa-press.net\/tchad\/sites\/41\/2022\/06\/postQueueImg_15-62a489e588a43.jpg","datePublished":"2022-06-11T11:39:13+00:00","dateModified":"2022-06-11T12:26:38+00:00","author":{"@id":"https:\/\/www.africa-press.net\/tchad\/#\/schema\/person\/2b1cf3cd81a31e3cd26889ca66d677f1"},"description":"Le Mauritanien Moustapha Chafi, surnomm\u00e9 \u00ab le Jacques Focart sans mallettes du Sahel \u00bb, a rejoint l\u2019\u00e9quipe de facilitati ...","breadcrumb":{"@id":"https:\/\/www.africa-press.net\/tchad\/politique\/un-mauritanien-a-la-rescousse-du-pre-dialogue-de-doha#breadcrumb"},"inLanguage":"fr-FR","potentialAction":[{"@type":"ReadAction","target":["https:\/\/www.africa-press.net\/tchad\/politique\/un-mauritanien-a-la-rescousse-du-pre-dialogue-de-doha"]}]},{"@type":"ImageObject","inLanguage":"fr-FR","@id":"https:\/\/www.africa-press.net\/tchad\/politique\/un-mauritanien-a-la-rescousse-du-pre-dialogue-de-doha#primaryimage","url":"https:\/\/static.africa-press.net\/tchad\/sites\/41\/2022\/06\/postQueueImg_15-62a489e588a43.jpg","contentUrl":"https:\/\/static.africa-press.net\/tchad\/sites\/41\/2022\/06\/postQueueImg_15-62a489e588a43.jpg","width":800,"height":445,"caption":"un Mauritanien \u00e0 la rescousse du pr\u00e9-dialogue de Doha"},{"@type":"BreadcrumbList","@id":"https:\/\/www.africa-press.net\/tchad\/politique\/un-mauritanien-a-la-rescousse-du-pre-dialogue-de-doha#breadcrumb","itemListElement":[{"@type":"ListItem","position":1,"name":"Accueil","item":"https:\/\/www.africa-press.net\/tchad\/"},{"@type":"ListItem","position":2,"name":"un Mauritanien \u00e0 la rescousse du pr\u00e9-dialogue de Doha"}]},{"@type":"WebSite","@id":"https:\/\/www.africa-press.net\/tchad\/#website","url":"https:\/\/www.africa-press.net\/tchad\/","name":"tchad","description":"Just another Africa News Agency Sites site","potentialAction":[{"@type":"SearchAction","target":{"@type":"EntryPoint","urlTemplate":"https:\/\/www.africa-press.net\/tchad\/?s={search_term_string}"},"query-input":{"@type":"PropertyValueSpecification","valueRequired":true,"valueName":"search_term_string"}}],"inLanguage":"fr-FR"},{"@type":"Person","@id":"https:\/\/www.africa-press.net\/tchad\/#\/schema\/person\/2b1cf3cd81a31e3cd26889ca66d677f1","name":"cfeditorfr"}]}},"_links":{"self":[{"href":"https:\/\/www.africa-press.net\/tchad\/wp-json\/wp\/v2\/posts\/26939","targetHints":{"allow":["GET"]}}],"collection":[{"href":"https:\/\/www.africa-press.net\/tchad\/wp-json\/wp\/v2\/posts"}],"about":[{"href":"https:\/\/www.africa-press.net\/tchad\/wp-json\/wp\/v2\/types\/post"}],"author":[{"embeddable":true,"href":"https:\/\/www.africa-press.net\/tchad\/wp-json\/wp\/v2\/users\/82"}],"replies":[{"embeddable":true,"href":"https:\/\/www.africa-press.net\/tchad\/wp-json\/wp\/v2\/comments?post=26939"}],"version-history":[{"count":0,"href":"https:\/\/www.africa-press.net\/tchad\/wp-json\/wp\/v2\/posts\/26939\/revisions"}],"wp:featuredmedia":[{"embeddable":true,"href":"https:\/\/www.africa-press.net\/tchad\/wp-json\/wp\/v2\/media\/26938"}],"wp:attachment":[{"href":"https:\/\/www.africa-press.net\/tchad\/wp-json\/wp\/v2\/media?parent=26939"}],"wp:term":[{"taxonomy":"category","embeddable":true,"href":"https:\/\/www.africa-press.net\/tchad\/wp-json\/wp\/v2\/categories?post=26939"},{"taxonomy":"post_tag","embeddable":true,"href":"https:\/\/www.africa-press.net\/tchad\/wp-json\/wp\/v2\/tags?post=26939"}],"curies":[{"name":"wp","href":"https:\/\/api.w.org\/{rel}","templated":true}]}}