{"id":27550,"date":"2022-06-21T13:31:10","date_gmt":"2022-06-21T13:31:10","guid":{"rendered":"https:\/\/www.africa-press.net\/tchad\/politique\/les-athletes-tchadiens-ont-fait-parler-deux-au-championnat-dafrique-centrale-dathletisme"},"modified":"2022-06-21T13:46:07","modified_gmt":"2022-06-21T13:46:07","slug":"les-athletes-tchadiens-ont-fait-parler-deux-au-championnat-dafrique-centrale-dathletisme","status":"publish","type":"post","link":"https:\/\/www.africa-press.net\/tchad\/sports\/les-athletes-tchadiens-ont-fait-parler-deux-au-championnat-dafrique-centrale-dathletisme","title":{"rendered":"les athl\u00e8tes tchadiens ont fait parler d\u2019eux au championnat d\u2019Afrique centrale d\u2019athl\u00e9tisme"},"content":{"rendered":"<p><span style=\"color: #ff6600\"><strong>Africa-Press &#8211; Tchad. <\/strong><\/span>Ils sont rentr\u00e9s ce soir en h\u00e9ros du championnat d\u2019Afrique centrale d\u2019athl\u00e9tisme qui s\u2019est tenu du 18 au 19 juin 2022 \u00e0 Garoua au Cameroun. Ce championnat a regroup\u00e9 deux cat\u00e9gories notamment les U18 et les U20.<\/p>\n<p>Les jeunes talents tchadiens ont repr\u00e9sent\u00e9 valablement le bleu-jaune-rouge et rentrent avec 13 m\u00e9dailles d\u2019or, 15 en argent et 9 en bronze. L\u2019\u00e9quipe tchadienne U18 est d\u00e9clar\u00e9e championne d\u2019Afrique centrale. Pour la cat\u00e9gorie U20, le pays h\u00f4te a surclass\u00e9 ses adversaires.<\/p>\n<p>La d\u00e9l\u00e9gation tchadienne est rentr\u00e9e ce soir et est accueillie par une \u00e9quipe du Comit\u00e9 Olympique et Sportif Tchadien (COST) et les supporters sortis accueillir leurs h\u00e9ros.<\/p>\n<p><strong>Pour plus d&rsquo;informations et d&rsquo;analyses sur la <a href=\"https:\/\/www.africa-press.net\/tchad\">Tchad<\/a>, suivez <a href=\"https:\/\/www.africa-press.net\/\">Africa-Press<\/a><\/strong><\/p>\n","protected":false},"excerpt":{"rendered":"<p>Africa-Press &#8211; Tchad. Ils sont rentr\u00e9s ce soir en h\u00e9ros du championnat d\u2019Afrique centrale d\u2019athl\u00e9tisme qui s\u2019est tenu du 18 au 19 juin 2022 \u00e0 Garoua au Cameroun. Ce championnat a regroup\u00e9 deux cat\u00e9gories notamment les U18 et les U20. Les jeunes talents tchadiens ont repr\u00e9sent\u00e9 valablement le bleu-jaune-rouge et rentrent avec 13 m\u00e9dailles d\u2019or, [&hellip;]<\/p>\n","protected":false},"author":82,"featured_media":27549,"comment_status":"open","ping_status":"closed","sticky":false,"template":"","format":"standard","meta":{"footnotes":""},"categories":[11,6,10],"tags":[37,292,29],"class_list":["post-27550","post","type-post","status-publish","format-standard","has-post-thumbnail","hentry","category-homepage-french","category-sports","category-toutes-les-actualites","tag-africa-press","tag-africa-press-tchad","tag-tchad"],"yoast_head":"<!-- This site is optimized with the Yoast SEO Premium plugin v26.1 (Yoast SEO v27.0) - https:\/\/yoast.com\/product\/yoast-seo-premium-wordpress\/ -->\n<title>les athl\u00e8tes tchadiens ont fait parler d\u2019eux au championnat d\u2019Afrique centrale d\u2019athl\u00e9tisme - tchad<\/title>\n<meta name=\"description\" content=\"Ils sont rentr\u00e9s ce soir en h\u00e9ros du championnat d\u2019Afrique centrale d\u2019athl\u00e9tisme qui s\u2019est tenu du 18 au 19 juin 2022 \u00e0 ...\" \/>\n<meta name=\"robots\" content=\"index, follow, max-snippet:-1, max-image-preview:large, max-video-preview:-1\" \/>\n<link rel=\"canonical\" href=\"https:\/\/www.africa-press.net\/tchad\/sports\/les-athletes-tchadiens-ont-fait-parler-deux-au-championnat-dafrique-centrale-dathletisme\" \/>\n<meta property=\"og:locale\" content=\"fr_FR\" \/>\n<meta property=\"og:type\" content=\"article\" \/>\n<meta property=\"og:title\" content=\"les athl\u00e8tes tchadiens ont fait parler d\u2019eux au championnat d\u2019Afrique centrale d\u2019athl\u00e9tisme\" \/>\n<meta property=\"og:description\" content=\"Ils sont rentr\u00e9s ce soir en h\u00e9ros du championnat d\u2019Afrique centrale d\u2019athl\u00e9tisme qui s\u2019est tenu du 18 au 19 juin 2022 \u00e0 ...\" \/>\n<meta property=\"og:url\" content=\"https:\/\/www.africa-press.net\/tchad\/sports\/les-athletes-tchadiens-ont-fait-parler-deux-au-championnat-dafrique-centrale-dathletisme\" \/>\n<meta property=\"og:site_name\" content=\"tchad\" \/>\n<meta property=\"article:published_time\" content=\"2022-06-21T13:31:10+00:00\" \/>\n<meta property=\"article:modified_time\" content=\"2022-06-21T13:46:07+00:00\" \/>\n<meta property=\"og:image\" content=\"https:\/\/static.africa-press.net\/tchad\/sites\/41\/2022\/06\/postQueueImg_12-62b1cb8edf982.jpg\" \/>\n\t<meta property=\"og:image:width\" content=\"696\" \/>\n\t<meta property=\"og:image:height\" content=\"464\" \/>\n\t<meta property=\"og:image:type\" content=\"image\/jpeg\" \/>\n<meta name=\"author\" content=\"cfeditorfr\" \/>\n<meta name=\"twitter:card\" content=\"summary_large_image\" \/>\n<meta name=\"twitter:label1\" content=\"\u00c9crit par\" \/>\n\t<meta name=\"twitter:data1\" content=\"cfeditorfr\" \/>\n\t<meta name=\"twitter:label2\" content=\"Dur\u00e9e de lecture estim\u00e9e\" \/>\n\t<meta name=\"twitter:data2\" content=\"1 minute\" \/>\n<script type=\"application\/ld+json\" class=\"yoast-schema-graph\">{\"@context\":\"https:\/\/schema.org\",\"@graph\":[{\"@type\":\"Article\",\"@id\":\"https:\/\/www.africa-press.net\/tchad\/sports\/les-athletes-tchadiens-ont-fait-parler-deux-au-championnat-dafrique-centrale-dathletisme#article\",\"isPartOf\":{\"@id\":\"https:\/\/www.africa-press.net\/tchad\/sports\/les-athletes-tchadiens-ont-fait-parler-deux-au-championnat-dafrique-centrale-dathletisme\"},\"author\":{\"name\":\"cfeditorfr\",\"@id\":\"https:\/\/www.africa-press.net\/tchad\/#\/schema\/person\/2b1cf3cd81a31e3cd26889ca66d677f1\"},\"headline\":\"les athl\u00e8tes tchadiens ont fait parler d\u2019eux au championnat d\u2019Afrique centrale d\u2019athl\u00e9tisme\",\"datePublished\":\"2022-06-21T13:31:10+00:00\",\"dateModified\":\"2022-06-21T13:46:07+00:00\",\"mainEntityOfPage\":{\"@id\":\"https:\/\/www.africa-press.net\/tchad\/sports\/les-athletes-tchadiens-ont-fait-parler-deux-au-championnat-dafrique-centrale-dathletisme\"},\"wordCount\":150,\"commentCount\":0,\"image\":{\"@id\":\"https:\/\/www.africa-press.net\/tchad\/sports\/les-athletes-tchadiens-ont-fait-parler-deux-au-championnat-dafrique-centrale-dathletisme#primaryimage\"},\"thumbnailUrl\":\"https:\/\/static.africa-press.net\/tchad\/sites\/41\/2022\/06\/postQueueImg_12-62b1cb8edf982.jpg\",\"keywords\":[\"Africa Press\",\"Africa Press-Tchad\",\"Tchad\"],\"articleSection\":[\"homepage-french\",\"Sports\",\"Toutes les actualit\u00e9s\"],\"inLanguage\":\"fr-FR\",\"potentialAction\":[{\"@type\":\"CommentAction\",\"name\":\"Comment\",\"target\":[\"https:\/\/www.africa-press.net\/tchad\/sports\/les-athletes-tchadiens-ont-fait-parler-deux-au-championnat-dafrique-centrale-dathletisme#respond\"]}]},{\"@type\":\"WebPage\",\"@id\":\"https:\/\/www.africa-press.net\/tchad\/sports\/les-athletes-tchadiens-ont-fait-parler-deux-au-championnat-dafrique-centrale-dathletisme\",\"url\":\"https:\/\/www.africa-press.net\/tchad\/sports\/les-athletes-tchadiens-ont-fait-parler-deux-au-championnat-dafrique-centrale-dathletisme\",\"name\":\"les athl\u00e8tes tchadiens ont fait parler d\u2019eux au championnat d\u2019Afrique centrale d\u2019athl\u00e9tisme - tchad\",\"isPartOf\":{\"@id\":\"https:\/\/www.africa-press.net\/tchad\/#website\"},\"primaryImageOfPage\":{\"@id\":\"https:\/\/www.africa-press.net\/tchad\/sports\/les-athletes-tchadiens-ont-fait-parler-deux-au-championnat-dafrique-centrale-dathletisme#primaryimage\"},\"image\":{\"@id\":\"https:\/\/www.africa-press.net\/tchad\/sports\/les-athletes-tchadiens-ont-fait-parler-deux-au-championnat-dafrique-centrale-dathletisme#primaryimage\"},\"thumbnailUrl\":\"https:\/\/static.africa-press.net\/tchad\/sites\/41\/2022\/06\/postQueueImg_12-62b1cb8edf982.jpg\",\"datePublished\":\"2022-06-21T13:31:10+00:00\",\"dateModified\":\"2022-06-21T13:46:07+00:00\",\"author\":{\"@id\":\"https:\/\/www.africa-press.net\/tchad\/#\/schema\/person\/2b1cf3cd81a31e3cd26889ca66d677f1\"},\"description\":\"Ils sont rentr\u00e9s ce soir en h\u00e9ros du championnat d\u2019Afrique centrale d\u2019athl\u00e9tisme qui s\u2019est tenu du 18 au 19 juin 2022 \u00e0 ...\",\"breadcrumb\":{\"@id\":\"https:\/\/www.africa-press.net\/tchad\/sports\/les-athletes-tchadiens-ont-fait-parler-deux-au-championnat-dafrique-centrale-dathletisme#breadcrumb\"},\"inLanguage\":\"fr-FR\",\"potentialAction\":[{\"@type\":\"ReadAction\",\"target\":[\"https:\/\/www.africa-press.net\/tchad\/sports\/les-athletes-tchadiens-ont-fait-parler-deux-au-championnat-dafrique-centrale-dathletisme\"]}]},{\"@type\":\"ImageObject\",\"inLanguage\":\"fr-FR\",\"@id\":\"https:\/\/www.africa-press.net\/tchad\/sports\/les-athletes-tchadiens-ont-fait-parler-deux-au-championnat-dafrique-centrale-dathletisme#primaryimage\",\"url\":\"https:\/\/static.africa-press.net\/tchad\/sites\/41\/2022\/06\/postQueueImg_12-62b1cb8edf982.jpg\",\"contentUrl\":\"https:\/\/static.africa-press.net\/tchad\/sites\/41\/2022\/06\/postQueueImg_12-62b1cb8edf982.jpg\",\"width\":696,\"height\":464,\"caption\":\"les athl\u00e8tes tchadiens ont fait parler d\u2019eux au championnat d\u2019Afrique centrale d\u2019athl\u00e9tisme\"},{\"@type\":\"BreadcrumbList\",\"@id\":\"https:\/\/www.africa-press.net\/tchad\/sports\/les-athletes-tchadiens-ont-fait-parler-deux-au-championnat-dafrique-centrale-dathletisme#breadcrumb\",\"itemListElement\":[{\"@type\":\"ListItem\",\"position\":1,\"name\":\"Accueil\",\"item\":\"https:\/\/www.africa-press.net\/tchad\/\"},{\"@type\":\"ListItem\",\"position\":2,\"name\":\"les athl\u00e8tes tchadiens ont fait parler d\u2019eux au championnat d\u2019Afrique centrale d\u2019athl\u00e9tisme\"}]},{\"@type\":\"WebSite\",\"@id\":\"https:\/\/www.africa-press.net\/tchad\/#website\",\"url\":\"https:\/\/www.africa-press.net\/tchad\/\",\"name\":\"tchad\",\"description\":\"Just another Africa News Agency Sites site\",\"potentialAction\":[{\"@type\":\"SearchAction\",\"target\":{\"@type\":\"EntryPoint\",\"urlTemplate\":\"https:\/\/www.africa-press.net\/tchad\/?s={search_term_string}\"},\"query-input\":{\"@type\":\"PropertyValueSpecification\",\"valueRequired\":true,\"valueName\":\"search_term_string\"}}],\"inLanguage\":\"fr-FR\"},{\"@type\":\"Person\",\"@id\":\"https:\/\/www.africa-press.net\/tchad\/#\/schema\/person\/2b1cf3cd81a31e3cd26889ca66d677f1\",\"name\":\"cfeditorfr\"}]}<\/script>\n<!-- \/ Yoast SEO Premium plugin. -->","yoast_head_json":{"title":"les athl\u00e8tes tchadiens ont fait parler d\u2019eux au championnat d\u2019Afrique centrale d\u2019athl\u00e9tisme - tchad","description":"Ils sont rentr\u00e9s ce soir en h\u00e9ros du championnat d\u2019Afrique centrale d\u2019athl\u00e9tisme qui s\u2019est tenu du 18 au 19 juin 2022 \u00e0 ...","robots":{"index":"index","follow":"follow","max-snippet":"max-snippet:-1","max-image-preview":"max-image-preview:large","max-video-preview":"max-video-preview:-1"},"canonical":"https:\/\/www.africa-press.net\/tchad\/sports\/les-athletes-tchadiens-ont-fait-parler-deux-au-championnat-dafrique-centrale-dathletisme","og_locale":"fr_FR","og_type":"article","og_title":"les athl\u00e8tes tchadiens ont fait parler d\u2019eux au championnat d\u2019Afrique centrale d\u2019athl\u00e9tisme","og_description":"Ils sont rentr\u00e9s ce soir en h\u00e9ros du championnat d\u2019Afrique centrale d\u2019athl\u00e9tisme qui s\u2019est tenu du 18 au 19 juin 2022 \u00e0 ...","og_url":"https:\/\/www.africa-press.net\/tchad\/sports\/les-athletes-tchadiens-ont-fait-parler-deux-au-championnat-dafrique-centrale-dathletisme","og_site_name":"tchad","article_published_time":"2022-06-21T13:31:10+00:00","article_modified_time":"2022-06-21T13:46:07+00:00","og_image":[{"width":696,"height":464,"url":"https:\/\/static.africa-press.net\/tchad\/sites\/41\/2022\/06\/postQueueImg_12-62b1cb8edf982.jpg","type":"image\/jpeg"}],"author":"cfeditorfr","twitter_card":"summary_large_image","twitter_misc":{"\u00c9crit par":"cfeditorfr","Dur\u00e9e de lecture estim\u00e9e":"1 minute"},"schema":{"@context":"https:\/\/schema.org","@graph":[{"@type":"Article","@id":"https:\/\/www.africa-press.net\/tchad\/sports\/les-athletes-tchadiens-ont-fait-parler-deux-au-championnat-dafrique-centrale-dathletisme#article","isPartOf":{"@id":"https:\/\/www.africa-press.net\/tchad\/sports\/les-athletes-tchadiens-ont-fait-parler-deux-au-championnat-dafrique-centrale-dathletisme"},"author":{"name":"cfeditorfr","@id":"https:\/\/www.africa-press.net\/tchad\/#\/schema\/person\/2b1cf3cd81a31e3cd26889ca66d677f1"},"headline":"les athl\u00e8tes tchadiens ont fait parler d\u2019eux au championnat d\u2019Afrique centrale d\u2019athl\u00e9tisme","datePublished":"2022-06-21T13:31:10+00:00","dateModified":"2022-06-21T13:46:07+00:00","mainEntityOfPage":{"@id":"https:\/\/www.africa-press.net\/tchad\/sports\/les-athletes-tchadiens-ont-fait-parler-deux-au-championnat-dafrique-centrale-dathletisme"},"wordCount":150,"commentCount":0,"image":{"@id":"https:\/\/www.africa-press.net\/tchad\/sports\/les-athletes-tchadiens-ont-fait-parler-deux-au-championnat-dafrique-centrale-dathletisme#primaryimage"},"thumbnailUrl":"https:\/\/static.africa-press.net\/tchad\/sites\/41\/2022\/06\/postQueueImg_12-62b1cb8edf982.jpg","keywords":["Africa Press","Africa Press-Tchad","Tchad"],"articleSection":["homepage-french","Sports","Toutes les actualit\u00e9s"],"inLanguage":"fr-FR","potentialAction":[{"@type":"CommentAction","name":"Comment","target":["https:\/\/www.africa-press.net\/tchad\/sports\/les-athletes-tchadiens-ont-fait-parler-deux-au-championnat-dafrique-centrale-dathletisme#respond"]}]},{"@type":"WebPage","@id":"https:\/\/www.africa-press.net\/tchad\/sports\/les-athletes-tchadiens-ont-fait-parler-deux-au-championnat-dafrique-centrale-dathletisme","url":"https:\/\/www.africa-press.net\/tchad\/sports\/les-athletes-tchadiens-ont-fait-parler-deux-au-championnat-dafrique-centrale-dathletisme","name":"les athl\u00e8tes tchadiens ont fait parler d\u2019eux au championnat d\u2019Afrique centrale d\u2019athl\u00e9tisme - tchad","isPartOf":{"@id":"https:\/\/www.africa-press.net\/tchad\/#website"},"primaryImageOfPage":{"@id":"https:\/\/www.africa-press.net\/tchad\/sports\/les-athletes-tchadiens-ont-fait-parler-deux-au-championnat-dafrique-centrale-dathletisme#primaryimage"},"image":{"@id":"https:\/\/www.africa-press.net\/tchad\/sports\/les-athletes-tchadiens-ont-fait-parler-deux-au-championnat-dafrique-centrale-dathletisme#primaryimage"},"thumbnailUrl":"https:\/\/static.africa-press.net\/tchad\/sites\/41\/2022\/06\/postQueueImg_12-62b1cb8edf982.jpg","datePublished":"2022-06-21T13:31:10+00:00","dateModified":"2022-06-21T13:46:07+00:00","author":{"@id":"https:\/\/www.africa-press.net\/tchad\/#\/schema\/person\/2b1cf3cd81a31e3cd26889ca66d677f1"},"description":"Ils sont rentr\u00e9s ce soir en h\u00e9ros du championnat d\u2019Afrique centrale d\u2019athl\u00e9tisme qui s\u2019est tenu du 18 au 19 juin 2022 \u00e0 ...","breadcrumb":{"@id":"https:\/\/www.africa-press.net\/tchad\/sports\/les-athletes-tchadiens-ont-fait-parler-deux-au-championnat-dafrique-centrale-dathletisme#breadcrumb"},"inLanguage":"fr-FR","potentialAction":[{"@type":"ReadAction","target":["https:\/\/www.africa-press.net\/tchad\/sports\/les-athletes-tchadiens-ont-fait-parler-deux-au-championnat-dafrique-centrale-dathletisme"]}]},{"@type":"ImageObject","inLanguage":"fr-FR","@id":"https:\/\/www.africa-press.net\/tchad\/sports\/les-athletes-tchadiens-ont-fait-parler-deux-au-championnat-dafrique-centrale-dathletisme#primaryimage","url":"https:\/\/static.africa-press.net\/tchad\/sites\/41\/2022\/06\/postQueueImg_12-62b1cb8edf982.jpg","contentUrl":"https:\/\/static.africa-press.net\/tchad\/sites\/41\/2022\/06\/postQueueImg_12-62b1cb8edf982.jpg","width":696,"height":464,"caption":"les athl\u00e8tes tchadiens ont fait parler d\u2019eux au championnat d\u2019Afrique centrale d\u2019athl\u00e9tisme"},{"@type":"BreadcrumbList","@id":"https:\/\/www.africa-press.net\/tchad\/sports\/les-athletes-tchadiens-ont-fait-parler-deux-au-championnat-dafrique-centrale-dathletisme#breadcrumb","itemListElement":[{"@type":"ListItem","position":1,"name":"Accueil","item":"https:\/\/www.africa-press.net\/tchad\/"},{"@type":"ListItem","position":2,"name":"les athl\u00e8tes tchadiens ont fait parler d\u2019eux au championnat d\u2019Afrique centrale d\u2019athl\u00e9tisme"}]},{"@type":"WebSite","@id":"https:\/\/www.africa-press.net\/tchad\/#website","url":"https:\/\/www.africa-press.net\/tchad\/","name":"tchad","description":"Just another Africa News Agency Sites site","potentialAction":[{"@type":"SearchAction","target":{"@type":"EntryPoint","urlTemplate":"https:\/\/www.africa-press.net\/tchad\/?s={search_term_string}"},"query-input":{"@type":"PropertyValueSpecification","valueRequired":true,"valueName":"search_term_string"}}],"inLanguage":"fr-FR"},{"@type":"Person","@id":"https:\/\/www.africa-press.net\/tchad\/#\/schema\/person\/2b1cf3cd81a31e3cd26889ca66d677f1","name":"cfeditorfr"}]}},"_links":{"self":[{"href":"https:\/\/www.africa-press.net\/tchad\/wp-json\/wp\/v2\/posts\/27550","targetHints":{"allow":["GET"]}}],"collection":[{"href":"https:\/\/www.africa-press.net\/tchad\/wp-json\/wp\/v2\/posts"}],"about":[{"href":"https:\/\/www.africa-press.net\/tchad\/wp-json\/wp\/v2\/types\/post"}],"author":[{"embeddable":true,"href":"https:\/\/www.africa-press.net\/tchad\/wp-json\/wp\/v2\/users\/82"}],"replies":[{"embeddable":true,"href":"https:\/\/www.africa-press.net\/tchad\/wp-json\/wp\/v2\/comments?post=27550"}],"version-history":[{"count":0,"href":"https:\/\/www.africa-press.net\/tchad\/wp-json\/wp\/v2\/posts\/27550\/revisions"}],"wp:featuredmedia":[{"embeddable":true,"href":"https:\/\/www.africa-press.net\/tchad\/wp-json\/wp\/v2\/media\/27549"}],"wp:attachment":[{"href":"https:\/\/www.africa-press.net\/tchad\/wp-json\/wp\/v2\/media?parent=27550"}],"wp:term":[{"taxonomy":"category","embeddable":true,"href":"https:\/\/www.africa-press.net\/tchad\/wp-json\/wp\/v2\/categories?post=27550"},{"taxonomy":"post_tag","embeddable":true,"href":"https:\/\/www.africa-press.net\/tchad\/wp-json\/wp\/v2\/tags?post=27550"}],"curies":[{"name":"wp","href":"https:\/\/api.w.org\/{rel}","templated":true}]}}