{"id":27562,"date":"2022-06-21T13:33:39","date_gmt":"2022-06-21T13:33:39","guid":{"rendered":"https:\/\/www.africa-press.net\/tchad\/politique\/le-parti-tchad-uni-se-prononce-sur-le-pre-dialogue-de-doha"},"modified":"2022-06-21T13:47:39","modified_gmt":"2022-06-21T13:47:39","slug":"le-parti-tchad-uni-se-prononce-sur-le-pre-dialogue-de-doha","status":"publish","type":"post","link":"https:\/\/www.africa-press.net\/tchad\/parties\/le-parti-tchad-uni-se-prononce-sur-le-pre-dialogue-de-doha","title":{"rendered":"le parti Tchad Uni se prononce sur le pr\u00e9-dialogue de Doha"},"content":{"rendered":"<p><span style=\"color: #ff6600\"><strong>Africa-Press &#8211; Tchad. <\/strong><\/span><a name=\"para_1\"><\/a><\/p>\n<p>Dans un communiqu\u00e9 rendu public ce 21 juin 2022 et sign\u00e9 de son pr\u00e9sident national Mahamat Zene Cherif, le parti Tchad Uni exige une transparence totale dans le processus en cours et l\u2019implication effective de toutes les forces vives du Tchad.<\/p>\n<p>\u00ab Depuis plusieurs mois, le gouvernement issu du Conseil Militaire de Transition, et des groupes politico-militaires, sont en discussion, dans le cadre d\u2019un pr\u00e9-dialogue \u00e0 Doha, au Qatar.<\/p>\n<p>Malheureusement, force est de constater qu\u2019il n\u2019y a aucune volont\u00e9 r\u00e9elle de parvenir \u00e0 un accord entre les parties pour parvenir \u00e0 une paix durable et un dialogue v\u00e9ritablement inclusif \u00bb, rel\u00e8ve le communiqu\u00e9 du parti Tchad Uni.<\/p>\n<p>Le parti estime que \u00ab l\u2019absence d\u2019un chronogramme pr\u00e9cis et les man\u0153uvres dilatoires tendant \u00e0 emp\u00eacher la signature d\u2019un accord dans un d\u00e9lai court, entrainant le prolongement de fait de la p\u00e9riode de transition, sont la parfaite illusion de cette absence manifeste de volont\u00e9 \u00bb, un objectif inavou\u00e9 pour certains, peut-on apprendre.<\/p>\n<p>Le parti Tchad Uni d\u00e9nonce cette situation de blocus et les comportements de certains acteurs du processus en cours, et interpelle les deux parties, quant \u00e0 leur responsabilit\u00e9 historique devant le peuple tchadien.<\/p>\n<p>Il en est de leur devoir moral en vue de parvenir \u00e0 \u00ab un accord de paix avec objectivit\u00e9, sinc\u00e9rit\u00e9 et en privil\u00e9giant l\u2019int\u00e9r\u00eat sup\u00e9rieur de la nation \u00bb.<\/p>\n<p>Enfin, le parti Tchad Uni encourage le m\u00e9diateur, l\u2019Etat du Qatar et le f\u00e9licite dans ses efforts pour la paix au Tchad.<\/p>\n<p>Il demande \u00e0 ce que \u00ab les pourparlers en cours ne deviennent pas un cadre d\u2019\u00e9changes infinis et de discussions inopportunes, mais plut\u00f4t un dialogue sinc\u00e8re, objectif, fructueux et limit\u00e9 dans le temps \u00bb.<\/p>\n<p><strong>Pour plus d&rsquo;informations et d&rsquo;analyses sur la <a href=\"https:\/\/www.africa-press.net\/tchad\">Tchad<\/a>, suivez <a href=\"https:\/\/www.africa-press.net\/\">Africa-Press<\/a><\/strong><\/p>\n","protected":false},"excerpt":{"rendered":"<p>Africa-Press &#8211; Tchad. Dans un communiqu\u00e9 rendu public ce 21 juin 2022 et sign\u00e9 de son pr\u00e9sident national Mahamat Zene Cherif, le parti Tchad Uni exige une transparence totale dans le processus en cours et l\u2019implication effective de toutes les forces vives du Tchad. \u00ab Depuis plusieurs mois, le gouvernement issu du Conseil Militaire de [&hellip;]<\/p>\n","protected":false},"author":82,"featured_media":27561,"comment_status":"open","ping_status":"closed","sticky":false,"template":"","format":"standard","meta":{"footnotes":""},"categories":[11,4,10],"tags":[37,292,29],"class_list":["post-27562","post","type-post","status-publish","format-standard","has-post-thumbnail","hentry","category-homepage-french","category-parties","category-toutes-les-actualites","tag-africa-press","tag-africa-press-tchad","tag-tchad"],"yoast_head":"<!-- This site is optimized with the Yoast SEO Premium plugin v26.1 (Yoast SEO v27.0) - https:\/\/yoast.com\/product\/yoast-seo-premium-wordpress\/ -->\n<title>le parti Tchad Uni se prononce sur le pr\u00e9-dialogue de Doha - tchad<\/title>\n<meta name=\"description\" content=\"Dans un communiqu\u00e9 rendu public ce 21 juin 2022 et sign\u00e9 de son pr\u00e9sident national Mahamat Zene C ...\" \/>\n<meta name=\"robots\" content=\"index, follow, max-snippet:-1, max-image-preview:large, max-video-preview:-1\" \/>\n<link rel=\"canonical\" href=\"https:\/\/www.africa-press.net\/tchad\/parties\/le-parti-tchad-uni-se-prononce-sur-le-pre-dialogue-de-doha\" \/>\n<meta property=\"og:locale\" content=\"fr_FR\" \/>\n<meta property=\"og:type\" content=\"article\" \/>\n<meta property=\"og:title\" content=\"le parti Tchad Uni se prononce sur le pr\u00e9-dialogue de Doha\" \/>\n<meta property=\"og:description\" content=\"Dans un communiqu\u00e9 rendu public ce 21 juin 2022 et sign\u00e9 de son pr\u00e9sident national Mahamat Zene C ...\" \/>\n<meta property=\"og:url\" content=\"https:\/\/www.africa-press.net\/tchad\/parties\/le-parti-tchad-uni-se-prononce-sur-le-pre-dialogue-de-doha\" \/>\n<meta property=\"og:site_name\" content=\"tchad\" \/>\n<meta property=\"article:published_time\" content=\"2022-06-21T13:33:39+00:00\" \/>\n<meta property=\"article:modified_time\" content=\"2022-06-21T13:47:39+00:00\" \/>\n<meta property=\"og:image\" content=\"https:\/\/static.africa-press.net\/tchad\/sites\/41\/2022\/06\/postQueueImg_16-62b1cbebef202.jpg\" \/>\n\t<meta property=\"og:image:width\" content=\"480\" \/>\n\t<meta property=\"og:image:height\" content=\"360\" \/>\n\t<meta property=\"og:image:type\" content=\"image\/jpeg\" \/>\n<meta name=\"author\" content=\"cfeditorfr\" \/>\n<meta name=\"twitter:card\" content=\"summary_large_image\" \/>\n<meta name=\"twitter:label1\" content=\"\u00c9crit par\" \/>\n\t<meta name=\"twitter:data1\" content=\"cfeditorfr\" \/>\n\t<meta name=\"twitter:label2\" content=\"Dur\u00e9e de lecture estim\u00e9e\" \/>\n\t<meta name=\"twitter:data2\" content=\"2 minutes\" \/>\n<script type=\"application\/ld+json\" class=\"yoast-schema-graph\">{\"@context\":\"https:\/\/schema.org\",\"@graph\":[{\"@type\":\"Article\",\"@id\":\"https:\/\/www.africa-press.net\/tchad\/parties\/le-parti-tchad-uni-se-prononce-sur-le-pre-dialogue-de-doha#article\",\"isPartOf\":{\"@id\":\"https:\/\/www.africa-press.net\/tchad\/parties\/le-parti-tchad-uni-se-prononce-sur-le-pre-dialogue-de-doha\"},\"author\":{\"name\":\"cfeditorfr\",\"@id\":\"https:\/\/www.africa-press.net\/tchad\/#\/schema\/person\/2b1cf3cd81a31e3cd26889ca66d677f1\"},\"headline\":\"le parti Tchad Uni se prononce sur le pr\u00e9-dialogue de Doha\",\"datePublished\":\"2022-06-21T13:33:39+00:00\",\"dateModified\":\"2022-06-21T13:47:39+00:00\",\"mainEntityOfPage\":{\"@id\":\"https:\/\/www.africa-press.net\/tchad\/parties\/le-parti-tchad-uni-se-prononce-sur-le-pre-dialogue-de-doha\"},\"wordCount\":317,\"commentCount\":0,\"image\":{\"@id\":\"https:\/\/www.africa-press.net\/tchad\/parties\/le-parti-tchad-uni-se-prononce-sur-le-pre-dialogue-de-doha#primaryimage\"},\"thumbnailUrl\":\"https:\/\/static.africa-press.net\/tchad\/sites\/41\/2022\/06\/postQueueImg_16-62b1cbebef202.jpg\",\"keywords\":[\"Africa Press\",\"Africa Press-Tchad\",\"Tchad\"],\"articleSection\":[\"homepage-french\",\"Parties\",\"Toutes les actualit\u00e9s\"],\"inLanguage\":\"fr-FR\",\"potentialAction\":[{\"@type\":\"CommentAction\",\"name\":\"Comment\",\"target\":[\"https:\/\/www.africa-press.net\/tchad\/parties\/le-parti-tchad-uni-se-prononce-sur-le-pre-dialogue-de-doha#respond\"]}]},{\"@type\":\"WebPage\",\"@id\":\"https:\/\/www.africa-press.net\/tchad\/parties\/le-parti-tchad-uni-se-prononce-sur-le-pre-dialogue-de-doha\",\"url\":\"https:\/\/www.africa-press.net\/tchad\/parties\/le-parti-tchad-uni-se-prononce-sur-le-pre-dialogue-de-doha\",\"name\":\"le parti Tchad Uni se prononce sur le pr\u00e9-dialogue de Doha - tchad\",\"isPartOf\":{\"@id\":\"https:\/\/www.africa-press.net\/tchad\/#website\"},\"primaryImageOfPage\":{\"@id\":\"https:\/\/www.africa-press.net\/tchad\/parties\/le-parti-tchad-uni-se-prononce-sur-le-pre-dialogue-de-doha#primaryimage\"},\"image\":{\"@id\":\"https:\/\/www.africa-press.net\/tchad\/parties\/le-parti-tchad-uni-se-prononce-sur-le-pre-dialogue-de-doha#primaryimage\"},\"thumbnailUrl\":\"https:\/\/static.africa-press.net\/tchad\/sites\/41\/2022\/06\/postQueueImg_16-62b1cbebef202.jpg\",\"datePublished\":\"2022-06-21T13:33:39+00:00\",\"dateModified\":\"2022-06-21T13:47:39+00:00\",\"author\":{\"@id\":\"https:\/\/www.africa-press.net\/tchad\/#\/schema\/person\/2b1cf3cd81a31e3cd26889ca66d677f1\"},\"description\":\"Dans un communiqu\u00e9 rendu public ce 21 juin 2022 et sign\u00e9 de son pr\u00e9sident national Mahamat Zene C ...\",\"breadcrumb\":{\"@id\":\"https:\/\/www.africa-press.net\/tchad\/parties\/le-parti-tchad-uni-se-prononce-sur-le-pre-dialogue-de-doha#breadcrumb\"},\"inLanguage\":\"fr-FR\",\"potentialAction\":[{\"@type\":\"ReadAction\",\"target\":[\"https:\/\/www.africa-press.net\/tchad\/parties\/le-parti-tchad-uni-se-prononce-sur-le-pre-dialogue-de-doha\"]}]},{\"@type\":\"ImageObject\",\"inLanguage\":\"fr-FR\",\"@id\":\"https:\/\/www.africa-press.net\/tchad\/parties\/le-parti-tchad-uni-se-prononce-sur-le-pre-dialogue-de-doha#primaryimage\",\"url\":\"https:\/\/static.africa-press.net\/tchad\/sites\/41\/2022\/06\/postQueueImg_16-62b1cbebef202.jpg\",\"contentUrl\":\"https:\/\/static.africa-press.net\/tchad\/sites\/41\/2022\/06\/postQueueImg_16-62b1cbebef202.jpg\",\"width\":480,\"height\":360,\"caption\":\"le parti Tchad Uni se prononce sur le pr\u00e9-dialogue de Doha\"},{\"@type\":\"BreadcrumbList\",\"@id\":\"https:\/\/www.africa-press.net\/tchad\/parties\/le-parti-tchad-uni-se-prononce-sur-le-pre-dialogue-de-doha#breadcrumb\",\"itemListElement\":[{\"@type\":\"ListItem\",\"position\":1,\"name\":\"Accueil\",\"item\":\"https:\/\/www.africa-press.net\/tchad\/\"},{\"@type\":\"ListItem\",\"position\":2,\"name\":\"le parti Tchad Uni se prononce sur le pr\u00e9-dialogue de Doha\"}]},{\"@type\":\"WebSite\",\"@id\":\"https:\/\/www.africa-press.net\/tchad\/#website\",\"url\":\"https:\/\/www.africa-press.net\/tchad\/\",\"name\":\"tchad\",\"description\":\"Just another Africa News Agency Sites site\",\"potentialAction\":[{\"@type\":\"SearchAction\",\"target\":{\"@type\":\"EntryPoint\",\"urlTemplate\":\"https:\/\/www.africa-press.net\/tchad\/?s={search_term_string}\"},\"query-input\":{\"@type\":\"PropertyValueSpecification\",\"valueRequired\":true,\"valueName\":\"search_term_string\"}}],\"inLanguage\":\"fr-FR\"},{\"@type\":\"Person\",\"@id\":\"https:\/\/www.africa-press.net\/tchad\/#\/schema\/person\/2b1cf3cd81a31e3cd26889ca66d677f1\",\"name\":\"cfeditorfr\"}]}<\/script>\n<!-- \/ Yoast SEO Premium plugin. -->","yoast_head_json":{"title":"le parti Tchad Uni se prononce sur le pr\u00e9-dialogue de Doha - tchad","description":"Dans un communiqu\u00e9 rendu public ce 21 juin 2022 et sign\u00e9 de son pr\u00e9sident national Mahamat Zene C ...","robots":{"index":"index","follow":"follow","max-snippet":"max-snippet:-1","max-image-preview":"max-image-preview:large","max-video-preview":"max-video-preview:-1"},"canonical":"https:\/\/www.africa-press.net\/tchad\/parties\/le-parti-tchad-uni-se-prononce-sur-le-pre-dialogue-de-doha","og_locale":"fr_FR","og_type":"article","og_title":"le parti Tchad Uni se prononce sur le pr\u00e9-dialogue de Doha","og_description":"Dans un communiqu\u00e9 rendu public ce 21 juin 2022 et sign\u00e9 de son pr\u00e9sident national Mahamat Zene C ...","og_url":"https:\/\/www.africa-press.net\/tchad\/parties\/le-parti-tchad-uni-se-prononce-sur-le-pre-dialogue-de-doha","og_site_name":"tchad","article_published_time":"2022-06-21T13:33:39+00:00","article_modified_time":"2022-06-21T13:47:39+00:00","og_image":[{"width":480,"height":360,"url":"https:\/\/static.africa-press.net\/tchad\/sites\/41\/2022\/06\/postQueueImg_16-62b1cbebef202.jpg","type":"image\/jpeg"}],"author":"cfeditorfr","twitter_card":"summary_large_image","twitter_misc":{"\u00c9crit par":"cfeditorfr","Dur\u00e9e de lecture estim\u00e9e":"2 minutes"},"schema":{"@context":"https:\/\/schema.org","@graph":[{"@type":"Article","@id":"https:\/\/www.africa-press.net\/tchad\/parties\/le-parti-tchad-uni-se-prononce-sur-le-pre-dialogue-de-doha#article","isPartOf":{"@id":"https:\/\/www.africa-press.net\/tchad\/parties\/le-parti-tchad-uni-se-prononce-sur-le-pre-dialogue-de-doha"},"author":{"name":"cfeditorfr","@id":"https:\/\/www.africa-press.net\/tchad\/#\/schema\/person\/2b1cf3cd81a31e3cd26889ca66d677f1"},"headline":"le parti Tchad Uni se prononce sur le pr\u00e9-dialogue de Doha","datePublished":"2022-06-21T13:33:39+00:00","dateModified":"2022-06-21T13:47:39+00:00","mainEntityOfPage":{"@id":"https:\/\/www.africa-press.net\/tchad\/parties\/le-parti-tchad-uni-se-prononce-sur-le-pre-dialogue-de-doha"},"wordCount":317,"commentCount":0,"image":{"@id":"https:\/\/www.africa-press.net\/tchad\/parties\/le-parti-tchad-uni-se-prononce-sur-le-pre-dialogue-de-doha#primaryimage"},"thumbnailUrl":"https:\/\/static.africa-press.net\/tchad\/sites\/41\/2022\/06\/postQueueImg_16-62b1cbebef202.jpg","keywords":["Africa Press","Africa Press-Tchad","Tchad"],"articleSection":["homepage-french","Parties","Toutes les actualit\u00e9s"],"inLanguage":"fr-FR","potentialAction":[{"@type":"CommentAction","name":"Comment","target":["https:\/\/www.africa-press.net\/tchad\/parties\/le-parti-tchad-uni-se-prononce-sur-le-pre-dialogue-de-doha#respond"]}]},{"@type":"WebPage","@id":"https:\/\/www.africa-press.net\/tchad\/parties\/le-parti-tchad-uni-se-prononce-sur-le-pre-dialogue-de-doha","url":"https:\/\/www.africa-press.net\/tchad\/parties\/le-parti-tchad-uni-se-prononce-sur-le-pre-dialogue-de-doha","name":"le parti Tchad Uni se prononce sur le pr\u00e9-dialogue de Doha - tchad","isPartOf":{"@id":"https:\/\/www.africa-press.net\/tchad\/#website"},"primaryImageOfPage":{"@id":"https:\/\/www.africa-press.net\/tchad\/parties\/le-parti-tchad-uni-se-prononce-sur-le-pre-dialogue-de-doha#primaryimage"},"image":{"@id":"https:\/\/www.africa-press.net\/tchad\/parties\/le-parti-tchad-uni-se-prononce-sur-le-pre-dialogue-de-doha#primaryimage"},"thumbnailUrl":"https:\/\/static.africa-press.net\/tchad\/sites\/41\/2022\/06\/postQueueImg_16-62b1cbebef202.jpg","datePublished":"2022-06-21T13:33:39+00:00","dateModified":"2022-06-21T13:47:39+00:00","author":{"@id":"https:\/\/www.africa-press.net\/tchad\/#\/schema\/person\/2b1cf3cd81a31e3cd26889ca66d677f1"},"description":"Dans un communiqu\u00e9 rendu public ce 21 juin 2022 et sign\u00e9 de son pr\u00e9sident national Mahamat Zene C ...","breadcrumb":{"@id":"https:\/\/www.africa-press.net\/tchad\/parties\/le-parti-tchad-uni-se-prononce-sur-le-pre-dialogue-de-doha#breadcrumb"},"inLanguage":"fr-FR","potentialAction":[{"@type":"ReadAction","target":["https:\/\/www.africa-press.net\/tchad\/parties\/le-parti-tchad-uni-se-prononce-sur-le-pre-dialogue-de-doha"]}]},{"@type":"ImageObject","inLanguage":"fr-FR","@id":"https:\/\/www.africa-press.net\/tchad\/parties\/le-parti-tchad-uni-se-prononce-sur-le-pre-dialogue-de-doha#primaryimage","url":"https:\/\/static.africa-press.net\/tchad\/sites\/41\/2022\/06\/postQueueImg_16-62b1cbebef202.jpg","contentUrl":"https:\/\/static.africa-press.net\/tchad\/sites\/41\/2022\/06\/postQueueImg_16-62b1cbebef202.jpg","width":480,"height":360,"caption":"le parti Tchad Uni se prononce sur le pr\u00e9-dialogue de Doha"},{"@type":"BreadcrumbList","@id":"https:\/\/www.africa-press.net\/tchad\/parties\/le-parti-tchad-uni-se-prononce-sur-le-pre-dialogue-de-doha#breadcrumb","itemListElement":[{"@type":"ListItem","position":1,"name":"Accueil","item":"https:\/\/www.africa-press.net\/tchad\/"},{"@type":"ListItem","position":2,"name":"le parti Tchad Uni se prononce sur le pr\u00e9-dialogue de Doha"}]},{"@type":"WebSite","@id":"https:\/\/www.africa-press.net\/tchad\/#website","url":"https:\/\/www.africa-press.net\/tchad\/","name":"tchad","description":"Just another Africa News Agency Sites site","potentialAction":[{"@type":"SearchAction","target":{"@type":"EntryPoint","urlTemplate":"https:\/\/www.africa-press.net\/tchad\/?s={search_term_string}"},"query-input":{"@type":"PropertyValueSpecification","valueRequired":true,"valueName":"search_term_string"}}],"inLanguage":"fr-FR"},{"@type":"Person","@id":"https:\/\/www.africa-press.net\/tchad\/#\/schema\/person\/2b1cf3cd81a31e3cd26889ca66d677f1","name":"cfeditorfr"}]}},"_links":{"self":[{"href":"https:\/\/www.africa-press.net\/tchad\/wp-json\/wp\/v2\/posts\/27562","targetHints":{"allow":["GET"]}}],"collection":[{"href":"https:\/\/www.africa-press.net\/tchad\/wp-json\/wp\/v2\/posts"}],"about":[{"href":"https:\/\/www.africa-press.net\/tchad\/wp-json\/wp\/v2\/types\/post"}],"author":[{"embeddable":true,"href":"https:\/\/www.africa-press.net\/tchad\/wp-json\/wp\/v2\/users\/82"}],"replies":[{"embeddable":true,"href":"https:\/\/www.africa-press.net\/tchad\/wp-json\/wp\/v2\/comments?post=27562"}],"version-history":[{"count":0,"href":"https:\/\/www.africa-press.net\/tchad\/wp-json\/wp\/v2\/posts\/27562\/revisions"}],"wp:featuredmedia":[{"embeddable":true,"href":"https:\/\/www.africa-press.net\/tchad\/wp-json\/wp\/v2\/media\/27561"}],"wp:attachment":[{"href":"https:\/\/www.africa-press.net\/tchad\/wp-json\/wp\/v2\/media?parent=27562"}],"wp:term":[{"taxonomy":"category","embeddable":true,"href":"https:\/\/www.africa-press.net\/tchad\/wp-json\/wp\/v2\/categories?post=27562"},{"taxonomy":"post_tag","embeddable":true,"href":"https:\/\/www.africa-press.net\/tchad\/wp-json\/wp\/v2\/tags?post=27562"}],"curies":[{"name":"wp","href":"https:\/\/api.w.org\/{rel}","templated":true}]}}