{"id":27574,"date":"2022-06-22T13:59:34","date_gmt":"2022-06-22T13:59:34","guid":{"rendered":"https:\/\/www.africa-press.net\/tchad\/politique\/les-arabophones-reclament-des-places-dans-les-instances-de-prise-de-decision"},"modified":"2022-06-22T14:18:41","modified_gmt":"2022-06-22T14:18:41","slug":"les-arabophones-reclament-des-places-dans-les-instances-de-prise-de-decision","status":"publish","type":"post","link":"https:\/\/www.africa-press.net\/tchad\/politique\/les-arabophones-reclament-des-places-dans-les-instances-de-prise-de-decision","title":{"rendered":"les arabophones r\u00e9clament des places dans les instances de prise de d\u00e9cision"},"content":{"rendered":"<p><span style=\"color: #ff6600\"><strong>Africa-Press &#8211; Tchad. <\/strong><\/span><b>Le pr\u00e9sident du Conseil militaire de transition et les cadres arabophones ont discut\u00e9 des maux qui entravent l\u2019\u00e9panouissement de la langue arabe au Tchad. C\u2019\u00e9tait au cours de l\u2019audience du 21 juin 2022.<\/b><\/p>\n<p>Le pr\u00e9sident du Conseil militaire de transition et les cadres arabophones ont discut\u00e9 des maux qui entravent l\u2019\u00e9panouissement de la langue arabe au Tchad. C\u2019\u00e9tait au cours de l\u2019audience du 21 juin 2022.<\/p>\n<p>Au nom des cadres arabophones pr\u00e9sents \u00e0 cette rencontre, Dr Abdelkader Abakar a \u00e9num\u00e9r\u00e9 au chef de la junte, quelques maux qui entravent l\u2019\u00e9panouissement de la langue arabe et ses locuteurs. Il regrette que, l\u2019arabe comme langue historique et culturelle soit moins valoris\u00e9e et les arabophones sont sous-repr\u00e9sent\u00e9s dans les instances de prises de d\u00e9cisions. Ainsi, il plaide pour plus de repr\u00e9sentativit\u00e9 des arabophones dans les instances nominatives et \u00e9lectives, leur participation au dialogue national \u00e0 venir et l\u2019int\u00e9gration des jeunes arabophones \u00e0 la fonction publique.<\/p>\n<p>Tenant en compte les dol\u00e9ances, Mahamat Idriss Deby Itno, promet l\u2019ouverture des sections Arabe \u00e0 l\u2019Ecole Nationale de Formation Judiciaire (ENFJ), \u00e0 l\u2019Ecole Nationale d\u2019Administration (ENA) et une facult\u00e9 de m\u00e9decine \u00e0 l\u2019Universit\u00e9 Roi Fay\u00e7al.<\/p>\n<p>Au sujet des fausses nouvelles sur les r\u00e9seaux sociaux, le PCMT exhorte les arabophones \u00e0 faire bloc contre les fakes news et \u00e0 v\u00e9hiculer des messages d\u2019amour, de coh\u00e9sion sociale, de paix sans lesquels aucun d\u00e9veloppement ne sera possible.<\/p>\n<p><strong>Pour plus d&rsquo;informations et d&rsquo;analyses sur la <a href=\"https:\/\/www.africa-press.net\/tchad\">Tchad<\/a>, suivez <a href=\"https:\/\/www.africa-press.net\/\">Africa-Press<\/a><\/strong><\/p>\n","protected":false},"excerpt":{"rendered":"<p>Africa-Press &#8211; Tchad. Le pr\u00e9sident du Conseil militaire de transition et les cadres arabophones ont discut\u00e9 des maux qui entravent l\u2019\u00e9panouissement de la langue arabe au Tchad. C\u2019\u00e9tait au cours de l\u2019audience du 21 juin 2022. Le pr\u00e9sident du Conseil militaire de transition et les cadres arabophones ont discut\u00e9 des maux qui entravent l\u2019\u00e9panouissement de [&hellip;]<\/p>\n","protected":false},"author":82,"featured_media":27573,"comment_status":"open","ping_status":"closed","sticky":false,"template":"","format":"standard","meta":{"footnotes":""},"categories":[11,2,20,10],"tags":[37,292,3869,3868,3870,29],"class_list":["post-27574","post","type-post","status-publish","format-standard","has-post-thumbnail","hentry","category-homepage-french","category-politique","category-top-nouvelles","category-toutes-les-actualites","tag-africa-press","tag-africa-press-tchad","tag-ecole-nationale-dadministration","tag-enfj","tag-les-arabophones-reclament","tag-tchad"],"yoast_head":"<!-- This site is optimized with the Yoast SEO Premium plugin v26.1 (Yoast SEO v27.0) - https:\/\/yoast.com\/product\/yoast-seo-premium-wordpress\/ -->\n<title>les arabophones r\u00e9clament des places dans les instances de prise de d\u00e9cision - tchad<\/title>\n<meta name=\"description\" content=\"Le pr\u00e9sident du Conseil militaire de transition et les cadres arabophones ont discut\u00e9 des maux qui entravent l\u2019\u00e9panou ...\" \/>\n<meta name=\"robots\" content=\"index, follow, max-snippet:-1, max-image-preview:large, max-video-preview:-1\" \/>\n<link rel=\"canonical\" href=\"https:\/\/www.africa-press.net\/tchad\/politique\/les-arabophones-reclament-des-places-dans-les-instances-de-prise-de-decision\" \/>\n<meta property=\"og:locale\" content=\"fr_FR\" \/>\n<meta property=\"og:type\" content=\"article\" \/>\n<meta property=\"og:title\" content=\"les arabophones r\u00e9clament des places dans les instances de prise de d\u00e9cision\" \/>\n<meta property=\"og:description\" content=\"Le pr\u00e9sident du Conseil militaire de transition et les cadres arabophones ont discut\u00e9 des maux qui entravent l\u2019\u00e9panou ...\" \/>\n<meta property=\"og:url\" content=\"https:\/\/www.africa-press.net\/tchad\/politique\/les-arabophones-reclament-des-places-dans-les-instances-de-prise-de-decision\" \/>\n<meta property=\"og:site_name\" content=\"tchad\" \/>\n<meta property=\"article:published_time\" content=\"2022-06-22T13:59:34+00:00\" \/>\n<meta property=\"article:modified_time\" content=\"2022-06-22T14:18:41+00:00\" \/>\n<meta property=\"og:image\" content=\"https:\/\/static.africa-press.net\/tchad\/sites\/41\/2022\/06\/postQueueImg_1-62b3248d40009.jpg\" \/>\n\t<meta property=\"og:image:width\" content=\"780\" \/>\n\t<meta property=\"og:image:height\" content=\"440\" \/>\n\t<meta property=\"og:image:type\" content=\"image\/jpeg\" \/>\n<meta name=\"author\" content=\"cfeditorfr\" \/>\n<meta name=\"twitter:card\" content=\"summary_large_image\" \/>\n<meta name=\"twitter:label1\" content=\"\u00c9crit par\" \/>\n\t<meta name=\"twitter:data1\" content=\"cfeditorfr\" \/>\n\t<meta name=\"twitter:label2\" content=\"Dur\u00e9e de lecture estim\u00e9e\" \/>\n\t<meta name=\"twitter:data2\" content=\"1 minute\" \/>\n<script type=\"application\/ld+json\" class=\"yoast-schema-graph\">{\"@context\":\"https:\/\/schema.org\",\"@graph\":[{\"@type\":\"Article\",\"@id\":\"https:\/\/www.africa-press.net\/tchad\/politique\/les-arabophones-reclament-des-places-dans-les-instances-de-prise-de-decision#article\",\"isPartOf\":{\"@id\":\"https:\/\/www.africa-press.net\/tchad\/politique\/les-arabophones-reclament-des-places-dans-les-instances-de-prise-de-decision\"},\"author\":{\"name\":\"cfeditorfr\",\"@id\":\"https:\/\/www.africa-press.net\/tchad\/#\/schema\/person\/2b1cf3cd81a31e3cd26889ca66d677f1\"},\"headline\":\"les arabophones r\u00e9clament des places dans les instances de prise de d\u00e9cision\",\"datePublished\":\"2022-06-22T13:59:34+00:00\",\"dateModified\":\"2022-06-22T14:18:41+00:00\",\"mainEntityOfPage\":{\"@id\":\"https:\/\/www.africa-press.net\/tchad\/politique\/les-arabophones-reclament-des-places-dans-les-instances-de-prise-de-decision\"},\"wordCount\":275,\"commentCount\":0,\"image\":{\"@id\":\"https:\/\/www.africa-press.net\/tchad\/politique\/les-arabophones-reclament-des-places-dans-les-instances-de-prise-de-decision#primaryimage\"},\"thumbnailUrl\":\"https:\/\/static.africa-press.net\/tchad\/sites\/41\/2022\/06\/postQueueImg_1-62b3248d40009.jpg\",\"keywords\":[\"Africa Press\",\"Africa Press-Tchad\",\"Ecole Nationale d\u2019Administration\",\"ENFJ\",\"les arabophones r\u00e9clament\",\"Tchad\"],\"articleSection\":[\"homepage-french\",\"Politique\",\"Top Nouvelles\",\"Toutes les actualit\u00e9s\"],\"inLanguage\":\"fr-FR\",\"potentialAction\":[{\"@type\":\"CommentAction\",\"name\":\"Comment\",\"target\":[\"https:\/\/www.africa-press.net\/tchad\/politique\/les-arabophones-reclament-des-places-dans-les-instances-de-prise-de-decision#respond\"]}]},{\"@type\":\"WebPage\",\"@id\":\"https:\/\/www.africa-press.net\/tchad\/politique\/les-arabophones-reclament-des-places-dans-les-instances-de-prise-de-decision\",\"url\":\"https:\/\/www.africa-press.net\/tchad\/politique\/les-arabophones-reclament-des-places-dans-les-instances-de-prise-de-decision\",\"name\":\"les arabophones r\u00e9clament des places dans les instances de prise de d\u00e9cision - tchad\",\"isPartOf\":{\"@id\":\"https:\/\/www.africa-press.net\/tchad\/#website\"},\"primaryImageOfPage\":{\"@id\":\"https:\/\/www.africa-press.net\/tchad\/politique\/les-arabophones-reclament-des-places-dans-les-instances-de-prise-de-decision#primaryimage\"},\"image\":{\"@id\":\"https:\/\/www.africa-press.net\/tchad\/politique\/les-arabophones-reclament-des-places-dans-les-instances-de-prise-de-decision#primaryimage\"},\"thumbnailUrl\":\"https:\/\/static.africa-press.net\/tchad\/sites\/41\/2022\/06\/postQueueImg_1-62b3248d40009.jpg\",\"datePublished\":\"2022-06-22T13:59:34+00:00\",\"dateModified\":\"2022-06-22T14:18:41+00:00\",\"author\":{\"@id\":\"https:\/\/www.africa-press.net\/tchad\/#\/schema\/person\/2b1cf3cd81a31e3cd26889ca66d677f1\"},\"description\":\"Le pr\u00e9sident du Conseil militaire de transition et les cadres arabophones ont discut\u00e9 des maux qui entravent l\u2019\u00e9panou ...\",\"breadcrumb\":{\"@id\":\"https:\/\/www.africa-press.net\/tchad\/politique\/les-arabophones-reclament-des-places-dans-les-instances-de-prise-de-decision#breadcrumb\"},\"inLanguage\":\"fr-FR\",\"potentialAction\":[{\"@type\":\"ReadAction\",\"target\":[\"https:\/\/www.africa-press.net\/tchad\/politique\/les-arabophones-reclament-des-places-dans-les-instances-de-prise-de-decision\"]}]},{\"@type\":\"ImageObject\",\"inLanguage\":\"fr-FR\",\"@id\":\"https:\/\/www.africa-press.net\/tchad\/politique\/les-arabophones-reclament-des-places-dans-les-instances-de-prise-de-decision#primaryimage\",\"url\":\"https:\/\/static.africa-press.net\/tchad\/sites\/41\/2022\/06\/postQueueImg_1-62b3248d40009.jpg\",\"contentUrl\":\"https:\/\/static.africa-press.net\/tchad\/sites\/41\/2022\/06\/postQueueImg_1-62b3248d40009.jpg\",\"width\":780,\"height\":440,\"caption\":\"les arabophones r\u00e9clament des places dans les instances de prise de d\u00e9cision\"},{\"@type\":\"BreadcrumbList\",\"@id\":\"https:\/\/www.africa-press.net\/tchad\/politique\/les-arabophones-reclament-des-places-dans-les-instances-de-prise-de-decision#breadcrumb\",\"itemListElement\":[{\"@type\":\"ListItem\",\"position\":1,\"name\":\"Accueil\",\"item\":\"https:\/\/www.africa-press.net\/tchad\/\"},{\"@type\":\"ListItem\",\"position\":2,\"name\":\"les arabophones r\u00e9clament des places dans les instances de prise de d\u00e9cision\"}]},{\"@type\":\"WebSite\",\"@id\":\"https:\/\/www.africa-press.net\/tchad\/#website\",\"url\":\"https:\/\/www.africa-press.net\/tchad\/\",\"name\":\"tchad\",\"description\":\"Just another Africa News Agency Sites site\",\"potentialAction\":[{\"@type\":\"SearchAction\",\"target\":{\"@type\":\"EntryPoint\",\"urlTemplate\":\"https:\/\/www.africa-press.net\/tchad\/?s={search_term_string}\"},\"query-input\":{\"@type\":\"PropertyValueSpecification\",\"valueRequired\":true,\"valueName\":\"search_term_string\"}}],\"inLanguage\":\"fr-FR\"},{\"@type\":\"Person\",\"@id\":\"https:\/\/www.africa-press.net\/tchad\/#\/schema\/person\/2b1cf3cd81a31e3cd26889ca66d677f1\",\"name\":\"cfeditorfr\"}]}<\/script>\n<!-- \/ Yoast SEO Premium plugin. -->","yoast_head_json":{"title":"les arabophones r\u00e9clament des places dans les instances de prise de d\u00e9cision - tchad","description":"Le pr\u00e9sident du Conseil militaire de transition et les cadres arabophones ont discut\u00e9 des maux qui entravent l\u2019\u00e9panou ...","robots":{"index":"index","follow":"follow","max-snippet":"max-snippet:-1","max-image-preview":"max-image-preview:large","max-video-preview":"max-video-preview:-1"},"canonical":"https:\/\/www.africa-press.net\/tchad\/politique\/les-arabophones-reclament-des-places-dans-les-instances-de-prise-de-decision","og_locale":"fr_FR","og_type":"article","og_title":"les arabophones r\u00e9clament des places dans les instances de prise de d\u00e9cision","og_description":"Le pr\u00e9sident du Conseil militaire de transition et les cadres arabophones ont discut\u00e9 des maux qui entravent l\u2019\u00e9panou ...","og_url":"https:\/\/www.africa-press.net\/tchad\/politique\/les-arabophones-reclament-des-places-dans-les-instances-de-prise-de-decision","og_site_name":"tchad","article_published_time":"2022-06-22T13:59:34+00:00","article_modified_time":"2022-06-22T14:18:41+00:00","og_image":[{"width":780,"height":440,"url":"https:\/\/static.africa-press.net\/tchad\/sites\/41\/2022\/06\/postQueueImg_1-62b3248d40009.jpg","type":"image\/jpeg"}],"author":"cfeditorfr","twitter_card":"summary_large_image","twitter_misc":{"\u00c9crit par":"cfeditorfr","Dur\u00e9e de lecture estim\u00e9e":"1 minute"},"schema":{"@context":"https:\/\/schema.org","@graph":[{"@type":"Article","@id":"https:\/\/www.africa-press.net\/tchad\/politique\/les-arabophones-reclament-des-places-dans-les-instances-de-prise-de-decision#article","isPartOf":{"@id":"https:\/\/www.africa-press.net\/tchad\/politique\/les-arabophones-reclament-des-places-dans-les-instances-de-prise-de-decision"},"author":{"name":"cfeditorfr","@id":"https:\/\/www.africa-press.net\/tchad\/#\/schema\/person\/2b1cf3cd81a31e3cd26889ca66d677f1"},"headline":"les arabophones r\u00e9clament des places dans les instances de prise de d\u00e9cision","datePublished":"2022-06-22T13:59:34+00:00","dateModified":"2022-06-22T14:18:41+00:00","mainEntityOfPage":{"@id":"https:\/\/www.africa-press.net\/tchad\/politique\/les-arabophones-reclament-des-places-dans-les-instances-de-prise-de-decision"},"wordCount":275,"commentCount":0,"image":{"@id":"https:\/\/www.africa-press.net\/tchad\/politique\/les-arabophones-reclament-des-places-dans-les-instances-de-prise-de-decision#primaryimage"},"thumbnailUrl":"https:\/\/static.africa-press.net\/tchad\/sites\/41\/2022\/06\/postQueueImg_1-62b3248d40009.jpg","keywords":["Africa Press","Africa Press-Tchad","Ecole Nationale d\u2019Administration","ENFJ","les arabophones r\u00e9clament","Tchad"],"articleSection":["homepage-french","Politique","Top Nouvelles","Toutes les actualit\u00e9s"],"inLanguage":"fr-FR","potentialAction":[{"@type":"CommentAction","name":"Comment","target":["https:\/\/www.africa-press.net\/tchad\/politique\/les-arabophones-reclament-des-places-dans-les-instances-de-prise-de-decision#respond"]}]},{"@type":"WebPage","@id":"https:\/\/www.africa-press.net\/tchad\/politique\/les-arabophones-reclament-des-places-dans-les-instances-de-prise-de-decision","url":"https:\/\/www.africa-press.net\/tchad\/politique\/les-arabophones-reclament-des-places-dans-les-instances-de-prise-de-decision","name":"les arabophones r\u00e9clament des places dans les instances de prise de d\u00e9cision - tchad","isPartOf":{"@id":"https:\/\/www.africa-press.net\/tchad\/#website"},"primaryImageOfPage":{"@id":"https:\/\/www.africa-press.net\/tchad\/politique\/les-arabophones-reclament-des-places-dans-les-instances-de-prise-de-decision#primaryimage"},"image":{"@id":"https:\/\/www.africa-press.net\/tchad\/politique\/les-arabophones-reclament-des-places-dans-les-instances-de-prise-de-decision#primaryimage"},"thumbnailUrl":"https:\/\/static.africa-press.net\/tchad\/sites\/41\/2022\/06\/postQueueImg_1-62b3248d40009.jpg","datePublished":"2022-06-22T13:59:34+00:00","dateModified":"2022-06-22T14:18:41+00:00","author":{"@id":"https:\/\/www.africa-press.net\/tchad\/#\/schema\/person\/2b1cf3cd81a31e3cd26889ca66d677f1"},"description":"Le pr\u00e9sident du Conseil militaire de transition et les cadres arabophones ont discut\u00e9 des maux qui entravent l\u2019\u00e9panou ...","breadcrumb":{"@id":"https:\/\/www.africa-press.net\/tchad\/politique\/les-arabophones-reclament-des-places-dans-les-instances-de-prise-de-decision#breadcrumb"},"inLanguage":"fr-FR","potentialAction":[{"@type":"ReadAction","target":["https:\/\/www.africa-press.net\/tchad\/politique\/les-arabophones-reclament-des-places-dans-les-instances-de-prise-de-decision"]}]},{"@type":"ImageObject","inLanguage":"fr-FR","@id":"https:\/\/www.africa-press.net\/tchad\/politique\/les-arabophones-reclament-des-places-dans-les-instances-de-prise-de-decision#primaryimage","url":"https:\/\/static.africa-press.net\/tchad\/sites\/41\/2022\/06\/postQueueImg_1-62b3248d40009.jpg","contentUrl":"https:\/\/static.africa-press.net\/tchad\/sites\/41\/2022\/06\/postQueueImg_1-62b3248d40009.jpg","width":780,"height":440,"caption":"les arabophones r\u00e9clament des places dans les instances de prise de d\u00e9cision"},{"@type":"BreadcrumbList","@id":"https:\/\/www.africa-press.net\/tchad\/politique\/les-arabophones-reclament-des-places-dans-les-instances-de-prise-de-decision#breadcrumb","itemListElement":[{"@type":"ListItem","position":1,"name":"Accueil","item":"https:\/\/www.africa-press.net\/tchad\/"},{"@type":"ListItem","position":2,"name":"les arabophones r\u00e9clament des places dans les instances de prise de d\u00e9cision"}]},{"@type":"WebSite","@id":"https:\/\/www.africa-press.net\/tchad\/#website","url":"https:\/\/www.africa-press.net\/tchad\/","name":"tchad","description":"Just another Africa News Agency Sites site","potentialAction":[{"@type":"SearchAction","target":{"@type":"EntryPoint","urlTemplate":"https:\/\/www.africa-press.net\/tchad\/?s={search_term_string}"},"query-input":{"@type":"PropertyValueSpecification","valueRequired":true,"valueName":"search_term_string"}}],"inLanguage":"fr-FR"},{"@type":"Person","@id":"https:\/\/www.africa-press.net\/tchad\/#\/schema\/person\/2b1cf3cd81a31e3cd26889ca66d677f1","name":"cfeditorfr"}]}},"_links":{"self":[{"href":"https:\/\/www.africa-press.net\/tchad\/wp-json\/wp\/v2\/posts\/27574","targetHints":{"allow":["GET"]}}],"collection":[{"href":"https:\/\/www.africa-press.net\/tchad\/wp-json\/wp\/v2\/posts"}],"about":[{"href":"https:\/\/www.africa-press.net\/tchad\/wp-json\/wp\/v2\/types\/post"}],"author":[{"embeddable":true,"href":"https:\/\/www.africa-press.net\/tchad\/wp-json\/wp\/v2\/users\/82"}],"replies":[{"embeddable":true,"href":"https:\/\/www.africa-press.net\/tchad\/wp-json\/wp\/v2\/comments?post=27574"}],"version-history":[{"count":0,"href":"https:\/\/www.africa-press.net\/tchad\/wp-json\/wp\/v2\/posts\/27574\/revisions"}],"wp:featuredmedia":[{"embeddable":true,"href":"https:\/\/www.africa-press.net\/tchad\/wp-json\/wp\/v2\/media\/27573"}],"wp:attachment":[{"href":"https:\/\/www.africa-press.net\/tchad\/wp-json\/wp\/v2\/media?parent=27574"}],"wp:term":[{"taxonomy":"category","embeddable":true,"href":"https:\/\/www.africa-press.net\/tchad\/wp-json\/wp\/v2\/categories?post=27574"},{"taxonomy":"post_tag","embeddable":true,"href":"https:\/\/www.africa-press.net\/tchad\/wp-json\/wp\/v2\/tags?post=27574"}],"curies":[{"name":"wp","href":"https:\/\/api.w.org\/{rel}","templated":true}]}}