{"id":27612,"date":"2022-06-22T14:09:43","date_gmt":"2022-06-22T14:09:43","guid":{"rendered":"https:\/\/www.africa-press.net\/tchad\/politique\/51-detenus-beneficient-dune-remise-de-peines-a-abeche"},"modified":"2022-06-22T14:26:38","modified_gmt":"2022-06-22T14:26:38","slug":"51-detenus-beneficient-dune-remise-de-peines-a-abeche","status":"publish","type":"post","link":"https:\/\/www.africa-press.net\/tchad\/toutes-les-actualites\/51-detenus-beneficient-dune-remise-de-peines-a-abeche","title":{"rendered":"51 d\u00e9tenus b\u00e9n\u00e9ficient d\u2019une remise de peines \u00e0 Ab\u00e9ch\u00e9"},"content":{"rendered":"<p><span style=\"color: #ff6600\"><strong>Africa-Press &#8211; Tchad. <\/strong><\/span><a name=\"para_1\"><\/a><\/p>\n<p>Le gouverneur de la province du Ouadda\u00ef, Ibrahim Ibni Oumar Mahamat Saleh, a pris part le 21 juin, \u00e0 la salle d\u2019audience du Tribunal de grande instance d\u2019Ab\u00e9ch\u00e9, \u00e0 la c\u00e9r\u00e9monie de lib\u00e9ration des d\u00e9tenus de la maison d\u2019arr\u00eat d\u2019Ab\u00e9ch\u00e9, en pr\u00e9sence de ses proches collaborateurs.<\/p>\n<p>52 des 395 d\u00e9tenus de la maison d\u2019arr\u00eat d\u2019Ab\u00e9ch\u00e9 ont b\u00e9n\u00e9fici\u00e9 du d\u00e9cret n\u00b01102 du 4 mai 2022 portant remise de peines collectives aux condamn\u00e9s de droit commun.<\/p>\n<p>Dans son discours de circonstance, le procureur de la R\u00e9publique, Ehka Nicolas Pahimi, a profit\u00e9 de l&rsquo;occasion pour demander l\u2019implication des autorit\u00e9s provinciales dans le cadre de l\u2019extension du milieu carc\u00e9ral d\u2019Ab\u00e9ch\u00e9.<\/p>\n<p>Construite pour 150 d\u00e9tenus, la maison d\u2019arr\u00eat se retrouve aujourd&rsquo;hui avec plus de 300 prisonniers.<\/p>\n<p>Il faut noter que l\u2019ordre de mise en libert\u00e9 de 7 d\u00e9tenus de droit commun de la maison d\u2019arr\u00eat d\u2019Ab\u00e9ch\u00e9 a \u00e9t\u00e9 donn\u00e9 par les autorit\u00e9s administratives provinciales, invit\u00e9es pour la circonstance.<\/p>\n<p><strong>Pour plus d&rsquo;informations et d&rsquo;analyses sur la <a href=\"https:\/\/www.africa-press.net\/tchad\">Tchad<\/a>, suivez <a href=\"https:\/\/www.africa-press.net\/\">Africa-Press<\/a><\/strong><\/p>\n","protected":false},"excerpt":{"rendered":"<p>Africa-Press &#8211; Tchad. Le gouverneur de la province du Ouadda\u00ef, Ibrahim Ibni Oumar Mahamat Saleh, a pris part le 21 juin, \u00e0 la salle d\u2019audience du Tribunal de grande instance d\u2019Ab\u00e9ch\u00e9, \u00e0 la c\u00e9r\u00e9monie de lib\u00e9ration des d\u00e9tenus de la maison d\u2019arr\u00eat d\u2019Ab\u00e9ch\u00e9, en pr\u00e9sence de ses proches collaborateurs. 52 des 395 d\u00e9tenus de la [&hellip;]<\/p>\n","protected":false},"author":82,"featured_media":27611,"comment_status":"open","ping_status":"closed","sticky":false,"template":"","format":"standard","meta":{"footnotes":""},"categories":[21,11,10],"tags":[37,292,29],"class_list":["post-27612","post","type-post","status-publish","format-standard","has-post-thumbnail","hentry","category-communaute","category-homepage-french","category-toutes-les-actualites","tag-africa-press","tag-africa-press-tchad","tag-tchad"],"yoast_head":"<!-- This site is optimized with the Yoast SEO Premium plugin v26.1 (Yoast SEO v27.0) - https:\/\/yoast.com\/product\/yoast-seo-premium-wordpress\/ -->\n<title>51 d\u00e9tenus b\u00e9n\u00e9ficient d\u2019une remise de peines \u00e0 Ab\u00e9ch\u00e9 - tchad<\/title>\n<meta name=\"description\" content=\"Le gouverneur de la province du Ouadda\u00ef, Ibrahim Ibni Oumar Mahamat Saleh, a pris part le 21 juin ...\" \/>\n<meta name=\"robots\" content=\"index, follow, max-snippet:-1, max-image-preview:large, max-video-preview:-1\" \/>\n<link rel=\"canonical\" href=\"https:\/\/www.africa-press.net\/tchad\/toutes-les-actualites\/51-detenus-beneficient-dune-remise-de-peines-a-abeche\" \/>\n<meta property=\"og:locale\" content=\"fr_FR\" \/>\n<meta property=\"og:type\" content=\"article\" \/>\n<meta property=\"og:title\" content=\"51 d\u00e9tenus b\u00e9n\u00e9ficient d\u2019une remise de peines \u00e0 Ab\u00e9ch\u00e9\" \/>\n<meta property=\"og:description\" content=\"Le gouverneur de la province du Ouadda\u00ef, Ibrahim Ibni Oumar Mahamat Saleh, a pris part le 21 juin ...\" \/>\n<meta property=\"og:url\" content=\"https:\/\/www.africa-press.net\/tchad\/toutes-les-actualites\/51-detenus-beneficient-dune-remise-de-peines-a-abeche\" \/>\n<meta property=\"og:site_name\" content=\"tchad\" \/>\n<meta property=\"article:published_time\" content=\"2022-06-22T14:09:43+00:00\" \/>\n<meta property=\"article:modified_time\" content=\"2022-06-22T14:26:38+00:00\" \/>\n<meta property=\"og:image\" content=\"https:\/\/static.africa-press.net\/tchad\/sites\/41\/2022\/06\/postQueueImg_13-62b3268cdc8eb.jpg\" \/>\n\t<meta property=\"og:image:width\" content=\"811\" \/>\n\t<meta property=\"og:image:height\" content=\"540\" \/>\n\t<meta property=\"og:image:type\" content=\"image\/jpeg\" \/>\n<meta name=\"author\" content=\"cfeditorfr\" \/>\n<meta name=\"twitter:card\" content=\"summary_large_image\" \/>\n<meta name=\"twitter:label1\" content=\"\u00c9crit par\" \/>\n\t<meta name=\"twitter:data1\" content=\"cfeditorfr\" \/>\n\t<meta name=\"twitter:label2\" content=\"Dur\u00e9e de lecture estim\u00e9e\" \/>\n\t<meta name=\"twitter:data2\" content=\"1 minute\" \/>\n<script type=\"application\/ld+json\" class=\"yoast-schema-graph\">{\"@context\":\"https:\/\/schema.org\",\"@graph\":[{\"@type\":\"Article\",\"@id\":\"https:\/\/www.africa-press.net\/tchad\/toutes-les-actualites\/51-detenus-beneficient-dune-remise-de-peines-a-abeche#article\",\"isPartOf\":{\"@id\":\"https:\/\/www.africa-press.net\/tchad\/toutes-les-actualites\/51-detenus-beneficient-dune-remise-de-peines-a-abeche\"},\"author\":{\"name\":\"cfeditorfr\",\"@id\":\"https:\/\/www.africa-press.net\/tchad\/#\/schema\/person\/2b1cf3cd81a31e3cd26889ca66d677f1\"},\"headline\":\"51 d\u00e9tenus b\u00e9n\u00e9ficient d\u2019une remise de peines \u00e0 Ab\u00e9ch\u00e9\",\"datePublished\":\"2022-06-22T14:09:43+00:00\",\"dateModified\":\"2022-06-22T14:26:38+00:00\",\"mainEntityOfPage\":{\"@id\":\"https:\/\/www.africa-press.net\/tchad\/toutes-les-actualites\/51-detenus-beneficient-dune-remise-de-peines-a-abeche\"},\"wordCount\":211,\"commentCount\":0,\"image\":{\"@id\":\"https:\/\/www.africa-press.net\/tchad\/toutes-les-actualites\/51-detenus-beneficient-dune-remise-de-peines-a-abeche#primaryimage\"},\"thumbnailUrl\":\"https:\/\/static.africa-press.net\/tchad\/sites\/41\/2022\/06\/postQueueImg_13-62b3268cdc8eb.jpg\",\"keywords\":[\"Africa Press\",\"Africa Press-Tchad\",\"Tchad\"],\"articleSection\":[\"Communaut\u00e9\",\"homepage-french\",\"Toutes les actualit\u00e9s\"],\"inLanguage\":\"fr-FR\",\"potentialAction\":[{\"@type\":\"CommentAction\",\"name\":\"Comment\",\"target\":[\"https:\/\/www.africa-press.net\/tchad\/toutes-les-actualites\/51-detenus-beneficient-dune-remise-de-peines-a-abeche#respond\"]}]},{\"@type\":\"WebPage\",\"@id\":\"https:\/\/www.africa-press.net\/tchad\/toutes-les-actualites\/51-detenus-beneficient-dune-remise-de-peines-a-abeche\",\"url\":\"https:\/\/www.africa-press.net\/tchad\/toutes-les-actualites\/51-detenus-beneficient-dune-remise-de-peines-a-abeche\",\"name\":\"51 d\u00e9tenus b\u00e9n\u00e9ficient d\u2019une remise de peines \u00e0 Ab\u00e9ch\u00e9 - tchad\",\"isPartOf\":{\"@id\":\"https:\/\/www.africa-press.net\/tchad\/#website\"},\"primaryImageOfPage\":{\"@id\":\"https:\/\/www.africa-press.net\/tchad\/toutes-les-actualites\/51-detenus-beneficient-dune-remise-de-peines-a-abeche#primaryimage\"},\"image\":{\"@id\":\"https:\/\/www.africa-press.net\/tchad\/toutes-les-actualites\/51-detenus-beneficient-dune-remise-de-peines-a-abeche#primaryimage\"},\"thumbnailUrl\":\"https:\/\/static.africa-press.net\/tchad\/sites\/41\/2022\/06\/postQueueImg_13-62b3268cdc8eb.jpg\",\"datePublished\":\"2022-06-22T14:09:43+00:00\",\"dateModified\":\"2022-06-22T14:26:38+00:00\",\"author\":{\"@id\":\"https:\/\/www.africa-press.net\/tchad\/#\/schema\/person\/2b1cf3cd81a31e3cd26889ca66d677f1\"},\"description\":\"Le gouverneur de la province du Ouadda\u00ef, Ibrahim Ibni Oumar Mahamat Saleh, a pris part le 21 juin ...\",\"breadcrumb\":{\"@id\":\"https:\/\/www.africa-press.net\/tchad\/toutes-les-actualites\/51-detenus-beneficient-dune-remise-de-peines-a-abeche#breadcrumb\"},\"inLanguage\":\"fr-FR\",\"potentialAction\":[{\"@type\":\"ReadAction\",\"target\":[\"https:\/\/www.africa-press.net\/tchad\/toutes-les-actualites\/51-detenus-beneficient-dune-remise-de-peines-a-abeche\"]}]},{\"@type\":\"ImageObject\",\"inLanguage\":\"fr-FR\",\"@id\":\"https:\/\/www.africa-press.net\/tchad\/toutes-les-actualites\/51-detenus-beneficient-dune-remise-de-peines-a-abeche#primaryimage\",\"url\":\"https:\/\/static.africa-press.net\/tchad\/sites\/41\/2022\/06\/postQueueImg_13-62b3268cdc8eb.jpg\",\"contentUrl\":\"https:\/\/static.africa-press.net\/tchad\/sites\/41\/2022\/06\/postQueueImg_13-62b3268cdc8eb.jpg\",\"width\":811,\"height\":540,\"caption\":\"51 d\u00e9tenus b\u00e9n\u00e9ficient d\u2019une remise de peines \u00e0 Ab\u00e9ch\u00e9\"},{\"@type\":\"BreadcrumbList\",\"@id\":\"https:\/\/www.africa-press.net\/tchad\/toutes-les-actualites\/51-detenus-beneficient-dune-remise-de-peines-a-abeche#breadcrumb\",\"itemListElement\":[{\"@type\":\"ListItem\",\"position\":1,\"name\":\"Accueil\",\"item\":\"https:\/\/www.africa-press.net\/tchad\/\"},{\"@type\":\"ListItem\",\"position\":2,\"name\":\"51 d\u00e9tenus b\u00e9n\u00e9ficient d\u2019une remise de peines \u00e0 Ab\u00e9ch\u00e9\"}]},{\"@type\":\"WebSite\",\"@id\":\"https:\/\/www.africa-press.net\/tchad\/#website\",\"url\":\"https:\/\/www.africa-press.net\/tchad\/\",\"name\":\"tchad\",\"description\":\"Just another Africa News Agency Sites site\",\"potentialAction\":[{\"@type\":\"SearchAction\",\"target\":{\"@type\":\"EntryPoint\",\"urlTemplate\":\"https:\/\/www.africa-press.net\/tchad\/?s={search_term_string}\"},\"query-input\":{\"@type\":\"PropertyValueSpecification\",\"valueRequired\":true,\"valueName\":\"search_term_string\"}}],\"inLanguage\":\"fr-FR\"},{\"@type\":\"Person\",\"@id\":\"https:\/\/www.africa-press.net\/tchad\/#\/schema\/person\/2b1cf3cd81a31e3cd26889ca66d677f1\",\"name\":\"cfeditorfr\"}]}<\/script>\n<!-- \/ Yoast SEO Premium plugin. -->","yoast_head_json":{"title":"51 d\u00e9tenus b\u00e9n\u00e9ficient d\u2019une remise de peines \u00e0 Ab\u00e9ch\u00e9 - tchad","description":"Le gouverneur de la province du Ouadda\u00ef, Ibrahim Ibni Oumar Mahamat Saleh, a pris part le 21 juin ...","robots":{"index":"index","follow":"follow","max-snippet":"max-snippet:-1","max-image-preview":"max-image-preview:large","max-video-preview":"max-video-preview:-1"},"canonical":"https:\/\/www.africa-press.net\/tchad\/toutes-les-actualites\/51-detenus-beneficient-dune-remise-de-peines-a-abeche","og_locale":"fr_FR","og_type":"article","og_title":"51 d\u00e9tenus b\u00e9n\u00e9ficient d\u2019une remise de peines \u00e0 Ab\u00e9ch\u00e9","og_description":"Le gouverneur de la province du Ouadda\u00ef, Ibrahim Ibni Oumar Mahamat Saleh, a pris part le 21 juin ...","og_url":"https:\/\/www.africa-press.net\/tchad\/toutes-les-actualites\/51-detenus-beneficient-dune-remise-de-peines-a-abeche","og_site_name":"tchad","article_published_time":"2022-06-22T14:09:43+00:00","article_modified_time":"2022-06-22T14:26:38+00:00","og_image":[{"width":811,"height":540,"url":"https:\/\/static.africa-press.net\/tchad\/sites\/41\/2022\/06\/postQueueImg_13-62b3268cdc8eb.jpg","type":"image\/jpeg"}],"author":"cfeditorfr","twitter_card":"summary_large_image","twitter_misc":{"\u00c9crit par":"cfeditorfr","Dur\u00e9e de lecture estim\u00e9e":"1 minute"},"schema":{"@context":"https:\/\/schema.org","@graph":[{"@type":"Article","@id":"https:\/\/www.africa-press.net\/tchad\/toutes-les-actualites\/51-detenus-beneficient-dune-remise-de-peines-a-abeche#article","isPartOf":{"@id":"https:\/\/www.africa-press.net\/tchad\/toutes-les-actualites\/51-detenus-beneficient-dune-remise-de-peines-a-abeche"},"author":{"name":"cfeditorfr","@id":"https:\/\/www.africa-press.net\/tchad\/#\/schema\/person\/2b1cf3cd81a31e3cd26889ca66d677f1"},"headline":"51 d\u00e9tenus b\u00e9n\u00e9ficient d\u2019une remise de peines \u00e0 Ab\u00e9ch\u00e9","datePublished":"2022-06-22T14:09:43+00:00","dateModified":"2022-06-22T14:26:38+00:00","mainEntityOfPage":{"@id":"https:\/\/www.africa-press.net\/tchad\/toutes-les-actualites\/51-detenus-beneficient-dune-remise-de-peines-a-abeche"},"wordCount":211,"commentCount":0,"image":{"@id":"https:\/\/www.africa-press.net\/tchad\/toutes-les-actualites\/51-detenus-beneficient-dune-remise-de-peines-a-abeche#primaryimage"},"thumbnailUrl":"https:\/\/static.africa-press.net\/tchad\/sites\/41\/2022\/06\/postQueueImg_13-62b3268cdc8eb.jpg","keywords":["Africa Press","Africa Press-Tchad","Tchad"],"articleSection":["Communaut\u00e9","homepage-french","Toutes les actualit\u00e9s"],"inLanguage":"fr-FR","potentialAction":[{"@type":"CommentAction","name":"Comment","target":["https:\/\/www.africa-press.net\/tchad\/toutes-les-actualites\/51-detenus-beneficient-dune-remise-de-peines-a-abeche#respond"]}]},{"@type":"WebPage","@id":"https:\/\/www.africa-press.net\/tchad\/toutes-les-actualites\/51-detenus-beneficient-dune-remise-de-peines-a-abeche","url":"https:\/\/www.africa-press.net\/tchad\/toutes-les-actualites\/51-detenus-beneficient-dune-remise-de-peines-a-abeche","name":"51 d\u00e9tenus b\u00e9n\u00e9ficient d\u2019une remise de peines \u00e0 Ab\u00e9ch\u00e9 - tchad","isPartOf":{"@id":"https:\/\/www.africa-press.net\/tchad\/#website"},"primaryImageOfPage":{"@id":"https:\/\/www.africa-press.net\/tchad\/toutes-les-actualites\/51-detenus-beneficient-dune-remise-de-peines-a-abeche#primaryimage"},"image":{"@id":"https:\/\/www.africa-press.net\/tchad\/toutes-les-actualites\/51-detenus-beneficient-dune-remise-de-peines-a-abeche#primaryimage"},"thumbnailUrl":"https:\/\/static.africa-press.net\/tchad\/sites\/41\/2022\/06\/postQueueImg_13-62b3268cdc8eb.jpg","datePublished":"2022-06-22T14:09:43+00:00","dateModified":"2022-06-22T14:26:38+00:00","author":{"@id":"https:\/\/www.africa-press.net\/tchad\/#\/schema\/person\/2b1cf3cd81a31e3cd26889ca66d677f1"},"description":"Le gouverneur de la province du Ouadda\u00ef, Ibrahim Ibni Oumar Mahamat Saleh, a pris part le 21 juin ...","breadcrumb":{"@id":"https:\/\/www.africa-press.net\/tchad\/toutes-les-actualites\/51-detenus-beneficient-dune-remise-de-peines-a-abeche#breadcrumb"},"inLanguage":"fr-FR","potentialAction":[{"@type":"ReadAction","target":["https:\/\/www.africa-press.net\/tchad\/toutes-les-actualites\/51-detenus-beneficient-dune-remise-de-peines-a-abeche"]}]},{"@type":"ImageObject","inLanguage":"fr-FR","@id":"https:\/\/www.africa-press.net\/tchad\/toutes-les-actualites\/51-detenus-beneficient-dune-remise-de-peines-a-abeche#primaryimage","url":"https:\/\/static.africa-press.net\/tchad\/sites\/41\/2022\/06\/postQueueImg_13-62b3268cdc8eb.jpg","contentUrl":"https:\/\/static.africa-press.net\/tchad\/sites\/41\/2022\/06\/postQueueImg_13-62b3268cdc8eb.jpg","width":811,"height":540,"caption":"51 d\u00e9tenus b\u00e9n\u00e9ficient d\u2019une remise de peines \u00e0 Ab\u00e9ch\u00e9"},{"@type":"BreadcrumbList","@id":"https:\/\/www.africa-press.net\/tchad\/toutes-les-actualites\/51-detenus-beneficient-dune-remise-de-peines-a-abeche#breadcrumb","itemListElement":[{"@type":"ListItem","position":1,"name":"Accueil","item":"https:\/\/www.africa-press.net\/tchad\/"},{"@type":"ListItem","position":2,"name":"51 d\u00e9tenus b\u00e9n\u00e9ficient d\u2019une remise de peines \u00e0 Ab\u00e9ch\u00e9"}]},{"@type":"WebSite","@id":"https:\/\/www.africa-press.net\/tchad\/#website","url":"https:\/\/www.africa-press.net\/tchad\/","name":"tchad","description":"Just another Africa News Agency Sites site","potentialAction":[{"@type":"SearchAction","target":{"@type":"EntryPoint","urlTemplate":"https:\/\/www.africa-press.net\/tchad\/?s={search_term_string}"},"query-input":{"@type":"PropertyValueSpecification","valueRequired":true,"valueName":"search_term_string"}}],"inLanguage":"fr-FR"},{"@type":"Person","@id":"https:\/\/www.africa-press.net\/tchad\/#\/schema\/person\/2b1cf3cd81a31e3cd26889ca66d677f1","name":"cfeditorfr"}]}},"_links":{"self":[{"href":"https:\/\/www.africa-press.net\/tchad\/wp-json\/wp\/v2\/posts\/27612","targetHints":{"allow":["GET"]}}],"collection":[{"href":"https:\/\/www.africa-press.net\/tchad\/wp-json\/wp\/v2\/posts"}],"about":[{"href":"https:\/\/www.africa-press.net\/tchad\/wp-json\/wp\/v2\/types\/post"}],"author":[{"embeddable":true,"href":"https:\/\/www.africa-press.net\/tchad\/wp-json\/wp\/v2\/users\/82"}],"replies":[{"embeddable":true,"href":"https:\/\/www.africa-press.net\/tchad\/wp-json\/wp\/v2\/comments?post=27612"}],"version-history":[{"count":0,"href":"https:\/\/www.africa-press.net\/tchad\/wp-json\/wp\/v2\/posts\/27612\/revisions"}],"wp:featuredmedia":[{"embeddable":true,"href":"https:\/\/www.africa-press.net\/tchad\/wp-json\/wp\/v2\/media\/27611"}],"wp:attachment":[{"href":"https:\/\/www.africa-press.net\/tchad\/wp-json\/wp\/v2\/media?parent=27612"}],"wp:term":[{"taxonomy":"category","embeddable":true,"href":"https:\/\/www.africa-press.net\/tchad\/wp-json\/wp\/v2\/categories?post=27612"},{"taxonomy":"post_tag","embeddable":true,"href":"https:\/\/www.africa-press.net\/tchad\/wp-json\/wp\/v2\/tags?post=27612"}],"curies":[{"name":"wp","href":"https:\/\/api.w.org\/{rel}","templated":true}]}}