{"id":2787,"date":"2021-02-08T16:43:17","date_gmt":"2021-02-08T16:43:17","guid":{"rendered":"https:\/\/www.africa-press.net\/tchad\/?p=2787"},"modified":"2021-02-08T16:19:44","modified_gmt":"2021-02-08T16:19:44","slug":"tchad-kalzeubet-pahimi-deubet-a-inaugure-la-maison-darret-et-de-correction-de-klessoum","status":"publish","type":"post","link":"https:\/\/www.africa-press.net\/tchad\/politique\/tchad-kalzeubet-pahimi-deubet-a-inaugure-la-maison-darret-et-de-correction-de-klessoum","title":{"rendered":"Kalzeubet Pahimi Deubet a inaugur\u00e9 la maison d\u2019arr\u00eat et de correction de Klessoum"},"content":{"rendered":"<p><span style=\"color: #ff6600\"><strong><a href=\"https:\/\/www.africa-press.net\/\">Africa-Press<\/a> &#8211; <a href=\"https:\/\/www.africa-press.net\/tchad\">Tchad<\/a>. <\/strong><\/span><b>Le ministre d\u2019Etat, secr\u00e9taire g\u00e9n\u00e9ral \u00e0 la pr\u00e9sidence, Kalzeubet Pahimi Deubet, a coup\u00e9 ce 05 f\u00e9vrier 2021, le ruban inaugural de la maison d\u2019arr\u00eat et de correction de Klessoum \u00e0 N\u2019Djamena<\/b><\/p>\n<p>L\u2019inauguration de cet \u00e9tablissement correctionnel s\u2019est fait en pr\u00e9sence du ministre de la Justice, Garde des sceaux, Charg\u00e9 des droits humains, Djimet Arabi. Cette maison d\u2019arr\u00eat construite aux normes modernes sur une superficie de 34 000 m\u00e8tres carr\u00e9s. Soit une capacit\u00e9 de 1200 places. Il est segment\u00e9 des quartiers hommes, femmes et mineurs. Un quartier de haute s\u00e9curit\u00e9 a \u00e9galement \u00e9t\u00e9 am\u00e9nag\u00e9.<\/p>\n<p>Des espaces de jeux, une \u00e9glise, une mosqu\u00e9e et l\u2019infirmerie ont \u00e9galement \u00e9t\u00e9 pr\u00e9vu dans cet \u00e9tablissement qui se veut moderne. Le Secr\u00e9taire g\u00e9n\u00e9ral \u00e0 la pr\u00e9sidence \u00e0 propos de ce nouveau centre p\u00e9nitencier : \u00ab ce b\u00e2timent est un centre de correction. Les d\u00e9tenus doivent refaire une nouvelle vie, ils n\u2019auront plus \u00e0 aller casser les boutiques, ni arracher les sacs des femmes \u00bb.<\/p>\n<p>Le ministre de la justice, a d\u00e9clar\u00e9 que : \u00ab la maison d\u2019arr\u00eat et correctionnelle de Klessoum r\u00e9pond aux normes en mati\u00e8re internationale. Elle est l\u2019accomplissement d\u2019une politique p\u00e9nitentiaire plus moderne, efficace et digne. Elle va accueillir la population carc\u00e9rale de N\u2019Djamena ainsi que celle d\u2019autres provinces du Tchad \u00bb. Cet \u00e9tablissement vient concr\u00e9tiser le projet portant modernisation de l\u2019administration p\u00e9nitentiaire, poursuit-il. C\u2019est un projet annonc\u00e9 en 2003 par les \u00e9tats g\u00e9n\u00e9raux de la justice.<\/p>\n","protected":false},"excerpt":{"rendered":"<p>Africa-Press &#8211; Tchad. Le ministre d\u2019Etat, secr\u00e9taire g\u00e9n\u00e9ral \u00e0 la pr\u00e9sidence, Kalzeubet Pahimi Deubet, a coup\u00e9 ce 05 f\u00e9vrier 2021, le ruban inaugural de la maison d\u2019arr\u00eat et de correction de Klessoum \u00e0 N\u2019Djamena L\u2019inauguration de cet \u00e9tablissement correctionnel s\u2019est fait en pr\u00e9sence du ministre de la Justice, Garde des sceaux, Charg\u00e9 des droits humains, [&hellip;]<\/p>\n","protected":false},"author":82,"featured_media":2786,"comment_status":"open","ping_status":"closed","sticky":false,"template":"","format":"standard","meta":{"footnotes":""},"categories":[11,2,20,10],"tags":[37,292,508,509,29],"class_list":["post-2787","post","type-post","status-publish","format-standard","has-post-thumbnail","hentry","category-homepage-french","category-politique","category-top-nouvelles","category-toutes-les-actualites","tag-africa-press","tag-africa-press-tchad","tag-klessoum","tag-maison-darret","tag-tchad"],"yoast_head":"<!-- This site is optimized with the Yoast SEO Premium plugin v26.1 (Yoast SEO v27.0) - https:\/\/yoast.com\/product\/yoast-seo-premium-wordpress\/ -->\n<title>Kalzeubet Pahimi Deubet a inaugur\u00e9 la maison d\u2019arr\u00eat et de correction de Klessoum - tchad<\/title>\n<meta name=\"description\" content=\"Le ministre d\u2019Etat, secr\u00e9taire g\u00e9n\u00e9ral \u00e0 la pr\u00e9sidence, Kalzeubet Pahimi Deubet, a coup\u00e9 ce 05 f\u00e9vrier 2021, le ruban ...\" \/>\n<meta name=\"robots\" content=\"index, follow, max-snippet:-1, max-image-preview:large, max-video-preview:-1\" \/>\n<link rel=\"canonical\" href=\"https:\/\/www.africa-press.net\/tchad\/politique\/tchad-kalzeubet-pahimi-deubet-a-inaugure-la-maison-darret-et-de-correction-de-klessoum\" \/>\n<meta property=\"og:locale\" content=\"fr_FR\" \/>\n<meta property=\"og:type\" content=\"article\" \/>\n<meta property=\"og:title\" content=\"Kalzeubet Pahimi Deubet a inaugur\u00e9 la maison d\u2019arr\u00eat et de correction de Klessoum\" \/>\n<meta property=\"og:description\" content=\"Le ministre d\u2019Etat, secr\u00e9taire g\u00e9n\u00e9ral \u00e0 la pr\u00e9sidence, Kalzeubet Pahimi Deubet, a coup\u00e9 ce 05 f\u00e9vrier 2021, le ruban ...\" \/>\n<meta property=\"og:url\" content=\"https:\/\/www.africa-press.net\/tchad\/politique\/tchad-kalzeubet-pahimi-deubet-a-inaugure-la-maison-darret-et-de-correction-de-klessoum\" \/>\n<meta property=\"og:site_name\" content=\"tchad\" \/>\n<meta property=\"article:published_time\" content=\"2021-02-08T16:43:17+00:00\" \/>\n<meta property=\"og:image\" content=\"https:\/\/static.africa-press.net\/tchad\/sites\/41\/2021\/02\/img-6021607193f04.jpg\" \/>\n\t<meta property=\"og:image:width\" content=\"780\" \/>\n\t<meta property=\"og:image:height\" content=\"440\" \/>\n\t<meta property=\"og:image:type\" content=\"image\/jpeg\" \/>\n<meta name=\"author\" content=\"cfeditorfr\" \/>\n<meta name=\"twitter:card\" content=\"summary_large_image\" \/>\n<meta name=\"twitter:label1\" content=\"\u00c9crit par\" \/>\n\t<meta name=\"twitter:data1\" content=\"cfeditorfr\" \/>\n\t<meta name=\"twitter:label2\" content=\"Dur\u00e9e de lecture estim\u00e9e\" \/>\n\t<meta name=\"twitter:data2\" content=\"1 minute\" \/>\n<script type=\"application\/ld+json\" class=\"yoast-schema-graph\">{\"@context\":\"https:\/\/schema.org\",\"@graph\":[{\"@type\":\"Article\",\"@id\":\"https:\/\/www.africa-press.net\/tchad\/politique\/tchad-kalzeubet-pahimi-deubet-a-inaugure-la-maison-darret-et-de-correction-de-klessoum#article\",\"isPartOf\":{\"@id\":\"https:\/\/www.africa-press.net\/tchad\/politique\/tchad-kalzeubet-pahimi-deubet-a-inaugure-la-maison-darret-et-de-correction-de-klessoum\"},\"author\":{\"name\":\"cfeditorfr\",\"@id\":\"https:\/\/www.africa-press.net\/tchad\/#\/schema\/person\/2b1cf3cd81a31e3cd26889ca66d677f1\"},\"headline\":\"Kalzeubet Pahimi Deubet a inaugur\u00e9 la maison d\u2019arr\u00eat et de correction de Klessoum\",\"datePublished\":\"2021-02-08T16:43:17+00:00\",\"mainEntityOfPage\":{\"@id\":\"https:\/\/www.africa-press.net\/tchad\/politique\/tchad-kalzeubet-pahimi-deubet-a-inaugure-la-maison-darret-et-de-correction-de-klessoum\"},\"wordCount\":280,\"commentCount\":0,\"image\":{\"@id\":\"https:\/\/www.africa-press.net\/tchad\/politique\/tchad-kalzeubet-pahimi-deubet-a-inaugure-la-maison-darret-et-de-correction-de-klessoum#primaryimage\"},\"thumbnailUrl\":\"https:\/\/static.africa-press.net\/tchad\/sites\/41\/2021\/02\/img-6021607193f04.jpg\",\"keywords\":[\"Africa Press\",\"Africa Press-Tchad\",\"Klessoum\",\"maison d'arr\u00eat\",\"Tchad\"],\"articleSection\":[\"homepage-french\",\"Politique\",\"Top Nouvelles\",\"Toutes les actualit\u00e9s\"],\"inLanguage\":\"fr-FR\",\"potentialAction\":[{\"@type\":\"CommentAction\",\"name\":\"Comment\",\"target\":[\"https:\/\/www.africa-press.net\/tchad\/politique\/tchad-kalzeubet-pahimi-deubet-a-inaugure-la-maison-darret-et-de-correction-de-klessoum#respond\"]}]},{\"@type\":\"WebPage\",\"@id\":\"https:\/\/www.africa-press.net\/tchad\/politique\/tchad-kalzeubet-pahimi-deubet-a-inaugure-la-maison-darret-et-de-correction-de-klessoum\",\"url\":\"https:\/\/www.africa-press.net\/tchad\/politique\/tchad-kalzeubet-pahimi-deubet-a-inaugure-la-maison-darret-et-de-correction-de-klessoum\",\"name\":\"Kalzeubet Pahimi Deubet a inaugur\u00e9 la maison d\u2019arr\u00eat et de correction de Klessoum - tchad\",\"isPartOf\":{\"@id\":\"https:\/\/www.africa-press.net\/tchad\/#website\"},\"primaryImageOfPage\":{\"@id\":\"https:\/\/www.africa-press.net\/tchad\/politique\/tchad-kalzeubet-pahimi-deubet-a-inaugure-la-maison-darret-et-de-correction-de-klessoum#primaryimage\"},\"image\":{\"@id\":\"https:\/\/www.africa-press.net\/tchad\/politique\/tchad-kalzeubet-pahimi-deubet-a-inaugure-la-maison-darret-et-de-correction-de-klessoum#primaryimage\"},\"thumbnailUrl\":\"https:\/\/static.africa-press.net\/tchad\/sites\/41\/2021\/02\/img-6021607193f04.jpg\",\"datePublished\":\"2021-02-08T16:43:17+00:00\",\"author\":{\"@id\":\"https:\/\/www.africa-press.net\/tchad\/#\/schema\/person\/2b1cf3cd81a31e3cd26889ca66d677f1\"},\"description\":\"Le ministre d\u2019Etat, secr\u00e9taire g\u00e9n\u00e9ral \u00e0 la pr\u00e9sidence, Kalzeubet Pahimi Deubet, a coup\u00e9 ce 05 f\u00e9vrier 2021, le ruban ...\",\"breadcrumb\":{\"@id\":\"https:\/\/www.africa-press.net\/tchad\/politique\/tchad-kalzeubet-pahimi-deubet-a-inaugure-la-maison-darret-et-de-correction-de-klessoum#breadcrumb\"},\"inLanguage\":\"fr-FR\",\"potentialAction\":[{\"@type\":\"ReadAction\",\"target\":[\"https:\/\/www.africa-press.net\/tchad\/politique\/tchad-kalzeubet-pahimi-deubet-a-inaugure-la-maison-darret-et-de-correction-de-klessoum\"]}]},{\"@type\":\"ImageObject\",\"inLanguage\":\"fr-FR\",\"@id\":\"https:\/\/www.africa-press.net\/tchad\/politique\/tchad-kalzeubet-pahimi-deubet-a-inaugure-la-maison-darret-et-de-correction-de-klessoum#primaryimage\",\"url\":\"https:\/\/static.africa-press.net\/tchad\/sites\/41\/2021\/02\/img-6021607193f04.jpg\",\"contentUrl\":\"https:\/\/static.africa-press.net\/tchad\/sites\/41\/2021\/02\/img-6021607193f04.jpg\",\"width\":780,\"height\":440,\"caption\":\"Tchad : Kalzeubet Pahimi Deubet a inaugur\u00e9 la maison d\u2019arr\u00eat et de correction de Klessoum\"},{\"@type\":\"BreadcrumbList\",\"@id\":\"https:\/\/www.africa-press.net\/tchad\/politique\/tchad-kalzeubet-pahimi-deubet-a-inaugure-la-maison-darret-et-de-correction-de-klessoum#breadcrumb\",\"itemListElement\":[{\"@type\":\"ListItem\",\"position\":1,\"name\":\"Accueil\",\"item\":\"https:\/\/www.africa-press.net\/tchad\/\"},{\"@type\":\"ListItem\",\"position\":2,\"name\":\"Kalzeubet Pahimi Deubet a inaugur\u00e9 la maison d\u2019arr\u00eat et de correction de Klessoum\"}]},{\"@type\":\"WebSite\",\"@id\":\"https:\/\/www.africa-press.net\/tchad\/#website\",\"url\":\"https:\/\/www.africa-press.net\/tchad\/\",\"name\":\"tchad\",\"description\":\"Just another Africa News Agency Sites site\",\"potentialAction\":[{\"@type\":\"SearchAction\",\"target\":{\"@type\":\"EntryPoint\",\"urlTemplate\":\"https:\/\/www.africa-press.net\/tchad\/?s={search_term_string}\"},\"query-input\":{\"@type\":\"PropertyValueSpecification\",\"valueRequired\":true,\"valueName\":\"search_term_string\"}}],\"inLanguage\":\"fr-FR\"},{\"@type\":\"Person\",\"@id\":\"https:\/\/www.africa-press.net\/tchad\/#\/schema\/person\/2b1cf3cd81a31e3cd26889ca66d677f1\",\"name\":\"cfeditorfr\"}]}<\/script>\n<!-- \/ Yoast SEO Premium plugin. -->","yoast_head_json":{"title":"Kalzeubet Pahimi Deubet a inaugur\u00e9 la maison d\u2019arr\u00eat et de correction de Klessoum - tchad","description":"Le ministre d\u2019Etat, secr\u00e9taire g\u00e9n\u00e9ral \u00e0 la pr\u00e9sidence, Kalzeubet Pahimi Deubet, a coup\u00e9 ce 05 f\u00e9vrier 2021, le ruban ...","robots":{"index":"index","follow":"follow","max-snippet":"max-snippet:-1","max-image-preview":"max-image-preview:large","max-video-preview":"max-video-preview:-1"},"canonical":"https:\/\/www.africa-press.net\/tchad\/politique\/tchad-kalzeubet-pahimi-deubet-a-inaugure-la-maison-darret-et-de-correction-de-klessoum","og_locale":"fr_FR","og_type":"article","og_title":"Kalzeubet Pahimi Deubet a inaugur\u00e9 la maison d\u2019arr\u00eat et de correction de Klessoum","og_description":"Le ministre d\u2019Etat, secr\u00e9taire g\u00e9n\u00e9ral \u00e0 la pr\u00e9sidence, Kalzeubet Pahimi Deubet, a coup\u00e9 ce 05 f\u00e9vrier 2021, le ruban ...","og_url":"https:\/\/www.africa-press.net\/tchad\/politique\/tchad-kalzeubet-pahimi-deubet-a-inaugure-la-maison-darret-et-de-correction-de-klessoum","og_site_name":"tchad","article_published_time":"2021-02-08T16:43:17+00:00","og_image":[{"width":780,"height":440,"url":"https:\/\/static.africa-press.net\/tchad\/sites\/41\/2021\/02\/img-6021607193f04.jpg","type":"image\/jpeg"}],"author":"cfeditorfr","twitter_card":"summary_large_image","twitter_misc":{"\u00c9crit par":"cfeditorfr","Dur\u00e9e de lecture estim\u00e9e":"1 minute"},"schema":{"@context":"https:\/\/schema.org","@graph":[{"@type":"Article","@id":"https:\/\/www.africa-press.net\/tchad\/politique\/tchad-kalzeubet-pahimi-deubet-a-inaugure-la-maison-darret-et-de-correction-de-klessoum#article","isPartOf":{"@id":"https:\/\/www.africa-press.net\/tchad\/politique\/tchad-kalzeubet-pahimi-deubet-a-inaugure-la-maison-darret-et-de-correction-de-klessoum"},"author":{"name":"cfeditorfr","@id":"https:\/\/www.africa-press.net\/tchad\/#\/schema\/person\/2b1cf3cd81a31e3cd26889ca66d677f1"},"headline":"Kalzeubet Pahimi Deubet a inaugur\u00e9 la maison d\u2019arr\u00eat et de correction de Klessoum","datePublished":"2021-02-08T16:43:17+00:00","mainEntityOfPage":{"@id":"https:\/\/www.africa-press.net\/tchad\/politique\/tchad-kalzeubet-pahimi-deubet-a-inaugure-la-maison-darret-et-de-correction-de-klessoum"},"wordCount":280,"commentCount":0,"image":{"@id":"https:\/\/www.africa-press.net\/tchad\/politique\/tchad-kalzeubet-pahimi-deubet-a-inaugure-la-maison-darret-et-de-correction-de-klessoum#primaryimage"},"thumbnailUrl":"https:\/\/static.africa-press.net\/tchad\/sites\/41\/2021\/02\/img-6021607193f04.jpg","keywords":["Africa Press","Africa Press-Tchad","Klessoum","maison d'arr\u00eat","Tchad"],"articleSection":["homepage-french","Politique","Top Nouvelles","Toutes les actualit\u00e9s"],"inLanguage":"fr-FR","potentialAction":[{"@type":"CommentAction","name":"Comment","target":["https:\/\/www.africa-press.net\/tchad\/politique\/tchad-kalzeubet-pahimi-deubet-a-inaugure-la-maison-darret-et-de-correction-de-klessoum#respond"]}]},{"@type":"WebPage","@id":"https:\/\/www.africa-press.net\/tchad\/politique\/tchad-kalzeubet-pahimi-deubet-a-inaugure-la-maison-darret-et-de-correction-de-klessoum","url":"https:\/\/www.africa-press.net\/tchad\/politique\/tchad-kalzeubet-pahimi-deubet-a-inaugure-la-maison-darret-et-de-correction-de-klessoum","name":"Kalzeubet Pahimi Deubet a inaugur\u00e9 la maison d\u2019arr\u00eat et de correction de Klessoum - tchad","isPartOf":{"@id":"https:\/\/www.africa-press.net\/tchad\/#website"},"primaryImageOfPage":{"@id":"https:\/\/www.africa-press.net\/tchad\/politique\/tchad-kalzeubet-pahimi-deubet-a-inaugure-la-maison-darret-et-de-correction-de-klessoum#primaryimage"},"image":{"@id":"https:\/\/www.africa-press.net\/tchad\/politique\/tchad-kalzeubet-pahimi-deubet-a-inaugure-la-maison-darret-et-de-correction-de-klessoum#primaryimage"},"thumbnailUrl":"https:\/\/static.africa-press.net\/tchad\/sites\/41\/2021\/02\/img-6021607193f04.jpg","datePublished":"2021-02-08T16:43:17+00:00","author":{"@id":"https:\/\/www.africa-press.net\/tchad\/#\/schema\/person\/2b1cf3cd81a31e3cd26889ca66d677f1"},"description":"Le ministre d\u2019Etat, secr\u00e9taire g\u00e9n\u00e9ral \u00e0 la pr\u00e9sidence, Kalzeubet Pahimi Deubet, a coup\u00e9 ce 05 f\u00e9vrier 2021, le ruban ...","breadcrumb":{"@id":"https:\/\/www.africa-press.net\/tchad\/politique\/tchad-kalzeubet-pahimi-deubet-a-inaugure-la-maison-darret-et-de-correction-de-klessoum#breadcrumb"},"inLanguage":"fr-FR","potentialAction":[{"@type":"ReadAction","target":["https:\/\/www.africa-press.net\/tchad\/politique\/tchad-kalzeubet-pahimi-deubet-a-inaugure-la-maison-darret-et-de-correction-de-klessoum"]}]},{"@type":"ImageObject","inLanguage":"fr-FR","@id":"https:\/\/www.africa-press.net\/tchad\/politique\/tchad-kalzeubet-pahimi-deubet-a-inaugure-la-maison-darret-et-de-correction-de-klessoum#primaryimage","url":"https:\/\/static.africa-press.net\/tchad\/sites\/41\/2021\/02\/img-6021607193f04.jpg","contentUrl":"https:\/\/static.africa-press.net\/tchad\/sites\/41\/2021\/02\/img-6021607193f04.jpg","width":780,"height":440,"caption":"Tchad : Kalzeubet Pahimi Deubet a inaugur\u00e9 la maison d\u2019arr\u00eat et de correction de Klessoum"},{"@type":"BreadcrumbList","@id":"https:\/\/www.africa-press.net\/tchad\/politique\/tchad-kalzeubet-pahimi-deubet-a-inaugure-la-maison-darret-et-de-correction-de-klessoum#breadcrumb","itemListElement":[{"@type":"ListItem","position":1,"name":"Accueil","item":"https:\/\/www.africa-press.net\/tchad\/"},{"@type":"ListItem","position":2,"name":"Kalzeubet Pahimi Deubet a inaugur\u00e9 la maison d\u2019arr\u00eat et de correction de Klessoum"}]},{"@type":"WebSite","@id":"https:\/\/www.africa-press.net\/tchad\/#website","url":"https:\/\/www.africa-press.net\/tchad\/","name":"tchad","description":"Just another Africa News Agency Sites site","potentialAction":[{"@type":"SearchAction","target":{"@type":"EntryPoint","urlTemplate":"https:\/\/www.africa-press.net\/tchad\/?s={search_term_string}"},"query-input":{"@type":"PropertyValueSpecification","valueRequired":true,"valueName":"search_term_string"}}],"inLanguage":"fr-FR"},{"@type":"Person","@id":"https:\/\/www.africa-press.net\/tchad\/#\/schema\/person\/2b1cf3cd81a31e3cd26889ca66d677f1","name":"cfeditorfr"}]}},"_links":{"self":[{"href":"https:\/\/www.africa-press.net\/tchad\/wp-json\/wp\/v2\/posts\/2787","targetHints":{"allow":["GET"]}}],"collection":[{"href":"https:\/\/www.africa-press.net\/tchad\/wp-json\/wp\/v2\/posts"}],"about":[{"href":"https:\/\/www.africa-press.net\/tchad\/wp-json\/wp\/v2\/types\/post"}],"author":[{"embeddable":true,"href":"https:\/\/www.africa-press.net\/tchad\/wp-json\/wp\/v2\/users\/82"}],"replies":[{"embeddable":true,"href":"https:\/\/www.africa-press.net\/tchad\/wp-json\/wp\/v2\/comments?post=2787"}],"version-history":[{"count":0,"href":"https:\/\/www.africa-press.net\/tchad\/wp-json\/wp\/v2\/posts\/2787\/revisions"}],"wp:featuredmedia":[{"embeddable":true,"href":"https:\/\/www.africa-press.net\/tchad\/wp-json\/wp\/v2\/media\/2786"}],"wp:attachment":[{"href":"https:\/\/www.africa-press.net\/tchad\/wp-json\/wp\/v2\/media?parent=2787"}],"wp:term":[{"taxonomy":"category","embeddable":true,"href":"https:\/\/www.africa-press.net\/tchad\/wp-json\/wp\/v2\/categories?post=2787"},{"taxonomy":"post_tag","embeddable":true,"href":"https:\/\/www.africa-press.net\/tchad\/wp-json\/wp\/v2\/tags?post=2787"}],"curies":[{"name":"wp","href":"https:\/\/api.w.org\/{rel}","templated":true}]}}