{"id":27925,"date":"2022-06-28T16:08:20","date_gmt":"2022-06-28T16:08:20","guid":{"rendered":"https:\/\/www.africa-press.net\/tchad\/politique\/des-soins-gratuits-pour-1328-detenus-a-la-maison-darret-de-klessoum"},"modified":"2022-06-28T16:23:18","modified_gmt":"2022-06-28T16:23:18","slug":"des-soins-gratuits-pour-1328-detenus-a-la-maison-darret-de-klessoum","status":"publish","type":"post","link":"https:\/\/www.africa-press.net\/tchad\/toutes-les-actualites\/des-soins-gratuits-pour-1328-detenus-a-la-maison-darret-de-klessoum","title":{"rendered":"des soins gratuits pour 1328 d\u00e9tenus \u00e0 la maison d\u2019arr\u00eat de Klessoum"},"content":{"rendered":"<p><span style=\"color: #ff6600\"><strong>Africa-Press &#8211; Tchad. <\/strong><\/span><b>Les minist\u00e8res de la Sant\u00e9 et de la Justice ont initi\u00e9 une caravane m\u00e9dicale au profit de 1328 d\u00e9tenus dont 53 femmes. Les b\u00e9n\u00e9ficiaires sont les personnes incarc\u00e9r\u00e9es \u00e0 la prison de Klessoum.<\/b><\/p>\n<p>C\u2019est une caravane de deux jours qui a d\u00e9marr\u00e9 ce mardi 28 juin 2022. Le ton est donn\u00e9 par le ministre de la Sant\u00e9 publique, Dr Abdel-madjid Abderahim, et celui de la justice, Mahamat Ahmat Alhabo. Ils entendent \u00e9tendre l\u2019initiative aux 44 prisons du pays.<\/p>\n<p>Cette op\u00e9ration consiste \u00e0 consulter, prendre en charge et \u00e9vacuer si la situation l\u2019exige les d\u00e9tenus r\u00e9pertori\u00e9s. 6 m\u00e9decins et 8 infirmiers sont retenus pour la circonstance Le ministre de la sant\u00e9 publique invite les agents de sant\u00e9 d\u00e9ploy\u00e9s au respect de l\u2019\u00e9thique et de la d\u00e9ontologie pour mieux traiter les d\u00e9tenus.<\/p>\n<p>Le ministre de la justice, garde des sceaux, charg\u00e9 des droits humains Mahamat Ahmat Alhabo a soulign\u00e9, l\u2019intensification de cette caravane m\u00e9dicale au profit des d\u00e9tenus sur l\u2019ensemble du territoire national. Il \u00e9voque \u00e9galement de la promiscuit\u00e9 qui occasionne les cas des maladies dans les lieux de d\u00e9tention.<\/p>\n<p><strong>Pour plus d&rsquo;informations et d&rsquo;analyses sur la <a href=\"https:\/\/www.africa-press.net\/tchad\">Tchad<\/a>, suivez <a href=\"https:\/\/www.africa-press.net\/\">Africa-Press<\/a><\/strong><\/p>\n","protected":false},"excerpt":{"rendered":"<p>Africa-Press &#8211; Tchad. Les minist\u00e8res de la Sant\u00e9 et de la Justice ont initi\u00e9 une caravane m\u00e9dicale au profit de 1328 d\u00e9tenus dont 53 femmes. Les b\u00e9n\u00e9ficiaires sont les personnes incarc\u00e9r\u00e9es \u00e0 la prison de Klessoum. C\u2019est une caravane de deux jours qui a d\u00e9marr\u00e9 ce mardi 28 juin 2022. Le ton est donn\u00e9 par [&hellip;]<\/p>\n","protected":false},"author":82,"featured_media":27924,"comment_status":"open","ping_status":"closed","sticky":false,"template":"","format":"standard","meta":{"footnotes":""},"categories":[21,11,10],"tags":[37,292,508,3892,29],"class_list":["post-27925","post","type-post","status-publish","format-standard","has-post-thumbnail","hentry","category-communaute","category-homepage-french","category-toutes-les-actualites","tag-africa-press","tag-africa-press-tchad","tag-klessoum","tag-soins-gratuits-pour-1328-detenus","tag-tchad"],"yoast_head":"<!-- This site is optimized with the Yoast SEO Premium plugin v26.1 (Yoast SEO v27.0) - https:\/\/yoast.com\/product\/yoast-seo-premium-wordpress\/ -->\n<title>des soins gratuits pour 1328 d\u00e9tenus \u00e0 la maison d\u2019arr\u00eat de Klessoum - tchad<\/title>\n<meta name=\"description\" content=\"Les minist\u00e8res de la Sant\u00e9 et de la Justice ont initi\u00e9 une caravane m\u00e9dicale au profit de 1328 d\u00e9tenus dont 53 femmes ...\" \/>\n<meta name=\"robots\" content=\"index, follow, max-snippet:-1, max-image-preview:large, max-video-preview:-1\" \/>\n<link rel=\"canonical\" href=\"https:\/\/www.africa-press.net\/tchad\/toutes-les-actualites\/des-soins-gratuits-pour-1328-detenus-a-la-maison-darret-de-klessoum\" \/>\n<meta property=\"og:locale\" content=\"fr_FR\" \/>\n<meta property=\"og:type\" content=\"article\" \/>\n<meta property=\"og:title\" content=\"des soins gratuits pour 1328 d\u00e9tenus \u00e0 la maison d\u2019arr\u00eat de Klessoum\" \/>\n<meta property=\"og:description\" content=\"Les minist\u00e8res de la Sant\u00e9 et de la Justice ont initi\u00e9 une caravane m\u00e9dicale au profit de 1328 d\u00e9tenus dont 53 femmes ...\" \/>\n<meta property=\"og:url\" content=\"https:\/\/www.africa-press.net\/tchad\/toutes-les-actualites\/des-soins-gratuits-pour-1328-detenus-a-la-maison-darret-de-klessoum\" \/>\n<meta property=\"og:site_name\" content=\"tchad\" \/>\n<meta property=\"article:published_time\" content=\"2022-06-28T16:08:20+00:00\" \/>\n<meta property=\"article:modified_time\" content=\"2022-06-28T16:23:18+00:00\" \/>\n<meta property=\"og:image\" content=\"https:\/\/static.africa-press.net\/tchad\/sites\/41\/2022\/06\/postQueueImg_4-62bb2adf5191e.jpg\" \/>\n\t<meta property=\"og:image:width\" content=\"780\" \/>\n\t<meta property=\"og:image:height\" content=\"440\" \/>\n\t<meta property=\"og:image:type\" content=\"image\/jpeg\" \/>\n<meta name=\"author\" content=\"cfeditorfr\" \/>\n<meta name=\"twitter:card\" content=\"summary_large_image\" \/>\n<meta name=\"twitter:label1\" content=\"\u00c9crit par\" \/>\n\t<meta name=\"twitter:data1\" content=\"cfeditorfr\" \/>\n\t<meta name=\"twitter:label2\" content=\"Dur\u00e9e de lecture estim\u00e9e\" \/>\n\t<meta name=\"twitter:data2\" content=\"1 minute\" \/>\n<script type=\"application\/ld+json\" class=\"yoast-schema-graph\">{\"@context\":\"https:\/\/schema.org\",\"@graph\":[{\"@type\":\"Article\",\"@id\":\"https:\/\/www.africa-press.net\/tchad\/toutes-les-actualites\/des-soins-gratuits-pour-1328-detenus-a-la-maison-darret-de-klessoum#article\",\"isPartOf\":{\"@id\":\"https:\/\/www.africa-press.net\/tchad\/toutes-les-actualites\/des-soins-gratuits-pour-1328-detenus-a-la-maison-darret-de-klessoum\"},\"author\":{\"name\":\"cfeditorfr\",\"@id\":\"https:\/\/www.africa-press.net\/tchad\/#\/schema\/person\/2b1cf3cd81a31e3cd26889ca66d677f1\"},\"headline\":\"des soins gratuits pour 1328 d\u00e9tenus \u00e0 la maison d\u2019arr\u00eat de Klessoum\",\"datePublished\":\"2022-06-28T16:08:20+00:00\",\"dateModified\":\"2022-06-28T16:23:18+00:00\",\"mainEntityOfPage\":{\"@id\":\"https:\/\/www.africa-press.net\/tchad\/toutes-les-actualites\/des-soins-gratuits-pour-1328-detenus-a-la-maison-darret-de-klessoum\"},\"wordCount\":223,\"commentCount\":0,\"image\":{\"@id\":\"https:\/\/www.africa-press.net\/tchad\/toutes-les-actualites\/des-soins-gratuits-pour-1328-detenus-a-la-maison-darret-de-klessoum#primaryimage\"},\"thumbnailUrl\":\"https:\/\/static.africa-press.net\/tchad\/sites\/41\/2022\/06\/postQueueImg_4-62bb2adf5191e.jpg\",\"keywords\":[\"Africa Press\",\"Africa Press-Tchad\",\"Klessoum\",\"soins gratuits pour 1328 d\u00e9tenus\",\"Tchad\"],\"articleSection\":[\"Communaut\u00e9\",\"homepage-french\",\"Toutes les actualit\u00e9s\"],\"inLanguage\":\"fr-FR\",\"potentialAction\":[{\"@type\":\"CommentAction\",\"name\":\"Comment\",\"target\":[\"https:\/\/www.africa-press.net\/tchad\/toutes-les-actualites\/des-soins-gratuits-pour-1328-detenus-a-la-maison-darret-de-klessoum#respond\"]}]},{\"@type\":\"WebPage\",\"@id\":\"https:\/\/www.africa-press.net\/tchad\/toutes-les-actualites\/des-soins-gratuits-pour-1328-detenus-a-la-maison-darret-de-klessoum\",\"url\":\"https:\/\/www.africa-press.net\/tchad\/toutes-les-actualites\/des-soins-gratuits-pour-1328-detenus-a-la-maison-darret-de-klessoum\",\"name\":\"des soins gratuits pour 1328 d\u00e9tenus \u00e0 la maison d\u2019arr\u00eat de Klessoum - tchad\",\"isPartOf\":{\"@id\":\"https:\/\/www.africa-press.net\/tchad\/#website\"},\"primaryImageOfPage\":{\"@id\":\"https:\/\/www.africa-press.net\/tchad\/toutes-les-actualites\/des-soins-gratuits-pour-1328-detenus-a-la-maison-darret-de-klessoum#primaryimage\"},\"image\":{\"@id\":\"https:\/\/www.africa-press.net\/tchad\/toutes-les-actualites\/des-soins-gratuits-pour-1328-detenus-a-la-maison-darret-de-klessoum#primaryimage\"},\"thumbnailUrl\":\"https:\/\/static.africa-press.net\/tchad\/sites\/41\/2022\/06\/postQueueImg_4-62bb2adf5191e.jpg\",\"datePublished\":\"2022-06-28T16:08:20+00:00\",\"dateModified\":\"2022-06-28T16:23:18+00:00\",\"author\":{\"@id\":\"https:\/\/www.africa-press.net\/tchad\/#\/schema\/person\/2b1cf3cd81a31e3cd26889ca66d677f1\"},\"description\":\"Les minist\u00e8res de la Sant\u00e9 et de la Justice ont initi\u00e9 une caravane m\u00e9dicale au profit de 1328 d\u00e9tenus dont 53 femmes ...\",\"breadcrumb\":{\"@id\":\"https:\/\/www.africa-press.net\/tchad\/toutes-les-actualites\/des-soins-gratuits-pour-1328-detenus-a-la-maison-darret-de-klessoum#breadcrumb\"},\"inLanguage\":\"fr-FR\",\"potentialAction\":[{\"@type\":\"ReadAction\",\"target\":[\"https:\/\/www.africa-press.net\/tchad\/toutes-les-actualites\/des-soins-gratuits-pour-1328-detenus-a-la-maison-darret-de-klessoum\"]}]},{\"@type\":\"ImageObject\",\"inLanguage\":\"fr-FR\",\"@id\":\"https:\/\/www.africa-press.net\/tchad\/toutes-les-actualites\/des-soins-gratuits-pour-1328-detenus-a-la-maison-darret-de-klessoum#primaryimage\",\"url\":\"https:\/\/static.africa-press.net\/tchad\/sites\/41\/2022\/06\/postQueueImg_4-62bb2adf5191e.jpg\",\"contentUrl\":\"https:\/\/static.africa-press.net\/tchad\/sites\/41\/2022\/06\/postQueueImg_4-62bb2adf5191e.jpg\",\"width\":780,\"height\":440,\"caption\":\"des soins gratuits pour 1328 d\u00e9tenus \u00e0 la maison d\u2019arr\u00eat de Klessoum\"},{\"@type\":\"BreadcrumbList\",\"@id\":\"https:\/\/www.africa-press.net\/tchad\/toutes-les-actualites\/des-soins-gratuits-pour-1328-detenus-a-la-maison-darret-de-klessoum#breadcrumb\",\"itemListElement\":[{\"@type\":\"ListItem\",\"position\":1,\"name\":\"Accueil\",\"item\":\"https:\/\/www.africa-press.net\/tchad\/\"},{\"@type\":\"ListItem\",\"position\":2,\"name\":\"des soins gratuits pour 1328 d\u00e9tenus \u00e0 la maison d\u2019arr\u00eat de Klessoum\"}]},{\"@type\":\"WebSite\",\"@id\":\"https:\/\/www.africa-press.net\/tchad\/#website\",\"url\":\"https:\/\/www.africa-press.net\/tchad\/\",\"name\":\"tchad\",\"description\":\"Just another Africa News Agency Sites site\",\"potentialAction\":[{\"@type\":\"SearchAction\",\"target\":{\"@type\":\"EntryPoint\",\"urlTemplate\":\"https:\/\/www.africa-press.net\/tchad\/?s={search_term_string}\"},\"query-input\":{\"@type\":\"PropertyValueSpecification\",\"valueRequired\":true,\"valueName\":\"search_term_string\"}}],\"inLanguage\":\"fr-FR\"},{\"@type\":\"Person\",\"@id\":\"https:\/\/www.africa-press.net\/tchad\/#\/schema\/person\/2b1cf3cd81a31e3cd26889ca66d677f1\",\"name\":\"cfeditorfr\"}]}<\/script>\n<!-- \/ Yoast SEO Premium plugin. -->","yoast_head_json":{"title":"des soins gratuits pour 1328 d\u00e9tenus \u00e0 la maison d\u2019arr\u00eat de Klessoum - tchad","description":"Les minist\u00e8res de la Sant\u00e9 et de la Justice ont initi\u00e9 une caravane m\u00e9dicale au profit de 1328 d\u00e9tenus dont 53 femmes ...","robots":{"index":"index","follow":"follow","max-snippet":"max-snippet:-1","max-image-preview":"max-image-preview:large","max-video-preview":"max-video-preview:-1"},"canonical":"https:\/\/www.africa-press.net\/tchad\/toutes-les-actualites\/des-soins-gratuits-pour-1328-detenus-a-la-maison-darret-de-klessoum","og_locale":"fr_FR","og_type":"article","og_title":"des soins gratuits pour 1328 d\u00e9tenus \u00e0 la maison d\u2019arr\u00eat de Klessoum","og_description":"Les minist\u00e8res de la Sant\u00e9 et de la Justice ont initi\u00e9 une caravane m\u00e9dicale au profit de 1328 d\u00e9tenus dont 53 femmes ...","og_url":"https:\/\/www.africa-press.net\/tchad\/toutes-les-actualites\/des-soins-gratuits-pour-1328-detenus-a-la-maison-darret-de-klessoum","og_site_name":"tchad","article_published_time":"2022-06-28T16:08:20+00:00","article_modified_time":"2022-06-28T16:23:18+00:00","og_image":[{"width":780,"height":440,"url":"https:\/\/static.africa-press.net\/tchad\/sites\/41\/2022\/06\/postQueueImg_4-62bb2adf5191e.jpg","type":"image\/jpeg"}],"author":"cfeditorfr","twitter_card":"summary_large_image","twitter_misc":{"\u00c9crit par":"cfeditorfr","Dur\u00e9e de lecture estim\u00e9e":"1 minute"},"schema":{"@context":"https:\/\/schema.org","@graph":[{"@type":"Article","@id":"https:\/\/www.africa-press.net\/tchad\/toutes-les-actualites\/des-soins-gratuits-pour-1328-detenus-a-la-maison-darret-de-klessoum#article","isPartOf":{"@id":"https:\/\/www.africa-press.net\/tchad\/toutes-les-actualites\/des-soins-gratuits-pour-1328-detenus-a-la-maison-darret-de-klessoum"},"author":{"name":"cfeditorfr","@id":"https:\/\/www.africa-press.net\/tchad\/#\/schema\/person\/2b1cf3cd81a31e3cd26889ca66d677f1"},"headline":"des soins gratuits pour 1328 d\u00e9tenus \u00e0 la maison d\u2019arr\u00eat de Klessoum","datePublished":"2022-06-28T16:08:20+00:00","dateModified":"2022-06-28T16:23:18+00:00","mainEntityOfPage":{"@id":"https:\/\/www.africa-press.net\/tchad\/toutes-les-actualites\/des-soins-gratuits-pour-1328-detenus-a-la-maison-darret-de-klessoum"},"wordCount":223,"commentCount":0,"image":{"@id":"https:\/\/www.africa-press.net\/tchad\/toutes-les-actualites\/des-soins-gratuits-pour-1328-detenus-a-la-maison-darret-de-klessoum#primaryimage"},"thumbnailUrl":"https:\/\/static.africa-press.net\/tchad\/sites\/41\/2022\/06\/postQueueImg_4-62bb2adf5191e.jpg","keywords":["Africa Press","Africa Press-Tchad","Klessoum","soins gratuits pour 1328 d\u00e9tenus","Tchad"],"articleSection":["Communaut\u00e9","homepage-french","Toutes les actualit\u00e9s"],"inLanguage":"fr-FR","potentialAction":[{"@type":"CommentAction","name":"Comment","target":["https:\/\/www.africa-press.net\/tchad\/toutes-les-actualites\/des-soins-gratuits-pour-1328-detenus-a-la-maison-darret-de-klessoum#respond"]}]},{"@type":"WebPage","@id":"https:\/\/www.africa-press.net\/tchad\/toutes-les-actualites\/des-soins-gratuits-pour-1328-detenus-a-la-maison-darret-de-klessoum","url":"https:\/\/www.africa-press.net\/tchad\/toutes-les-actualites\/des-soins-gratuits-pour-1328-detenus-a-la-maison-darret-de-klessoum","name":"des soins gratuits pour 1328 d\u00e9tenus \u00e0 la maison d\u2019arr\u00eat de Klessoum - tchad","isPartOf":{"@id":"https:\/\/www.africa-press.net\/tchad\/#website"},"primaryImageOfPage":{"@id":"https:\/\/www.africa-press.net\/tchad\/toutes-les-actualites\/des-soins-gratuits-pour-1328-detenus-a-la-maison-darret-de-klessoum#primaryimage"},"image":{"@id":"https:\/\/www.africa-press.net\/tchad\/toutes-les-actualites\/des-soins-gratuits-pour-1328-detenus-a-la-maison-darret-de-klessoum#primaryimage"},"thumbnailUrl":"https:\/\/static.africa-press.net\/tchad\/sites\/41\/2022\/06\/postQueueImg_4-62bb2adf5191e.jpg","datePublished":"2022-06-28T16:08:20+00:00","dateModified":"2022-06-28T16:23:18+00:00","author":{"@id":"https:\/\/www.africa-press.net\/tchad\/#\/schema\/person\/2b1cf3cd81a31e3cd26889ca66d677f1"},"description":"Les minist\u00e8res de la Sant\u00e9 et de la Justice ont initi\u00e9 une caravane m\u00e9dicale au profit de 1328 d\u00e9tenus dont 53 femmes ...","breadcrumb":{"@id":"https:\/\/www.africa-press.net\/tchad\/toutes-les-actualites\/des-soins-gratuits-pour-1328-detenus-a-la-maison-darret-de-klessoum#breadcrumb"},"inLanguage":"fr-FR","potentialAction":[{"@type":"ReadAction","target":["https:\/\/www.africa-press.net\/tchad\/toutes-les-actualites\/des-soins-gratuits-pour-1328-detenus-a-la-maison-darret-de-klessoum"]}]},{"@type":"ImageObject","inLanguage":"fr-FR","@id":"https:\/\/www.africa-press.net\/tchad\/toutes-les-actualites\/des-soins-gratuits-pour-1328-detenus-a-la-maison-darret-de-klessoum#primaryimage","url":"https:\/\/static.africa-press.net\/tchad\/sites\/41\/2022\/06\/postQueueImg_4-62bb2adf5191e.jpg","contentUrl":"https:\/\/static.africa-press.net\/tchad\/sites\/41\/2022\/06\/postQueueImg_4-62bb2adf5191e.jpg","width":780,"height":440,"caption":"des soins gratuits pour 1328 d\u00e9tenus \u00e0 la maison d\u2019arr\u00eat de Klessoum"},{"@type":"BreadcrumbList","@id":"https:\/\/www.africa-press.net\/tchad\/toutes-les-actualites\/des-soins-gratuits-pour-1328-detenus-a-la-maison-darret-de-klessoum#breadcrumb","itemListElement":[{"@type":"ListItem","position":1,"name":"Accueil","item":"https:\/\/www.africa-press.net\/tchad\/"},{"@type":"ListItem","position":2,"name":"des soins gratuits pour 1328 d\u00e9tenus \u00e0 la maison d\u2019arr\u00eat de Klessoum"}]},{"@type":"WebSite","@id":"https:\/\/www.africa-press.net\/tchad\/#website","url":"https:\/\/www.africa-press.net\/tchad\/","name":"tchad","description":"Just another Africa News Agency Sites site","potentialAction":[{"@type":"SearchAction","target":{"@type":"EntryPoint","urlTemplate":"https:\/\/www.africa-press.net\/tchad\/?s={search_term_string}"},"query-input":{"@type":"PropertyValueSpecification","valueRequired":true,"valueName":"search_term_string"}}],"inLanguage":"fr-FR"},{"@type":"Person","@id":"https:\/\/www.africa-press.net\/tchad\/#\/schema\/person\/2b1cf3cd81a31e3cd26889ca66d677f1","name":"cfeditorfr"}]}},"_links":{"self":[{"href":"https:\/\/www.africa-press.net\/tchad\/wp-json\/wp\/v2\/posts\/27925","targetHints":{"allow":["GET"]}}],"collection":[{"href":"https:\/\/www.africa-press.net\/tchad\/wp-json\/wp\/v2\/posts"}],"about":[{"href":"https:\/\/www.africa-press.net\/tchad\/wp-json\/wp\/v2\/types\/post"}],"author":[{"embeddable":true,"href":"https:\/\/www.africa-press.net\/tchad\/wp-json\/wp\/v2\/users\/82"}],"replies":[{"embeddable":true,"href":"https:\/\/www.africa-press.net\/tchad\/wp-json\/wp\/v2\/comments?post=27925"}],"version-history":[{"count":0,"href":"https:\/\/www.africa-press.net\/tchad\/wp-json\/wp\/v2\/posts\/27925\/revisions"}],"wp:featuredmedia":[{"embeddable":true,"href":"https:\/\/www.africa-press.net\/tchad\/wp-json\/wp\/v2\/media\/27924"}],"wp:attachment":[{"href":"https:\/\/www.africa-press.net\/tchad\/wp-json\/wp\/v2\/media?parent=27925"}],"wp:term":[{"taxonomy":"category","embeddable":true,"href":"https:\/\/www.africa-press.net\/tchad\/wp-json\/wp\/v2\/categories?post=27925"},{"taxonomy":"post_tag","embeddable":true,"href":"https:\/\/www.africa-press.net\/tchad\/wp-json\/wp\/v2\/tags?post=27925"}],"curies":[{"name":"wp","href":"https:\/\/api.w.org\/{rel}","templated":true}]}}