{"id":28050,"date":"2022-06-30T17:17:01","date_gmt":"2022-06-30T17:17:01","guid":{"rendered":"https:\/\/www.africa-press.net\/tchad\/politique\/des-milliers-de-refugies-centrafricains-vivant-au-tchad-manifestent-le-desir-de-rentrer-au-pays"},"modified":"2022-06-30T17:34:38","modified_gmt":"2022-06-30T17:34:38","slug":"des-milliers-de-refugies-centrafricains-vivant-au-tchad-manifestent-le-desir-de-rentrer-au-pays","status":"publish","type":"post","link":"https:\/\/www.africa-press.net\/tchad\/toutes-les-actualites\/des-milliers-de-refugies-centrafricains-vivant-au-tchad-manifestent-le-desir-de-rentrer-au-pays","title":{"rendered":"des milliers de r\u00e9fugi\u00e9s centrafricains vivant au Tchad manifestent le d\u00e9sir de rentrer au pays"},"content":{"rendered":"<p><span style=\"color: #ff6600\"><strong>Africa-Press &#8211; Tchad. <\/strong><\/span><b>Plusieurs milliers de r\u00e9fugi\u00e9s centrafricains vivant au Tchad souhaiteraient rentrer au pays. Apr\u00e8s avoir rendu visite \u00e0 ces derniers, sur les camps de Gor\u00e9 et Sarh dans le Sud du Tchad le 20 juin dernier, la Commission<\/b><\/p>\n<p>\u00e9piscopale pour les migrants et r\u00e9fugi\u00e9s appelle Bangui \u00e0 songer \u00e0 la situation de ces Centrafricains. Lesquels, vivent dans de conditions pr\u00e9caires.<\/p>\n<p>Selon la Commission \u00e9piscopale pour les migrants et r\u00e9fugi\u00e9s, des dizaines de milliers de centrafricains qui campent encore sur les sites dans le Sud du Tchad, sont confront\u00e9s \u00e0 plusieurs difficult\u00e9s. Malgr\u00e9 une prise en charge assur\u00e9e par le Haut-commissariat pour les r\u00e9fugi\u00e9s (HCR) et les autorit\u00e9s tchadiennes, leurs conditions de vie restent pr\u00e9caires.<\/p>\n<p><b>\u00ab\u00a0Le contexte humanitaire mondial est caract\u00e9ris\u00e9 par la baisse drastique des allocations financi\u00e8res ; qui sont g\u00e9n\u00e9ralement faites pour la prise en charge des r\u00e9fugi\u00e9s. Dans ces conditions difficiles, certains ont pu apprendre un m\u00e9tier. Aujourd\u2019hui, ils essaient de gagner, tant bien que mal, leur pain quotidien. Leurs conditions de vie sont similaires \u00e0 celles des personnes qui ne sont pas chez elles\u00a0\u00bb<\/b><\/p>\n<p>a fait savoir p\u00e8re Jules Martial Soh, secr\u00e9taire national ex\u00e9cutif de la commission.<\/p>\n<p><b>Plusieurs candidats au rapatriement volontaire<\/b><\/p>\n<p>Face \u00e0 ces difficult\u00e9s, de nombreux r\u00e9fugi\u00e9s ambitionnent rentrer au pays. Pour ce faire, ils sollicitent l\u2019aide des autorit\u00e9s centrafricaines.<\/p>\n<p><b>\u00ab\u00a0Lorsqu\u2019on leur a pos\u00e9 la question quant \u00e0 leur retour au pays, spontan\u00e9ment tous ont lev\u00e9 la main. Ils n\u2019attendent que \u00e7a. Ainsi notre premi\u00e8re attente vis-\u00e0-vis du gouvernement centrafricain, c\u2019est de continuer \u00e0 travailler pour la s\u00e9curisation du pays. En plus de cela, beaucoup d\u2019entre eux, esp\u00e8rent avoir la visite d\u2019un officiel du gouvernement\u00a0\u00bb<\/b><\/p>\n<p>a rench\u00e9ri p\u00e8re Jules Martial Soh. Le pr\u00e9lat pr\u00e9cise, par ailleurs, que la plupart de ces r\u00e9fugi\u00e9s vivaient dans les pr\u00e9fectures de Nana Gribizi, Ouham, Ouham-Pend\u00e9 et Lim Pend\u00e9.<\/p>\n<p>Durant les crises politico-s\u00e9curitaires qui ont secou\u00e9 la R\u00e9publique centrafricaine ces derni\u00e8res ann\u00e9es, plus de 600.000 centrafricains s\u2019\u00e9taient r\u00e9fugi\u00e9s dans les pays voisins. Parmi eux, plus de 100.000 se trouvent encore sur le sol tchadien.<\/p>\n<p><strong>Pour plus d&rsquo;informations et d&rsquo;analyses sur la <a href=\"https:\/\/www.africa-press.net\/tchad\">Tchad<\/a>, suivez <a href=\"https:\/\/www.africa-press.net\/\">Africa-Press<\/a><\/strong><\/p>\n","protected":false},"excerpt":{"rendered":"<p>Africa-Press &#8211; Tchad. Plusieurs milliers de r\u00e9fugi\u00e9s centrafricains vivant au Tchad souhaiteraient rentrer au pays. Apr\u00e8s avoir rendu visite \u00e0 ces derniers, sur les camps de Gor\u00e9 et Sarh dans le Sud du Tchad le 20 juin dernier, la Commission \u00e9piscopale pour les migrants et r\u00e9fugi\u00e9s appelle Bangui \u00e0 songer \u00e0 la situation de ces [&hellip;]<\/p>\n","protected":false},"author":82,"featured_media":28049,"comment_status":"open","ping_status":"closed","sticky":false,"template":"","format":"standard","meta":{"footnotes":""},"categories":[21,11,10],"tags":[37,292,29],"class_list":["post-28050","post","type-post","status-publish","format-standard","has-post-thumbnail","hentry","category-communaute","category-homepage-french","category-toutes-les-actualites","tag-africa-press","tag-africa-press-tchad","tag-tchad"],"yoast_head":"<!-- This site is optimized with the Yoast SEO Premium plugin v26.1 (Yoast SEO v27.0) - https:\/\/yoast.com\/product\/yoast-seo-premium-wordpress\/ -->\n<title>des milliers de r\u00e9fugi\u00e9s centrafricains vivant au Tchad manifestent le d\u00e9sir de rentrer au pays - tchad<\/title>\n<meta name=\"description\" content=\"Plusieurs milliers de r\u00e9fugi\u00e9s centrafricains vivant au Tchad souhaiteraient rentrer au pays. Apr\u00e8s avoir rendu visit ...\" \/>\n<meta name=\"robots\" content=\"index, follow, max-snippet:-1, max-image-preview:large, max-video-preview:-1\" \/>\n<link rel=\"canonical\" href=\"https:\/\/www.africa-press.net\/tchad\/toutes-les-actualites\/des-milliers-de-refugies-centrafricains-vivant-au-tchad-manifestent-le-desir-de-rentrer-au-pays\" \/>\n<meta property=\"og:locale\" content=\"fr_FR\" \/>\n<meta property=\"og:type\" content=\"article\" \/>\n<meta property=\"og:title\" content=\"des milliers de r\u00e9fugi\u00e9s centrafricains vivant au Tchad manifestent le d\u00e9sir de rentrer au pays\" \/>\n<meta property=\"og:description\" content=\"Plusieurs milliers de r\u00e9fugi\u00e9s centrafricains vivant au Tchad souhaiteraient rentrer au pays. Apr\u00e8s avoir rendu visit ...\" \/>\n<meta property=\"og:url\" content=\"https:\/\/www.africa-press.net\/tchad\/toutes-les-actualites\/des-milliers-de-refugies-centrafricains-vivant-au-tchad-manifestent-le-desir-de-rentrer-au-pays\" \/>\n<meta property=\"og:site_name\" content=\"tchad\" \/>\n<meta property=\"article:published_time\" content=\"2022-06-30T17:17:01+00:00\" \/>\n<meta property=\"article:modified_time\" content=\"2022-06-30T17:34:38+00:00\" \/>\n<meta property=\"og:image\" content=\"https:\/\/static.africa-press.net\/tchad\/sites\/41\/2022\/06\/postQueueImg_32-62bdde99c41c6.jpg\" \/>\n\t<meta property=\"og:image:width\" content=\"720\" \/>\n\t<meta property=\"og:image:height\" content=\"540\" \/>\n\t<meta property=\"og:image:type\" content=\"image\/jpeg\" \/>\n<meta name=\"author\" content=\"cfeditorfr\" \/>\n<meta name=\"twitter:card\" content=\"summary_large_image\" \/>\n<meta name=\"twitter:label1\" content=\"\u00c9crit par\" \/>\n\t<meta name=\"twitter:data1\" content=\"cfeditorfr\" \/>\n\t<meta name=\"twitter:label2\" content=\"Dur\u00e9e de lecture estim\u00e9e\" \/>\n\t<meta name=\"twitter:data2\" content=\"2 minutes\" \/>\n<script type=\"application\/ld+json\" class=\"yoast-schema-graph\">{\"@context\":\"https:\/\/schema.org\",\"@graph\":[{\"@type\":\"Article\",\"@id\":\"https:\/\/www.africa-press.net\/tchad\/toutes-les-actualites\/des-milliers-de-refugies-centrafricains-vivant-au-tchad-manifestent-le-desir-de-rentrer-au-pays#article\",\"isPartOf\":{\"@id\":\"https:\/\/www.africa-press.net\/tchad\/toutes-les-actualites\/des-milliers-de-refugies-centrafricains-vivant-au-tchad-manifestent-le-desir-de-rentrer-au-pays\"},\"author\":{\"name\":\"cfeditorfr\",\"@id\":\"https:\/\/www.africa-press.net\/tchad\/#\/schema\/person\/2b1cf3cd81a31e3cd26889ca66d677f1\"},\"headline\":\"des milliers de r\u00e9fugi\u00e9s centrafricains vivant au Tchad manifestent le d\u00e9sir de rentrer au pays\",\"datePublished\":\"2022-06-30T17:17:01+00:00\",\"dateModified\":\"2022-06-30T17:34:38+00:00\",\"mainEntityOfPage\":{\"@id\":\"https:\/\/www.africa-press.net\/tchad\/toutes-les-actualites\/des-milliers-de-refugies-centrafricains-vivant-au-tchad-manifestent-le-desir-de-rentrer-au-pays\"},\"wordCount\":409,\"commentCount\":0,\"image\":{\"@id\":\"https:\/\/www.africa-press.net\/tchad\/toutes-les-actualites\/des-milliers-de-refugies-centrafricains-vivant-au-tchad-manifestent-le-desir-de-rentrer-au-pays#primaryimage\"},\"thumbnailUrl\":\"https:\/\/static.africa-press.net\/tchad\/sites\/41\/2022\/06\/postQueueImg_32-62bdde99c41c6.jpg\",\"keywords\":[\"Africa Press\",\"Africa Press-Tchad\",\"Tchad\"],\"articleSection\":[\"Communaut\u00e9\",\"homepage-french\",\"Toutes les actualit\u00e9s\"],\"inLanguage\":\"fr-FR\",\"potentialAction\":[{\"@type\":\"CommentAction\",\"name\":\"Comment\",\"target\":[\"https:\/\/www.africa-press.net\/tchad\/toutes-les-actualites\/des-milliers-de-refugies-centrafricains-vivant-au-tchad-manifestent-le-desir-de-rentrer-au-pays#respond\"]}]},{\"@type\":\"WebPage\",\"@id\":\"https:\/\/www.africa-press.net\/tchad\/toutes-les-actualites\/des-milliers-de-refugies-centrafricains-vivant-au-tchad-manifestent-le-desir-de-rentrer-au-pays\",\"url\":\"https:\/\/www.africa-press.net\/tchad\/toutes-les-actualites\/des-milliers-de-refugies-centrafricains-vivant-au-tchad-manifestent-le-desir-de-rentrer-au-pays\",\"name\":\"des milliers de r\u00e9fugi\u00e9s centrafricains vivant au Tchad manifestent le d\u00e9sir de rentrer au pays - tchad\",\"isPartOf\":{\"@id\":\"https:\/\/www.africa-press.net\/tchad\/#website\"},\"primaryImageOfPage\":{\"@id\":\"https:\/\/www.africa-press.net\/tchad\/toutes-les-actualites\/des-milliers-de-refugies-centrafricains-vivant-au-tchad-manifestent-le-desir-de-rentrer-au-pays#primaryimage\"},\"image\":{\"@id\":\"https:\/\/www.africa-press.net\/tchad\/toutes-les-actualites\/des-milliers-de-refugies-centrafricains-vivant-au-tchad-manifestent-le-desir-de-rentrer-au-pays#primaryimage\"},\"thumbnailUrl\":\"https:\/\/static.africa-press.net\/tchad\/sites\/41\/2022\/06\/postQueueImg_32-62bdde99c41c6.jpg\",\"datePublished\":\"2022-06-30T17:17:01+00:00\",\"dateModified\":\"2022-06-30T17:34:38+00:00\",\"author\":{\"@id\":\"https:\/\/www.africa-press.net\/tchad\/#\/schema\/person\/2b1cf3cd81a31e3cd26889ca66d677f1\"},\"description\":\"Plusieurs milliers de r\u00e9fugi\u00e9s centrafricains vivant au Tchad souhaiteraient rentrer au pays. Apr\u00e8s avoir rendu visit ...\",\"breadcrumb\":{\"@id\":\"https:\/\/www.africa-press.net\/tchad\/toutes-les-actualites\/des-milliers-de-refugies-centrafricains-vivant-au-tchad-manifestent-le-desir-de-rentrer-au-pays#breadcrumb\"},\"inLanguage\":\"fr-FR\",\"potentialAction\":[{\"@type\":\"ReadAction\",\"target\":[\"https:\/\/www.africa-press.net\/tchad\/toutes-les-actualites\/des-milliers-de-refugies-centrafricains-vivant-au-tchad-manifestent-le-desir-de-rentrer-au-pays\"]}]},{\"@type\":\"ImageObject\",\"inLanguage\":\"fr-FR\",\"@id\":\"https:\/\/www.africa-press.net\/tchad\/toutes-les-actualites\/des-milliers-de-refugies-centrafricains-vivant-au-tchad-manifestent-le-desir-de-rentrer-au-pays#primaryimage\",\"url\":\"https:\/\/static.africa-press.net\/tchad\/sites\/41\/2022\/06\/postQueueImg_32-62bdde99c41c6.jpg\",\"contentUrl\":\"https:\/\/static.africa-press.net\/tchad\/sites\/41\/2022\/06\/postQueueImg_32-62bdde99c41c6.jpg\",\"width\":720,\"height\":540,\"caption\":\"des milliers de r\u00e9fugi\u00e9s centrafricains vivant au Tchad manifestent le d\u00e9sir de rentrer au pays\"},{\"@type\":\"BreadcrumbList\",\"@id\":\"https:\/\/www.africa-press.net\/tchad\/toutes-les-actualites\/des-milliers-de-refugies-centrafricains-vivant-au-tchad-manifestent-le-desir-de-rentrer-au-pays#breadcrumb\",\"itemListElement\":[{\"@type\":\"ListItem\",\"position\":1,\"name\":\"Accueil\",\"item\":\"https:\/\/www.africa-press.net\/tchad\/\"},{\"@type\":\"ListItem\",\"position\":2,\"name\":\"des milliers de r\u00e9fugi\u00e9s centrafricains vivant au Tchad manifestent le d\u00e9sir de rentrer au pays\"}]},{\"@type\":\"WebSite\",\"@id\":\"https:\/\/www.africa-press.net\/tchad\/#website\",\"url\":\"https:\/\/www.africa-press.net\/tchad\/\",\"name\":\"tchad\",\"description\":\"Just another Africa News Agency Sites site\",\"potentialAction\":[{\"@type\":\"SearchAction\",\"target\":{\"@type\":\"EntryPoint\",\"urlTemplate\":\"https:\/\/www.africa-press.net\/tchad\/?s={search_term_string}\"},\"query-input\":{\"@type\":\"PropertyValueSpecification\",\"valueRequired\":true,\"valueName\":\"search_term_string\"}}],\"inLanguage\":\"fr-FR\"},{\"@type\":\"Person\",\"@id\":\"https:\/\/www.africa-press.net\/tchad\/#\/schema\/person\/2b1cf3cd81a31e3cd26889ca66d677f1\",\"name\":\"cfeditorfr\"}]}<\/script>\n<!-- \/ Yoast SEO Premium plugin. -->","yoast_head_json":{"title":"des milliers de r\u00e9fugi\u00e9s centrafricains vivant au Tchad manifestent le d\u00e9sir de rentrer au pays - tchad","description":"Plusieurs milliers de r\u00e9fugi\u00e9s centrafricains vivant au Tchad souhaiteraient rentrer au pays. Apr\u00e8s avoir rendu visit ...","robots":{"index":"index","follow":"follow","max-snippet":"max-snippet:-1","max-image-preview":"max-image-preview:large","max-video-preview":"max-video-preview:-1"},"canonical":"https:\/\/www.africa-press.net\/tchad\/toutes-les-actualites\/des-milliers-de-refugies-centrafricains-vivant-au-tchad-manifestent-le-desir-de-rentrer-au-pays","og_locale":"fr_FR","og_type":"article","og_title":"des milliers de r\u00e9fugi\u00e9s centrafricains vivant au Tchad manifestent le d\u00e9sir de rentrer au pays","og_description":"Plusieurs milliers de r\u00e9fugi\u00e9s centrafricains vivant au Tchad souhaiteraient rentrer au pays. Apr\u00e8s avoir rendu visit ...","og_url":"https:\/\/www.africa-press.net\/tchad\/toutes-les-actualites\/des-milliers-de-refugies-centrafricains-vivant-au-tchad-manifestent-le-desir-de-rentrer-au-pays","og_site_name":"tchad","article_published_time":"2022-06-30T17:17:01+00:00","article_modified_time":"2022-06-30T17:34:38+00:00","og_image":[{"width":720,"height":540,"url":"https:\/\/static.africa-press.net\/tchad\/sites\/41\/2022\/06\/postQueueImg_32-62bdde99c41c6.jpg","type":"image\/jpeg"}],"author":"cfeditorfr","twitter_card":"summary_large_image","twitter_misc":{"\u00c9crit par":"cfeditorfr","Dur\u00e9e de lecture estim\u00e9e":"2 minutes"},"schema":{"@context":"https:\/\/schema.org","@graph":[{"@type":"Article","@id":"https:\/\/www.africa-press.net\/tchad\/toutes-les-actualites\/des-milliers-de-refugies-centrafricains-vivant-au-tchad-manifestent-le-desir-de-rentrer-au-pays#article","isPartOf":{"@id":"https:\/\/www.africa-press.net\/tchad\/toutes-les-actualites\/des-milliers-de-refugies-centrafricains-vivant-au-tchad-manifestent-le-desir-de-rentrer-au-pays"},"author":{"name":"cfeditorfr","@id":"https:\/\/www.africa-press.net\/tchad\/#\/schema\/person\/2b1cf3cd81a31e3cd26889ca66d677f1"},"headline":"des milliers de r\u00e9fugi\u00e9s centrafricains vivant au Tchad manifestent le d\u00e9sir de rentrer au pays","datePublished":"2022-06-30T17:17:01+00:00","dateModified":"2022-06-30T17:34:38+00:00","mainEntityOfPage":{"@id":"https:\/\/www.africa-press.net\/tchad\/toutes-les-actualites\/des-milliers-de-refugies-centrafricains-vivant-au-tchad-manifestent-le-desir-de-rentrer-au-pays"},"wordCount":409,"commentCount":0,"image":{"@id":"https:\/\/www.africa-press.net\/tchad\/toutes-les-actualites\/des-milliers-de-refugies-centrafricains-vivant-au-tchad-manifestent-le-desir-de-rentrer-au-pays#primaryimage"},"thumbnailUrl":"https:\/\/static.africa-press.net\/tchad\/sites\/41\/2022\/06\/postQueueImg_32-62bdde99c41c6.jpg","keywords":["Africa Press","Africa Press-Tchad","Tchad"],"articleSection":["Communaut\u00e9","homepage-french","Toutes les actualit\u00e9s"],"inLanguage":"fr-FR","potentialAction":[{"@type":"CommentAction","name":"Comment","target":["https:\/\/www.africa-press.net\/tchad\/toutes-les-actualites\/des-milliers-de-refugies-centrafricains-vivant-au-tchad-manifestent-le-desir-de-rentrer-au-pays#respond"]}]},{"@type":"WebPage","@id":"https:\/\/www.africa-press.net\/tchad\/toutes-les-actualites\/des-milliers-de-refugies-centrafricains-vivant-au-tchad-manifestent-le-desir-de-rentrer-au-pays","url":"https:\/\/www.africa-press.net\/tchad\/toutes-les-actualites\/des-milliers-de-refugies-centrafricains-vivant-au-tchad-manifestent-le-desir-de-rentrer-au-pays","name":"des milliers de r\u00e9fugi\u00e9s centrafricains vivant au Tchad manifestent le d\u00e9sir de rentrer au pays - tchad","isPartOf":{"@id":"https:\/\/www.africa-press.net\/tchad\/#website"},"primaryImageOfPage":{"@id":"https:\/\/www.africa-press.net\/tchad\/toutes-les-actualites\/des-milliers-de-refugies-centrafricains-vivant-au-tchad-manifestent-le-desir-de-rentrer-au-pays#primaryimage"},"image":{"@id":"https:\/\/www.africa-press.net\/tchad\/toutes-les-actualites\/des-milliers-de-refugies-centrafricains-vivant-au-tchad-manifestent-le-desir-de-rentrer-au-pays#primaryimage"},"thumbnailUrl":"https:\/\/static.africa-press.net\/tchad\/sites\/41\/2022\/06\/postQueueImg_32-62bdde99c41c6.jpg","datePublished":"2022-06-30T17:17:01+00:00","dateModified":"2022-06-30T17:34:38+00:00","author":{"@id":"https:\/\/www.africa-press.net\/tchad\/#\/schema\/person\/2b1cf3cd81a31e3cd26889ca66d677f1"},"description":"Plusieurs milliers de r\u00e9fugi\u00e9s centrafricains vivant au Tchad souhaiteraient rentrer au pays. Apr\u00e8s avoir rendu visit ...","breadcrumb":{"@id":"https:\/\/www.africa-press.net\/tchad\/toutes-les-actualites\/des-milliers-de-refugies-centrafricains-vivant-au-tchad-manifestent-le-desir-de-rentrer-au-pays#breadcrumb"},"inLanguage":"fr-FR","potentialAction":[{"@type":"ReadAction","target":["https:\/\/www.africa-press.net\/tchad\/toutes-les-actualites\/des-milliers-de-refugies-centrafricains-vivant-au-tchad-manifestent-le-desir-de-rentrer-au-pays"]}]},{"@type":"ImageObject","inLanguage":"fr-FR","@id":"https:\/\/www.africa-press.net\/tchad\/toutes-les-actualites\/des-milliers-de-refugies-centrafricains-vivant-au-tchad-manifestent-le-desir-de-rentrer-au-pays#primaryimage","url":"https:\/\/static.africa-press.net\/tchad\/sites\/41\/2022\/06\/postQueueImg_32-62bdde99c41c6.jpg","contentUrl":"https:\/\/static.africa-press.net\/tchad\/sites\/41\/2022\/06\/postQueueImg_32-62bdde99c41c6.jpg","width":720,"height":540,"caption":"des milliers de r\u00e9fugi\u00e9s centrafricains vivant au Tchad manifestent le d\u00e9sir de rentrer au pays"},{"@type":"BreadcrumbList","@id":"https:\/\/www.africa-press.net\/tchad\/toutes-les-actualites\/des-milliers-de-refugies-centrafricains-vivant-au-tchad-manifestent-le-desir-de-rentrer-au-pays#breadcrumb","itemListElement":[{"@type":"ListItem","position":1,"name":"Accueil","item":"https:\/\/www.africa-press.net\/tchad\/"},{"@type":"ListItem","position":2,"name":"des milliers de r\u00e9fugi\u00e9s centrafricains vivant au Tchad manifestent le d\u00e9sir de rentrer au pays"}]},{"@type":"WebSite","@id":"https:\/\/www.africa-press.net\/tchad\/#website","url":"https:\/\/www.africa-press.net\/tchad\/","name":"tchad","description":"Just another Africa News Agency Sites site","potentialAction":[{"@type":"SearchAction","target":{"@type":"EntryPoint","urlTemplate":"https:\/\/www.africa-press.net\/tchad\/?s={search_term_string}"},"query-input":{"@type":"PropertyValueSpecification","valueRequired":true,"valueName":"search_term_string"}}],"inLanguage":"fr-FR"},{"@type":"Person","@id":"https:\/\/www.africa-press.net\/tchad\/#\/schema\/person\/2b1cf3cd81a31e3cd26889ca66d677f1","name":"cfeditorfr"}]}},"_links":{"self":[{"href":"https:\/\/www.africa-press.net\/tchad\/wp-json\/wp\/v2\/posts\/28050","targetHints":{"allow":["GET"]}}],"collection":[{"href":"https:\/\/www.africa-press.net\/tchad\/wp-json\/wp\/v2\/posts"}],"about":[{"href":"https:\/\/www.africa-press.net\/tchad\/wp-json\/wp\/v2\/types\/post"}],"author":[{"embeddable":true,"href":"https:\/\/www.africa-press.net\/tchad\/wp-json\/wp\/v2\/users\/82"}],"replies":[{"embeddable":true,"href":"https:\/\/www.africa-press.net\/tchad\/wp-json\/wp\/v2\/comments?post=28050"}],"version-history":[{"count":0,"href":"https:\/\/www.africa-press.net\/tchad\/wp-json\/wp\/v2\/posts\/28050\/revisions"}],"wp:featuredmedia":[{"embeddable":true,"href":"https:\/\/www.africa-press.net\/tchad\/wp-json\/wp\/v2\/media\/28049"}],"wp:attachment":[{"href":"https:\/\/www.africa-press.net\/tchad\/wp-json\/wp\/v2\/media?parent=28050"}],"wp:term":[{"taxonomy":"category","embeddable":true,"href":"https:\/\/www.africa-press.net\/tchad\/wp-json\/wp\/v2\/categories?post=28050"},{"taxonomy":"post_tag","embeddable":true,"href":"https:\/\/www.africa-press.net\/tchad\/wp-json\/wp\/v2\/tags?post=28050"}],"curies":[{"name":"wp","href":"https:\/\/api.w.org\/{rel}","templated":true}]}}