{"id":28080,"date":"2022-06-30T17:28:19","date_gmt":"2022-06-30T17:28:19","guid":{"rendered":"https:\/\/www.africa-press.net\/tchad\/politique\/la-mairie-de-bebedjia-preoccupee-par-le-phenomene-de-vol-et-les-arrieres-des-recettesique-et-bancaire"},"modified":"2022-06-30T17:44:19","modified_gmt":"2022-06-30T17:44:19","slug":"la-mairie-de-bebedjia-preoccupee-par-le-phenomene-de-vol-et-les-arrieres-des-recettesique-et-bancaire","status":"publish","type":"post","link":"https:\/\/www.africa-press.net\/tchad\/toutes-les-actualites\/la-mairie-de-bebedjia-preoccupee-par-le-phenomene-de-vol-et-les-arrieres-des-recettesique-et-bancaire","title":{"rendered":"la mairie de B\u00e9b\u00e9djia pr\u00e9occup\u00e9e par le ph\u00e9nom\u00e8ne de vol et les arri\u00e9r\u00e9s des recettesique et bancaire"},"content":{"rendered":"<p><span style=\"color: #ff6600\"><strong>Africa-Press &#8211; Tchad. <\/strong><\/span>Le maire de la ville de B\u00e9b\u00e9djia, Maina Norbert Doumsengar a fait une communication ce 29 juin 2022 sur la commission de recouvrement des arri\u00e9r\u00e9s de la mairie et le ph\u00e9nom\u00e8ne de vol dans la ville de B\u00e9b\u00e9djia qui va grandissant.<\/p>\n<p>Le maire a inform\u00e9 ses concitoyens de la mise sur pied d&rsquo;une commission de recouvrement des arri\u00e9r\u00e9s pour faire face aux obligations de la mairie.<\/p>\n<p>Pour lui, la commune ne fonctionne qu&rsquo;avec les recettes locales.<\/p>\n<p>Toujours selon Maina Norbert Doumsengar, les arri\u00e9r\u00e9s remontent \u00e0 2012.<\/p>\n<p>S&rsquo;agissant du ph\u00e9nom\u00e8ne de vol qui va grandissant dans la ville de B\u00e9b\u00e9djia, le maire Maina Norbert Doumsengar a salu\u00e9 les efforts abattus par les forces de l&rsquo;ordre et de s\u00e9curit\u00e9 avant d&rsquo;inviter la population \u00e0 collaborer avec ces forces pour une paix durable dans la ville.<\/p>\n<p><strong>Pour plus d&rsquo;informations et d&rsquo;analyses sur la <a href=\"https:\/\/www.africa-press.net\/tchad\">Tchad<\/a>, suivez <a href=\"https:\/\/www.africa-press.net\/\">Africa-Press<\/a><\/strong><\/p>\n","protected":false},"excerpt":{"rendered":"<p>Africa-Press &#8211; Tchad. Le maire de la ville de B\u00e9b\u00e9djia, Maina Norbert Doumsengar a fait une communication ce 29 juin 2022 sur la commission de recouvrement des arri\u00e9r\u00e9s de la mairie et le ph\u00e9nom\u00e8ne de vol dans la ville de B\u00e9b\u00e9djia qui va grandissant. Le maire a inform\u00e9 ses concitoyens de la mise sur pied [&hellip;]<\/p>\n","protected":false},"author":82,"featured_media":28079,"comment_status":"open","ping_status":"closed","sticky":false,"template":"","format":"standard","meta":{"footnotes":""},"categories":[21,11,10],"tags":[37,292,29],"class_list":["post-28080","post","type-post","status-publish","format-standard","has-post-thumbnail","hentry","category-communaute","category-homepage-french","category-toutes-les-actualites","tag-africa-press","tag-africa-press-tchad","tag-tchad"],"yoast_head":"<!-- This site is optimized with the Yoast SEO Premium plugin v26.1 (Yoast SEO v27.0) - https:\/\/yoast.com\/product\/yoast-seo-premium-wordpress\/ -->\n<title>la mairie de B\u00e9b\u00e9djia pr\u00e9occup\u00e9e par le ph\u00e9nom\u00e8ne de vol et les arri\u00e9r\u00e9s des recettesique et bancaire - tchad<\/title>\n<meta name=\"description\" content=\"Le maire de la ville de B\u00e9b\u00e9djia, Maina Norbert Doumsengar a fait une communication ce 29 juin 2022 sur la commission de ...\" \/>\n<meta name=\"robots\" content=\"index, follow, max-snippet:-1, max-image-preview:large, max-video-preview:-1\" \/>\n<link rel=\"canonical\" href=\"https:\/\/www.africa-press.net\/tchad\/toutes-les-actualites\/la-mairie-de-bebedjia-preoccupee-par-le-phenomene-de-vol-et-les-arrieres-des-recettesique-et-bancaire\" \/>\n<meta property=\"og:locale\" content=\"fr_FR\" \/>\n<meta property=\"og:type\" content=\"article\" \/>\n<meta property=\"og:title\" content=\"la mairie de B\u00e9b\u00e9djia pr\u00e9occup\u00e9e par le ph\u00e9nom\u00e8ne de vol et les arri\u00e9r\u00e9s des recettesique et bancaire\" \/>\n<meta property=\"og:description\" content=\"Le maire de la ville de B\u00e9b\u00e9djia, Maina Norbert Doumsengar a fait une communication ce 29 juin 2022 sur la commission de ...\" \/>\n<meta property=\"og:url\" content=\"https:\/\/www.africa-press.net\/tchad\/toutes-les-actualites\/la-mairie-de-bebedjia-preoccupee-par-le-phenomene-de-vol-et-les-arrieres-des-recettesique-et-bancaire\" \/>\n<meta property=\"og:site_name\" content=\"tchad\" \/>\n<meta property=\"article:published_time\" content=\"2022-06-30T17:28:19+00:00\" \/>\n<meta property=\"article:modified_time\" content=\"2022-06-30T17:44:19+00:00\" \/>\n<meta property=\"og:image\" content=\"https:\/\/static.africa-press.net\/tchad\/sites\/41\/2022\/06\/postQueueImg_10-62bde0dc77272.jpg\" \/>\n\t<meta property=\"og:image:width\" content=\"820\" \/>\n\t<meta property=\"og:image:height\" content=\"615\" \/>\n\t<meta property=\"og:image:type\" content=\"image\/jpeg\" \/>\n<meta name=\"author\" content=\"cfeditorfr\" \/>\n<meta name=\"twitter:card\" content=\"summary_large_image\" \/>\n<meta name=\"twitter:label1\" content=\"\u00c9crit par\" \/>\n\t<meta name=\"twitter:data1\" content=\"cfeditorfr\" \/>\n\t<meta name=\"twitter:label2\" content=\"Dur\u00e9e de lecture estim\u00e9e\" \/>\n\t<meta name=\"twitter:data2\" content=\"1 minute\" \/>\n<script type=\"application\/ld+json\" class=\"yoast-schema-graph\">{\"@context\":\"https:\/\/schema.org\",\"@graph\":[{\"@type\":\"Article\",\"@id\":\"https:\/\/www.africa-press.net\/tchad\/toutes-les-actualites\/la-mairie-de-bebedjia-preoccupee-par-le-phenomene-de-vol-et-les-arrieres-des-recettesique-et-bancaire#article\",\"isPartOf\":{\"@id\":\"https:\/\/www.africa-press.net\/tchad\/toutes-les-actualites\/la-mairie-de-bebedjia-preoccupee-par-le-phenomene-de-vol-et-les-arrieres-des-recettesique-et-bancaire\"},\"author\":{\"name\":\"cfeditorfr\",\"@id\":\"https:\/\/www.africa-press.net\/tchad\/#\/schema\/person\/2b1cf3cd81a31e3cd26889ca66d677f1\"},\"headline\":\"la mairie de B\u00e9b\u00e9djia pr\u00e9occup\u00e9e par le ph\u00e9nom\u00e8ne de vol et les arri\u00e9r\u00e9s des recettesique et bancaire\",\"datePublished\":\"2022-06-30T17:28:19+00:00\",\"dateModified\":\"2022-06-30T17:44:19+00:00\",\"mainEntityOfPage\":{\"@id\":\"https:\/\/www.africa-press.net\/tchad\/toutes-les-actualites\/la-mairie-de-bebedjia-preoccupee-par-le-phenomene-de-vol-et-les-arrieres-des-recettesique-et-bancaire\"},\"wordCount\":190,\"commentCount\":0,\"image\":{\"@id\":\"https:\/\/www.africa-press.net\/tchad\/toutes-les-actualites\/la-mairie-de-bebedjia-preoccupee-par-le-phenomene-de-vol-et-les-arrieres-des-recettesique-et-bancaire#primaryimage\"},\"thumbnailUrl\":\"https:\/\/static.africa-press.net\/tchad\/sites\/41\/2022\/06\/postQueueImg_10-62bde0dc77272.jpg\",\"keywords\":[\"Africa Press\",\"Africa Press-Tchad\",\"Tchad\"],\"articleSection\":[\"Communaut\u00e9\",\"homepage-french\",\"Toutes les actualit\u00e9s\"],\"inLanguage\":\"fr-FR\",\"potentialAction\":[{\"@type\":\"CommentAction\",\"name\":\"Comment\",\"target\":[\"https:\/\/www.africa-press.net\/tchad\/toutes-les-actualites\/la-mairie-de-bebedjia-preoccupee-par-le-phenomene-de-vol-et-les-arrieres-des-recettesique-et-bancaire#respond\"]}]},{\"@type\":\"WebPage\",\"@id\":\"https:\/\/www.africa-press.net\/tchad\/toutes-les-actualites\/la-mairie-de-bebedjia-preoccupee-par-le-phenomene-de-vol-et-les-arrieres-des-recettesique-et-bancaire\",\"url\":\"https:\/\/www.africa-press.net\/tchad\/toutes-les-actualites\/la-mairie-de-bebedjia-preoccupee-par-le-phenomene-de-vol-et-les-arrieres-des-recettesique-et-bancaire\",\"name\":\"la mairie de B\u00e9b\u00e9djia pr\u00e9occup\u00e9e par le ph\u00e9nom\u00e8ne de vol et les arri\u00e9r\u00e9s des recettesique et bancaire - tchad\",\"isPartOf\":{\"@id\":\"https:\/\/www.africa-press.net\/tchad\/#website\"},\"primaryImageOfPage\":{\"@id\":\"https:\/\/www.africa-press.net\/tchad\/toutes-les-actualites\/la-mairie-de-bebedjia-preoccupee-par-le-phenomene-de-vol-et-les-arrieres-des-recettesique-et-bancaire#primaryimage\"},\"image\":{\"@id\":\"https:\/\/www.africa-press.net\/tchad\/toutes-les-actualites\/la-mairie-de-bebedjia-preoccupee-par-le-phenomene-de-vol-et-les-arrieres-des-recettesique-et-bancaire#primaryimage\"},\"thumbnailUrl\":\"https:\/\/static.africa-press.net\/tchad\/sites\/41\/2022\/06\/postQueueImg_10-62bde0dc77272.jpg\",\"datePublished\":\"2022-06-30T17:28:19+00:00\",\"dateModified\":\"2022-06-30T17:44:19+00:00\",\"author\":{\"@id\":\"https:\/\/www.africa-press.net\/tchad\/#\/schema\/person\/2b1cf3cd81a31e3cd26889ca66d677f1\"},\"description\":\"Le maire de la ville de B\u00e9b\u00e9djia, Maina Norbert Doumsengar a fait une communication ce 29 juin 2022 sur la commission de ...\",\"breadcrumb\":{\"@id\":\"https:\/\/www.africa-press.net\/tchad\/toutes-les-actualites\/la-mairie-de-bebedjia-preoccupee-par-le-phenomene-de-vol-et-les-arrieres-des-recettesique-et-bancaire#breadcrumb\"},\"inLanguage\":\"fr-FR\",\"potentialAction\":[{\"@type\":\"ReadAction\",\"target\":[\"https:\/\/www.africa-press.net\/tchad\/toutes-les-actualites\/la-mairie-de-bebedjia-preoccupee-par-le-phenomene-de-vol-et-les-arrieres-des-recettesique-et-bancaire\"]}]},{\"@type\":\"ImageObject\",\"inLanguage\":\"fr-FR\",\"@id\":\"https:\/\/www.africa-press.net\/tchad\/toutes-les-actualites\/la-mairie-de-bebedjia-preoccupee-par-le-phenomene-de-vol-et-les-arrieres-des-recettesique-et-bancaire#primaryimage\",\"url\":\"https:\/\/static.africa-press.net\/tchad\/sites\/41\/2022\/06\/postQueueImg_10-62bde0dc77272.jpg\",\"contentUrl\":\"https:\/\/static.africa-press.net\/tchad\/sites\/41\/2022\/06\/postQueueImg_10-62bde0dc77272.jpg\",\"width\":820,\"height\":615,\"caption\":\"la mairie de B\u00e9b\u00e9djia pr\u00e9occup\u00e9e par le ph\u00e9nom\u00e8ne de vol et les arri\u00e9r\u00e9s des recettesique et bancaire\"},{\"@type\":\"BreadcrumbList\",\"@id\":\"https:\/\/www.africa-press.net\/tchad\/toutes-les-actualites\/la-mairie-de-bebedjia-preoccupee-par-le-phenomene-de-vol-et-les-arrieres-des-recettesique-et-bancaire#breadcrumb\",\"itemListElement\":[{\"@type\":\"ListItem\",\"position\":1,\"name\":\"Accueil\",\"item\":\"https:\/\/www.africa-press.net\/tchad\/\"},{\"@type\":\"ListItem\",\"position\":2,\"name\":\"la mairie de B\u00e9b\u00e9djia pr\u00e9occup\u00e9e par le ph\u00e9nom\u00e8ne de vol et les arri\u00e9r\u00e9s des recettesique et bancaire\"}]},{\"@type\":\"WebSite\",\"@id\":\"https:\/\/www.africa-press.net\/tchad\/#website\",\"url\":\"https:\/\/www.africa-press.net\/tchad\/\",\"name\":\"tchad\",\"description\":\"Just another Africa News Agency Sites site\",\"potentialAction\":[{\"@type\":\"SearchAction\",\"target\":{\"@type\":\"EntryPoint\",\"urlTemplate\":\"https:\/\/www.africa-press.net\/tchad\/?s={search_term_string}\"},\"query-input\":{\"@type\":\"PropertyValueSpecification\",\"valueRequired\":true,\"valueName\":\"search_term_string\"}}],\"inLanguage\":\"fr-FR\"},{\"@type\":\"Person\",\"@id\":\"https:\/\/www.africa-press.net\/tchad\/#\/schema\/person\/2b1cf3cd81a31e3cd26889ca66d677f1\",\"name\":\"cfeditorfr\"}]}<\/script>\n<!-- \/ Yoast SEO Premium plugin. -->","yoast_head_json":{"title":"la mairie de B\u00e9b\u00e9djia pr\u00e9occup\u00e9e par le ph\u00e9nom\u00e8ne de vol et les arri\u00e9r\u00e9s des recettesique et bancaire - tchad","description":"Le maire de la ville de B\u00e9b\u00e9djia, Maina Norbert Doumsengar a fait une communication ce 29 juin 2022 sur la commission de ...","robots":{"index":"index","follow":"follow","max-snippet":"max-snippet:-1","max-image-preview":"max-image-preview:large","max-video-preview":"max-video-preview:-1"},"canonical":"https:\/\/www.africa-press.net\/tchad\/toutes-les-actualites\/la-mairie-de-bebedjia-preoccupee-par-le-phenomene-de-vol-et-les-arrieres-des-recettesique-et-bancaire","og_locale":"fr_FR","og_type":"article","og_title":"la mairie de B\u00e9b\u00e9djia pr\u00e9occup\u00e9e par le ph\u00e9nom\u00e8ne de vol et les arri\u00e9r\u00e9s des recettesique et bancaire","og_description":"Le maire de la ville de B\u00e9b\u00e9djia, Maina Norbert Doumsengar a fait une communication ce 29 juin 2022 sur la commission de ...","og_url":"https:\/\/www.africa-press.net\/tchad\/toutes-les-actualites\/la-mairie-de-bebedjia-preoccupee-par-le-phenomene-de-vol-et-les-arrieres-des-recettesique-et-bancaire","og_site_name":"tchad","article_published_time":"2022-06-30T17:28:19+00:00","article_modified_time":"2022-06-30T17:44:19+00:00","og_image":[{"width":820,"height":615,"url":"https:\/\/static.africa-press.net\/tchad\/sites\/41\/2022\/06\/postQueueImg_10-62bde0dc77272.jpg","type":"image\/jpeg"}],"author":"cfeditorfr","twitter_card":"summary_large_image","twitter_misc":{"\u00c9crit par":"cfeditorfr","Dur\u00e9e de lecture estim\u00e9e":"1 minute"},"schema":{"@context":"https:\/\/schema.org","@graph":[{"@type":"Article","@id":"https:\/\/www.africa-press.net\/tchad\/toutes-les-actualites\/la-mairie-de-bebedjia-preoccupee-par-le-phenomene-de-vol-et-les-arrieres-des-recettesique-et-bancaire#article","isPartOf":{"@id":"https:\/\/www.africa-press.net\/tchad\/toutes-les-actualites\/la-mairie-de-bebedjia-preoccupee-par-le-phenomene-de-vol-et-les-arrieres-des-recettesique-et-bancaire"},"author":{"name":"cfeditorfr","@id":"https:\/\/www.africa-press.net\/tchad\/#\/schema\/person\/2b1cf3cd81a31e3cd26889ca66d677f1"},"headline":"la mairie de B\u00e9b\u00e9djia pr\u00e9occup\u00e9e par le ph\u00e9nom\u00e8ne de vol et les arri\u00e9r\u00e9s des recettesique et bancaire","datePublished":"2022-06-30T17:28:19+00:00","dateModified":"2022-06-30T17:44:19+00:00","mainEntityOfPage":{"@id":"https:\/\/www.africa-press.net\/tchad\/toutes-les-actualites\/la-mairie-de-bebedjia-preoccupee-par-le-phenomene-de-vol-et-les-arrieres-des-recettesique-et-bancaire"},"wordCount":190,"commentCount":0,"image":{"@id":"https:\/\/www.africa-press.net\/tchad\/toutes-les-actualites\/la-mairie-de-bebedjia-preoccupee-par-le-phenomene-de-vol-et-les-arrieres-des-recettesique-et-bancaire#primaryimage"},"thumbnailUrl":"https:\/\/static.africa-press.net\/tchad\/sites\/41\/2022\/06\/postQueueImg_10-62bde0dc77272.jpg","keywords":["Africa Press","Africa Press-Tchad","Tchad"],"articleSection":["Communaut\u00e9","homepage-french","Toutes les actualit\u00e9s"],"inLanguage":"fr-FR","potentialAction":[{"@type":"CommentAction","name":"Comment","target":["https:\/\/www.africa-press.net\/tchad\/toutes-les-actualites\/la-mairie-de-bebedjia-preoccupee-par-le-phenomene-de-vol-et-les-arrieres-des-recettesique-et-bancaire#respond"]}]},{"@type":"WebPage","@id":"https:\/\/www.africa-press.net\/tchad\/toutes-les-actualites\/la-mairie-de-bebedjia-preoccupee-par-le-phenomene-de-vol-et-les-arrieres-des-recettesique-et-bancaire","url":"https:\/\/www.africa-press.net\/tchad\/toutes-les-actualites\/la-mairie-de-bebedjia-preoccupee-par-le-phenomene-de-vol-et-les-arrieres-des-recettesique-et-bancaire","name":"la mairie de B\u00e9b\u00e9djia pr\u00e9occup\u00e9e par le ph\u00e9nom\u00e8ne de vol et les arri\u00e9r\u00e9s des recettesique et bancaire - tchad","isPartOf":{"@id":"https:\/\/www.africa-press.net\/tchad\/#website"},"primaryImageOfPage":{"@id":"https:\/\/www.africa-press.net\/tchad\/toutes-les-actualites\/la-mairie-de-bebedjia-preoccupee-par-le-phenomene-de-vol-et-les-arrieres-des-recettesique-et-bancaire#primaryimage"},"image":{"@id":"https:\/\/www.africa-press.net\/tchad\/toutes-les-actualites\/la-mairie-de-bebedjia-preoccupee-par-le-phenomene-de-vol-et-les-arrieres-des-recettesique-et-bancaire#primaryimage"},"thumbnailUrl":"https:\/\/static.africa-press.net\/tchad\/sites\/41\/2022\/06\/postQueueImg_10-62bde0dc77272.jpg","datePublished":"2022-06-30T17:28:19+00:00","dateModified":"2022-06-30T17:44:19+00:00","author":{"@id":"https:\/\/www.africa-press.net\/tchad\/#\/schema\/person\/2b1cf3cd81a31e3cd26889ca66d677f1"},"description":"Le maire de la ville de B\u00e9b\u00e9djia, Maina Norbert Doumsengar a fait une communication ce 29 juin 2022 sur la commission de ...","breadcrumb":{"@id":"https:\/\/www.africa-press.net\/tchad\/toutes-les-actualites\/la-mairie-de-bebedjia-preoccupee-par-le-phenomene-de-vol-et-les-arrieres-des-recettesique-et-bancaire#breadcrumb"},"inLanguage":"fr-FR","potentialAction":[{"@type":"ReadAction","target":["https:\/\/www.africa-press.net\/tchad\/toutes-les-actualites\/la-mairie-de-bebedjia-preoccupee-par-le-phenomene-de-vol-et-les-arrieres-des-recettesique-et-bancaire"]}]},{"@type":"ImageObject","inLanguage":"fr-FR","@id":"https:\/\/www.africa-press.net\/tchad\/toutes-les-actualites\/la-mairie-de-bebedjia-preoccupee-par-le-phenomene-de-vol-et-les-arrieres-des-recettesique-et-bancaire#primaryimage","url":"https:\/\/static.africa-press.net\/tchad\/sites\/41\/2022\/06\/postQueueImg_10-62bde0dc77272.jpg","contentUrl":"https:\/\/static.africa-press.net\/tchad\/sites\/41\/2022\/06\/postQueueImg_10-62bde0dc77272.jpg","width":820,"height":615,"caption":"la mairie de B\u00e9b\u00e9djia pr\u00e9occup\u00e9e par le ph\u00e9nom\u00e8ne de vol et les arri\u00e9r\u00e9s des recettesique et bancaire"},{"@type":"BreadcrumbList","@id":"https:\/\/www.africa-press.net\/tchad\/toutes-les-actualites\/la-mairie-de-bebedjia-preoccupee-par-le-phenomene-de-vol-et-les-arrieres-des-recettesique-et-bancaire#breadcrumb","itemListElement":[{"@type":"ListItem","position":1,"name":"Accueil","item":"https:\/\/www.africa-press.net\/tchad\/"},{"@type":"ListItem","position":2,"name":"la mairie de B\u00e9b\u00e9djia pr\u00e9occup\u00e9e par le ph\u00e9nom\u00e8ne de vol et les arri\u00e9r\u00e9s des recettesique et bancaire"}]},{"@type":"WebSite","@id":"https:\/\/www.africa-press.net\/tchad\/#website","url":"https:\/\/www.africa-press.net\/tchad\/","name":"tchad","description":"Just another Africa News Agency Sites site","potentialAction":[{"@type":"SearchAction","target":{"@type":"EntryPoint","urlTemplate":"https:\/\/www.africa-press.net\/tchad\/?s={search_term_string}"},"query-input":{"@type":"PropertyValueSpecification","valueRequired":true,"valueName":"search_term_string"}}],"inLanguage":"fr-FR"},{"@type":"Person","@id":"https:\/\/www.africa-press.net\/tchad\/#\/schema\/person\/2b1cf3cd81a31e3cd26889ca66d677f1","name":"cfeditorfr"}]}},"_links":{"self":[{"href":"https:\/\/www.africa-press.net\/tchad\/wp-json\/wp\/v2\/posts\/28080","targetHints":{"allow":["GET"]}}],"collection":[{"href":"https:\/\/www.africa-press.net\/tchad\/wp-json\/wp\/v2\/posts"}],"about":[{"href":"https:\/\/www.africa-press.net\/tchad\/wp-json\/wp\/v2\/types\/post"}],"author":[{"embeddable":true,"href":"https:\/\/www.africa-press.net\/tchad\/wp-json\/wp\/v2\/users\/82"}],"replies":[{"embeddable":true,"href":"https:\/\/www.africa-press.net\/tchad\/wp-json\/wp\/v2\/comments?post=28080"}],"version-history":[{"count":0,"href":"https:\/\/www.africa-press.net\/tchad\/wp-json\/wp\/v2\/posts\/28080\/revisions"}],"wp:featuredmedia":[{"embeddable":true,"href":"https:\/\/www.africa-press.net\/tchad\/wp-json\/wp\/v2\/media\/28079"}],"wp:attachment":[{"href":"https:\/\/www.africa-press.net\/tchad\/wp-json\/wp\/v2\/media?parent=28080"}],"wp:term":[{"taxonomy":"category","embeddable":true,"href":"https:\/\/www.africa-press.net\/tchad\/wp-json\/wp\/v2\/categories?post=28080"},{"taxonomy":"post_tag","embeddable":true,"href":"https:\/\/www.africa-press.net\/tchad\/wp-json\/wp\/v2\/tags?post=28080"}],"curies":[{"name":"wp","href":"https:\/\/api.w.org\/{rel}","templated":true}]}}