{"id":28086,"date":"2022-06-30T17:30:20","date_gmt":"2022-06-30T17:30:20","guid":{"rendered":"https:\/\/www.africa-press.net\/tchad\/politique\/pourquoi-le-bras-droit-de-mahamat-idriss-deby-itno-est-entre-les-mains-de-lans"},"modified":"2022-06-30T17:45:17","modified_gmt":"2022-06-30T17:45:17","slug":"pourquoi-le-bras-droit-de-mahamat-idriss-deby-itno-est-entre-les-mains-de-lans","status":"publish","type":"post","link":"https:\/\/www.africa-press.net\/tchad\/dossiers\/pourquoi-le-bras-droit-de-mahamat-idriss-deby-itno-est-entre-les-mains-de-lans","title":{"rendered":"pourquoi le bras droit de Mahamat Idriss D\u00e9by Itno est entre les mains de l\u2019ANS"},"content":{"rendered":"<p><span style=\"color: #ff6600\"><strong>Africa-Press &#8211; Tchad. <\/strong><\/span>Jusqu\u2019\u00e0 il y a peu, beaucoup le consid\u00e9raient comme intouchable. Plus proche collaborateur de Mahamat Idriss D\u00e9by Itno, Idriss Youssouf Boy a \u00e9t\u00e9 arr\u00eat\u00e9 par l\u2019Agence nationale de s\u00e9curit\u00e9 (ANS) le 23 juin. Le d\u00e9sormais ex-secr\u00e9taire particulier du pr\u00e9sident de la transition est, depuis, incarc\u00e9r\u00e9 et interrog\u00e9 dans les locaux des renseignements, sous la supervision du directeur adjoint, Beguera Mahamat Charfadine.<\/p>\n<p>Ce dernier, en l\u2019absence de son patron, Ahmed Kogri \u2013 tr\u00e8s occup\u00e9 par les travaux du pr\u00e9-dialogue tchadien en cours au Qatar \u2013, dirige l\u2019enqu\u00eate qui s\u2019int\u00e9resse aux pr\u00e9sum\u00e9s faits de d\u00e9tournements \u00e0 la Soci\u00e9t\u00e9 des hydrocarbures du Tchad (SHT). Idriss Youssouf Boy est en effet soup\u00e7onn\u00e9 d\u2019avoir particip\u00e9 \u00e0 un r\u00e9seau de captation des revenus p\u00e9troliers du pays. Selon nos informations, il aurait d\u2019abord choisi de ne pas r\u00e9pondre aux questions des enqu\u00eateurs.<\/p>\n<p>&nbsp;<\/p>\n<p><strong>Pour plus d&rsquo;informations et d&rsquo;analyses sur la <a href=\"https:\/\/www.africa-press.net\/tchad\">Tchad<\/a>, suivez <a href=\"https:\/\/www.africa-press.net\/\">Africa-Press<\/a><\/strong><\/p>\n","protected":false},"excerpt":{"rendered":"<p>Africa-Press &#8211; Tchad. Jusqu\u2019\u00e0 il y a peu, beaucoup le consid\u00e9raient comme intouchable. Plus proche collaborateur de Mahamat Idriss D\u00e9by Itno, Idriss Youssouf Boy a \u00e9t\u00e9 arr\u00eat\u00e9 par l\u2019Agence nationale de s\u00e9curit\u00e9 (ANS) le 23 juin. Le d\u00e9sormais ex-secr\u00e9taire particulier du pr\u00e9sident de la transition est, depuis, incarc\u00e9r\u00e9 et interrog\u00e9 dans les locaux des renseignements, [&hellip;]<\/p>\n","protected":false},"author":82,"featured_media":28085,"comment_status":"open","ping_status":"closed","sticky":false,"template":"","format":"standard","meta":{"footnotes":""},"categories":[7,11,10],"tags":[37,292,29],"class_list":["post-28086","post","type-post","status-publish","format-standard","has-post-thumbnail","hentry","category-dossiers","category-homepage-french","category-toutes-les-actualites","tag-africa-press","tag-africa-press-tchad","tag-tchad"],"yoast_head":"<!-- This site is optimized with the Yoast SEO Premium plugin v26.1 (Yoast SEO v27.0) - https:\/\/yoast.com\/product\/yoast-seo-premium-wordpress\/ -->\n<title>pourquoi le bras droit de Mahamat Idriss D\u00e9by Itno est entre les mains de l\u2019ANS - tchad<\/title>\n<meta name=\"description\" content=\"Jusqu\u2019\u00e0 il y a peu, beaucoup le consid\u00e9raient comme intouchable. Plus proche collaborateur de Mahamat Idriss D\u00e9by Itno, ...\" \/>\n<meta name=\"robots\" content=\"index, follow, max-snippet:-1, max-image-preview:large, max-video-preview:-1\" \/>\n<link rel=\"canonical\" href=\"https:\/\/www.africa-press.net\/tchad\/dossiers\/pourquoi-le-bras-droit-de-mahamat-idriss-deby-itno-est-entre-les-mains-de-lans\" \/>\n<meta property=\"og:locale\" content=\"fr_FR\" \/>\n<meta property=\"og:type\" content=\"article\" \/>\n<meta property=\"og:title\" content=\"pourquoi le bras droit de Mahamat Idriss D\u00e9by Itno est entre les mains de l\u2019ANS\" \/>\n<meta property=\"og:description\" content=\"Jusqu\u2019\u00e0 il y a peu, beaucoup le consid\u00e9raient comme intouchable. Plus proche collaborateur de Mahamat Idriss D\u00e9by Itno, ...\" \/>\n<meta property=\"og:url\" content=\"https:\/\/www.africa-press.net\/tchad\/dossiers\/pourquoi-le-bras-droit-de-mahamat-idriss-deby-itno-est-entre-les-mains-de-lans\" \/>\n<meta property=\"og:site_name\" content=\"tchad\" \/>\n<meta property=\"article:published_time\" content=\"2022-06-30T17:30:20+00:00\" \/>\n<meta property=\"article:modified_time\" content=\"2022-06-30T17:45:17+00:00\" \/>\n<meta property=\"og:image\" content=\"https:\/\/static.africa-press.net\/tchad\/sites\/41\/2022\/06\/postQueueImg_12-62bde11335da0.jpg\" \/>\n\t<meta property=\"og:image:width\" content=\"1256\" \/>\n\t<meta property=\"og:image:height\" content=\"628\" \/>\n\t<meta property=\"og:image:type\" content=\"image\/jpeg\" \/>\n<meta name=\"author\" content=\"cfeditorfr\" \/>\n<meta name=\"twitter:card\" content=\"summary_large_image\" \/>\n<meta name=\"twitter:label1\" content=\"\u00c9crit par\" \/>\n\t<meta name=\"twitter:data1\" content=\"cfeditorfr\" \/>\n\t<meta name=\"twitter:label2\" content=\"Dur\u00e9e de lecture estim\u00e9e\" \/>\n\t<meta name=\"twitter:data2\" content=\"1 minute\" \/>\n<script type=\"application\/ld+json\" class=\"yoast-schema-graph\">{\"@context\":\"https:\/\/schema.org\",\"@graph\":[{\"@type\":\"Article\",\"@id\":\"https:\/\/www.africa-press.net\/tchad\/dossiers\/pourquoi-le-bras-droit-de-mahamat-idriss-deby-itno-est-entre-les-mains-de-lans#article\",\"isPartOf\":{\"@id\":\"https:\/\/www.africa-press.net\/tchad\/dossiers\/pourquoi-le-bras-droit-de-mahamat-idriss-deby-itno-est-entre-les-mains-de-lans\"},\"author\":{\"name\":\"cfeditorfr\",\"@id\":\"https:\/\/www.africa-press.net\/tchad\/#\/schema\/person\/2b1cf3cd81a31e3cd26889ca66d677f1\"},\"headline\":\"pourquoi le bras droit de Mahamat Idriss D\u00e9by Itno est entre les mains de l\u2019ANS\",\"datePublished\":\"2022-06-30T17:30:20+00:00\",\"dateModified\":\"2022-06-30T17:45:17+00:00\",\"mainEntityOfPage\":{\"@id\":\"https:\/\/www.africa-press.net\/tchad\/dossiers\/pourquoi-le-bras-droit-de-mahamat-idriss-deby-itno-est-entre-les-mains-de-lans\"},\"wordCount\":190,\"commentCount\":0,\"image\":{\"@id\":\"https:\/\/www.africa-press.net\/tchad\/dossiers\/pourquoi-le-bras-droit-de-mahamat-idriss-deby-itno-est-entre-les-mains-de-lans#primaryimage\"},\"thumbnailUrl\":\"https:\/\/static.africa-press.net\/tchad\/sites\/41\/2022\/06\/postQueueImg_12-62bde11335da0.jpg\",\"keywords\":[\"Africa Press\",\"Africa Press-Tchad\",\"Tchad\"],\"articleSection\":[\"Dossiers\",\"homepage-french\",\"Toutes les actualit\u00e9s\"],\"inLanguage\":\"fr-FR\",\"potentialAction\":[{\"@type\":\"CommentAction\",\"name\":\"Comment\",\"target\":[\"https:\/\/www.africa-press.net\/tchad\/dossiers\/pourquoi-le-bras-droit-de-mahamat-idriss-deby-itno-est-entre-les-mains-de-lans#respond\"]}]},{\"@type\":\"WebPage\",\"@id\":\"https:\/\/www.africa-press.net\/tchad\/dossiers\/pourquoi-le-bras-droit-de-mahamat-idriss-deby-itno-est-entre-les-mains-de-lans\",\"url\":\"https:\/\/www.africa-press.net\/tchad\/dossiers\/pourquoi-le-bras-droit-de-mahamat-idriss-deby-itno-est-entre-les-mains-de-lans\",\"name\":\"pourquoi le bras droit de Mahamat Idriss D\u00e9by Itno est entre les mains de l\u2019ANS - tchad\",\"isPartOf\":{\"@id\":\"https:\/\/www.africa-press.net\/tchad\/#website\"},\"primaryImageOfPage\":{\"@id\":\"https:\/\/www.africa-press.net\/tchad\/dossiers\/pourquoi-le-bras-droit-de-mahamat-idriss-deby-itno-est-entre-les-mains-de-lans#primaryimage\"},\"image\":{\"@id\":\"https:\/\/www.africa-press.net\/tchad\/dossiers\/pourquoi-le-bras-droit-de-mahamat-idriss-deby-itno-est-entre-les-mains-de-lans#primaryimage\"},\"thumbnailUrl\":\"https:\/\/static.africa-press.net\/tchad\/sites\/41\/2022\/06\/postQueueImg_12-62bde11335da0.jpg\",\"datePublished\":\"2022-06-30T17:30:20+00:00\",\"dateModified\":\"2022-06-30T17:45:17+00:00\",\"author\":{\"@id\":\"https:\/\/www.africa-press.net\/tchad\/#\/schema\/person\/2b1cf3cd81a31e3cd26889ca66d677f1\"},\"description\":\"Jusqu\u2019\u00e0 il y a peu, beaucoup le consid\u00e9raient comme intouchable. Plus proche collaborateur de Mahamat Idriss D\u00e9by Itno, ...\",\"breadcrumb\":{\"@id\":\"https:\/\/www.africa-press.net\/tchad\/dossiers\/pourquoi-le-bras-droit-de-mahamat-idriss-deby-itno-est-entre-les-mains-de-lans#breadcrumb\"},\"inLanguage\":\"fr-FR\",\"potentialAction\":[{\"@type\":\"ReadAction\",\"target\":[\"https:\/\/www.africa-press.net\/tchad\/dossiers\/pourquoi-le-bras-droit-de-mahamat-idriss-deby-itno-est-entre-les-mains-de-lans\"]}]},{\"@type\":\"ImageObject\",\"inLanguage\":\"fr-FR\",\"@id\":\"https:\/\/www.africa-press.net\/tchad\/dossiers\/pourquoi-le-bras-droit-de-mahamat-idriss-deby-itno-est-entre-les-mains-de-lans#primaryimage\",\"url\":\"https:\/\/static.africa-press.net\/tchad\/sites\/41\/2022\/06\/postQueueImg_12-62bde11335da0.jpg\",\"contentUrl\":\"https:\/\/static.africa-press.net\/tchad\/sites\/41\/2022\/06\/postQueueImg_12-62bde11335da0.jpg\",\"width\":1256,\"height\":628,\"caption\":\"pourquoi le bras droit de Mahamat Idriss D\u00e9by Itno est entre les mains de l\u2019ANS\"},{\"@type\":\"BreadcrumbList\",\"@id\":\"https:\/\/www.africa-press.net\/tchad\/dossiers\/pourquoi-le-bras-droit-de-mahamat-idriss-deby-itno-est-entre-les-mains-de-lans#breadcrumb\",\"itemListElement\":[{\"@type\":\"ListItem\",\"position\":1,\"name\":\"Accueil\",\"item\":\"https:\/\/www.africa-press.net\/tchad\/\"},{\"@type\":\"ListItem\",\"position\":2,\"name\":\"pourquoi le bras droit de Mahamat Idriss D\u00e9by Itno est entre les mains de l\u2019ANS\"}]},{\"@type\":\"WebSite\",\"@id\":\"https:\/\/www.africa-press.net\/tchad\/#website\",\"url\":\"https:\/\/www.africa-press.net\/tchad\/\",\"name\":\"tchad\",\"description\":\"Just another Africa News Agency Sites site\",\"potentialAction\":[{\"@type\":\"SearchAction\",\"target\":{\"@type\":\"EntryPoint\",\"urlTemplate\":\"https:\/\/www.africa-press.net\/tchad\/?s={search_term_string}\"},\"query-input\":{\"@type\":\"PropertyValueSpecification\",\"valueRequired\":true,\"valueName\":\"search_term_string\"}}],\"inLanguage\":\"fr-FR\"},{\"@type\":\"Person\",\"@id\":\"https:\/\/www.africa-press.net\/tchad\/#\/schema\/person\/2b1cf3cd81a31e3cd26889ca66d677f1\",\"name\":\"cfeditorfr\"}]}<\/script>\n<!-- \/ Yoast SEO Premium plugin. -->","yoast_head_json":{"title":"pourquoi le bras droit de Mahamat Idriss D\u00e9by Itno est entre les mains de l\u2019ANS - tchad","description":"Jusqu\u2019\u00e0 il y a peu, beaucoup le consid\u00e9raient comme intouchable. Plus proche collaborateur de Mahamat Idriss D\u00e9by Itno, ...","robots":{"index":"index","follow":"follow","max-snippet":"max-snippet:-1","max-image-preview":"max-image-preview:large","max-video-preview":"max-video-preview:-1"},"canonical":"https:\/\/www.africa-press.net\/tchad\/dossiers\/pourquoi-le-bras-droit-de-mahamat-idriss-deby-itno-est-entre-les-mains-de-lans","og_locale":"fr_FR","og_type":"article","og_title":"pourquoi le bras droit de Mahamat Idriss D\u00e9by Itno est entre les mains de l\u2019ANS","og_description":"Jusqu\u2019\u00e0 il y a peu, beaucoup le consid\u00e9raient comme intouchable. Plus proche collaborateur de Mahamat Idriss D\u00e9by Itno, ...","og_url":"https:\/\/www.africa-press.net\/tchad\/dossiers\/pourquoi-le-bras-droit-de-mahamat-idriss-deby-itno-est-entre-les-mains-de-lans","og_site_name":"tchad","article_published_time":"2022-06-30T17:30:20+00:00","article_modified_time":"2022-06-30T17:45:17+00:00","og_image":[{"width":1256,"height":628,"url":"https:\/\/static.africa-press.net\/tchad\/sites\/41\/2022\/06\/postQueueImg_12-62bde11335da0.jpg","type":"image\/jpeg"}],"author":"cfeditorfr","twitter_card":"summary_large_image","twitter_misc":{"\u00c9crit par":"cfeditorfr","Dur\u00e9e de lecture estim\u00e9e":"1 minute"},"schema":{"@context":"https:\/\/schema.org","@graph":[{"@type":"Article","@id":"https:\/\/www.africa-press.net\/tchad\/dossiers\/pourquoi-le-bras-droit-de-mahamat-idriss-deby-itno-est-entre-les-mains-de-lans#article","isPartOf":{"@id":"https:\/\/www.africa-press.net\/tchad\/dossiers\/pourquoi-le-bras-droit-de-mahamat-idriss-deby-itno-est-entre-les-mains-de-lans"},"author":{"name":"cfeditorfr","@id":"https:\/\/www.africa-press.net\/tchad\/#\/schema\/person\/2b1cf3cd81a31e3cd26889ca66d677f1"},"headline":"pourquoi le bras droit de Mahamat Idriss D\u00e9by Itno est entre les mains de l\u2019ANS","datePublished":"2022-06-30T17:30:20+00:00","dateModified":"2022-06-30T17:45:17+00:00","mainEntityOfPage":{"@id":"https:\/\/www.africa-press.net\/tchad\/dossiers\/pourquoi-le-bras-droit-de-mahamat-idriss-deby-itno-est-entre-les-mains-de-lans"},"wordCount":190,"commentCount":0,"image":{"@id":"https:\/\/www.africa-press.net\/tchad\/dossiers\/pourquoi-le-bras-droit-de-mahamat-idriss-deby-itno-est-entre-les-mains-de-lans#primaryimage"},"thumbnailUrl":"https:\/\/static.africa-press.net\/tchad\/sites\/41\/2022\/06\/postQueueImg_12-62bde11335da0.jpg","keywords":["Africa Press","Africa Press-Tchad","Tchad"],"articleSection":["Dossiers","homepage-french","Toutes les actualit\u00e9s"],"inLanguage":"fr-FR","potentialAction":[{"@type":"CommentAction","name":"Comment","target":["https:\/\/www.africa-press.net\/tchad\/dossiers\/pourquoi-le-bras-droit-de-mahamat-idriss-deby-itno-est-entre-les-mains-de-lans#respond"]}]},{"@type":"WebPage","@id":"https:\/\/www.africa-press.net\/tchad\/dossiers\/pourquoi-le-bras-droit-de-mahamat-idriss-deby-itno-est-entre-les-mains-de-lans","url":"https:\/\/www.africa-press.net\/tchad\/dossiers\/pourquoi-le-bras-droit-de-mahamat-idriss-deby-itno-est-entre-les-mains-de-lans","name":"pourquoi le bras droit de Mahamat Idriss D\u00e9by Itno est entre les mains de l\u2019ANS - tchad","isPartOf":{"@id":"https:\/\/www.africa-press.net\/tchad\/#website"},"primaryImageOfPage":{"@id":"https:\/\/www.africa-press.net\/tchad\/dossiers\/pourquoi-le-bras-droit-de-mahamat-idriss-deby-itno-est-entre-les-mains-de-lans#primaryimage"},"image":{"@id":"https:\/\/www.africa-press.net\/tchad\/dossiers\/pourquoi-le-bras-droit-de-mahamat-idriss-deby-itno-est-entre-les-mains-de-lans#primaryimage"},"thumbnailUrl":"https:\/\/static.africa-press.net\/tchad\/sites\/41\/2022\/06\/postQueueImg_12-62bde11335da0.jpg","datePublished":"2022-06-30T17:30:20+00:00","dateModified":"2022-06-30T17:45:17+00:00","author":{"@id":"https:\/\/www.africa-press.net\/tchad\/#\/schema\/person\/2b1cf3cd81a31e3cd26889ca66d677f1"},"description":"Jusqu\u2019\u00e0 il y a peu, beaucoup le consid\u00e9raient comme intouchable. Plus proche collaborateur de Mahamat Idriss D\u00e9by Itno, ...","breadcrumb":{"@id":"https:\/\/www.africa-press.net\/tchad\/dossiers\/pourquoi-le-bras-droit-de-mahamat-idriss-deby-itno-est-entre-les-mains-de-lans#breadcrumb"},"inLanguage":"fr-FR","potentialAction":[{"@type":"ReadAction","target":["https:\/\/www.africa-press.net\/tchad\/dossiers\/pourquoi-le-bras-droit-de-mahamat-idriss-deby-itno-est-entre-les-mains-de-lans"]}]},{"@type":"ImageObject","inLanguage":"fr-FR","@id":"https:\/\/www.africa-press.net\/tchad\/dossiers\/pourquoi-le-bras-droit-de-mahamat-idriss-deby-itno-est-entre-les-mains-de-lans#primaryimage","url":"https:\/\/static.africa-press.net\/tchad\/sites\/41\/2022\/06\/postQueueImg_12-62bde11335da0.jpg","contentUrl":"https:\/\/static.africa-press.net\/tchad\/sites\/41\/2022\/06\/postQueueImg_12-62bde11335da0.jpg","width":1256,"height":628,"caption":"pourquoi le bras droit de Mahamat Idriss D\u00e9by Itno est entre les mains de l\u2019ANS"},{"@type":"BreadcrumbList","@id":"https:\/\/www.africa-press.net\/tchad\/dossiers\/pourquoi-le-bras-droit-de-mahamat-idriss-deby-itno-est-entre-les-mains-de-lans#breadcrumb","itemListElement":[{"@type":"ListItem","position":1,"name":"Accueil","item":"https:\/\/www.africa-press.net\/tchad\/"},{"@type":"ListItem","position":2,"name":"pourquoi le bras droit de Mahamat Idriss D\u00e9by Itno est entre les mains de l\u2019ANS"}]},{"@type":"WebSite","@id":"https:\/\/www.africa-press.net\/tchad\/#website","url":"https:\/\/www.africa-press.net\/tchad\/","name":"tchad","description":"Just another Africa News Agency Sites site","potentialAction":[{"@type":"SearchAction","target":{"@type":"EntryPoint","urlTemplate":"https:\/\/www.africa-press.net\/tchad\/?s={search_term_string}"},"query-input":{"@type":"PropertyValueSpecification","valueRequired":true,"valueName":"search_term_string"}}],"inLanguage":"fr-FR"},{"@type":"Person","@id":"https:\/\/www.africa-press.net\/tchad\/#\/schema\/person\/2b1cf3cd81a31e3cd26889ca66d677f1","name":"cfeditorfr"}]}},"_links":{"self":[{"href":"https:\/\/www.africa-press.net\/tchad\/wp-json\/wp\/v2\/posts\/28086","targetHints":{"allow":["GET"]}}],"collection":[{"href":"https:\/\/www.africa-press.net\/tchad\/wp-json\/wp\/v2\/posts"}],"about":[{"href":"https:\/\/www.africa-press.net\/tchad\/wp-json\/wp\/v2\/types\/post"}],"author":[{"embeddable":true,"href":"https:\/\/www.africa-press.net\/tchad\/wp-json\/wp\/v2\/users\/82"}],"replies":[{"embeddable":true,"href":"https:\/\/www.africa-press.net\/tchad\/wp-json\/wp\/v2\/comments?post=28086"}],"version-history":[{"count":0,"href":"https:\/\/www.africa-press.net\/tchad\/wp-json\/wp\/v2\/posts\/28086\/revisions"}],"wp:featuredmedia":[{"embeddable":true,"href":"https:\/\/www.africa-press.net\/tchad\/wp-json\/wp\/v2\/media\/28085"}],"wp:attachment":[{"href":"https:\/\/www.africa-press.net\/tchad\/wp-json\/wp\/v2\/media?parent=28086"}],"wp:term":[{"taxonomy":"category","embeddable":true,"href":"https:\/\/www.africa-press.net\/tchad\/wp-json\/wp\/v2\/categories?post=28086"},{"taxonomy":"post_tag","embeddable":true,"href":"https:\/\/www.africa-press.net\/tchad\/wp-json\/wp\/v2\/tags?post=28086"}],"curies":[{"name":"wp","href":"https:\/\/api.w.org\/{rel}","templated":true}]}}