{"id":28089,"date":"2022-06-30T17:31:53","date_gmt":"2022-06-30T17:31:53","guid":{"rendered":"https:\/\/www.africa-press.net\/tchad\/politique\/mahamat-lazina-sexplique-sur-larrete-de-nomination-a-la-garde-forestierelle-du-nord-du-pays"},"modified":"2022-06-30T17:45:53","modified_gmt":"2022-06-30T17:45:53","slug":"mahamat-lazina-sexplique-sur-larrete-de-nomination-a-la-garde-forestierelle-du-nord-du-pays","status":"publish","type":"post","link":"https:\/\/www.africa-press.net\/tchad\/politique\/mahamat-lazina-sexplique-sur-larrete-de-nomination-a-la-garde-forestierelle-du-nord-du-pays","title":{"rendered":"Mahamat Lazina s&rsquo;explique sur l&rsquo;arr\u00eat\u00e9 de nomination \u00e0 la garde foresti\u00e8relle du nord du pays"},"content":{"rendered":"<p><span style=\"color: #ff6600\"><strong>Africa-Press &#8211; Tchad. <\/strong><\/span>L&rsquo;opinion publique estime que l&rsquo;arr\u00eat\u00e9 ne prend pas en compte des profils de l&rsquo;ensemble des provinces du pays. Ce que le ministre reconnait mais justifie. \u00ab\u00a0Suite \u00e0 notre arr\u00eat\u00e9 portant nomination des chefs de d\u00e9tachement, beaucoup sont mont\u00e9s au cr\u00e9neau pour d\u00e9noncer ces nominations car nous aurions favoris\u00e9 un groupe de nomination (&#8230;) Les gens que j&rsquo;ai nomm\u00e9, est-ce que ce sont des tchadiens, oui ou non ? Je suis d&rsquo;accord, ce ne sont pas toutes les provinces qui sont repr\u00e9sent\u00e9es mais il faut comprendre qu&rsquo;au minist\u00e8re de l&rsquo;Environnement, nous avons le personnel civil et militaire. L&rsquo;arr\u00eat\u00e9 concentre le personnel militaire\u00a0\u00bb, explique Mahamat Lazina. \u00ab\u00a0Mon village se trouve dans le grand Chari-Baguirmi. \u00c0 l&rsquo;heure o\u00f9 je vous parle, dans le Chari-Baguirmi, il n&rsquo;y a m\u00eame pas un seul g\u00e9n\u00e9ral. Pour le profil de chef de d\u00e9tachement, il y a un certain grade qu&rsquo;il faut respecter (&#8230;) Les gens qui crient sur les r\u00e9seaux sociaux que je n&rsquo;ai pas pris leurs parents, ils n&rsquo;ont qu&rsquo;\u00e0 dire \u00e0 leurs parents d&#8217;embrasser le m\u00e9tier des armes\u00a0\u00bb, affirme le ministre. \u200bMahamat Lazina reconnait qu&rsquo;il y a \u00ab\u00a0du boulot \u00e0 faire\u00a0\u00bb au sein de la garde nomade. Un chantier qu&rsquo;il entend engager. Dans l&rsquo;imm\u00e9diat, il pr\u00e9cise avoir demand\u00e9 une d\u00e9rogation au pr\u00e9sident du Conseil militaire de transition pour l&rsquo;autorisation de recruter 250 agents. \u00ab\u00a0Ne me faites pas un avant proc\u00e8s. J&rsquo;ai trouv\u00e9 les choses comme \u00e7a\u00a0\u00bb, tranche le ministre.<\/p>\n<p><strong>Pour plus d&rsquo;informations et d&rsquo;analyses sur la <a href=\"https:\/\/www.africa-press.net\/tchad\">Tchad<\/a>, suivez <a href=\"https:\/\/www.africa-press.net\/\">Africa-Press<\/a><\/strong><\/p>\n","protected":false},"excerpt":{"rendered":"<p>Africa-Press &#8211; Tchad. L&rsquo;opinion publique estime que l&rsquo;arr\u00eat\u00e9 ne prend pas en compte des profils de l&rsquo;ensemble des provinces du pays. Ce que le ministre reconnait mais justifie. \u00ab\u00a0Suite \u00e0 notre arr\u00eat\u00e9 portant nomination des chefs de d\u00e9tachement, beaucoup sont mont\u00e9s au cr\u00e9neau pour d\u00e9noncer ces nominations car nous aurions favoris\u00e9 un groupe de nomination [&hellip;]<\/p>\n","protected":false},"author":82,"featured_media":28088,"comment_status":"open","ping_status":"closed","sticky":false,"template":"","format":"standard","meta":{"footnotes":""},"categories":[11,2,10],"tags":[37,292,29],"class_list":["post-28089","post","type-post","status-publish","format-standard","has-post-thumbnail","hentry","category-homepage-french","category-politique","category-toutes-les-actualites","tag-africa-press","tag-africa-press-tchad","tag-tchad"],"yoast_head":"<!-- This site is optimized with the Yoast SEO Premium plugin v26.1 (Yoast SEO v27.0) - https:\/\/yoast.com\/product\/yoast-seo-premium-wordpress\/ -->\n<title>Mahamat Lazina s&#039;explique sur l&#039;arr\u00eat\u00e9 de nomination \u00e0 la garde foresti\u00e8relle du nord du pays - tchad<\/title>\n<meta name=\"description\" content=\"L&#039;opinion publique estime que l&#039;arr\u00eat\u00e9 ne prend pas en compte des profils de l&#039;ensemble des provinces du pays. Ce que le ...\" \/>\n<meta name=\"robots\" content=\"index, follow, max-snippet:-1, max-image-preview:large, max-video-preview:-1\" \/>\n<link rel=\"canonical\" href=\"https:\/\/www.africa-press.net\/tchad\/politique\/mahamat-lazina-sexplique-sur-larrete-de-nomination-a-la-garde-forestierelle-du-nord-du-pays\" \/>\n<meta property=\"og:locale\" content=\"fr_FR\" \/>\n<meta property=\"og:type\" content=\"article\" \/>\n<meta property=\"og:title\" content=\"Mahamat Lazina s&#039;explique sur l&#039;arr\u00eat\u00e9 de nomination \u00e0 la garde foresti\u00e8relle du nord du pays\" \/>\n<meta property=\"og:description\" content=\"L&#039;opinion publique estime que l&#039;arr\u00eat\u00e9 ne prend pas en compte des profils de l&#039;ensemble des provinces du pays. Ce que le ...\" \/>\n<meta property=\"og:url\" content=\"https:\/\/www.africa-press.net\/tchad\/politique\/mahamat-lazina-sexplique-sur-larrete-de-nomination-a-la-garde-forestierelle-du-nord-du-pays\" \/>\n<meta property=\"og:site_name\" content=\"tchad\" \/>\n<meta property=\"article:published_time\" content=\"2022-06-30T17:31:53+00:00\" \/>\n<meta property=\"article:modified_time\" content=\"2022-06-30T17:45:53+00:00\" \/>\n<meta property=\"og:image\" content=\"https:\/\/static.africa-press.net\/tchad\/sites\/41\/2022\/06\/postQueueImg_13-62bde132c17c0.jpg\" \/>\n\t<meta property=\"og:image:width\" content=\"770\" \/>\n\t<meta property=\"og:image:height\" content=\"485\" \/>\n\t<meta property=\"og:image:type\" content=\"image\/jpeg\" \/>\n<meta name=\"author\" content=\"cfeditorfr\" \/>\n<meta name=\"twitter:card\" content=\"summary_large_image\" \/>\n<meta name=\"twitter:label1\" content=\"\u00c9crit par\" \/>\n\t<meta name=\"twitter:data1\" content=\"cfeditorfr\" \/>\n\t<meta name=\"twitter:label2\" content=\"Dur\u00e9e de lecture estim\u00e9e\" \/>\n\t<meta name=\"twitter:data2\" content=\"1 minute\" \/>\n<script type=\"application\/ld+json\" class=\"yoast-schema-graph\">{\"@context\":\"https:\/\/schema.org\",\"@graph\":[{\"@type\":\"Article\",\"@id\":\"https:\/\/www.africa-press.net\/tchad\/politique\/mahamat-lazina-sexplique-sur-larrete-de-nomination-a-la-garde-forestierelle-du-nord-du-pays#article\",\"isPartOf\":{\"@id\":\"https:\/\/www.africa-press.net\/tchad\/politique\/mahamat-lazina-sexplique-sur-larrete-de-nomination-a-la-garde-forestierelle-du-nord-du-pays\"},\"author\":{\"name\":\"cfeditorfr\",\"@id\":\"https:\/\/www.africa-press.net\/tchad\/#\/schema\/person\/2b1cf3cd81a31e3cd26889ca66d677f1\"},\"headline\":\"Mahamat Lazina s&rsquo;explique sur l&rsquo;arr\u00eat\u00e9 de nomination \u00e0 la garde foresti\u00e8relle du nord du pays\",\"datePublished\":\"2022-06-30T17:31:53+00:00\",\"dateModified\":\"2022-06-30T17:45:53+00:00\",\"mainEntityOfPage\":{\"@id\":\"https:\/\/www.africa-press.net\/tchad\/politique\/mahamat-lazina-sexplique-sur-larrete-de-nomination-a-la-garde-forestierelle-du-nord-du-pays\"},\"wordCount\":299,\"commentCount\":0,\"image\":{\"@id\":\"https:\/\/www.africa-press.net\/tchad\/politique\/mahamat-lazina-sexplique-sur-larrete-de-nomination-a-la-garde-forestierelle-du-nord-du-pays#primaryimage\"},\"thumbnailUrl\":\"https:\/\/static.africa-press.net\/tchad\/sites\/41\/2022\/06\/postQueueImg_13-62bde132c17c0.jpg\",\"keywords\":[\"Africa Press\",\"Africa Press-Tchad\",\"Tchad\"],\"articleSection\":[\"homepage-french\",\"Politique\",\"Toutes les actualit\u00e9s\"],\"inLanguage\":\"fr-FR\",\"potentialAction\":[{\"@type\":\"CommentAction\",\"name\":\"Comment\",\"target\":[\"https:\/\/www.africa-press.net\/tchad\/politique\/mahamat-lazina-sexplique-sur-larrete-de-nomination-a-la-garde-forestierelle-du-nord-du-pays#respond\"]}]},{\"@type\":\"WebPage\",\"@id\":\"https:\/\/www.africa-press.net\/tchad\/politique\/mahamat-lazina-sexplique-sur-larrete-de-nomination-a-la-garde-forestierelle-du-nord-du-pays\",\"url\":\"https:\/\/www.africa-press.net\/tchad\/politique\/mahamat-lazina-sexplique-sur-larrete-de-nomination-a-la-garde-forestierelle-du-nord-du-pays\",\"name\":\"Mahamat Lazina s'explique sur l'arr\u00eat\u00e9 de nomination \u00e0 la garde foresti\u00e8relle du nord du pays - tchad\",\"isPartOf\":{\"@id\":\"https:\/\/www.africa-press.net\/tchad\/#website\"},\"primaryImageOfPage\":{\"@id\":\"https:\/\/www.africa-press.net\/tchad\/politique\/mahamat-lazina-sexplique-sur-larrete-de-nomination-a-la-garde-forestierelle-du-nord-du-pays#primaryimage\"},\"image\":{\"@id\":\"https:\/\/www.africa-press.net\/tchad\/politique\/mahamat-lazina-sexplique-sur-larrete-de-nomination-a-la-garde-forestierelle-du-nord-du-pays#primaryimage\"},\"thumbnailUrl\":\"https:\/\/static.africa-press.net\/tchad\/sites\/41\/2022\/06\/postQueueImg_13-62bde132c17c0.jpg\",\"datePublished\":\"2022-06-30T17:31:53+00:00\",\"dateModified\":\"2022-06-30T17:45:53+00:00\",\"author\":{\"@id\":\"https:\/\/www.africa-press.net\/tchad\/#\/schema\/person\/2b1cf3cd81a31e3cd26889ca66d677f1\"},\"description\":\"L'opinion publique estime que l'arr\u00eat\u00e9 ne prend pas en compte des profils de l'ensemble des provinces du pays. Ce que le ...\",\"breadcrumb\":{\"@id\":\"https:\/\/www.africa-press.net\/tchad\/politique\/mahamat-lazina-sexplique-sur-larrete-de-nomination-a-la-garde-forestierelle-du-nord-du-pays#breadcrumb\"},\"inLanguage\":\"fr-FR\",\"potentialAction\":[{\"@type\":\"ReadAction\",\"target\":[\"https:\/\/www.africa-press.net\/tchad\/politique\/mahamat-lazina-sexplique-sur-larrete-de-nomination-a-la-garde-forestierelle-du-nord-du-pays\"]}]},{\"@type\":\"ImageObject\",\"inLanguage\":\"fr-FR\",\"@id\":\"https:\/\/www.africa-press.net\/tchad\/politique\/mahamat-lazina-sexplique-sur-larrete-de-nomination-a-la-garde-forestierelle-du-nord-du-pays#primaryimage\",\"url\":\"https:\/\/static.africa-press.net\/tchad\/sites\/41\/2022\/06\/postQueueImg_13-62bde132c17c0.jpg\",\"contentUrl\":\"https:\/\/static.africa-press.net\/tchad\/sites\/41\/2022\/06\/postQueueImg_13-62bde132c17c0.jpg\",\"width\":770,\"height\":485,\"caption\":\"Mahamat Lazina s'explique sur l'arr\u00eat\u00e9 de nomination \u00e0 la garde foresti\u00e8relle du nord du pays\"},{\"@type\":\"BreadcrumbList\",\"@id\":\"https:\/\/www.africa-press.net\/tchad\/politique\/mahamat-lazina-sexplique-sur-larrete-de-nomination-a-la-garde-forestierelle-du-nord-du-pays#breadcrumb\",\"itemListElement\":[{\"@type\":\"ListItem\",\"position\":1,\"name\":\"Accueil\",\"item\":\"https:\/\/www.africa-press.net\/tchad\/\"},{\"@type\":\"ListItem\",\"position\":2,\"name\":\"Mahamat Lazina s&#8217;explique sur l&#8217;arr\u00eat\u00e9 de nomination \u00e0 la garde foresti\u00e8relle du nord du pays\"}]},{\"@type\":\"WebSite\",\"@id\":\"https:\/\/www.africa-press.net\/tchad\/#website\",\"url\":\"https:\/\/www.africa-press.net\/tchad\/\",\"name\":\"tchad\",\"description\":\"Just another Africa News Agency Sites site\",\"potentialAction\":[{\"@type\":\"SearchAction\",\"target\":{\"@type\":\"EntryPoint\",\"urlTemplate\":\"https:\/\/www.africa-press.net\/tchad\/?s={search_term_string}\"},\"query-input\":{\"@type\":\"PropertyValueSpecification\",\"valueRequired\":true,\"valueName\":\"search_term_string\"}}],\"inLanguage\":\"fr-FR\"},{\"@type\":\"Person\",\"@id\":\"https:\/\/www.africa-press.net\/tchad\/#\/schema\/person\/2b1cf3cd81a31e3cd26889ca66d677f1\",\"name\":\"cfeditorfr\"}]}<\/script>\n<!-- \/ Yoast SEO Premium plugin. -->","yoast_head_json":{"title":"Mahamat Lazina s'explique sur l'arr\u00eat\u00e9 de nomination \u00e0 la garde foresti\u00e8relle du nord du pays - tchad","description":"L'opinion publique estime que l'arr\u00eat\u00e9 ne prend pas en compte des profils de l'ensemble des provinces du pays. Ce que le ...","robots":{"index":"index","follow":"follow","max-snippet":"max-snippet:-1","max-image-preview":"max-image-preview:large","max-video-preview":"max-video-preview:-1"},"canonical":"https:\/\/www.africa-press.net\/tchad\/politique\/mahamat-lazina-sexplique-sur-larrete-de-nomination-a-la-garde-forestierelle-du-nord-du-pays","og_locale":"fr_FR","og_type":"article","og_title":"Mahamat Lazina s'explique sur l'arr\u00eat\u00e9 de nomination \u00e0 la garde foresti\u00e8relle du nord du pays","og_description":"L'opinion publique estime que l'arr\u00eat\u00e9 ne prend pas en compte des profils de l'ensemble des provinces du pays. Ce que le ...","og_url":"https:\/\/www.africa-press.net\/tchad\/politique\/mahamat-lazina-sexplique-sur-larrete-de-nomination-a-la-garde-forestierelle-du-nord-du-pays","og_site_name":"tchad","article_published_time":"2022-06-30T17:31:53+00:00","article_modified_time":"2022-06-30T17:45:53+00:00","og_image":[{"width":770,"height":485,"url":"https:\/\/static.africa-press.net\/tchad\/sites\/41\/2022\/06\/postQueueImg_13-62bde132c17c0.jpg","type":"image\/jpeg"}],"author":"cfeditorfr","twitter_card":"summary_large_image","twitter_misc":{"\u00c9crit par":"cfeditorfr","Dur\u00e9e de lecture estim\u00e9e":"1 minute"},"schema":{"@context":"https:\/\/schema.org","@graph":[{"@type":"Article","@id":"https:\/\/www.africa-press.net\/tchad\/politique\/mahamat-lazina-sexplique-sur-larrete-de-nomination-a-la-garde-forestierelle-du-nord-du-pays#article","isPartOf":{"@id":"https:\/\/www.africa-press.net\/tchad\/politique\/mahamat-lazina-sexplique-sur-larrete-de-nomination-a-la-garde-forestierelle-du-nord-du-pays"},"author":{"name":"cfeditorfr","@id":"https:\/\/www.africa-press.net\/tchad\/#\/schema\/person\/2b1cf3cd81a31e3cd26889ca66d677f1"},"headline":"Mahamat Lazina s&rsquo;explique sur l&rsquo;arr\u00eat\u00e9 de nomination \u00e0 la garde foresti\u00e8relle du nord du pays","datePublished":"2022-06-30T17:31:53+00:00","dateModified":"2022-06-30T17:45:53+00:00","mainEntityOfPage":{"@id":"https:\/\/www.africa-press.net\/tchad\/politique\/mahamat-lazina-sexplique-sur-larrete-de-nomination-a-la-garde-forestierelle-du-nord-du-pays"},"wordCount":299,"commentCount":0,"image":{"@id":"https:\/\/www.africa-press.net\/tchad\/politique\/mahamat-lazina-sexplique-sur-larrete-de-nomination-a-la-garde-forestierelle-du-nord-du-pays#primaryimage"},"thumbnailUrl":"https:\/\/static.africa-press.net\/tchad\/sites\/41\/2022\/06\/postQueueImg_13-62bde132c17c0.jpg","keywords":["Africa Press","Africa Press-Tchad","Tchad"],"articleSection":["homepage-french","Politique","Toutes les actualit\u00e9s"],"inLanguage":"fr-FR","potentialAction":[{"@type":"CommentAction","name":"Comment","target":["https:\/\/www.africa-press.net\/tchad\/politique\/mahamat-lazina-sexplique-sur-larrete-de-nomination-a-la-garde-forestierelle-du-nord-du-pays#respond"]}]},{"@type":"WebPage","@id":"https:\/\/www.africa-press.net\/tchad\/politique\/mahamat-lazina-sexplique-sur-larrete-de-nomination-a-la-garde-forestierelle-du-nord-du-pays","url":"https:\/\/www.africa-press.net\/tchad\/politique\/mahamat-lazina-sexplique-sur-larrete-de-nomination-a-la-garde-forestierelle-du-nord-du-pays","name":"Mahamat Lazina s'explique sur l'arr\u00eat\u00e9 de nomination \u00e0 la garde foresti\u00e8relle du nord du pays - tchad","isPartOf":{"@id":"https:\/\/www.africa-press.net\/tchad\/#website"},"primaryImageOfPage":{"@id":"https:\/\/www.africa-press.net\/tchad\/politique\/mahamat-lazina-sexplique-sur-larrete-de-nomination-a-la-garde-forestierelle-du-nord-du-pays#primaryimage"},"image":{"@id":"https:\/\/www.africa-press.net\/tchad\/politique\/mahamat-lazina-sexplique-sur-larrete-de-nomination-a-la-garde-forestierelle-du-nord-du-pays#primaryimage"},"thumbnailUrl":"https:\/\/static.africa-press.net\/tchad\/sites\/41\/2022\/06\/postQueueImg_13-62bde132c17c0.jpg","datePublished":"2022-06-30T17:31:53+00:00","dateModified":"2022-06-30T17:45:53+00:00","author":{"@id":"https:\/\/www.africa-press.net\/tchad\/#\/schema\/person\/2b1cf3cd81a31e3cd26889ca66d677f1"},"description":"L'opinion publique estime que l'arr\u00eat\u00e9 ne prend pas en compte des profils de l'ensemble des provinces du pays. Ce que le ...","breadcrumb":{"@id":"https:\/\/www.africa-press.net\/tchad\/politique\/mahamat-lazina-sexplique-sur-larrete-de-nomination-a-la-garde-forestierelle-du-nord-du-pays#breadcrumb"},"inLanguage":"fr-FR","potentialAction":[{"@type":"ReadAction","target":["https:\/\/www.africa-press.net\/tchad\/politique\/mahamat-lazina-sexplique-sur-larrete-de-nomination-a-la-garde-forestierelle-du-nord-du-pays"]}]},{"@type":"ImageObject","inLanguage":"fr-FR","@id":"https:\/\/www.africa-press.net\/tchad\/politique\/mahamat-lazina-sexplique-sur-larrete-de-nomination-a-la-garde-forestierelle-du-nord-du-pays#primaryimage","url":"https:\/\/static.africa-press.net\/tchad\/sites\/41\/2022\/06\/postQueueImg_13-62bde132c17c0.jpg","contentUrl":"https:\/\/static.africa-press.net\/tchad\/sites\/41\/2022\/06\/postQueueImg_13-62bde132c17c0.jpg","width":770,"height":485,"caption":"Mahamat Lazina s'explique sur l'arr\u00eat\u00e9 de nomination \u00e0 la garde foresti\u00e8relle du nord du pays"},{"@type":"BreadcrumbList","@id":"https:\/\/www.africa-press.net\/tchad\/politique\/mahamat-lazina-sexplique-sur-larrete-de-nomination-a-la-garde-forestierelle-du-nord-du-pays#breadcrumb","itemListElement":[{"@type":"ListItem","position":1,"name":"Accueil","item":"https:\/\/www.africa-press.net\/tchad\/"},{"@type":"ListItem","position":2,"name":"Mahamat Lazina s&#8217;explique sur l&#8217;arr\u00eat\u00e9 de nomination \u00e0 la garde foresti\u00e8relle du nord du pays"}]},{"@type":"WebSite","@id":"https:\/\/www.africa-press.net\/tchad\/#website","url":"https:\/\/www.africa-press.net\/tchad\/","name":"tchad","description":"Just another Africa News Agency Sites site","potentialAction":[{"@type":"SearchAction","target":{"@type":"EntryPoint","urlTemplate":"https:\/\/www.africa-press.net\/tchad\/?s={search_term_string}"},"query-input":{"@type":"PropertyValueSpecification","valueRequired":true,"valueName":"search_term_string"}}],"inLanguage":"fr-FR"},{"@type":"Person","@id":"https:\/\/www.africa-press.net\/tchad\/#\/schema\/person\/2b1cf3cd81a31e3cd26889ca66d677f1","name":"cfeditorfr"}]}},"_links":{"self":[{"href":"https:\/\/www.africa-press.net\/tchad\/wp-json\/wp\/v2\/posts\/28089","targetHints":{"allow":["GET"]}}],"collection":[{"href":"https:\/\/www.africa-press.net\/tchad\/wp-json\/wp\/v2\/posts"}],"about":[{"href":"https:\/\/www.africa-press.net\/tchad\/wp-json\/wp\/v2\/types\/post"}],"author":[{"embeddable":true,"href":"https:\/\/www.africa-press.net\/tchad\/wp-json\/wp\/v2\/users\/82"}],"replies":[{"embeddable":true,"href":"https:\/\/www.africa-press.net\/tchad\/wp-json\/wp\/v2\/comments?post=28089"}],"version-history":[{"count":0,"href":"https:\/\/www.africa-press.net\/tchad\/wp-json\/wp\/v2\/posts\/28089\/revisions"}],"wp:featuredmedia":[{"embeddable":true,"href":"https:\/\/www.africa-press.net\/tchad\/wp-json\/wp\/v2\/media\/28088"}],"wp:attachment":[{"href":"https:\/\/www.africa-press.net\/tchad\/wp-json\/wp\/v2\/media?parent=28089"}],"wp:term":[{"taxonomy":"category","embeddable":true,"href":"https:\/\/www.africa-press.net\/tchad\/wp-json\/wp\/v2\/categories?post=28089"},{"taxonomy":"post_tag","embeddable":true,"href":"https:\/\/www.africa-press.net\/tchad\/wp-json\/wp\/v2\/tags?post=28089"}],"curies":[{"name":"wp","href":"https:\/\/api.w.org\/{rel}","templated":true}]}}