{"id":28095,"date":"2022-06-30T17:34:44","date_gmt":"2022-06-30T17:34:44","guid":{"rendered":"https:\/\/www.africa-press.net\/tchad\/politique\/tchad-soudan-un-emissaire-du-president-al-burhane-recu-par-le-pcmt"},"modified":"2022-06-30T17:47:05","modified_gmt":"2022-06-30T17:47:05","slug":"tchad-soudan-un-emissaire-du-president-al-burhane-recu-par-le-pcmt","status":"publish","type":"post","link":"https:\/\/www.africa-press.net\/tchad\/politique\/tchad-soudan-un-emissaire-du-president-al-burhane-recu-par-le-pcmt","title":{"rendered":"TCHAD-SOUDAN : Un \u00e9missaire du Pr\u00e9sident AL-BURHANE re\u00e7u par le PCMT"},"content":{"rendered":"<p><span style=\"color: #ff6600\"><strong>Africa-Press &#8211; Tchad. <\/strong><\/span>Le Pr\u00e9sident du Conseil Militaire de Transition, G\u00e9n\u00e9ral MAHAMAT IDRISS DEBY ITNO a re\u00e7u en audience ce matin le ministre soudanais de la D\u00e9fense, G\u00e9n\u00e9ral YASSIN IBRAHIM YASSIN. A la t\u00eate d\u2019une importante d\u00e9l\u00e9gation, il est porteur d\u2019un message du Pr\u00e9sident du Conseil Souverain de Transition du Soudan, G\u00e9n\u00e9ral ABDEL FATTAH AL-BURHANE \u00e0 son homologue G\u00e9n\u00e9ral MAHAMAT IDRISS DEBY ITNO.<\/p>\n<p>Outre le message dont il est porteur, le ministre soudanais de la D\u00e9fense a \u00e9galement transmis les salutations fraternelles du G\u00e9n\u00e9ral ABDEL FATTAH AL-BURHANE au Chef de l\u2019Etat. Aussi, l\u2019opportunit\u00e9 est-elle saisie par l\u2019\u00e9missaire soudanais pour \u00e9voquer avec le Pr\u00e9sident de la R\u00e9publique des sujets d\u2019int\u00e9r\u00eat commun comme la longue et dynamique coop\u00e9ration qui lie deux pays et les deux peuples fr\u00e8res et la s\u00e9curisation de leur fronti\u00e8re commune, dans l\u2019optique de les redynamiser. De m\u00eame, le Chef de l\u2019Etat et son h\u00f4te ont parl\u00e9 du climat socio-politique actuel au Soudan.<\/p>\n<p>Entre le Tchad et le Soudan, c\u2019est une longue et dynamique coop\u00e9ration qui lie deux pays et deux peuples fr\u00e8res. Le renforcement de cette coop\u00e9ration et la s\u00e9curisation d\u2019une longue fronti\u00e8re commune entre les deux pays sont entre autres sujets d\u2019\u00e9changes et de consultations.<\/p>\n<p>Interrog\u00e9 \u00e0 sa sortie d\u2019audience, le G\u00e9n\u00e9ral YASSIN IBRAHIM YASSIN a salu\u00e9 l\u2019excellence de la coop\u00e9ration qui existe entre son pays et le Tchad. Une coop\u00e9ration, objet d\u2019\u00e9changes et de consultations r\u00e9guli\u00e8res au sommet, appel\u00e9e \u00e0 se renforcer davantage. L\u2019\u00e9missaire soudanais dit \u00e9galement avec satisfaction la vision du chef de l\u2019Etat pour son pays et partant pour la sous-r\u00e9gion.<\/p>\n<p><strong>Pour plus d&rsquo;informations et d&rsquo;analyses sur la <a href=\"https:\/\/www.africa-press.net\/tchad\">Tchad<\/a>, suivez <a href=\"https:\/\/www.africa-press.net\/\">Africa-Press<\/a><\/strong><\/p>\n","protected":false},"excerpt":{"rendered":"<p>Africa-Press &#8211; Tchad. Le Pr\u00e9sident du Conseil Militaire de Transition, G\u00e9n\u00e9ral MAHAMAT IDRISS DEBY ITNO a re\u00e7u en audience ce matin le ministre soudanais de la D\u00e9fense, G\u00e9n\u00e9ral YASSIN IBRAHIM YASSIN. A la t\u00eate d\u2019une importante d\u00e9l\u00e9gation, il est porteur d\u2019un message du Pr\u00e9sident du Conseil Souverain de Transition du Soudan, G\u00e9n\u00e9ral ABDEL FATTAH AL-BURHANE [&hellip;]<\/p>\n","protected":false},"author":82,"featured_media":28094,"comment_status":"open","ping_status":"closed","sticky":false,"template":"","format":"standard","meta":{"footnotes":""},"categories":[11,2,20,10],"tags":[37,292,29],"class_list":["post-28095","post","type-post","status-publish","format-standard","has-post-thumbnail","hentry","category-homepage-french","category-politique","category-top-nouvelles","category-toutes-les-actualites","tag-africa-press","tag-africa-press-tchad","tag-tchad"],"yoast_head":"<!-- This site is optimized with the Yoast SEO Premium plugin v26.1 (Yoast SEO v27.0) - https:\/\/yoast.com\/product\/yoast-seo-premium-wordpress\/ -->\n<title>TCHAD-SOUDAN : Un \u00e9missaire du Pr\u00e9sident AL-BURHANE re\u00e7u par le PCMT - tchad<\/title>\n<meta name=\"description\" content=\"Le Pr\u00e9sident du Conseil Militaire de Transition, G\u00e9n\u00e9ral MAHAMAT IDRISS DEBY ITNO a re\u00e7u en audience ce matin le ministr ...\" \/>\n<meta name=\"robots\" content=\"index, follow, max-snippet:-1, max-image-preview:large, max-video-preview:-1\" \/>\n<link rel=\"canonical\" href=\"https:\/\/www.africa-press.net\/tchad\/politique\/tchad-soudan-un-emissaire-du-president-al-burhane-recu-par-le-pcmt\" \/>\n<meta property=\"og:locale\" content=\"fr_FR\" \/>\n<meta property=\"og:type\" content=\"article\" \/>\n<meta property=\"og:title\" content=\"TCHAD-SOUDAN : Un \u00e9missaire du Pr\u00e9sident AL-BURHANE re\u00e7u par le PCMT\" \/>\n<meta property=\"og:description\" content=\"Le Pr\u00e9sident du Conseil Militaire de Transition, G\u00e9n\u00e9ral MAHAMAT IDRISS DEBY ITNO a re\u00e7u en audience ce matin le ministr ...\" \/>\n<meta property=\"og:url\" content=\"https:\/\/www.africa-press.net\/tchad\/politique\/tchad-soudan-un-emissaire-du-president-al-burhane-recu-par-le-pcmt\" \/>\n<meta property=\"og:site_name\" content=\"tchad\" \/>\n<meta property=\"article:published_time\" content=\"2022-06-30T17:34:44+00:00\" \/>\n<meta property=\"article:modified_time\" content=\"2022-06-30T17:47:05+00:00\" \/>\n<meta property=\"og:image\" content=\"https:\/\/static.africa-press.net\/tchad\/sites\/41\/2022\/06\/postQueueImg_15-62bde178845ca.jpg\" \/>\n\t<meta property=\"og:image:width\" content=\"1024\" \/>\n\t<meta property=\"og:image:height\" content=\"625\" \/>\n\t<meta property=\"og:image:type\" content=\"image\/jpeg\" \/>\n<meta name=\"author\" content=\"cfeditorfr\" \/>\n<meta name=\"twitter:card\" content=\"summary_large_image\" \/>\n<meta name=\"twitter:label1\" content=\"\u00c9crit par\" \/>\n\t<meta name=\"twitter:data1\" content=\"cfeditorfr\" \/>\n\t<meta name=\"twitter:label2\" content=\"Dur\u00e9e de lecture estim\u00e9e\" \/>\n\t<meta name=\"twitter:data2\" content=\"2 minutes\" \/>\n<script type=\"application\/ld+json\" class=\"yoast-schema-graph\">{\"@context\":\"https:\/\/schema.org\",\"@graph\":[{\"@type\":\"Article\",\"@id\":\"https:\/\/www.africa-press.net\/tchad\/politique\/tchad-soudan-un-emissaire-du-president-al-burhane-recu-par-le-pcmt#article\",\"isPartOf\":{\"@id\":\"https:\/\/www.africa-press.net\/tchad\/politique\/tchad-soudan-un-emissaire-du-president-al-burhane-recu-par-le-pcmt\"},\"author\":{\"name\":\"cfeditorfr\",\"@id\":\"https:\/\/www.africa-press.net\/tchad\/#\/schema\/person\/2b1cf3cd81a31e3cd26889ca66d677f1\"},\"headline\":\"TCHAD-SOUDAN : Un \u00e9missaire du Pr\u00e9sident AL-BURHANE re\u00e7u par le PCMT\",\"datePublished\":\"2022-06-30T17:34:44+00:00\",\"dateModified\":\"2022-06-30T17:47:05+00:00\",\"mainEntityOfPage\":{\"@id\":\"https:\/\/www.africa-press.net\/tchad\/politique\/tchad-soudan-un-emissaire-du-president-al-burhane-recu-par-le-pcmt\"},\"wordCount\":335,\"commentCount\":0,\"image\":{\"@id\":\"https:\/\/www.africa-press.net\/tchad\/politique\/tchad-soudan-un-emissaire-du-president-al-burhane-recu-par-le-pcmt#primaryimage\"},\"thumbnailUrl\":\"https:\/\/static.africa-press.net\/tchad\/sites\/41\/2022\/06\/postQueueImg_15-62bde178845ca.jpg\",\"keywords\":[\"Africa Press\",\"Africa Press-Tchad\",\"Tchad\"],\"articleSection\":[\"homepage-french\",\"Politique\",\"Top Nouvelles\",\"Toutes les actualit\u00e9s\"],\"inLanguage\":\"fr-FR\",\"potentialAction\":[{\"@type\":\"CommentAction\",\"name\":\"Comment\",\"target\":[\"https:\/\/www.africa-press.net\/tchad\/politique\/tchad-soudan-un-emissaire-du-president-al-burhane-recu-par-le-pcmt#respond\"]}]},{\"@type\":\"WebPage\",\"@id\":\"https:\/\/www.africa-press.net\/tchad\/politique\/tchad-soudan-un-emissaire-du-president-al-burhane-recu-par-le-pcmt\",\"url\":\"https:\/\/www.africa-press.net\/tchad\/politique\/tchad-soudan-un-emissaire-du-president-al-burhane-recu-par-le-pcmt\",\"name\":\"TCHAD-SOUDAN : Un \u00e9missaire du Pr\u00e9sident AL-BURHANE re\u00e7u par le PCMT - tchad\",\"isPartOf\":{\"@id\":\"https:\/\/www.africa-press.net\/tchad\/#website\"},\"primaryImageOfPage\":{\"@id\":\"https:\/\/www.africa-press.net\/tchad\/politique\/tchad-soudan-un-emissaire-du-president-al-burhane-recu-par-le-pcmt#primaryimage\"},\"image\":{\"@id\":\"https:\/\/www.africa-press.net\/tchad\/politique\/tchad-soudan-un-emissaire-du-president-al-burhane-recu-par-le-pcmt#primaryimage\"},\"thumbnailUrl\":\"https:\/\/static.africa-press.net\/tchad\/sites\/41\/2022\/06\/postQueueImg_15-62bde178845ca.jpg\",\"datePublished\":\"2022-06-30T17:34:44+00:00\",\"dateModified\":\"2022-06-30T17:47:05+00:00\",\"author\":{\"@id\":\"https:\/\/www.africa-press.net\/tchad\/#\/schema\/person\/2b1cf3cd81a31e3cd26889ca66d677f1\"},\"description\":\"Le Pr\u00e9sident du Conseil Militaire de Transition, G\u00e9n\u00e9ral MAHAMAT IDRISS DEBY ITNO a re\u00e7u en audience ce matin le ministr ...\",\"breadcrumb\":{\"@id\":\"https:\/\/www.africa-press.net\/tchad\/politique\/tchad-soudan-un-emissaire-du-president-al-burhane-recu-par-le-pcmt#breadcrumb\"},\"inLanguage\":\"fr-FR\",\"potentialAction\":[{\"@type\":\"ReadAction\",\"target\":[\"https:\/\/www.africa-press.net\/tchad\/politique\/tchad-soudan-un-emissaire-du-president-al-burhane-recu-par-le-pcmt\"]}]},{\"@type\":\"ImageObject\",\"inLanguage\":\"fr-FR\",\"@id\":\"https:\/\/www.africa-press.net\/tchad\/politique\/tchad-soudan-un-emissaire-du-president-al-burhane-recu-par-le-pcmt#primaryimage\",\"url\":\"https:\/\/static.africa-press.net\/tchad\/sites\/41\/2022\/06\/postQueueImg_15-62bde178845ca.jpg\",\"contentUrl\":\"https:\/\/static.africa-press.net\/tchad\/sites\/41\/2022\/06\/postQueueImg_15-62bde178845ca.jpg\",\"width\":1024,\"height\":625,\"caption\":\"TCHAD-SOUDAN : Un \u00e9missaire du Pr\u00e9sident AL-BURHANE re\u00e7u par le PCMT\"},{\"@type\":\"BreadcrumbList\",\"@id\":\"https:\/\/www.africa-press.net\/tchad\/politique\/tchad-soudan-un-emissaire-du-president-al-burhane-recu-par-le-pcmt#breadcrumb\",\"itemListElement\":[{\"@type\":\"ListItem\",\"position\":1,\"name\":\"Accueil\",\"item\":\"https:\/\/www.africa-press.net\/tchad\/\"},{\"@type\":\"ListItem\",\"position\":2,\"name\":\"TCHAD-SOUDAN : Un \u00e9missaire du Pr\u00e9sident AL-BURHANE re\u00e7u par le PCMT\"}]},{\"@type\":\"WebSite\",\"@id\":\"https:\/\/www.africa-press.net\/tchad\/#website\",\"url\":\"https:\/\/www.africa-press.net\/tchad\/\",\"name\":\"tchad\",\"description\":\"Just another Africa News Agency Sites site\",\"potentialAction\":[{\"@type\":\"SearchAction\",\"target\":{\"@type\":\"EntryPoint\",\"urlTemplate\":\"https:\/\/www.africa-press.net\/tchad\/?s={search_term_string}\"},\"query-input\":{\"@type\":\"PropertyValueSpecification\",\"valueRequired\":true,\"valueName\":\"search_term_string\"}}],\"inLanguage\":\"fr-FR\"},{\"@type\":\"Person\",\"@id\":\"https:\/\/www.africa-press.net\/tchad\/#\/schema\/person\/2b1cf3cd81a31e3cd26889ca66d677f1\",\"name\":\"cfeditorfr\"}]}<\/script>\n<!-- \/ Yoast SEO Premium plugin. -->","yoast_head_json":{"title":"TCHAD-SOUDAN : Un \u00e9missaire du Pr\u00e9sident AL-BURHANE re\u00e7u par le PCMT - tchad","description":"Le Pr\u00e9sident du Conseil Militaire de Transition, G\u00e9n\u00e9ral MAHAMAT IDRISS DEBY ITNO a re\u00e7u en audience ce matin le ministr ...","robots":{"index":"index","follow":"follow","max-snippet":"max-snippet:-1","max-image-preview":"max-image-preview:large","max-video-preview":"max-video-preview:-1"},"canonical":"https:\/\/www.africa-press.net\/tchad\/politique\/tchad-soudan-un-emissaire-du-president-al-burhane-recu-par-le-pcmt","og_locale":"fr_FR","og_type":"article","og_title":"TCHAD-SOUDAN : Un \u00e9missaire du Pr\u00e9sident AL-BURHANE re\u00e7u par le PCMT","og_description":"Le Pr\u00e9sident du Conseil Militaire de Transition, G\u00e9n\u00e9ral MAHAMAT IDRISS DEBY ITNO a re\u00e7u en audience ce matin le ministr ...","og_url":"https:\/\/www.africa-press.net\/tchad\/politique\/tchad-soudan-un-emissaire-du-president-al-burhane-recu-par-le-pcmt","og_site_name":"tchad","article_published_time":"2022-06-30T17:34:44+00:00","article_modified_time":"2022-06-30T17:47:05+00:00","og_image":[{"width":1024,"height":625,"url":"https:\/\/static.africa-press.net\/tchad\/sites\/41\/2022\/06\/postQueueImg_15-62bde178845ca.jpg","type":"image\/jpeg"}],"author":"cfeditorfr","twitter_card":"summary_large_image","twitter_misc":{"\u00c9crit par":"cfeditorfr","Dur\u00e9e de lecture estim\u00e9e":"2 minutes"},"schema":{"@context":"https:\/\/schema.org","@graph":[{"@type":"Article","@id":"https:\/\/www.africa-press.net\/tchad\/politique\/tchad-soudan-un-emissaire-du-president-al-burhane-recu-par-le-pcmt#article","isPartOf":{"@id":"https:\/\/www.africa-press.net\/tchad\/politique\/tchad-soudan-un-emissaire-du-president-al-burhane-recu-par-le-pcmt"},"author":{"name":"cfeditorfr","@id":"https:\/\/www.africa-press.net\/tchad\/#\/schema\/person\/2b1cf3cd81a31e3cd26889ca66d677f1"},"headline":"TCHAD-SOUDAN : Un \u00e9missaire du Pr\u00e9sident AL-BURHANE re\u00e7u par le PCMT","datePublished":"2022-06-30T17:34:44+00:00","dateModified":"2022-06-30T17:47:05+00:00","mainEntityOfPage":{"@id":"https:\/\/www.africa-press.net\/tchad\/politique\/tchad-soudan-un-emissaire-du-president-al-burhane-recu-par-le-pcmt"},"wordCount":335,"commentCount":0,"image":{"@id":"https:\/\/www.africa-press.net\/tchad\/politique\/tchad-soudan-un-emissaire-du-president-al-burhane-recu-par-le-pcmt#primaryimage"},"thumbnailUrl":"https:\/\/static.africa-press.net\/tchad\/sites\/41\/2022\/06\/postQueueImg_15-62bde178845ca.jpg","keywords":["Africa Press","Africa Press-Tchad","Tchad"],"articleSection":["homepage-french","Politique","Top Nouvelles","Toutes les actualit\u00e9s"],"inLanguage":"fr-FR","potentialAction":[{"@type":"CommentAction","name":"Comment","target":["https:\/\/www.africa-press.net\/tchad\/politique\/tchad-soudan-un-emissaire-du-president-al-burhane-recu-par-le-pcmt#respond"]}]},{"@type":"WebPage","@id":"https:\/\/www.africa-press.net\/tchad\/politique\/tchad-soudan-un-emissaire-du-president-al-burhane-recu-par-le-pcmt","url":"https:\/\/www.africa-press.net\/tchad\/politique\/tchad-soudan-un-emissaire-du-president-al-burhane-recu-par-le-pcmt","name":"TCHAD-SOUDAN : Un \u00e9missaire du Pr\u00e9sident AL-BURHANE re\u00e7u par le PCMT - tchad","isPartOf":{"@id":"https:\/\/www.africa-press.net\/tchad\/#website"},"primaryImageOfPage":{"@id":"https:\/\/www.africa-press.net\/tchad\/politique\/tchad-soudan-un-emissaire-du-president-al-burhane-recu-par-le-pcmt#primaryimage"},"image":{"@id":"https:\/\/www.africa-press.net\/tchad\/politique\/tchad-soudan-un-emissaire-du-president-al-burhane-recu-par-le-pcmt#primaryimage"},"thumbnailUrl":"https:\/\/static.africa-press.net\/tchad\/sites\/41\/2022\/06\/postQueueImg_15-62bde178845ca.jpg","datePublished":"2022-06-30T17:34:44+00:00","dateModified":"2022-06-30T17:47:05+00:00","author":{"@id":"https:\/\/www.africa-press.net\/tchad\/#\/schema\/person\/2b1cf3cd81a31e3cd26889ca66d677f1"},"description":"Le Pr\u00e9sident du Conseil Militaire de Transition, G\u00e9n\u00e9ral MAHAMAT IDRISS DEBY ITNO a re\u00e7u en audience ce matin le ministr ...","breadcrumb":{"@id":"https:\/\/www.africa-press.net\/tchad\/politique\/tchad-soudan-un-emissaire-du-president-al-burhane-recu-par-le-pcmt#breadcrumb"},"inLanguage":"fr-FR","potentialAction":[{"@type":"ReadAction","target":["https:\/\/www.africa-press.net\/tchad\/politique\/tchad-soudan-un-emissaire-du-president-al-burhane-recu-par-le-pcmt"]}]},{"@type":"ImageObject","inLanguage":"fr-FR","@id":"https:\/\/www.africa-press.net\/tchad\/politique\/tchad-soudan-un-emissaire-du-president-al-burhane-recu-par-le-pcmt#primaryimage","url":"https:\/\/static.africa-press.net\/tchad\/sites\/41\/2022\/06\/postQueueImg_15-62bde178845ca.jpg","contentUrl":"https:\/\/static.africa-press.net\/tchad\/sites\/41\/2022\/06\/postQueueImg_15-62bde178845ca.jpg","width":1024,"height":625,"caption":"TCHAD-SOUDAN : Un \u00e9missaire du Pr\u00e9sident AL-BURHANE re\u00e7u par le PCMT"},{"@type":"BreadcrumbList","@id":"https:\/\/www.africa-press.net\/tchad\/politique\/tchad-soudan-un-emissaire-du-president-al-burhane-recu-par-le-pcmt#breadcrumb","itemListElement":[{"@type":"ListItem","position":1,"name":"Accueil","item":"https:\/\/www.africa-press.net\/tchad\/"},{"@type":"ListItem","position":2,"name":"TCHAD-SOUDAN : Un \u00e9missaire du Pr\u00e9sident AL-BURHANE re\u00e7u par le PCMT"}]},{"@type":"WebSite","@id":"https:\/\/www.africa-press.net\/tchad\/#website","url":"https:\/\/www.africa-press.net\/tchad\/","name":"tchad","description":"Just another Africa News Agency Sites site","potentialAction":[{"@type":"SearchAction","target":{"@type":"EntryPoint","urlTemplate":"https:\/\/www.africa-press.net\/tchad\/?s={search_term_string}"},"query-input":{"@type":"PropertyValueSpecification","valueRequired":true,"valueName":"search_term_string"}}],"inLanguage":"fr-FR"},{"@type":"Person","@id":"https:\/\/www.africa-press.net\/tchad\/#\/schema\/person\/2b1cf3cd81a31e3cd26889ca66d677f1","name":"cfeditorfr"}]}},"_links":{"self":[{"href":"https:\/\/www.africa-press.net\/tchad\/wp-json\/wp\/v2\/posts\/28095","targetHints":{"allow":["GET"]}}],"collection":[{"href":"https:\/\/www.africa-press.net\/tchad\/wp-json\/wp\/v2\/posts"}],"about":[{"href":"https:\/\/www.africa-press.net\/tchad\/wp-json\/wp\/v2\/types\/post"}],"author":[{"embeddable":true,"href":"https:\/\/www.africa-press.net\/tchad\/wp-json\/wp\/v2\/users\/82"}],"replies":[{"embeddable":true,"href":"https:\/\/www.africa-press.net\/tchad\/wp-json\/wp\/v2\/comments?post=28095"}],"version-history":[{"count":0,"href":"https:\/\/www.africa-press.net\/tchad\/wp-json\/wp\/v2\/posts\/28095\/revisions"}],"wp:featuredmedia":[{"embeddable":true,"href":"https:\/\/www.africa-press.net\/tchad\/wp-json\/wp\/v2\/media\/28094"}],"wp:attachment":[{"href":"https:\/\/www.africa-press.net\/tchad\/wp-json\/wp\/v2\/media?parent=28095"}],"wp:term":[{"taxonomy":"category","embeddable":true,"href":"https:\/\/www.africa-press.net\/tchad\/wp-json\/wp\/v2\/categories?post=28095"},{"taxonomy":"post_tag","embeddable":true,"href":"https:\/\/www.africa-press.net\/tchad\/wp-json\/wp\/v2\/tags?post=28095"}],"curies":[{"name":"wp","href":"https:\/\/api.w.org\/{rel}","templated":true}]}}