{"id":28134,"date":"2022-07-01T13:50:06","date_gmt":"2022-07-01T13:50:06","guid":{"rendered":"https:\/\/www.africa-press.net\/tchad\/politique\/reportage-video-au-lac-tchad-ravage-par-le-djihadisme-la-famine-et-le-changement-climatique"},"modified":"2022-07-01T14:11:26","modified_gmt":"2022-07-01T14:11:26","slug":"reportage-video-au-lac-tchad-ravage-par-le-djihadisme-la-famine-et-le-changement-climatique","status":"publish","type":"post","link":"https:\/\/www.africa-press.net\/tchad\/toutes-les-actualites\/reportage-video-au-lac-tchad-ravage-par-le-djihadisme-la-famine-et-le-changement-climatique","title":{"rendered":"Reportage vid\u00e9o au lac Tchad, ravag\u00e9 par le djihadisme, la famine et le changement climatique"},"content":{"rendered":"<p><span style=\"color: #ff6600\"><strong>Africa-Press &#8211; Tchad. <\/strong><\/span>La situation autour du lac Tchad est l\u2019une des plus graves crises humanitaires du continent africain. Une crise peu m\u00e9diatis\u00e9e qui combine famine, conflit et changement climatique. Depuis 2015, des groupes arm\u00e9s s\u00e8ment la terreur et ont jet\u00e9 sur les routes plus de 425 000 d\u00e9plac\u00e9s au Tchad. Ces populations vivaient sur les \u00eeles du lac qui servent depuis de bases de repli aux groupes arm\u00e9s. P\u00eacheurs, agriculteurs ou \u00e9leveurs \u2013 souvent un peu les trois \u2013, ils se sont retranch\u00e9s sur les sites \u00e0 l\u2019est du lac. Le Monde Afrique est all\u00e9 \u00e0 leur rencontre.<\/p>\n<p><strong>Pour plus d&rsquo;informations et d&rsquo;analyses sur la <a href=\"https:\/\/www.africa-press.net\/tchad\">Tchad<\/a>, suivez <a href=\"https:\/\/www.africa-press.net\/\">Africa-Press<\/a><\/strong><\/p>\n","protected":false},"excerpt":{"rendered":"<p>Africa-Press &#8211; Tchad. La situation autour du lac Tchad est l\u2019une des plus graves crises humanitaires du continent africain. Une crise peu m\u00e9diatis\u00e9e qui combine famine, conflit et changement climatique. Depuis 2015, des groupes arm\u00e9s s\u00e8ment la terreur et ont jet\u00e9 sur les routes plus de 425 000 d\u00e9plac\u00e9s au Tchad. Ces populations vivaient sur [&hellip;]<\/p>\n","protected":false},"author":82,"featured_media":28133,"comment_status":"open","ping_status":"closed","sticky":false,"template":"","format":"standard","meta":{"footnotes":""},"categories":[21,11,10],"tags":[37,292,29],"class_list":["post-28134","post","type-post","status-publish","format-standard","has-post-thumbnail","hentry","category-communaute","category-homepage-french","category-toutes-les-actualites","tag-africa-press","tag-africa-press-tchad","tag-tchad"],"yoast_head":"<!-- This site is optimized with the Yoast SEO Premium plugin v26.1 (Yoast SEO v27.0) - https:\/\/yoast.com\/product\/yoast-seo-premium-wordpress\/ -->\n<title>Reportage vid\u00e9o au lac Tchad, ravag\u00e9 par le djihadisme, la famine et le changement climatique - tchad<\/title>\n<meta name=\"description\" content=\"La situation autour du lac Tchad est l\u2019une des plus graves crises humanitaires du continent africain. Une crise peu m\u00e9di ...\" \/>\n<meta name=\"robots\" content=\"index, follow, max-snippet:-1, max-image-preview:large, max-video-preview:-1\" \/>\n<link rel=\"canonical\" href=\"https:\/\/www.africa-press.net\/tchad\/toutes-les-actualites\/reportage-video-au-lac-tchad-ravage-par-le-djihadisme-la-famine-et-le-changement-climatique\" \/>\n<meta property=\"og:locale\" content=\"fr_FR\" \/>\n<meta property=\"og:type\" content=\"article\" \/>\n<meta property=\"og:title\" content=\"Reportage vid\u00e9o au lac Tchad, ravag\u00e9 par le djihadisme, la famine et le changement climatique\" \/>\n<meta property=\"og:description\" content=\"La situation autour du lac Tchad est l\u2019une des plus graves crises humanitaires du continent africain. Une crise peu m\u00e9di ...\" \/>\n<meta property=\"og:url\" content=\"https:\/\/www.africa-press.net\/tchad\/toutes-les-actualites\/reportage-video-au-lac-tchad-ravage-par-le-djihadisme-la-famine-et-le-changement-climatique\" \/>\n<meta property=\"og:site_name\" content=\"tchad\" \/>\n<meta property=\"article:published_time\" content=\"2022-07-01T13:50:06+00:00\" \/>\n<meta property=\"article:modified_time\" content=\"2022-07-01T14:11:26+00:00\" \/>\n<meta property=\"og:image\" content=\"https:\/\/static.africa-press.net\/tchad\/sites\/41\/2022\/07\/postQueueImg_5.jpg\" \/>\n\t<meta property=\"og:image:width\" content=\"1440\" \/>\n\t<meta property=\"og:image:height\" content=\"960\" \/>\n\t<meta property=\"og:image:type\" content=\"image\/jpeg\" \/>\n<meta name=\"author\" content=\"cfeditorfr\" \/>\n<meta name=\"twitter:card\" content=\"summary_large_image\" \/>\n<meta name=\"twitter:label1\" content=\"\u00c9crit par\" \/>\n\t<meta name=\"twitter:data1\" content=\"cfeditorfr\" \/>\n\t<meta name=\"twitter:label2\" content=\"Dur\u00e9e de lecture estim\u00e9e\" \/>\n\t<meta name=\"twitter:data2\" content=\"1 minute\" \/>\n<script type=\"application\/ld+json\" class=\"yoast-schema-graph\">{\"@context\":\"https:\/\/schema.org\",\"@graph\":[{\"@type\":\"Article\",\"@id\":\"https:\/\/www.africa-press.net\/tchad\/toutes-les-actualites\/reportage-video-au-lac-tchad-ravage-par-le-djihadisme-la-famine-et-le-changement-climatique#article\",\"isPartOf\":{\"@id\":\"https:\/\/www.africa-press.net\/tchad\/toutes-les-actualites\/reportage-video-au-lac-tchad-ravage-par-le-djihadisme-la-famine-et-le-changement-climatique\"},\"author\":{\"name\":\"cfeditorfr\",\"@id\":\"https:\/\/www.africa-press.net\/tchad\/#\/schema\/person\/2b1cf3cd81a31e3cd26889ca66d677f1\"},\"headline\":\"Reportage vid\u00e9o au lac Tchad, ravag\u00e9 par le djihadisme, la famine et le changement climatique\",\"datePublished\":\"2022-07-01T13:50:06+00:00\",\"dateModified\":\"2022-07-01T14:11:26+00:00\",\"mainEntityOfPage\":{\"@id\":\"https:\/\/www.africa-press.net\/tchad\/toutes-les-actualites\/reportage-video-au-lac-tchad-ravage-par-le-djihadisme-la-famine-et-le-changement-climatique\"},\"wordCount\":131,\"commentCount\":0,\"image\":{\"@id\":\"https:\/\/www.africa-press.net\/tchad\/toutes-les-actualites\/reportage-video-au-lac-tchad-ravage-par-le-djihadisme-la-famine-et-le-changement-climatique#primaryimage\"},\"thumbnailUrl\":\"https:\/\/static.africa-press.net\/tchad\/sites\/41\/2022\/07\/postQueueImg_5.jpg\",\"keywords\":[\"Africa Press\",\"Africa Press-Tchad\",\"Tchad\"],\"articleSection\":[\"Communaut\u00e9\",\"homepage-french\",\"Toutes les actualit\u00e9s\"],\"inLanguage\":\"fr-FR\",\"potentialAction\":[{\"@type\":\"CommentAction\",\"name\":\"Comment\",\"target\":[\"https:\/\/www.africa-press.net\/tchad\/toutes-les-actualites\/reportage-video-au-lac-tchad-ravage-par-le-djihadisme-la-famine-et-le-changement-climatique#respond\"]}]},{\"@type\":\"WebPage\",\"@id\":\"https:\/\/www.africa-press.net\/tchad\/toutes-les-actualites\/reportage-video-au-lac-tchad-ravage-par-le-djihadisme-la-famine-et-le-changement-climatique\",\"url\":\"https:\/\/www.africa-press.net\/tchad\/toutes-les-actualites\/reportage-video-au-lac-tchad-ravage-par-le-djihadisme-la-famine-et-le-changement-climatique\",\"name\":\"Reportage vid\u00e9o au lac Tchad, ravag\u00e9 par le djihadisme, la famine et le changement climatique - tchad\",\"isPartOf\":{\"@id\":\"https:\/\/www.africa-press.net\/tchad\/#website\"},\"primaryImageOfPage\":{\"@id\":\"https:\/\/www.africa-press.net\/tchad\/toutes-les-actualites\/reportage-video-au-lac-tchad-ravage-par-le-djihadisme-la-famine-et-le-changement-climatique#primaryimage\"},\"image\":{\"@id\":\"https:\/\/www.africa-press.net\/tchad\/toutes-les-actualites\/reportage-video-au-lac-tchad-ravage-par-le-djihadisme-la-famine-et-le-changement-climatique#primaryimage\"},\"thumbnailUrl\":\"https:\/\/static.africa-press.net\/tchad\/sites\/41\/2022\/07\/postQueueImg_5.jpg\",\"datePublished\":\"2022-07-01T13:50:06+00:00\",\"dateModified\":\"2022-07-01T14:11:26+00:00\",\"author\":{\"@id\":\"https:\/\/www.africa-press.net\/tchad\/#\/schema\/person\/2b1cf3cd81a31e3cd26889ca66d677f1\"},\"description\":\"La situation autour du lac Tchad est l\u2019une des plus graves crises humanitaires du continent africain. Une crise peu m\u00e9di ...\",\"breadcrumb\":{\"@id\":\"https:\/\/www.africa-press.net\/tchad\/toutes-les-actualites\/reportage-video-au-lac-tchad-ravage-par-le-djihadisme-la-famine-et-le-changement-climatique#breadcrumb\"},\"inLanguage\":\"fr-FR\",\"potentialAction\":[{\"@type\":\"ReadAction\",\"target\":[\"https:\/\/www.africa-press.net\/tchad\/toutes-les-actualites\/reportage-video-au-lac-tchad-ravage-par-le-djihadisme-la-famine-et-le-changement-climatique\"]}]},{\"@type\":\"ImageObject\",\"inLanguage\":\"fr-FR\",\"@id\":\"https:\/\/www.africa-press.net\/tchad\/toutes-les-actualites\/reportage-video-au-lac-tchad-ravage-par-le-djihadisme-la-famine-et-le-changement-climatique#primaryimage\",\"url\":\"https:\/\/static.africa-press.net\/tchad\/sites\/41\/2022\/07\/postQueueImg_5.jpg\",\"contentUrl\":\"https:\/\/static.africa-press.net\/tchad\/sites\/41\/2022\/07\/postQueueImg_5.jpg\",\"width\":1440,\"height\":960,\"caption\":\"Reportage vid\u00e9o au lac Tchad, ravag\u00e9 par le djihadisme, la famine et le changement climatique\"},{\"@type\":\"BreadcrumbList\",\"@id\":\"https:\/\/www.africa-press.net\/tchad\/toutes-les-actualites\/reportage-video-au-lac-tchad-ravage-par-le-djihadisme-la-famine-et-le-changement-climatique#breadcrumb\",\"itemListElement\":[{\"@type\":\"ListItem\",\"position\":1,\"name\":\"Accueil\",\"item\":\"https:\/\/www.africa-press.net\/tchad\/\"},{\"@type\":\"ListItem\",\"position\":2,\"name\":\"Reportage vid\u00e9o au lac Tchad, ravag\u00e9 par le djihadisme, la famine et le changement climatique\"}]},{\"@type\":\"WebSite\",\"@id\":\"https:\/\/www.africa-press.net\/tchad\/#website\",\"url\":\"https:\/\/www.africa-press.net\/tchad\/\",\"name\":\"tchad\",\"description\":\"Just another Africa News Agency Sites site\",\"potentialAction\":[{\"@type\":\"SearchAction\",\"target\":{\"@type\":\"EntryPoint\",\"urlTemplate\":\"https:\/\/www.africa-press.net\/tchad\/?s={search_term_string}\"},\"query-input\":{\"@type\":\"PropertyValueSpecification\",\"valueRequired\":true,\"valueName\":\"search_term_string\"}}],\"inLanguage\":\"fr-FR\"},{\"@type\":\"Person\",\"@id\":\"https:\/\/www.africa-press.net\/tchad\/#\/schema\/person\/2b1cf3cd81a31e3cd26889ca66d677f1\",\"name\":\"cfeditorfr\"}]}<\/script>\n<!-- \/ Yoast SEO Premium plugin. -->","yoast_head_json":{"title":"Reportage vid\u00e9o au lac Tchad, ravag\u00e9 par le djihadisme, la famine et le changement climatique - tchad","description":"La situation autour du lac Tchad est l\u2019une des plus graves crises humanitaires du continent africain. Une crise peu m\u00e9di ...","robots":{"index":"index","follow":"follow","max-snippet":"max-snippet:-1","max-image-preview":"max-image-preview:large","max-video-preview":"max-video-preview:-1"},"canonical":"https:\/\/www.africa-press.net\/tchad\/toutes-les-actualites\/reportage-video-au-lac-tchad-ravage-par-le-djihadisme-la-famine-et-le-changement-climatique","og_locale":"fr_FR","og_type":"article","og_title":"Reportage vid\u00e9o au lac Tchad, ravag\u00e9 par le djihadisme, la famine et le changement climatique","og_description":"La situation autour du lac Tchad est l\u2019une des plus graves crises humanitaires du continent africain. Une crise peu m\u00e9di ...","og_url":"https:\/\/www.africa-press.net\/tchad\/toutes-les-actualites\/reportage-video-au-lac-tchad-ravage-par-le-djihadisme-la-famine-et-le-changement-climatique","og_site_name":"tchad","article_published_time":"2022-07-01T13:50:06+00:00","article_modified_time":"2022-07-01T14:11:26+00:00","og_image":[{"width":1440,"height":960,"url":"https:\/\/static.africa-press.net\/tchad\/sites\/41\/2022\/07\/postQueueImg_5.jpg","type":"image\/jpeg"}],"author":"cfeditorfr","twitter_card":"summary_large_image","twitter_misc":{"\u00c9crit par":"cfeditorfr","Dur\u00e9e de lecture estim\u00e9e":"1 minute"},"schema":{"@context":"https:\/\/schema.org","@graph":[{"@type":"Article","@id":"https:\/\/www.africa-press.net\/tchad\/toutes-les-actualites\/reportage-video-au-lac-tchad-ravage-par-le-djihadisme-la-famine-et-le-changement-climatique#article","isPartOf":{"@id":"https:\/\/www.africa-press.net\/tchad\/toutes-les-actualites\/reportage-video-au-lac-tchad-ravage-par-le-djihadisme-la-famine-et-le-changement-climatique"},"author":{"name":"cfeditorfr","@id":"https:\/\/www.africa-press.net\/tchad\/#\/schema\/person\/2b1cf3cd81a31e3cd26889ca66d677f1"},"headline":"Reportage vid\u00e9o au lac Tchad, ravag\u00e9 par le djihadisme, la famine et le changement climatique","datePublished":"2022-07-01T13:50:06+00:00","dateModified":"2022-07-01T14:11:26+00:00","mainEntityOfPage":{"@id":"https:\/\/www.africa-press.net\/tchad\/toutes-les-actualites\/reportage-video-au-lac-tchad-ravage-par-le-djihadisme-la-famine-et-le-changement-climatique"},"wordCount":131,"commentCount":0,"image":{"@id":"https:\/\/www.africa-press.net\/tchad\/toutes-les-actualites\/reportage-video-au-lac-tchad-ravage-par-le-djihadisme-la-famine-et-le-changement-climatique#primaryimage"},"thumbnailUrl":"https:\/\/static.africa-press.net\/tchad\/sites\/41\/2022\/07\/postQueueImg_5.jpg","keywords":["Africa Press","Africa Press-Tchad","Tchad"],"articleSection":["Communaut\u00e9","homepage-french","Toutes les actualit\u00e9s"],"inLanguage":"fr-FR","potentialAction":[{"@type":"CommentAction","name":"Comment","target":["https:\/\/www.africa-press.net\/tchad\/toutes-les-actualites\/reportage-video-au-lac-tchad-ravage-par-le-djihadisme-la-famine-et-le-changement-climatique#respond"]}]},{"@type":"WebPage","@id":"https:\/\/www.africa-press.net\/tchad\/toutes-les-actualites\/reportage-video-au-lac-tchad-ravage-par-le-djihadisme-la-famine-et-le-changement-climatique","url":"https:\/\/www.africa-press.net\/tchad\/toutes-les-actualites\/reportage-video-au-lac-tchad-ravage-par-le-djihadisme-la-famine-et-le-changement-climatique","name":"Reportage vid\u00e9o au lac Tchad, ravag\u00e9 par le djihadisme, la famine et le changement climatique - tchad","isPartOf":{"@id":"https:\/\/www.africa-press.net\/tchad\/#website"},"primaryImageOfPage":{"@id":"https:\/\/www.africa-press.net\/tchad\/toutes-les-actualites\/reportage-video-au-lac-tchad-ravage-par-le-djihadisme-la-famine-et-le-changement-climatique#primaryimage"},"image":{"@id":"https:\/\/www.africa-press.net\/tchad\/toutes-les-actualites\/reportage-video-au-lac-tchad-ravage-par-le-djihadisme-la-famine-et-le-changement-climatique#primaryimage"},"thumbnailUrl":"https:\/\/static.africa-press.net\/tchad\/sites\/41\/2022\/07\/postQueueImg_5.jpg","datePublished":"2022-07-01T13:50:06+00:00","dateModified":"2022-07-01T14:11:26+00:00","author":{"@id":"https:\/\/www.africa-press.net\/tchad\/#\/schema\/person\/2b1cf3cd81a31e3cd26889ca66d677f1"},"description":"La situation autour du lac Tchad est l\u2019une des plus graves crises humanitaires du continent africain. Une crise peu m\u00e9di ...","breadcrumb":{"@id":"https:\/\/www.africa-press.net\/tchad\/toutes-les-actualites\/reportage-video-au-lac-tchad-ravage-par-le-djihadisme-la-famine-et-le-changement-climatique#breadcrumb"},"inLanguage":"fr-FR","potentialAction":[{"@type":"ReadAction","target":["https:\/\/www.africa-press.net\/tchad\/toutes-les-actualites\/reportage-video-au-lac-tchad-ravage-par-le-djihadisme-la-famine-et-le-changement-climatique"]}]},{"@type":"ImageObject","inLanguage":"fr-FR","@id":"https:\/\/www.africa-press.net\/tchad\/toutes-les-actualites\/reportage-video-au-lac-tchad-ravage-par-le-djihadisme-la-famine-et-le-changement-climatique#primaryimage","url":"https:\/\/static.africa-press.net\/tchad\/sites\/41\/2022\/07\/postQueueImg_5.jpg","contentUrl":"https:\/\/static.africa-press.net\/tchad\/sites\/41\/2022\/07\/postQueueImg_5.jpg","width":1440,"height":960,"caption":"Reportage vid\u00e9o au lac Tchad, ravag\u00e9 par le djihadisme, la famine et le changement climatique"},{"@type":"BreadcrumbList","@id":"https:\/\/www.africa-press.net\/tchad\/toutes-les-actualites\/reportage-video-au-lac-tchad-ravage-par-le-djihadisme-la-famine-et-le-changement-climatique#breadcrumb","itemListElement":[{"@type":"ListItem","position":1,"name":"Accueil","item":"https:\/\/www.africa-press.net\/tchad\/"},{"@type":"ListItem","position":2,"name":"Reportage vid\u00e9o au lac Tchad, ravag\u00e9 par le djihadisme, la famine et le changement climatique"}]},{"@type":"WebSite","@id":"https:\/\/www.africa-press.net\/tchad\/#website","url":"https:\/\/www.africa-press.net\/tchad\/","name":"tchad","description":"Just another Africa News Agency Sites site","potentialAction":[{"@type":"SearchAction","target":{"@type":"EntryPoint","urlTemplate":"https:\/\/www.africa-press.net\/tchad\/?s={search_term_string}"},"query-input":{"@type":"PropertyValueSpecification","valueRequired":true,"valueName":"search_term_string"}}],"inLanguage":"fr-FR"},{"@type":"Person","@id":"https:\/\/www.africa-press.net\/tchad\/#\/schema\/person\/2b1cf3cd81a31e3cd26889ca66d677f1","name":"cfeditorfr"}]}},"_links":{"self":[{"href":"https:\/\/www.africa-press.net\/tchad\/wp-json\/wp\/v2\/posts\/28134","targetHints":{"allow":["GET"]}}],"collection":[{"href":"https:\/\/www.africa-press.net\/tchad\/wp-json\/wp\/v2\/posts"}],"about":[{"href":"https:\/\/www.africa-press.net\/tchad\/wp-json\/wp\/v2\/types\/post"}],"author":[{"embeddable":true,"href":"https:\/\/www.africa-press.net\/tchad\/wp-json\/wp\/v2\/users\/82"}],"replies":[{"embeddable":true,"href":"https:\/\/www.africa-press.net\/tchad\/wp-json\/wp\/v2\/comments?post=28134"}],"version-history":[{"count":0,"href":"https:\/\/www.africa-press.net\/tchad\/wp-json\/wp\/v2\/posts\/28134\/revisions"}],"wp:featuredmedia":[{"embeddable":true,"href":"https:\/\/www.africa-press.net\/tchad\/wp-json\/wp\/v2\/media\/28133"}],"wp:attachment":[{"href":"https:\/\/www.africa-press.net\/tchad\/wp-json\/wp\/v2\/media?parent=28134"}],"wp:term":[{"taxonomy":"category","embeddable":true,"href":"https:\/\/www.africa-press.net\/tchad\/wp-json\/wp\/v2\/categories?post=28134"},{"taxonomy":"post_tag","embeddable":true,"href":"https:\/\/www.africa-press.net\/tchad\/wp-json\/wp\/v2\/tags?post=28134"}],"curies":[{"name":"wp","href":"https:\/\/api.w.org\/{rel}","templated":true}]}}