{"id":28155,"date":"2022-07-01T14:05:15","date_gmt":"2022-07-01T14:05:15","guid":{"rendered":"https:\/\/www.africa-press.net\/tchad\/politique\/le-combat-contre-le-chomage-ne-sera-gagne-quavec-la-contribution-de-tous"},"modified":"2022-07-01T14:15:00","modified_gmt":"2022-07-01T14:15:00","slug":"le-combat-contre-le-chomage-ne-sera-gagne-quavec-la-contribution-de-tous","status":"publish","type":"post","link":"https:\/\/www.africa-press.net\/tchad\/toutes-les-actualites\/le-combat-contre-le-chomage-ne-sera-gagne-quavec-la-contribution-de-tous","title":{"rendered":"\u00ab le combat contre le ch\u00f4mage ne sera gagn\u00e9 qu&rsquo;avec la contribution de tous \u00bb"},"content":{"rendered":"<p><span style=\"color: #ff6600\"><strong>Africa-Press &#8211; Tchad. <\/strong><\/span>Le Premier ministre Pahimi Padack\u00e9 Albert a r\u00e9agi ce 1er juillet \u00e0 travers les r\u00e9seaux sociaux \u00e0 l&rsquo;int\u00e9gration de 416 dipl\u00f4m\u00e9s \u00e0 la fonction publique.<\/p>\n<p>\u00ab Avec les orientations du pr\u00e9sident du Conseil militaire de transition, le gouvernement de transition ne pouvant rester insensible \u00e0 la forte demande des d\u00e9partements minist\u00e9riels d&rsquo;une part, et des jeunes ch\u00f4meurs d&rsquo;autre part, vient d&rsquo;honorer sa parole en int\u00e9grant \u00e0 la fonction publique un certain nombre de dipl\u00f4m\u00e9s \u00bb, a affirm\u00e9 le chef du gouvernement, au lendemain de la signature des arr\u00eat\u00e9s d&rsquo;int\u00e9gration.<\/p>\n<p>Pour le Premier ministre, \u00ab cette premi\u00e8re vague d&rsquo;int\u00e9gration \u00e0 la fonction publique atteste que le ch\u00f4mage des jeunes constitue une pr\u00e9occupation majeure du gouvernement de transition \u00bb.<\/p>\n<p>Et d&rsquo;ajouter que \u00ab la prochaine \u00e9tape de notre action consiste au d\u00e9ploiement d&rsquo;une strat\u00e9gie novatrice d\u00e9compos\u00e9e en un arsenal de mesures visant \u00e0 accro\u00eetre l&#8217;employabilit\u00e9 de nos jeunes compatriotes \u00e0 travers la mise en \u0153uvre et l&rsquo;effectivit\u00e9 du projet opportunit\u00e9 d&#8217;emploi pour 50 000 jeunes \u00bb.<\/p>\n<p>\u00ab Ce combat contre le ch\u00f4mage des jeunes que faisons n\u00f4tre, ne sera gagn\u00e9 qu&rsquo;avec la contribution de tous \u00bb, a conclu Pahimi Padack\u00e9 Albert.<\/p>\n<p><strong>Pour plus d&rsquo;informations et d&rsquo;analyses sur la <a href=\"https:\/\/www.africa-press.net\/tchad\">Tchad<\/a>, suivez <a href=\"https:\/\/www.africa-press.net\/\">Africa-Press<\/a><\/strong><\/p>\n","protected":false},"excerpt":{"rendered":"<p>Africa-Press &#8211; Tchad. Le Premier ministre Pahimi Padack\u00e9 Albert a r\u00e9agi ce 1er juillet \u00e0 travers les r\u00e9seaux sociaux \u00e0 l&rsquo;int\u00e9gration de 416 dipl\u00f4m\u00e9s \u00e0 la fonction publique. \u00ab Avec les orientations du pr\u00e9sident du Conseil militaire de transition, le gouvernement de transition ne pouvant rester insensible \u00e0 la forte demande des d\u00e9partements minist\u00e9riels d&rsquo;une [&hellip;]<\/p>\n","protected":false},"author":82,"featured_media":28154,"comment_status":"open","ping_status":"closed","sticky":false,"template":"","format":"standard","meta":{"footnotes":""},"categories":[21,11,10],"tags":[37,292,29],"class_list":["post-28155","post","type-post","status-publish","format-standard","has-post-thumbnail","hentry","category-communaute","category-homepage-french","category-toutes-les-actualites","tag-africa-press","tag-africa-press-tchad","tag-tchad"],"yoast_head":"<!-- This site is optimized with the Yoast SEO Premium plugin v26.1 (Yoast SEO v27.0) - https:\/\/yoast.com\/product\/yoast-seo-premium-wordpress\/ -->\n<title>\u00ab le combat contre le ch\u00f4mage ne sera gagn\u00e9 qu&#039;avec la contribution de tous \u00bb - tchad<\/title>\n<meta name=\"description\" content=\"Le Premier ministre Pahimi Padack\u00e9 Albert a r\u00e9agi ce 1er juillet \u00e0 travers les r\u00e9seaux sociaux \u00e0 l&#039;int\u00e9gration de 416 di ...\" \/>\n<meta name=\"robots\" content=\"index, follow, max-snippet:-1, max-image-preview:large, max-video-preview:-1\" \/>\n<link rel=\"canonical\" href=\"https:\/\/www.africa-press.net\/tchad\/toutes-les-actualites\/le-combat-contre-le-chomage-ne-sera-gagne-quavec-la-contribution-de-tous\" \/>\n<meta property=\"og:locale\" content=\"fr_FR\" \/>\n<meta property=\"og:type\" content=\"article\" \/>\n<meta property=\"og:title\" content=\"\u00ab le combat contre le ch\u00f4mage ne sera gagn\u00e9 qu&#039;avec la contribution de tous \u00bb\" \/>\n<meta property=\"og:description\" content=\"Le Premier ministre Pahimi Padack\u00e9 Albert a r\u00e9agi ce 1er juillet \u00e0 travers les r\u00e9seaux sociaux \u00e0 l&#039;int\u00e9gration de 416 di ...\" \/>\n<meta property=\"og:url\" content=\"https:\/\/www.africa-press.net\/tchad\/toutes-les-actualites\/le-combat-contre-le-chomage-ne-sera-gagne-quavec-la-contribution-de-tous\" \/>\n<meta property=\"og:site_name\" content=\"tchad\" \/>\n<meta property=\"article:published_time\" content=\"2022-07-01T14:05:15+00:00\" \/>\n<meta property=\"article:modified_time\" content=\"2022-07-01T14:15:00+00:00\" \/>\n<meta property=\"og:image\" content=\"https:\/\/static.africa-press.net\/tchad\/sites\/41\/2022\/07\/postQueueImg_12.jpg\" \/>\n\t<meta property=\"og:image:width\" content=\"869\" \/>\n\t<meta property=\"og:image:height\" content=\"489\" \/>\n\t<meta property=\"og:image:type\" content=\"image\/jpeg\" \/>\n<meta name=\"author\" content=\"cfeditorfr\" \/>\n<meta name=\"twitter:card\" content=\"summary_large_image\" \/>\n<meta name=\"twitter:label1\" content=\"\u00c9crit par\" \/>\n\t<meta name=\"twitter:data1\" content=\"cfeditorfr\" \/>\n\t<meta name=\"twitter:label2\" content=\"Dur\u00e9e de lecture estim\u00e9e\" \/>\n\t<meta name=\"twitter:data2\" content=\"1 minute\" \/>\n<script type=\"application\/ld+json\" class=\"yoast-schema-graph\">{\"@context\":\"https:\/\/schema.org\",\"@graph\":[{\"@type\":\"Article\",\"@id\":\"https:\/\/www.africa-press.net\/tchad\/toutes-les-actualites\/le-combat-contre-le-chomage-ne-sera-gagne-quavec-la-contribution-de-tous#article\",\"isPartOf\":{\"@id\":\"https:\/\/www.africa-press.net\/tchad\/toutes-les-actualites\/le-combat-contre-le-chomage-ne-sera-gagne-quavec-la-contribution-de-tous\"},\"author\":{\"name\":\"cfeditorfr\",\"@id\":\"https:\/\/www.africa-press.net\/tchad\/#\/schema\/person\/2b1cf3cd81a31e3cd26889ca66d677f1\"},\"headline\":\"\u00ab le combat contre le ch\u00f4mage ne sera gagn\u00e9 qu&rsquo;avec la contribution de tous \u00bb\",\"datePublished\":\"2022-07-01T14:05:15+00:00\",\"dateModified\":\"2022-07-01T14:15:00+00:00\",\"mainEntityOfPage\":{\"@id\":\"https:\/\/www.africa-press.net\/tchad\/toutes-les-actualites\/le-combat-contre-le-chomage-ne-sera-gagne-quavec-la-contribution-de-tous\"},\"wordCount\":238,\"commentCount\":0,\"image\":{\"@id\":\"https:\/\/www.africa-press.net\/tchad\/toutes-les-actualites\/le-combat-contre-le-chomage-ne-sera-gagne-quavec-la-contribution-de-tous#primaryimage\"},\"thumbnailUrl\":\"https:\/\/static.africa-press.net\/tchad\/sites\/41\/2022\/07\/postQueueImg_12.jpg\",\"keywords\":[\"Africa Press\",\"Africa Press-Tchad\",\"Tchad\"],\"articleSection\":[\"Communaut\u00e9\",\"homepage-french\",\"Toutes les actualit\u00e9s\"],\"inLanguage\":\"fr-FR\",\"potentialAction\":[{\"@type\":\"CommentAction\",\"name\":\"Comment\",\"target\":[\"https:\/\/www.africa-press.net\/tchad\/toutes-les-actualites\/le-combat-contre-le-chomage-ne-sera-gagne-quavec-la-contribution-de-tous#respond\"]}]},{\"@type\":\"WebPage\",\"@id\":\"https:\/\/www.africa-press.net\/tchad\/toutes-les-actualites\/le-combat-contre-le-chomage-ne-sera-gagne-quavec-la-contribution-de-tous\",\"url\":\"https:\/\/www.africa-press.net\/tchad\/toutes-les-actualites\/le-combat-contre-le-chomage-ne-sera-gagne-quavec-la-contribution-de-tous\",\"name\":\"\u00ab le combat contre le ch\u00f4mage ne sera gagn\u00e9 qu'avec la contribution de tous \u00bb - tchad\",\"isPartOf\":{\"@id\":\"https:\/\/www.africa-press.net\/tchad\/#website\"},\"primaryImageOfPage\":{\"@id\":\"https:\/\/www.africa-press.net\/tchad\/toutes-les-actualites\/le-combat-contre-le-chomage-ne-sera-gagne-quavec-la-contribution-de-tous#primaryimage\"},\"image\":{\"@id\":\"https:\/\/www.africa-press.net\/tchad\/toutes-les-actualites\/le-combat-contre-le-chomage-ne-sera-gagne-quavec-la-contribution-de-tous#primaryimage\"},\"thumbnailUrl\":\"https:\/\/static.africa-press.net\/tchad\/sites\/41\/2022\/07\/postQueueImg_12.jpg\",\"datePublished\":\"2022-07-01T14:05:15+00:00\",\"dateModified\":\"2022-07-01T14:15:00+00:00\",\"author\":{\"@id\":\"https:\/\/www.africa-press.net\/tchad\/#\/schema\/person\/2b1cf3cd81a31e3cd26889ca66d677f1\"},\"description\":\"Le Premier ministre Pahimi Padack\u00e9 Albert a r\u00e9agi ce 1er juillet \u00e0 travers les r\u00e9seaux sociaux \u00e0 l'int\u00e9gration de 416 di ...\",\"breadcrumb\":{\"@id\":\"https:\/\/www.africa-press.net\/tchad\/toutes-les-actualites\/le-combat-contre-le-chomage-ne-sera-gagne-quavec-la-contribution-de-tous#breadcrumb\"},\"inLanguage\":\"fr-FR\",\"potentialAction\":[{\"@type\":\"ReadAction\",\"target\":[\"https:\/\/www.africa-press.net\/tchad\/toutes-les-actualites\/le-combat-contre-le-chomage-ne-sera-gagne-quavec-la-contribution-de-tous\"]}]},{\"@type\":\"ImageObject\",\"inLanguage\":\"fr-FR\",\"@id\":\"https:\/\/www.africa-press.net\/tchad\/toutes-les-actualites\/le-combat-contre-le-chomage-ne-sera-gagne-quavec-la-contribution-de-tous#primaryimage\",\"url\":\"https:\/\/static.africa-press.net\/tchad\/sites\/41\/2022\/07\/postQueueImg_12.jpg\",\"contentUrl\":\"https:\/\/static.africa-press.net\/tchad\/sites\/41\/2022\/07\/postQueueImg_12.jpg\",\"width\":869,\"height\":489,\"caption\":\"\u00ab le combat contre le ch\u00f4mage ne sera gagn\u00e9 qu'avec la contribution de tous \u00bb\"},{\"@type\":\"BreadcrumbList\",\"@id\":\"https:\/\/www.africa-press.net\/tchad\/toutes-les-actualites\/le-combat-contre-le-chomage-ne-sera-gagne-quavec-la-contribution-de-tous#breadcrumb\",\"itemListElement\":[{\"@type\":\"ListItem\",\"position\":1,\"name\":\"Accueil\",\"item\":\"https:\/\/www.africa-press.net\/tchad\/\"},{\"@type\":\"ListItem\",\"position\":2,\"name\":\"\u00ab le combat contre le ch\u00f4mage ne sera gagn\u00e9 qu&#8217;avec la contribution de tous \u00bb\"}]},{\"@type\":\"WebSite\",\"@id\":\"https:\/\/www.africa-press.net\/tchad\/#website\",\"url\":\"https:\/\/www.africa-press.net\/tchad\/\",\"name\":\"tchad\",\"description\":\"Just another Africa News Agency Sites site\",\"potentialAction\":[{\"@type\":\"SearchAction\",\"target\":{\"@type\":\"EntryPoint\",\"urlTemplate\":\"https:\/\/www.africa-press.net\/tchad\/?s={search_term_string}\"},\"query-input\":{\"@type\":\"PropertyValueSpecification\",\"valueRequired\":true,\"valueName\":\"search_term_string\"}}],\"inLanguage\":\"fr-FR\"},{\"@type\":\"Person\",\"@id\":\"https:\/\/www.africa-press.net\/tchad\/#\/schema\/person\/2b1cf3cd81a31e3cd26889ca66d677f1\",\"name\":\"cfeditorfr\"}]}<\/script>\n<!-- \/ Yoast SEO Premium plugin. -->","yoast_head_json":{"title":"\u00ab le combat contre le ch\u00f4mage ne sera gagn\u00e9 qu'avec la contribution de tous \u00bb - tchad","description":"Le Premier ministre Pahimi Padack\u00e9 Albert a r\u00e9agi ce 1er juillet \u00e0 travers les r\u00e9seaux sociaux \u00e0 l'int\u00e9gration de 416 di ...","robots":{"index":"index","follow":"follow","max-snippet":"max-snippet:-1","max-image-preview":"max-image-preview:large","max-video-preview":"max-video-preview:-1"},"canonical":"https:\/\/www.africa-press.net\/tchad\/toutes-les-actualites\/le-combat-contre-le-chomage-ne-sera-gagne-quavec-la-contribution-de-tous","og_locale":"fr_FR","og_type":"article","og_title":"\u00ab le combat contre le ch\u00f4mage ne sera gagn\u00e9 qu'avec la contribution de tous \u00bb","og_description":"Le Premier ministre Pahimi Padack\u00e9 Albert a r\u00e9agi ce 1er juillet \u00e0 travers les r\u00e9seaux sociaux \u00e0 l'int\u00e9gration de 416 di ...","og_url":"https:\/\/www.africa-press.net\/tchad\/toutes-les-actualites\/le-combat-contre-le-chomage-ne-sera-gagne-quavec-la-contribution-de-tous","og_site_name":"tchad","article_published_time":"2022-07-01T14:05:15+00:00","article_modified_time":"2022-07-01T14:15:00+00:00","og_image":[{"width":869,"height":489,"url":"https:\/\/static.africa-press.net\/tchad\/sites\/41\/2022\/07\/postQueueImg_12.jpg","type":"image\/jpeg"}],"author":"cfeditorfr","twitter_card":"summary_large_image","twitter_misc":{"\u00c9crit par":"cfeditorfr","Dur\u00e9e de lecture estim\u00e9e":"1 minute"},"schema":{"@context":"https:\/\/schema.org","@graph":[{"@type":"Article","@id":"https:\/\/www.africa-press.net\/tchad\/toutes-les-actualites\/le-combat-contre-le-chomage-ne-sera-gagne-quavec-la-contribution-de-tous#article","isPartOf":{"@id":"https:\/\/www.africa-press.net\/tchad\/toutes-les-actualites\/le-combat-contre-le-chomage-ne-sera-gagne-quavec-la-contribution-de-tous"},"author":{"name":"cfeditorfr","@id":"https:\/\/www.africa-press.net\/tchad\/#\/schema\/person\/2b1cf3cd81a31e3cd26889ca66d677f1"},"headline":"\u00ab le combat contre le ch\u00f4mage ne sera gagn\u00e9 qu&rsquo;avec la contribution de tous \u00bb","datePublished":"2022-07-01T14:05:15+00:00","dateModified":"2022-07-01T14:15:00+00:00","mainEntityOfPage":{"@id":"https:\/\/www.africa-press.net\/tchad\/toutes-les-actualites\/le-combat-contre-le-chomage-ne-sera-gagne-quavec-la-contribution-de-tous"},"wordCount":238,"commentCount":0,"image":{"@id":"https:\/\/www.africa-press.net\/tchad\/toutes-les-actualites\/le-combat-contre-le-chomage-ne-sera-gagne-quavec-la-contribution-de-tous#primaryimage"},"thumbnailUrl":"https:\/\/static.africa-press.net\/tchad\/sites\/41\/2022\/07\/postQueueImg_12.jpg","keywords":["Africa Press","Africa Press-Tchad","Tchad"],"articleSection":["Communaut\u00e9","homepage-french","Toutes les actualit\u00e9s"],"inLanguage":"fr-FR","potentialAction":[{"@type":"CommentAction","name":"Comment","target":["https:\/\/www.africa-press.net\/tchad\/toutes-les-actualites\/le-combat-contre-le-chomage-ne-sera-gagne-quavec-la-contribution-de-tous#respond"]}]},{"@type":"WebPage","@id":"https:\/\/www.africa-press.net\/tchad\/toutes-les-actualites\/le-combat-contre-le-chomage-ne-sera-gagne-quavec-la-contribution-de-tous","url":"https:\/\/www.africa-press.net\/tchad\/toutes-les-actualites\/le-combat-contre-le-chomage-ne-sera-gagne-quavec-la-contribution-de-tous","name":"\u00ab le combat contre le ch\u00f4mage ne sera gagn\u00e9 qu'avec la contribution de tous \u00bb - tchad","isPartOf":{"@id":"https:\/\/www.africa-press.net\/tchad\/#website"},"primaryImageOfPage":{"@id":"https:\/\/www.africa-press.net\/tchad\/toutes-les-actualites\/le-combat-contre-le-chomage-ne-sera-gagne-quavec-la-contribution-de-tous#primaryimage"},"image":{"@id":"https:\/\/www.africa-press.net\/tchad\/toutes-les-actualites\/le-combat-contre-le-chomage-ne-sera-gagne-quavec-la-contribution-de-tous#primaryimage"},"thumbnailUrl":"https:\/\/static.africa-press.net\/tchad\/sites\/41\/2022\/07\/postQueueImg_12.jpg","datePublished":"2022-07-01T14:05:15+00:00","dateModified":"2022-07-01T14:15:00+00:00","author":{"@id":"https:\/\/www.africa-press.net\/tchad\/#\/schema\/person\/2b1cf3cd81a31e3cd26889ca66d677f1"},"description":"Le Premier ministre Pahimi Padack\u00e9 Albert a r\u00e9agi ce 1er juillet \u00e0 travers les r\u00e9seaux sociaux \u00e0 l'int\u00e9gration de 416 di ...","breadcrumb":{"@id":"https:\/\/www.africa-press.net\/tchad\/toutes-les-actualites\/le-combat-contre-le-chomage-ne-sera-gagne-quavec-la-contribution-de-tous#breadcrumb"},"inLanguage":"fr-FR","potentialAction":[{"@type":"ReadAction","target":["https:\/\/www.africa-press.net\/tchad\/toutes-les-actualites\/le-combat-contre-le-chomage-ne-sera-gagne-quavec-la-contribution-de-tous"]}]},{"@type":"ImageObject","inLanguage":"fr-FR","@id":"https:\/\/www.africa-press.net\/tchad\/toutes-les-actualites\/le-combat-contre-le-chomage-ne-sera-gagne-quavec-la-contribution-de-tous#primaryimage","url":"https:\/\/static.africa-press.net\/tchad\/sites\/41\/2022\/07\/postQueueImg_12.jpg","contentUrl":"https:\/\/static.africa-press.net\/tchad\/sites\/41\/2022\/07\/postQueueImg_12.jpg","width":869,"height":489,"caption":"\u00ab le combat contre le ch\u00f4mage ne sera gagn\u00e9 qu'avec la contribution de tous \u00bb"},{"@type":"BreadcrumbList","@id":"https:\/\/www.africa-press.net\/tchad\/toutes-les-actualites\/le-combat-contre-le-chomage-ne-sera-gagne-quavec-la-contribution-de-tous#breadcrumb","itemListElement":[{"@type":"ListItem","position":1,"name":"Accueil","item":"https:\/\/www.africa-press.net\/tchad\/"},{"@type":"ListItem","position":2,"name":"\u00ab le combat contre le ch\u00f4mage ne sera gagn\u00e9 qu&#8217;avec la contribution de tous \u00bb"}]},{"@type":"WebSite","@id":"https:\/\/www.africa-press.net\/tchad\/#website","url":"https:\/\/www.africa-press.net\/tchad\/","name":"tchad","description":"Just another Africa News Agency Sites site","potentialAction":[{"@type":"SearchAction","target":{"@type":"EntryPoint","urlTemplate":"https:\/\/www.africa-press.net\/tchad\/?s={search_term_string}"},"query-input":{"@type":"PropertyValueSpecification","valueRequired":true,"valueName":"search_term_string"}}],"inLanguage":"fr-FR"},{"@type":"Person","@id":"https:\/\/www.africa-press.net\/tchad\/#\/schema\/person\/2b1cf3cd81a31e3cd26889ca66d677f1","name":"cfeditorfr"}]}},"_links":{"self":[{"href":"https:\/\/www.africa-press.net\/tchad\/wp-json\/wp\/v2\/posts\/28155","targetHints":{"allow":["GET"]}}],"collection":[{"href":"https:\/\/www.africa-press.net\/tchad\/wp-json\/wp\/v2\/posts"}],"about":[{"href":"https:\/\/www.africa-press.net\/tchad\/wp-json\/wp\/v2\/types\/post"}],"author":[{"embeddable":true,"href":"https:\/\/www.africa-press.net\/tchad\/wp-json\/wp\/v2\/users\/82"}],"replies":[{"embeddable":true,"href":"https:\/\/www.africa-press.net\/tchad\/wp-json\/wp\/v2\/comments?post=28155"}],"version-history":[{"count":0,"href":"https:\/\/www.africa-press.net\/tchad\/wp-json\/wp\/v2\/posts\/28155\/revisions"}],"wp:featuredmedia":[{"embeddable":true,"href":"https:\/\/www.africa-press.net\/tchad\/wp-json\/wp\/v2\/media\/28154"}],"wp:attachment":[{"href":"https:\/\/www.africa-press.net\/tchad\/wp-json\/wp\/v2\/media?parent=28155"}],"wp:term":[{"taxonomy":"category","embeddable":true,"href":"https:\/\/www.africa-press.net\/tchad\/wp-json\/wp\/v2\/categories?post=28155"},{"taxonomy":"post_tag","embeddable":true,"href":"https:\/\/www.africa-press.net\/tchad\/wp-json\/wp\/v2\/tags?post=28155"}],"curies":[{"name":"wp","href":"https:\/\/api.w.org\/{rel}","templated":true}]}}