{"id":28164,"date":"2022-07-02T11:20:57","date_gmt":"2022-07-02T11:20:57","guid":{"rendered":"https:\/\/www.africa-press.net\/tchad\/politique\/le-premier-ministre-appelle-a-la-nomination-de-gouverneurs-competents-2"},"modified":"2022-07-02T12:10:20","modified_gmt":"2022-07-02T12:10:20","slug":"le-premier-ministre-appelle-a-la-nomination-de-gouverneurs-competents-2","status":"publish","type":"post","link":"https:\/\/www.africa-press.net\/tchad\/politique\/le-premier-ministre-appelle-a-la-nomination-de-gouverneurs-competents-2","title":{"rendered":"le Premier ministre appelle \u00e0 la  nomination de gouverneurs comp\u00e9tents"},"content":{"rendered":"<p><span style=\"color: #ff6600\"><strong>Africa-Press &#8211; Tchad. <\/strong><\/span><b>Par une note de service du vendredi 1er juillet 2022, le Premier ministre de transition, Pahimi Padack\u00e9 Albert demande de revoir le processus de d\u00e9signation des chefs des services des unit\u00e9s administratives.<\/b><\/p>\n<p>er La note du chef du gouvernement peut-on lire, a pour objet, de d\u00e9terminer les conditions de nomination des chefs des Unit\u00e9s Administratives, repr\u00e9sentants du Chef de 1\u2019Etat et de l\u2019ensemble du Gouvernement dans leurs circonscriptions administratives. Pour Pahimi, ces cadres doivent r\u00e9pondre \u00e0 un certain nombre de crit\u00e8res de : \u00ab comp\u00e9tence, d\u2019exp\u00e9rience et de bonne probit\u00e9. \u00bb<\/p>\n<p><b>\u00ab comp\u00e9tence, d\u2019exp\u00e9rience et de bonne probit\u00e9<\/b><br \/>\n<b>\u00ab comp\u00e9tence, d\u2019exp\u00e9rience et de bonne probit\u00e9<\/b><\/p>\n<p>Les chefs des unit\u00e9s administratives vis\u00e9s sont entre autres, les gouverneurs, les pr\u00e9fets et les sous-pr\u00e9fets. Egalement leurs assistants, notamment, les secr\u00e9taires g\u00e9n\u00e9raux des provinces et des secr\u00e9taires g\u00e9n\u00e9raux des d\u00e9partements.<\/p>\n<p>Les cadres habilit\u00e9s \u00e0 occuper ces fonctions : Ne peuvent \u00eatre nomm\u00e9s Gouverneurs de Province que les fonctionnaires appartenant aux cadres de l\u2019Administration G\u00e9n\u00e9rale, class\u00e9s dans la cat\u00e9gorie A ou des officiers sup\u00e9rieurs qualifi\u00e9s.<\/p>\n<p>Ne peuvent \u00eatre nomm\u00e9s Pr\u00e9fets de D\u00e9partement que les fonctionnaires appartenant aux cadres de l\u2019Administration G\u00e9n\u00e9rale, classes dans les cat\u00e9gories A Ou B. Ne peuvent \u00eatre nomm\u00e9s Sous-pr\u00e9fets que les fonctionnaires appartenant aux cadres de 1\u2019Administration G\u00e9n\u00e9rale, classes au moins dans la cat\u00e9gorie B.<\/p>\n<p>Ne peuvent \u00eatre nomm\u00e9s Gouverneurs de Province que les fonctionnaires appartenant aux cadres de l\u2019Administration G\u00e9n\u00e9rale, class\u00e9s dans la cat\u00e9gorie A ou des officiers sup\u00e9rieurs qualifi\u00e9s.<\/p>\n<p>Ne peuvent \u00eatre nomm\u00e9s Pr\u00e9fets de D\u00e9partement que les fonctionnaires appartenant aux cadres de l\u2019Administration G\u00e9n\u00e9rale, classes dans les cat\u00e9gories A Ou B. Ne peuvent \u00eatre nomm\u00e9s Sous-pr\u00e9fets que les fonctionnaires appartenant aux cadres de 1\u2019Administration G\u00e9n\u00e9rale, classes au moins dans la cat\u00e9gorie B.<\/p>\n<p>Le Premier ministre pr\u00e9cise, que les chefs des unit\u00e9s administratives doivent \u00eatre de bonne moralit\u00e9 et justifier d\u2019au moins dix (10) ans d\u2019exp\u00e9rience dans la vie professionnelle La formation d\u2019administrateur est prioritaire.<\/p>\n<p><strong>Pour plus d&rsquo;informations et d&rsquo;analyses sur la <a href=\"https:\/\/www.africa-press.net\/tchad\">Tchad<\/a>, suivez <a href=\"https:\/\/www.africa-press.net\/\">Africa-Press<\/a><\/strong><\/p>\n","protected":false},"excerpt":{"rendered":"<p>Africa-Press &#8211; Tchad. Par une note de service du vendredi 1er juillet 2022, le Premier ministre de transition, Pahimi Padack\u00e9 Albert demande de revoir le processus de d\u00e9signation des chefs des services des unit\u00e9s administratives. er La note du chef du gouvernement peut-on lire, a pour objet, de d\u00e9terminer les conditions de nomination des chefs [&hellip;]<\/p>\n","protected":false},"author":82,"featured_media":28163,"comment_status":"open","ping_status":"closed","sticky":false,"template":"","format":"standard","meta":{"footnotes":""},"categories":[11,2,10],"tags":[37,292,3917,29,3916],"class_list":["post-28164","post","type-post","status-publish","format-standard","has-post-thumbnail","hentry","category-homepage-french","category-politique","category-toutes-les-actualites","tag-africa-press","tag-africa-press-tchad","tag-nomination-de-gouverneurs-competents","tag-tchad","tag-unites-administratives"],"yoast_head":"<!-- This site is optimized with the Yoast SEO Premium plugin v26.1 (Yoast SEO v27.0) - https:\/\/yoast.com\/product\/yoast-seo-premium-wordpress\/ -->\n<title>le Premier ministre appelle \u00e0 la nomination de gouverneurs comp\u00e9tents - tchad<\/title>\n<meta name=\"description\" content=\"Par une note de service du vendredi 1er juillet 2022, le Premier ministre de transition, Pahimi Padack\u00e9 Albert demand ...\" \/>\n<meta name=\"robots\" content=\"index, follow, max-snippet:-1, max-image-preview:large, max-video-preview:-1\" \/>\n<link rel=\"canonical\" href=\"https:\/\/www.africa-press.net\/tchad\/politique\/le-premier-ministre-appelle-a-la-nomination-de-gouverneurs-competents-2\" \/>\n<meta property=\"og:locale\" content=\"fr_FR\" \/>\n<meta property=\"og:type\" content=\"article\" \/>\n<meta property=\"og:title\" content=\"le Premier ministre appelle \u00e0 la nomination de gouverneurs comp\u00e9tents\" \/>\n<meta property=\"og:description\" content=\"Par une note de service du vendredi 1er juillet 2022, le Premier ministre de transition, Pahimi Padack\u00e9 Albert demand ...\" \/>\n<meta property=\"og:url\" content=\"https:\/\/www.africa-press.net\/tchad\/politique\/le-premier-ministre-appelle-a-la-nomination-de-gouverneurs-competents-2\" \/>\n<meta property=\"og:site_name\" content=\"tchad\" \/>\n<meta property=\"article:published_time\" content=\"2022-07-02T11:20:57+00:00\" \/>\n<meta property=\"article:modified_time\" content=\"2022-07-02T12:10:20+00:00\" \/>\n<meta property=\"og:image\" content=\"https:\/\/static.africa-press.net\/tchad\/sites\/41\/2022\/07\/postQueueImg_30.jpg\" \/>\n\t<meta property=\"og:image:width\" content=\"780\" \/>\n\t<meta property=\"og:image:height\" content=\"440\" \/>\n\t<meta property=\"og:image:type\" content=\"image\/jpeg\" \/>\n<meta name=\"author\" content=\"cfeditorfr\" \/>\n<meta name=\"twitter:card\" content=\"summary_large_image\" \/>\n<meta name=\"twitter:label1\" content=\"\u00c9crit par\" \/>\n\t<meta name=\"twitter:data1\" content=\"cfeditorfr\" \/>\n\t<meta name=\"twitter:label2\" content=\"Dur\u00e9e de lecture estim\u00e9e\" \/>\n\t<meta name=\"twitter:data2\" content=\"2 minutes\" \/>\n<script type=\"application\/ld+json\" class=\"yoast-schema-graph\">{\"@context\":\"https:\/\/schema.org\",\"@graph\":[{\"@type\":\"Article\",\"@id\":\"https:\/\/www.africa-press.net\/tchad\/politique\/le-premier-ministre-appelle-a-la-nomination-de-gouverneurs-competents-2#article\",\"isPartOf\":{\"@id\":\"https:\/\/www.africa-press.net\/tchad\/politique\/le-premier-ministre-appelle-a-la-nomination-de-gouverneurs-competents-2\"},\"author\":{\"name\":\"cfeditorfr\",\"@id\":\"https:\/\/www.africa-press.net\/tchad\/#\/schema\/person\/2b1cf3cd81a31e3cd26889ca66d677f1\"},\"headline\":\"le Premier ministre appelle \u00e0 la nomination de gouverneurs comp\u00e9tents\",\"datePublished\":\"2022-07-02T11:20:57+00:00\",\"dateModified\":\"2022-07-02T12:10:20+00:00\",\"mainEntityOfPage\":{\"@id\":\"https:\/\/www.africa-press.net\/tchad\/politique\/le-premier-ministre-appelle-a-la-nomination-de-gouverneurs-competents-2\"},\"wordCount\":406,\"commentCount\":0,\"image\":{\"@id\":\"https:\/\/www.africa-press.net\/tchad\/politique\/le-premier-ministre-appelle-a-la-nomination-de-gouverneurs-competents-2#primaryimage\"},\"thumbnailUrl\":\"https:\/\/static.africa-press.net\/tchad\/sites\/41\/2022\/07\/postQueueImg_30.jpg\",\"keywords\":[\"Africa Press\",\"Africa Press-Tchad\",\"nomination de gouverneurs comp\u00e9tents\",\"Tchad\",\"unit\u00e9s administratives\"],\"articleSection\":[\"homepage-french\",\"Politique\",\"Toutes les actualit\u00e9s\"],\"inLanguage\":\"fr-FR\",\"potentialAction\":[{\"@type\":\"CommentAction\",\"name\":\"Comment\",\"target\":[\"https:\/\/www.africa-press.net\/tchad\/politique\/le-premier-ministre-appelle-a-la-nomination-de-gouverneurs-competents-2#respond\"]}]},{\"@type\":\"WebPage\",\"@id\":\"https:\/\/www.africa-press.net\/tchad\/politique\/le-premier-ministre-appelle-a-la-nomination-de-gouverneurs-competents-2\",\"url\":\"https:\/\/www.africa-press.net\/tchad\/politique\/le-premier-ministre-appelle-a-la-nomination-de-gouverneurs-competents-2\",\"name\":\"le Premier ministre appelle \u00e0 la nomination de gouverneurs comp\u00e9tents - tchad\",\"isPartOf\":{\"@id\":\"https:\/\/www.africa-press.net\/tchad\/#website\"},\"primaryImageOfPage\":{\"@id\":\"https:\/\/www.africa-press.net\/tchad\/politique\/le-premier-ministre-appelle-a-la-nomination-de-gouverneurs-competents-2#primaryimage\"},\"image\":{\"@id\":\"https:\/\/www.africa-press.net\/tchad\/politique\/le-premier-ministre-appelle-a-la-nomination-de-gouverneurs-competents-2#primaryimage\"},\"thumbnailUrl\":\"https:\/\/static.africa-press.net\/tchad\/sites\/41\/2022\/07\/postQueueImg_30.jpg\",\"datePublished\":\"2022-07-02T11:20:57+00:00\",\"dateModified\":\"2022-07-02T12:10:20+00:00\",\"author\":{\"@id\":\"https:\/\/www.africa-press.net\/tchad\/#\/schema\/person\/2b1cf3cd81a31e3cd26889ca66d677f1\"},\"description\":\"Par une note de service du vendredi 1er juillet 2022, le Premier ministre de transition, Pahimi Padack\u00e9 Albert demand ...\",\"breadcrumb\":{\"@id\":\"https:\/\/www.africa-press.net\/tchad\/politique\/le-premier-ministre-appelle-a-la-nomination-de-gouverneurs-competents-2#breadcrumb\"},\"inLanguage\":\"fr-FR\",\"potentialAction\":[{\"@type\":\"ReadAction\",\"target\":[\"https:\/\/www.africa-press.net\/tchad\/politique\/le-premier-ministre-appelle-a-la-nomination-de-gouverneurs-competents-2\"]}]},{\"@type\":\"ImageObject\",\"inLanguage\":\"fr-FR\",\"@id\":\"https:\/\/www.africa-press.net\/tchad\/politique\/le-premier-ministre-appelle-a-la-nomination-de-gouverneurs-competents-2#primaryimage\",\"url\":\"https:\/\/static.africa-press.net\/tchad\/sites\/41\/2022\/07\/postQueueImg_30.jpg\",\"contentUrl\":\"https:\/\/static.africa-press.net\/tchad\/sites\/41\/2022\/07\/postQueueImg_30.jpg\",\"width\":780,\"height\":440,\"caption\":\"le Premier ministre appelle \u00e0 la nomination de gouverneurs comp\u00e9tents\"},{\"@type\":\"BreadcrumbList\",\"@id\":\"https:\/\/www.africa-press.net\/tchad\/politique\/le-premier-ministre-appelle-a-la-nomination-de-gouverneurs-competents-2#breadcrumb\",\"itemListElement\":[{\"@type\":\"ListItem\",\"position\":1,\"name\":\"Accueil\",\"item\":\"https:\/\/www.africa-press.net\/tchad\/\"},{\"@type\":\"ListItem\",\"position\":2,\"name\":\"le Premier ministre appelle \u00e0 la nomination de gouverneurs comp\u00e9tents\"}]},{\"@type\":\"WebSite\",\"@id\":\"https:\/\/www.africa-press.net\/tchad\/#website\",\"url\":\"https:\/\/www.africa-press.net\/tchad\/\",\"name\":\"tchad\",\"description\":\"Just another Africa News Agency Sites site\",\"potentialAction\":[{\"@type\":\"SearchAction\",\"target\":{\"@type\":\"EntryPoint\",\"urlTemplate\":\"https:\/\/www.africa-press.net\/tchad\/?s={search_term_string}\"},\"query-input\":{\"@type\":\"PropertyValueSpecification\",\"valueRequired\":true,\"valueName\":\"search_term_string\"}}],\"inLanguage\":\"fr-FR\"},{\"@type\":\"Person\",\"@id\":\"https:\/\/www.africa-press.net\/tchad\/#\/schema\/person\/2b1cf3cd81a31e3cd26889ca66d677f1\",\"name\":\"cfeditorfr\"}]}<\/script>\n<!-- \/ Yoast SEO Premium plugin. -->","yoast_head_json":{"title":"le Premier ministre appelle \u00e0 la nomination de gouverneurs comp\u00e9tents - tchad","description":"Par une note de service du vendredi 1er juillet 2022, le Premier ministre de transition, Pahimi Padack\u00e9 Albert demand ...","robots":{"index":"index","follow":"follow","max-snippet":"max-snippet:-1","max-image-preview":"max-image-preview:large","max-video-preview":"max-video-preview:-1"},"canonical":"https:\/\/www.africa-press.net\/tchad\/politique\/le-premier-ministre-appelle-a-la-nomination-de-gouverneurs-competents-2","og_locale":"fr_FR","og_type":"article","og_title":"le Premier ministre appelle \u00e0 la nomination de gouverneurs comp\u00e9tents","og_description":"Par une note de service du vendredi 1er juillet 2022, le Premier ministre de transition, Pahimi Padack\u00e9 Albert demand ...","og_url":"https:\/\/www.africa-press.net\/tchad\/politique\/le-premier-ministre-appelle-a-la-nomination-de-gouverneurs-competents-2","og_site_name":"tchad","article_published_time":"2022-07-02T11:20:57+00:00","article_modified_time":"2022-07-02T12:10:20+00:00","og_image":[{"width":780,"height":440,"url":"https:\/\/static.africa-press.net\/tchad\/sites\/41\/2022\/07\/postQueueImg_30.jpg","type":"image\/jpeg"}],"author":"cfeditorfr","twitter_card":"summary_large_image","twitter_misc":{"\u00c9crit par":"cfeditorfr","Dur\u00e9e de lecture estim\u00e9e":"2 minutes"},"schema":{"@context":"https:\/\/schema.org","@graph":[{"@type":"Article","@id":"https:\/\/www.africa-press.net\/tchad\/politique\/le-premier-ministre-appelle-a-la-nomination-de-gouverneurs-competents-2#article","isPartOf":{"@id":"https:\/\/www.africa-press.net\/tchad\/politique\/le-premier-ministre-appelle-a-la-nomination-de-gouverneurs-competents-2"},"author":{"name":"cfeditorfr","@id":"https:\/\/www.africa-press.net\/tchad\/#\/schema\/person\/2b1cf3cd81a31e3cd26889ca66d677f1"},"headline":"le Premier ministre appelle \u00e0 la nomination de gouverneurs comp\u00e9tents","datePublished":"2022-07-02T11:20:57+00:00","dateModified":"2022-07-02T12:10:20+00:00","mainEntityOfPage":{"@id":"https:\/\/www.africa-press.net\/tchad\/politique\/le-premier-ministre-appelle-a-la-nomination-de-gouverneurs-competents-2"},"wordCount":406,"commentCount":0,"image":{"@id":"https:\/\/www.africa-press.net\/tchad\/politique\/le-premier-ministre-appelle-a-la-nomination-de-gouverneurs-competents-2#primaryimage"},"thumbnailUrl":"https:\/\/static.africa-press.net\/tchad\/sites\/41\/2022\/07\/postQueueImg_30.jpg","keywords":["Africa Press","Africa Press-Tchad","nomination de gouverneurs comp\u00e9tents","Tchad","unit\u00e9s administratives"],"articleSection":["homepage-french","Politique","Toutes les actualit\u00e9s"],"inLanguage":"fr-FR","potentialAction":[{"@type":"CommentAction","name":"Comment","target":["https:\/\/www.africa-press.net\/tchad\/politique\/le-premier-ministre-appelle-a-la-nomination-de-gouverneurs-competents-2#respond"]}]},{"@type":"WebPage","@id":"https:\/\/www.africa-press.net\/tchad\/politique\/le-premier-ministre-appelle-a-la-nomination-de-gouverneurs-competents-2","url":"https:\/\/www.africa-press.net\/tchad\/politique\/le-premier-ministre-appelle-a-la-nomination-de-gouverneurs-competents-2","name":"le Premier ministre appelle \u00e0 la nomination de gouverneurs comp\u00e9tents - tchad","isPartOf":{"@id":"https:\/\/www.africa-press.net\/tchad\/#website"},"primaryImageOfPage":{"@id":"https:\/\/www.africa-press.net\/tchad\/politique\/le-premier-ministre-appelle-a-la-nomination-de-gouverneurs-competents-2#primaryimage"},"image":{"@id":"https:\/\/www.africa-press.net\/tchad\/politique\/le-premier-ministre-appelle-a-la-nomination-de-gouverneurs-competents-2#primaryimage"},"thumbnailUrl":"https:\/\/static.africa-press.net\/tchad\/sites\/41\/2022\/07\/postQueueImg_30.jpg","datePublished":"2022-07-02T11:20:57+00:00","dateModified":"2022-07-02T12:10:20+00:00","author":{"@id":"https:\/\/www.africa-press.net\/tchad\/#\/schema\/person\/2b1cf3cd81a31e3cd26889ca66d677f1"},"description":"Par une note de service du vendredi 1er juillet 2022, le Premier ministre de transition, Pahimi Padack\u00e9 Albert demand ...","breadcrumb":{"@id":"https:\/\/www.africa-press.net\/tchad\/politique\/le-premier-ministre-appelle-a-la-nomination-de-gouverneurs-competents-2#breadcrumb"},"inLanguage":"fr-FR","potentialAction":[{"@type":"ReadAction","target":["https:\/\/www.africa-press.net\/tchad\/politique\/le-premier-ministre-appelle-a-la-nomination-de-gouverneurs-competents-2"]}]},{"@type":"ImageObject","inLanguage":"fr-FR","@id":"https:\/\/www.africa-press.net\/tchad\/politique\/le-premier-ministre-appelle-a-la-nomination-de-gouverneurs-competents-2#primaryimage","url":"https:\/\/static.africa-press.net\/tchad\/sites\/41\/2022\/07\/postQueueImg_30.jpg","contentUrl":"https:\/\/static.africa-press.net\/tchad\/sites\/41\/2022\/07\/postQueueImg_30.jpg","width":780,"height":440,"caption":"le Premier ministre appelle \u00e0 la nomination de gouverneurs comp\u00e9tents"},{"@type":"BreadcrumbList","@id":"https:\/\/www.africa-press.net\/tchad\/politique\/le-premier-ministre-appelle-a-la-nomination-de-gouverneurs-competents-2#breadcrumb","itemListElement":[{"@type":"ListItem","position":1,"name":"Accueil","item":"https:\/\/www.africa-press.net\/tchad\/"},{"@type":"ListItem","position":2,"name":"le Premier ministre appelle \u00e0 la nomination de gouverneurs comp\u00e9tents"}]},{"@type":"WebSite","@id":"https:\/\/www.africa-press.net\/tchad\/#website","url":"https:\/\/www.africa-press.net\/tchad\/","name":"tchad","description":"Just another Africa News Agency Sites site","potentialAction":[{"@type":"SearchAction","target":{"@type":"EntryPoint","urlTemplate":"https:\/\/www.africa-press.net\/tchad\/?s={search_term_string}"},"query-input":{"@type":"PropertyValueSpecification","valueRequired":true,"valueName":"search_term_string"}}],"inLanguage":"fr-FR"},{"@type":"Person","@id":"https:\/\/www.africa-press.net\/tchad\/#\/schema\/person\/2b1cf3cd81a31e3cd26889ca66d677f1","name":"cfeditorfr"}]}},"_links":{"self":[{"href":"https:\/\/www.africa-press.net\/tchad\/wp-json\/wp\/v2\/posts\/28164","targetHints":{"allow":["GET"]}}],"collection":[{"href":"https:\/\/www.africa-press.net\/tchad\/wp-json\/wp\/v2\/posts"}],"about":[{"href":"https:\/\/www.africa-press.net\/tchad\/wp-json\/wp\/v2\/types\/post"}],"author":[{"embeddable":true,"href":"https:\/\/www.africa-press.net\/tchad\/wp-json\/wp\/v2\/users\/82"}],"replies":[{"embeddable":true,"href":"https:\/\/www.africa-press.net\/tchad\/wp-json\/wp\/v2\/comments?post=28164"}],"version-history":[{"count":0,"href":"https:\/\/www.africa-press.net\/tchad\/wp-json\/wp\/v2\/posts\/28164\/revisions"}],"wp:featuredmedia":[{"embeddable":true,"href":"https:\/\/www.africa-press.net\/tchad\/wp-json\/wp\/v2\/media\/28163"}],"wp:attachment":[{"href":"https:\/\/www.africa-press.net\/tchad\/wp-json\/wp\/v2\/media?parent=28164"}],"wp:term":[{"taxonomy":"category","embeddable":true,"href":"https:\/\/www.africa-press.net\/tchad\/wp-json\/wp\/v2\/categories?post=28164"},{"taxonomy":"post_tag","embeddable":true,"href":"https:\/\/www.africa-press.net\/tchad\/wp-json\/wp\/v2\/tags?post=28164"}],"curies":[{"name":"wp","href":"https:\/\/api.w.org\/{rel}","templated":true}]}}