{"id":28186,"date":"2022-07-02T11:25:04","date_gmt":"2022-07-02T11:25:04","guid":{"rendered":"https:\/\/www.africa-press.net\/tchad\/politique\/les-autorites-provinciales-du-salamat-reagissent-a-la-flambee-des-prix"},"modified":"2022-07-02T12:24:43","modified_gmt":"2022-07-02T12:24:43","slug":"les-autorites-provinciales-du-salamat-reagissent-a-la-flambee-des-prix","status":"publish","type":"post","link":"https:\/\/www.africa-press.net\/tchad\/toutes-les-actualites\/les-autorites-provinciales-du-salamat-reagissent-a-la-flambee-des-prix","title":{"rendered":"les autorit\u00e9s provinciales du Salamat r\u00e9agissent \u00e0 la flamb\u00e9e des prix"},"content":{"rendered":"<p><span style=\"color: #ff6600\"><strong>Africa-Press &#8211; Tchad. <\/strong><\/span>Une rencontre consacr\u00e9e \u00e0 la chert\u00e9 de la vie, a \u00e9t\u00e9 pr\u00e9sid\u00e9e le 28 juin 2022 au gouvernorat, par le gouverneur du Salamat, Abdoulaye Ibrahim Siam, entour\u00e9 des responsables civils et militaires.<\/p>\n<p>La chert\u00e9 de la vie est \u00e0 l&rsquo;heure actuelle un ph\u00e9nom\u00e8ne mondial, les prix des objets de commerce, surtout les denr\u00e9es de premi\u00e8re n\u00e9cessit\u00e9, sont excessivement \u00e9lev\u00e9s dans la province.<\/p>\n<p>M\u00eame les c\u00e9r\u00e9ales produites localement sont hors de prix.<\/p>\n<p>La flamb\u00e9e des prix sur le march\u00e9 de la ville d&rsquo;Am-Timan et toute la province laisse \u00e0 d\u00e9sirer.<\/p>\n<p>Il est tr\u00e8s difficile pour la population de mener une vie d\u00e9cente surtout en cette p\u00e9riode o\u00f9 la province est en partie enclav\u00e9e par les inondations des eaux de pluies et du fleuve Azoum.<\/p>\n<p>Cette situation intenable a pouss\u00e9 le gouverneur Abdoulaye Ibrahim Siam \u00e0 rencontrer les op\u00e9rateurs \u00e9conomiques.<\/p>\n<p>D&rsquo;entr\u00e9e de jeu, il a bien pr\u00e9cis\u00e9 \u00e0 l&rsquo;assistance que le bien-\u00eatre de la population occupe une place importante dans la politique des autorit\u00e9s de transition.<\/p>\n<p>Il demande aux op\u00e9rateurs \u00e9conomiques de ne pas \u00eatre trop insatiables en comptant sur l&rsquo;argent mais il faut plut\u00f4t avoir un peu d&rsquo;humanisme envers les concitoyens qui traversent des moments difficiles \u00e0 cause de la flamb\u00e9e des prix.<\/p>\n<p>Le gouverneur a \u00e9chang\u00e9 notamment avec le d\u00e9l\u00e9gu\u00e9 en charge des finances et du budget, Souleymane Issakha Abdoulaye, les op\u00e9rateurs \u00e9conomiques et les chefs traditionnels.<\/p>\n<p>En ce qui concerne le carburant, les op\u00e9rateurs \u00e9conomiques font savoir qu&rsquo;ils ont des difficult\u00e9s pour avoir acc\u00e8s aux produits \u00e0 N&rsquo;Djamena.<\/p>\n<p>Pour se ravitailler, ils le font depuis la ville d&rsquo;Ati en achetant du carburant provenant de la Libye.<\/p>\n<p>Le f\u00fbt de gasoil est achet\u00e9 \u00e0 190.000 FCFA.<\/p>\n<p>Au cours de la rencontre, quelques propositions ont \u00e9t\u00e9 faites.<\/p>\n<p>Le gouverneur s&rsquo;engage \u00e0 s&rsquo;impliquer personnellement pour faciliter aux op\u00e9rateurs \u00e9conomiques l&rsquo;acc\u00e8s au ravitaillement depuis N&rsquo;Djamena.<\/p>\n<p>Toutefois, il leur demande d&rsquo;\u00eatre en r\u00e8gle et de stocker les produits p\u00e9troliers selon les normes exig\u00e9es.<\/p>\n<p>Un comit\u00e9 technique verra le jour tr\u00e8s prochainement pour solutionner cette flamb\u00e9e des prix sur le march\u00e9, afin de normaliser et r\u00e9duire le coup de la vie.<\/p>\n<p><strong>Pour plus d&rsquo;informations et d&rsquo;analyses sur la <a href=\"https:\/\/www.africa-press.net\/tchad\">Tchad<\/a>, suivez <a href=\"https:\/\/www.africa-press.net\/\">Africa-Press<\/a><\/strong><\/p>\n","protected":false},"excerpt":{"rendered":"<p>Africa-Press &#8211; Tchad. Une rencontre consacr\u00e9e \u00e0 la chert\u00e9 de la vie, a \u00e9t\u00e9 pr\u00e9sid\u00e9e le 28 juin 2022 au gouvernorat, par le gouverneur du Salamat, Abdoulaye Ibrahim Siam, entour\u00e9 des responsables civils et militaires. La chert\u00e9 de la vie est \u00e0 l&rsquo;heure actuelle un ph\u00e9nom\u00e8ne mondial, les prix des objets de commerce, surtout les [&hellip;]<\/p>\n","protected":false},"author":82,"featured_media":28185,"comment_status":"open","ping_status":"closed","sticky":false,"template":"","format":"standard","meta":{"footnotes":""},"categories":[21,11,10],"tags":[37,292,29],"class_list":["post-28186","post","type-post","status-publish","format-standard","has-post-thumbnail","hentry","category-communaute","category-homepage-french","category-toutes-les-actualites","tag-africa-press","tag-africa-press-tchad","tag-tchad"],"yoast_head":"<!-- This site is optimized with the Yoast SEO Premium plugin v26.1 (Yoast SEO v27.0) - https:\/\/yoast.com\/product\/yoast-seo-premium-wordpress\/ -->\n<title>les autorit\u00e9s provinciales du Salamat r\u00e9agissent \u00e0 la flamb\u00e9e des prix - tchad<\/title>\n<meta name=\"description\" content=\"Une rencontre consacr\u00e9e \u00e0 la chert\u00e9 de la vie, a \u00e9t\u00e9 pr\u00e9sid\u00e9e le 28 juin 2022 au gouvernorat, par le gouverneur du Salam ...\" \/>\n<meta name=\"robots\" content=\"index, follow, max-snippet:-1, max-image-preview:large, max-video-preview:-1\" \/>\n<link rel=\"canonical\" href=\"https:\/\/www.africa-press.net\/tchad\/toutes-les-actualites\/les-autorites-provinciales-du-salamat-reagissent-a-la-flambee-des-prix\" \/>\n<meta property=\"og:locale\" content=\"fr_FR\" \/>\n<meta property=\"og:type\" content=\"article\" \/>\n<meta property=\"og:title\" content=\"les autorit\u00e9s provinciales du Salamat r\u00e9agissent \u00e0 la flamb\u00e9e des prix\" \/>\n<meta property=\"og:description\" content=\"Une rencontre consacr\u00e9e \u00e0 la chert\u00e9 de la vie, a \u00e9t\u00e9 pr\u00e9sid\u00e9e le 28 juin 2022 au gouvernorat, par le gouverneur du Salam ...\" \/>\n<meta property=\"og:url\" content=\"https:\/\/www.africa-press.net\/tchad\/toutes-les-actualites\/les-autorites-provinciales-du-salamat-reagissent-a-la-flambee-des-prix\" \/>\n<meta property=\"og:site_name\" content=\"tchad\" \/>\n<meta property=\"article:published_time\" content=\"2022-07-02T11:25:04+00:00\" \/>\n<meta property=\"article:modified_time\" content=\"2022-07-02T12:24:43+00:00\" \/>\n<meta property=\"og:image\" content=\"https:\/\/static.africa-press.net\/tchad\/sites\/41\/2022\/07\/postQueueImg_37.jpg\" \/>\n\t<meta property=\"og:image:width\" content=\"960\" \/>\n\t<meta property=\"og:image:height\" content=\"540\" \/>\n\t<meta property=\"og:image:type\" content=\"image\/jpeg\" \/>\n<meta name=\"author\" content=\"cfeditorfr\" \/>\n<meta name=\"twitter:card\" content=\"summary_large_image\" \/>\n<meta name=\"twitter:label1\" content=\"\u00c9crit par\" \/>\n\t<meta name=\"twitter:data1\" content=\"cfeditorfr\" \/>\n\t<meta name=\"twitter:label2\" content=\"Dur\u00e9e de lecture estim\u00e9e\" \/>\n\t<meta name=\"twitter:data2\" content=\"2 minutes\" \/>\n<script type=\"application\/ld+json\" class=\"yoast-schema-graph\">{\"@context\":\"https:\/\/schema.org\",\"@graph\":[{\"@type\":\"Article\",\"@id\":\"https:\/\/www.africa-press.net\/tchad\/toutes-les-actualites\/les-autorites-provinciales-du-salamat-reagissent-a-la-flambee-des-prix#article\",\"isPartOf\":{\"@id\":\"https:\/\/www.africa-press.net\/tchad\/toutes-les-actualites\/les-autorites-provinciales-du-salamat-reagissent-a-la-flambee-des-prix\"},\"author\":{\"name\":\"cfeditorfr\",\"@id\":\"https:\/\/www.africa-press.net\/tchad\/#\/schema\/person\/2b1cf3cd81a31e3cd26889ca66d677f1\"},\"headline\":\"les autorit\u00e9s provinciales du Salamat r\u00e9agissent \u00e0 la flamb\u00e9e des prix\",\"datePublished\":\"2022-07-02T11:25:04+00:00\",\"dateModified\":\"2022-07-02T12:24:43+00:00\",\"mainEntityOfPage\":{\"@id\":\"https:\/\/www.africa-press.net\/tchad\/toutes-les-actualites\/les-autorites-provinciales-du-salamat-reagissent-a-la-flambee-des-prix\"},\"wordCount\":417,\"commentCount\":0,\"image\":{\"@id\":\"https:\/\/www.africa-press.net\/tchad\/toutes-les-actualites\/les-autorites-provinciales-du-salamat-reagissent-a-la-flambee-des-prix#primaryimage\"},\"thumbnailUrl\":\"https:\/\/static.africa-press.net\/tchad\/sites\/41\/2022\/07\/postQueueImg_37.jpg\",\"keywords\":[\"Africa Press\",\"Africa Press-Tchad\",\"Tchad\"],\"articleSection\":[\"Communaut\u00e9\",\"homepage-french\",\"Toutes les actualit\u00e9s\"],\"inLanguage\":\"fr-FR\",\"potentialAction\":[{\"@type\":\"CommentAction\",\"name\":\"Comment\",\"target\":[\"https:\/\/www.africa-press.net\/tchad\/toutes-les-actualites\/les-autorites-provinciales-du-salamat-reagissent-a-la-flambee-des-prix#respond\"]}]},{\"@type\":\"WebPage\",\"@id\":\"https:\/\/www.africa-press.net\/tchad\/toutes-les-actualites\/les-autorites-provinciales-du-salamat-reagissent-a-la-flambee-des-prix\",\"url\":\"https:\/\/www.africa-press.net\/tchad\/toutes-les-actualites\/les-autorites-provinciales-du-salamat-reagissent-a-la-flambee-des-prix\",\"name\":\"les autorit\u00e9s provinciales du Salamat r\u00e9agissent \u00e0 la flamb\u00e9e des prix - tchad\",\"isPartOf\":{\"@id\":\"https:\/\/www.africa-press.net\/tchad\/#website\"},\"primaryImageOfPage\":{\"@id\":\"https:\/\/www.africa-press.net\/tchad\/toutes-les-actualites\/les-autorites-provinciales-du-salamat-reagissent-a-la-flambee-des-prix#primaryimage\"},\"image\":{\"@id\":\"https:\/\/www.africa-press.net\/tchad\/toutes-les-actualites\/les-autorites-provinciales-du-salamat-reagissent-a-la-flambee-des-prix#primaryimage\"},\"thumbnailUrl\":\"https:\/\/static.africa-press.net\/tchad\/sites\/41\/2022\/07\/postQueueImg_37.jpg\",\"datePublished\":\"2022-07-02T11:25:04+00:00\",\"dateModified\":\"2022-07-02T12:24:43+00:00\",\"author\":{\"@id\":\"https:\/\/www.africa-press.net\/tchad\/#\/schema\/person\/2b1cf3cd81a31e3cd26889ca66d677f1\"},\"description\":\"Une rencontre consacr\u00e9e \u00e0 la chert\u00e9 de la vie, a \u00e9t\u00e9 pr\u00e9sid\u00e9e le 28 juin 2022 au gouvernorat, par le gouverneur du Salam ...\",\"breadcrumb\":{\"@id\":\"https:\/\/www.africa-press.net\/tchad\/toutes-les-actualites\/les-autorites-provinciales-du-salamat-reagissent-a-la-flambee-des-prix#breadcrumb\"},\"inLanguage\":\"fr-FR\",\"potentialAction\":[{\"@type\":\"ReadAction\",\"target\":[\"https:\/\/www.africa-press.net\/tchad\/toutes-les-actualites\/les-autorites-provinciales-du-salamat-reagissent-a-la-flambee-des-prix\"]}]},{\"@type\":\"ImageObject\",\"inLanguage\":\"fr-FR\",\"@id\":\"https:\/\/www.africa-press.net\/tchad\/toutes-les-actualites\/les-autorites-provinciales-du-salamat-reagissent-a-la-flambee-des-prix#primaryimage\",\"url\":\"https:\/\/static.africa-press.net\/tchad\/sites\/41\/2022\/07\/postQueueImg_37.jpg\",\"contentUrl\":\"https:\/\/static.africa-press.net\/tchad\/sites\/41\/2022\/07\/postQueueImg_37.jpg\",\"width\":960,\"height\":540,\"caption\":\"les autorit\u00e9s provinciales du Salamat r\u00e9agissent \u00e0 la flamb\u00e9e des prix\"},{\"@type\":\"BreadcrumbList\",\"@id\":\"https:\/\/www.africa-press.net\/tchad\/toutes-les-actualites\/les-autorites-provinciales-du-salamat-reagissent-a-la-flambee-des-prix#breadcrumb\",\"itemListElement\":[{\"@type\":\"ListItem\",\"position\":1,\"name\":\"Accueil\",\"item\":\"https:\/\/www.africa-press.net\/tchad\/\"},{\"@type\":\"ListItem\",\"position\":2,\"name\":\"les autorit\u00e9s provinciales du Salamat r\u00e9agissent \u00e0 la flamb\u00e9e des prix\"}]},{\"@type\":\"WebSite\",\"@id\":\"https:\/\/www.africa-press.net\/tchad\/#website\",\"url\":\"https:\/\/www.africa-press.net\/tchad\/\",\"name\":\"tchad\",\"description\":\"Just another Africa News Agency Sites site\",\"potentialAction\":[{\"@type\":\"SearchAction\",\"target\":{\"@type\":\"EntryPoint\",\"urlTemplate\":\"https:\/\/www.africa-press.net\/tchad\/?s={search_term_string}\"},\"query-input\":{\"@type\":\"PropertyValueSpecification\",\"valueRequired\":true,\"valueName\":\"search_term_string\"}}],\"inLanguage\":\"fr-FR\"},{\"@type\":\"Person\",\"@id\":\"https:\/\/www.africa-press.net\/tchad\/#\/schema\/person\/2b1cf3cd81a31e3cd26889ca66d677f1\",\"name\":\"cfeditorfr\"}]}<\/script>\n<!-- \/ Yoast SEO Premium plugin. -->","yoast_head_json":{"title":"les autorit\u00e9s provinciales du Salamat r\u00e9agissent \u00e0 la flamb\u00e9e des prix - tchad","description":"Une rencontre consacr\u00e9e \u00e0 la chert\u00e9 de la vie, a \u00e9t\u00e9 pr\u00e9sid\u00e9e le 28 juin 2022 au gouvernorat, par le gouverneur du Salam ...","robots":{"index":"index","follow":"follow","max-snippet":"max-snippet:-1","max-image-preview":"max-image-preview:large","max-video-preview":"max-video-preview:-1"},"canonical":"https:\/\/www.africa-press.net\/tchad\/toutes-les-actualites\/les-autorites-provinciales-du-salamat-reagissent-a-la-flambee-des-prix","og_locale":"fr_FR","og_type":"article","og_title":"les autorit\u00e9s provinciales du Salamat r\u00e9agissent \u00e0 la flamb\u00e9e des prix","og_description":"Une rencontre consacr\u00e9e \u00e0 la chert\u00e9 de la vie, a \u00e9t\u00e9 pr\u00e9sid\u00e9e le 28 juin 2022 au gouvernorat, par le gouverneur du Salam ...","og_url":"https:\/\/www.africa-press.net\/tchad\/toutes-les-actualites\/les-autorites-provinciales-du-salamat-reagissent-a-la-flambee-des-prix","og_site_name":"tchad","article_published_time":"2022-07-02T11:25:04+00:00","article_modified_time":"2022-07-02T12:24:43+00:00","og_image":[{"width":960,"height":540,"url":"https:\/\/static.africa-press.net\/tchad\/sites\/41\/2022\/07\/postQueueImg_37.jpg","type":"image\/jpeg"}],"author":"cfeditorfr","twitter_card":"summary_large_image","twitter_misc":{"\u00c9crit par":"cfeditorfr","Dur\u00e9e de lecture estim\u00e9e":"2 minutes"},"schema":{"@context":"https:\/\/schema.org","@graph":[{"@type":"Article","@id":"https:\/\/www.africa-press.net\/tchad\/toutes-les-actualites\/les-autorites-provinciales-du-salamat-reagissent-a-la-flambee-des-prix#article","isPartOf":{"@id":"https:\/\/www.africa-press.net\/tchad\/toutes-les-actualites\/les-autorites-provinciales-du-salamat-reagissent-a-la-flambee-des-prix"},"author":{"name":"cfeditorfr","@id":"https:\/\/www.africa-press.net\/tchad\/#\/schema\/person\/2b1cf3cd81a31e3cd26889ca66d677f1"},"headline":"les autorit\u00e9s provinciales du Salamat r\u00e9agissent \u00e0 la flamb\u00e9e des prix","datePublished":"2022-07-02T11:25:04+00:00","dateModified":"2022-07-02T12:24:43+00:00","mainEntityOfPage":{"@id":"https:\/\/www.africa-press.net\/tchad\/toutes-les-actualites\/les-autorites-provinciales-du-salamat-reagissent-a-la-flambee-des-prix"},"wordCount":417,"commentCount":0,"image":{"@id":"https:\/\/www.africa-press.net\/tchad\/toutes-les-actualites\/les-autorites-provinciales-du-salamat-reagissent-a-la-flambee-des-prix#primaryimage"},"thumbnailUrl":"https:\/\/static.africa-press.net\/tchad\/sites\/41\/2022\/07\/postQueueImg_37.jpg","keywords":["Africa Press","Africa Press-Tchad","Tchad"],"articleSection":["Communaut\u00e9","homepage-french","Toutes les actualit\u00e9s"],"inLanguage":"fr-FR","potentialAction":[{"@type":"CommentAction","name":"Comment","target":["https:\/\/www.africa-press.net\/tchad\/toutes-les-actualites\/les-autorites-provinciales-du-salamat-reagissent-a-la-flambee-des-prix#respond"]}]},{"@type":"WebPage","@id":"https:\/\/www.africa-press.net\/tchad\/toutes-les-actualites\/les-autorites-provinciales-du-salamat-reagissent-a-la-flambee-des-prix","url":"https:\/\/www.africa-press.net\/tchad\/toutes-les-actualites\/les-autorites-provinciales-du-salamat-reagissent-a-la-flambee-des-prix","name":"les autorit\u00e9s provinciales du Salamat r\u00e9agissent \u00e0 la flamb\u00e9e des prix - tchad","isPartOf":{"@id":"https:\/\/www.africa-press.net\/tchad\/#website"},"primaryImageOfPage":{"@id":"https:\/\/www.africa-press.net\/tchad\/toutes-les-actualites\/les-autorites-provinciales-du-salamat-reagissent-a-la-flambee-des-prix#primaryimage"},"image":{"@id":"https:\/\/www.africa-press.net\/tchad\/toutes-les-actualites\/les-autorites-provinciales-du-salamat-reagissent-a-la-flambee-des-prix#primaryimage"},"thumbnailUrl":"https:\/\/static.africa-press.net\/tchad\/sites\/41\/2022\/07\/postQueueImg_37.jpg","datePublished":"2022-07-02T11:25:04+00:00","dateModified":"2022-07-02T12:24:43+00:00","author":{"@id":"https:\/\/www.africa-press.net\/tchad\/#\/schema\/person\/2b1cf3cd81a31e3cd26889ca66d677f1"},"description":"Une rencontre consacr\u00e9e \u00e0 la chert\u00e9 de la vie, a \u00e9t\u00e9 pr\u00e9sid\u00e9e le 28 juin 2022 au gouvernorat, par le gouverneur du Salam ...","breadcrumb":{"@id":"https:\/\/www.africa-press.net\/tchad\/toutes-les-actualites\/les-autorites-provinciales-du-salamat-reagissent-a-la-flambee-des-prix#breadcrumb"},"inLanguage":"fr-FR","potentialAction":[{"@type":"ReadAction","target":["https:\/\/www.africa-press.net\/tchad\/toutes-les-actualites\/les-autorites-provinciales-du-salamat-reagissent-a-la-flambee-des-prix"]}]},{"@type":"ImageObject","inLanguage":"fr-FR","@id":"https:\/\/www.africa-press.net\/tchad\/toutes-les-actualites\/les-autorites-provinciales-du-salamat-reagissent-a-la-flambee-des-prix#primaryimage","url":"https:\/\/static.africa-press.net\/tchad\/sites\/41\/2022\/07\/postQueueImg_37.jpg","contentUrl":"https:\/\/static.africa-press.net\/tchad\/sites\/41\/2022\/07\/postQueueImg_37.jpg","width":960,"height":540,"caption":"les autorit\u00e9s provinciales du Salamat r\u00e9agissent \u00e0 la flamb\u00e9e des prix"},{"@type":"BreadcrumbList","@id":"https:\/\/www.africa-press.net\/tchad\/toutes-les-actualites\/les-autorites-provinciales-du-salamat-reagissent-a-la-flambee-des-prix#breadcrumb","itemListElement":[{"@type":"ListItem","position":1,"name":"Accueil","item":"https:\/\/www.africa-press.net\/tchad\/"},{"@type":"ListItem","position":2,"name":"les autorit\u00e9s provinciales du Salamat r\u00e9agissent \u00e0 la flamb\u00e9e des prix"}]},{"@type":"WebSite","@id":"https:\/\/www.africa-press.net\/tchad\/#website","url":"https:\/\/www.africa-press.net\/tchad\/","name":"tchad","description":"Just another Africa News Agency Sites site","potentialAction":[{"@type":"SearchAction","target":{"@type":"EntryPoint","urlTemplate":"https:\/\/www.africa-press.net\/tchad\/?s={search_term_string}"},"query-input":{"@type":"PropertyValueSpecification","valueRequired":true,"valueName":"search_term_string"}}],"inLanguage":"fr-FR"},{"@type":"Person","@id":"https:\/\/www.africa-press.net\/tchad\/#\/schema\/person\/2b1cf3cd81a31e3cd26889ca66d677f1","name":"cfeditorfr"}]}},"_links":{"self":[{"href":"https:\/\/www.africa-press.net\/tchad\/wp-json\/wp\/v2\/posts\/28186","targetHints":{"allow":["GET"]}}],"collection":[{"href":"https:\/\/www.africa-press.net\/tchad\/wp-json\/wp\/v2\/posts"}],"about":[{"href":"https:\/\/www.africa-press.net\/tchad\/wp-json\/wp\/v2\/types\/post"}],"author":[{"embeddable":true,"href":"https:\/\/www.africa-press.net\/tchad\/wp-json\/wp\/v2\/users\/82"}],"replies":[{"embeddable":true,"href":"https:\/\/www.africa-press.net\/tchad\/wp-json\/wp\/v2\/comments?post=28186"}],"version-history":[{"count":0,"href":"https:\/\/www.africa-press.net\/tchad\/wp-json\/wp\/v2\/posts\/28186\/revisions"}],"wp:featuredmedia":[{"embeddable":true,"href":"https:\/\/www.africa-press.net\/tchad\/wp-json\/wp\/v2\/media\/28185"}],"wp:attachment":[{"href":"https:\/\/www.africa-press.net\/tchad\/wp-json\/wp\/v2\/media?parent=28186"}],"wp:term":[{"taxonomy":"category","embeddable":true,"href":"https:\/\/www.africa-press.net\/tchad\/wp-json\/wp\/v2\/categories?post=28186"},{"taxonomy":"post_tag","embeddable":true,"href":"https:\/\/www.africa-press.net\/tchad\/wp-json\/wp\/v2\/tags?post=28186"}],"curies":[{"name":"wp","href":"https:\/\/api.w.org\/{rel}","templated":true}]}}