{"id":28195,"date":"2022-07-02T11:27:41","date_gmt":"2022-07-02T11:27:41","guid":{"rendered":"https:\/\/www.africa-press.net\/tchad\/politique\/loim-appelle-a-mieux-proteger-les-migrants-apres-les-deces-a-la-frontiere-tchad-libye"},"modified":"2022-07-02T12:26:19","modified_gmt":"2022-07-02T12:26:19","slug":"loim-appelle-a-mieux-proteger-les-migrants-apres-les-deces-a-la-frontiere-tchad-libye","status":"publish","type":"post","link":"https:\/\/www.africa-press.net\/tchad\/politique\/loim-appelle-a-mieux-proteger-les-migrants-apres-les-deces-a-la-frontiere-tchad-libye","title":{"rendered":"L&rsquo;OIM appelle \u00e0 mieux prot\u00e9ger les migrants apr\u00e8s les d\u00e9c\u00e8s \u00e0 la fronti\u00e8re Tchad-Libye"},"content":{"rendered":"<p><span style=\"color: #ff6600\"><strong>Africa-Press &#8211; Tchad. <\/strong><\/span>Le 28 juin, les corps de 18 personnes, vraisemblablement des Tchadiens et deux Libyens, auraient \u00e9t\u00e9 retrouv\u00e9s pr\u00e8s de la fronti\u00e8re avec le Tchad.<\/p>\n<p>Selon les services d&rsquo;ambulance et d&rsquo;urgence libyens, le groupe serait mort de d\u00e9shydratation.<\/p>\n<p>\u00ab La mort de vingt personnes dans le d\u00e9sert libyen est un nouveau signal d&rsquo;alarme pour l&rsquo;ensemble de la communaut\u00e9 internationale et un rappel que nous sommes tr\u00e8s loin d&rsquo;atteindre l&rsquo;objectif de \u2018ne laisser personne derri\u00e8re\u2019, le mantra de l&rsquo;Agenda 2030 \u00bb, d\u00e9clare Federico Soda, chef de mission de l&rsquo;OIM en Libye.<\/p>\n<p>\u00ab Les pertes de vies humaines auxquelles nous assistons en mer M\u00e9diterran\u00e9e et dans les d\u00e9serts du sud de la Libye sont \u00e0 la fois inacceptables et \u00e9vitables \u00bb, a-t-il ajout\u00e9.<\/p>\n<p>Le d\u00e9sert du Sahara fait partie des routes migratoires les plus p\u00e9rilleuses et les plus meurtri\u00e8res du monde.<\/p>\n<p>Selon le projet Migrants disparus de l&rsquo;OIM, plus de 2.000 d\u00e9c\u00e8s de migrants ont \u00e9t\u00e9 document\u00e9s depuis 2014 dans le seul d\u00e9sert du Sahara, mais les experts estiment que les chiffres sont plus \u00e9lev\u00e9s.<\/p>\n<p><strong>Pour plus d&rsquo;informations et d&rsquo;analyses sur la <a href=\"https:\/\/www.africa-press.net\/tchad\">Tchad<\/a>, suivez <a href=\"https:\/\/www.africa-press.net\/\">Africa-Press<\/a><\/strong><\/p>\n","protected":false},"excerpt":{"rendered":"<p>Africa-Press &#8211; Tchad. Le 28 juin, les corps de 18 personnes, vraisemblablement des Tchadiens et deux Libyens, auraient \u00e9t\u00e9 retrouv\u00e9s pr\u00e8s de la fronti\u00e8re avec le Tchad. Selon les services d&rsquo;ambulance et d&rsquo;urgence libyens, le groupe serait mort de d\u00e9shydratation. \u00ab La mort de vingt personnes dans le d\u00e9sert libyen est un nouveau signal d&rsquo;alarme [&hellip;]<\/p>\n","protected":false},"author":82,"featured_media":28194,"comment_status":"open","ping_status":"closed","sticky":false,"template":"","format":"standard","meta":{"footnotes":""},"categories":[11,2,10],"tags":[37,292,29],"class_list":["post-28195","post","type-post","status-publish","format-standard","has-post-thumbnail","hentry","category-homepage-french","category-politique","category-toutes-les-actualites","tag-africa-press","tag-africa-press-tchad","tag-tchad"],"yoast_head":"<!-- This site is optimized with the Yoast SEO Premium plugin v26.1 (Yoast SEO v27.0) - https:\/\/yoast.com\/product\/yoast-seo-premium-wordpress\/ -->\n<title>L&#039;OIM appelle \u00e0 mieux prot\u00e9ger les migrants apr\u00e8s les d\u00e9c\u00e8s \u00e0 la fronti\u00e8re Tchad-Libye - tchad<\/title>\n<meta name=\"description\" content=\"Le 28 juin, les corps de 18 personnes, vraisemblablement des Tchadiens et deux Libyens, auraient \u00e9t\u00e9 retrouv\u00e9s pr\u00e8s de l ...\" \/>\n<meta name=\"robots\" content=\"index, follow, max-snippet:-1, max-image-preview:large, max-video-preview:-1\" \/>\n<link rel=\"canonical\" href=\"https:\/\/www.africa-press.net\/tchad\/politique\/loim-appelle-a-mieux-proteger-les-migrants-apres-les-deces-a-la-frontiere-tchad-libye\" \/>\n<meta property=\"og:locale\" content=\"fr_FR\" \/>\n<meta property=\"og:type\" content=\"article\" \/>\n<meta property=\"og:title\" content=\"L&#039;OIM appelle \u00e0 mieux prot\u00e9ger les migrants apr\u00e8s les d\u00e9c\u00e8s \u00e0 la fronti\u00e8re Tchad-Libye\" \/>\n<meta property=\"og:description\" content=\"Le 28 juin, les corps de 18 personnes, vraisemblablement des Tchadiens et deux Libyens, auraient \u00e9t\u00e9 retrouv\u00e9s pr\u00e8s de l ...\" \/>\n<meta property=\"og:url\" content=\"https:\/\/www.africa-press.net\/tchad\/politique\/loim-appelle-a-mieux-proteger-les-migrants-apres-les-deces-a-la-frontiere-tchad-libye\" \/>\n<meta property=\"og:site_name\" content=\"tchad\" \/>\n<meta property=\"article:published_time\" content=\"2022-07-02T11:27:41+00:00\" \/>\n<meta property=\"article:modified_time\" content=\"2022-07-02T12:26:19+00:00\" \/>\n<meta property=\"og:image\" content=\"https:\/\/static.africa-press.net\/tchad\/sites\/41\/2022\/07\/postQueueImg_40.jpg\" \/>\n\t<meta property=\"og:image:width\" content=\"960\" \/>\n\t<meta property=\"og:image:height\" content=\"432\" \/>\n\t<meta property=\"og:image:type\" content=\"image\/jpeg\" \/>\n<meta name=\"author\" content=\"cfeditorfr\" \/>\n<meta name=\"twitter:card\" content=\"summary_large_image\" \/>\n<meta name=\"twitter:label1\" content=\"\u00c9crit par\" \/>\n\t<meta name=\"twitter:data1\" content=\"cfeditorfr\" \/>\n\t<meta name=\"twitter:label2\" content=\"Dur\u00e9e de lecture estim\u00e9e\" \/>\n\t<meta name=\"twitter:data2\" content=\"1 minute\" \/>\n<script type=\"application\/ld+json\" class=\"yoast-schema-graph\">{\"@context\":\"https:\/\/schema.org\",\"@graph\":[{\"@type\":\"Article\",\"@id\":\"https:\/\/www.africa-press.net\/tchad\/politique\/loim-appelle-a-mieux-proteger-les-migrants-apres-les-deces-a-la-frontiere-tchad-libye#article\",\"isPartOf\":{\"@id\":\"https:\/\/www.africa-press.net\/tchad\/politique\/loim-appelle-a-mieux-proteger-les-migrants-apres-les-deces-a-la-frontiere-tchad-libye\"},\"author\":{\"name\":\"cfeditorfr\",\"@id\":\"https:\/\/www.africa-press.net\/tchad\/#\/schema\/person\/2b1cf3cd81a31e3cd26889ca66d677f1\"},\"headline\":\"L&rsquo;OIM appelle \u00e0 mieux prot\u00e9ger les migrants apr\u00e8s les d\u00e9c\u00e8s \u00e0 la fronti\u00e8re Tchad-Libye\",\"datePublished\":\"2022-07-02T11:27:41+00:00\",\"dateModified\":\"2022-07-02T12:26:19+00:00\",\"mainEntityOfPage\":{\"@id\":\"https:\/\/www.africa-press.net\/tchad\/politique\/loim-appelle-a-mieux-proteger-les-migrants-apres-les-deces-a-la-frontiere-tchad-libye\"},\"wordCount\":223,\"commentCount\":0,\"image\":{\"@id\":\"https:\/\/www.africa-press.net\/tchad\/politique\/loim-appelle-a-mieux-proteger-les-migrants-apres-les-deces-a-la-frontiere-tchad-libye#primaryimage\"},\"thumbnailUrl\":\"https:\/\/static.africa-press.net\/tchad\/sites\/41\/2022\/07\/postQueueImg_40.jpg\",\"keywords\":[\"Africa Press\",\"Africa Press-Tchad\",\"Tchad\"],\"articleSection\":[\"homepage-french\",\"Politique\",\"Toutes les actualit\u00e9s\"],\"inLanguage\":\"fr-FR\",\"potentialAction\":[{\"@type\":\"CommentAction\",\"name\":\"Comment\",\"target\":[\"https:\/\/www.africa-press.net\/tchad\/politique\/loim-appelle-a-mieux-proteger-les-migrants-apres-les-deces-a-la-frontiere-tchad-libye#respond\"]}]},{\"@type\":\"WebPage\",\"@id\":\"https:\/\/www.africa-press.net\/tchad\/politique\/loim-appelle-a-mieux-proteger-les-migrants-apres-les-deces-a-la-frontiere-tchad-libye\",\"url\":\"https:\/\/www.africa-press.net\/tchad\/politique\/loim-appelle-a-mieux-proteger-les-migrants-apres-les-deces-a-la-frontiere-tchad-libye\",\"name\":\"L'OIM appelle \u00e0 mieux prot\u00e9ger les migrants apr\u00e8s les d\u00e9c\u00e8s \u00e0 la fronti\u00e8re Tchad-Libye - tchad\",\"isPartOf\":{\"@id\":\"https:\/\/www.africa-press.net\/tchad\/#website\"},\"primaryImageOfPage\":{\"@id\":\"https:\/\/www.africa-press.net\/tchad\/politique\/loim-appelle-a-mieux-proteger-les-migrants-apres-les-deces-a-la-frontiere-tchad-libye#primaryimage\"},\"image\":{\"@id\":\"https:\/\/www.africa-press.net\/tchad\/politique\/loim-appelle-a-mieux-proteger-les-migrants-apres-les-deces-a-la-frontiere-tchad-libye#primaryimage\"},\"thumbnailUrl\":\"https:\/\/static.africa-press.net\/tchad\/sites\/41\/2022\/07\/postQueueImg_40.jpg\",\"datePublished\":\"2022-07-02T11:27:41+00:00\",\"dateModified\":\"2022-07-02T12:26:19+00:00\",\"author\":{\"@id\":\"https:\/\/www.africa-press.net\/tchad\/#\/schema\/person\/2b1cf3cd81a31e3cd26889ca66d677f1\"},\"description\":\"Le 28 juin, les corps de 18 personnes, vraisemblablement des Tchadiens et deux Libyens, auraient \u00e9t\u00e9 retrouv\u00e9s pr\u00e8s de l ...\",\"breadcrumb\":{\"@id\":\"https:\/\/www.africa-press.net\/tchad\/politique\/loim-appelle-a-mieux-proteger-les-migrants-apres-les-deces-a-la-frontiere-tchad-libye#breadcrumb\"},\"inLanguage\":\"fr-FR\",\"potentialAction\":[{\"@type\":\"ReadAction\",\"target\":[\"https:\/\/www.africa-press.net\/tchad\/politique\/loim-appelle-a-mieux-proteger-les-migrants-apres-les-deces-a-la-frontiere-tchad-libye\"]}]},{\"@type\":\"ImageObject\",\"inLanguage\":\"fr-FR\",\"@id\":\"https:\/\/www.africa-press.net\/tchad\/politique\/loim-appelle-a-mieux-proteger-les-migrants-apres-les-deces-a-la-frontiere-tchad-libye#primaryimage\",\"url\":\"https:\/\/static.africa-press.net\/tchad\/sites\/41\/2022\/07\/postQueueImg_40.jpg\",\"contentUrl\":\"https:\/\/static.africa-press.net\/tchad\/sites\/41\/2022\/07\/postQueueImg_40.jpg\",\"width\":960,\"height\":432,\"caption\":\"L'OIM appelle \u00e0 mieux prot\u00e9ger les migrants apr\u00e8s les d\u00e9c\u00e8s \u00e0 la fronti\u00e8re Tchad-Libye\"},{\"@type\":\"BreadcrumbList\",\"@id\":\"https:\/\/www.africa-press.net\/tchad\/politique\/loim-appelle-a-mieux-proteger-les-migrants-apres-les-deces-a-la-frontiere-tchad-libye#breadcrumb\",\"itemListElement\":[{\"@type\":\"ListItem\",\"position\":1,\"name\":\"Accueil\",\"item\":\"https:\/\/www.africa-press.net\/tchad\/\"},{\"@type\":\"ListItem\",\"position\":2,\"name\":\"L&#8217;OIM appelle \u00e0 mieux prot\u00e9ger les migrants apr\u00e8s les d\u00e9c\u00e8s \u00e0 la fronti\u00e8re Tchad-Libye\"}]},{\"@type\":\"WebSite\",\"@id\":\"https:\/\/www.africa-press.net\/tchad\/#website\",\"url\":\"https:\/\/www.africa-press.net\/tchad\/\",\"name\":\"tchad\",\"description\":\"Just another Africa News Agency Sites site\",\"potentialAction\":[{\"@type\":\"SearchAction\",\"target\":{\"@type\":\"EntryPoint\",\"urlTemplate\":\"https:\/\/www.africa-press.net\/tchad\/?s={search_term_string}\"},\"query-input\":{\"@type\":\"PropertyValueSpecification\",\"valueRequired\":true,\"valueName\":\"search_term_string\"}}],\"inLanguage\":\"fr-FR\"},{\"@type\":\"Person\",\"@id\":\"https:\/\/www.africa-press.net\/tchad\/#\/schema\/person\/2b1cf3cd81a31e3cd26889ca66d677f1\",\"name\":\"cfeditorfr\"}]}<\/script>\n<!-- \/ Yoast SEO Premium plugin. -->","yoast_head_json":{"title":"L'OIM appelle \u00e0 mieux prot\u00e9ger les migrants apr\u00e8s les d\u00e9c\u00e8s \u00e0 la fronti\u00e8re Tchad-Libye - tchad","description":"Le 28 juin, les corps de 18 personnes, vraisemblablement des Tchadiens et deux Libyens, auraient \u00e9t\u00e9 retrouv\u00e9s pr\u00e8s de l ...","robots":{"index":"index","follow":"follow","max-snippet":"max-snippet:-1","max-image-preview":"max-image-preview:large","max-video-preview":"max-video-preview:-1"},"canonical":"https:\/\/www.africa-press.net\/tchad\/politique\/loim-appelle-a-mieux-proteger-les-migrants-apres-les-deces-a-la-frontiere-tchad-libye","og_locale":"fr_FR","og_type":"article","og_title":"L'OIM appelle \u00e0 mieux prot\u00e9ger les migrants apr\u00e8s les d\u00e9c\u00e8s \u00e0 la fronti\u00e8re Tchad-Libye","og_description":"Le 28 juin, les corps de 18 personnes, vraisemblablement des Tchadiens et deux Libyens, auraient \u00e9t\u00e9 retrouv\u00e9s pr\u00e8s de l ...","og_url":"https:\/\/www.africa-press.net\/tchad\/politique\/loim-appelle-a-mieux-proteger-les-migrants-apres-les-deces-a-la-frontiere-tchad-libye","og_site_name":"tchad","article_published_time":"2022-07-02T11:27:41+00:00","article_modified_time":"2022-07-02T12:26:19+00:00","og_image":[{"width":960,"height":432,"url":"https:\/\/static.africa-press.net\/tchad\/sites\/41\/2022\/07\/postQueueImg_40.jpg","type":"image\/jpeg"}],"author":"cfeditorfr","twitter_card":"summary_large_image","twitter_misc":{"\u00c9crit par":"cfeditorfr","Dur\u00e9e de lecture estim\u00e9e":"1 minute"},"schema":{"@context":"https:\/\/schema.org","@graph":[{"@type":"Article","@id":"https:\/\/www.africa-press.net\/tchad\/politique\/loim-appelle-a-mieux-proteger-les-migrants-apres-les-deces-a-la-frontiere-tchad-libye#article","isPartOf":{"@id":"https:\/\/www.africa-press.net\/tchad\/politique\/loim-appelle-a-mieux-proteger-les-migrants-apres-les-deces-a-la-frontiere-tchad-libye"},"author":{"name":"cfeditorfr","@id":"https:\/\/www.africa-press.net\/tchad\/#\/schema\/person\/2b1cf3cd81a31e3cd26889ca66d677f1"},"headline":"L&rsquo;OIM appelle \u00e0 mieux prot\u00e9ger les migrants apr\u00e8s les d\u00e9c\u00e8s \u00e0 la fronti\u00e8re Tchad-Libye","datePublished":"2022-07-02T11:27:41+00:00","dateModified":"2022-07-02T12:26:19+00:00","mainEntityOfPage":{"@id":"https:\/\/www.africa-press.net\/tchad\/politique\/loim-appelle-a-mieux-proteger-les-migrants-apres-les-deces-a-la-frontiere-tchad-libye"},"wordCount":223,"commentCount":0,"image":{"@id":"https:\/\/www.africa-press.net\/tchad\/politique\/loim-appelle-a-mieux-proteger-les-migrants-apres-les-deces-a-la-frontiere-tchad-libye#primaryimage"},"thumbnailUrl":"https:\/\/static.africa-press.net\/tchad\/sites\/41\/2022\/07\/postQueueImg_40.jpg","keywords":["Africa Press","Africa Press-Tchad","Tchad"],"articleSection":["homepage-french","Politique","Toutes les actualit\u00e9s"],"inLanguage":"fr-FR","potentialAction":[{"@type":"CommentAction","name":"Comment","target":["https:\/\/www.africa-press.net\/tchad\/politique\/loim-appelle-a-mieux-proteger-les-migrants-apres-les-deces-a-la-frontiere-tchad-libye#respond"]}]},{"@type":"WebPage","@id":"https:\/\/www.africa-press.net\/tchad\/politique\/loim-appelle-a-mieux-proteger-les-migrants-apres-les-deces-a-la-frontiere-tchad-libye","url":"https:\/\/www.africa-press.net\/tchad\/politique\/loim-appelle-a-mieux-proteger-les-migrants-apres-les-deces-a-la-frontiere-tchad-libye","name":"L'OIM appelle \u00e0 mieux prot\u00e9ger les migrants apr\u00e8s les d\u00e9c\u00e8s \u00e0 la fronti\u00e8re Tchad-Libye - tchad","isPartOf":{"@id":"https:\/\/www.africa-press.net\/tchad\/#website"},"primaryImageOfPage":{"@id":"https:\/\/www.africa-press.net\/tchad\/politique\/loim-appelle-a-mieux-proteger-les-migrants-apres-les-deces-a-la-frontiere-tchad-libye#primaryimage"},"image":{"@id":"https:\/\/www.africa-press.net\/tchad\/politique\/loim-appelle-a-mieux-proteger-les-migrants-apres-les-deces-a-la-frontiere-tchad-libye#primaryimage"},"thumbnailUrl":"https:\/\/static.africa-press.net\/tchad\/sites\/41\/2022\/07\/postQueueImg_40.jpg","datePublished":"2022-07-02T11:27:41+00:00","dateModified":"2022-07-02T12:26:19+00:00","author":{"@id":"https:\/\/www.africa-press.net\/tchad\/#\/schema\/person\/2b1cf3cd81a31e3cd26889ca66d677f1"},"description":"Le 28 juin, les corps de 18 personnes, vraisemblablement des Tchadiens et deux Libyens, auraient \u00e9t\u00e9 retrouv\u00e9s pr\u00e8s de l ...","breadcrumb":{"@id":"https:\/\/www.africa-press.net\/tchad\/politique\/loim-appelle-a-mieux-proteger-les-migrants-apres-les-deces-a-la-frontiere-tchad-libye#breadcrumb"},"inLanguage":"fr-FR","potentialAction":[{"@type":"ReadAction","target":["https:\/\/www.africa-press.net\/tchad\/politique\/loim-appelle-a-mieux-proteger-les-migrants-apres-les-deces-a-la-frontiere-tchad-libye"]}]},{"@type":"ImageObject","inLanguage":"fr-FR","@id":"https:\/\/www.africa-press.net\/tchad\/politique\/loim-appelle-a-mieux-proteger-les-migrants-apres-les-deces-a-la-frontiere-tchad-libye#primaryimage","url":"https:\/\/static.africa-press.net\/tchad\/sites\/41\/2022\/07\/postQueueImg_40.jpg","contentUrl":"https:\/\/static.africa-press.net\/tchad\/sites\/41\/2022\/07\/postQueueImg_40.jpg","width":960,"height":432,"caption":"L'OIM appelle \u00e0 mieux prot\u00e9ger les migrants apr\u00e8s les d\u00e9c\u00e8s \u00e0 la fronti\u00e8re Tchad-Libye"},{"@type":"BreadcrumbList","@id":"https:\/\/www.africa-press.net\/tchad\/politique\/loim-appelle-a-mieux-proteger-les-migrants-apres-les-deces-a-la-frontiere-tchad-libye#breadcrumb","itemListElement":[{"@type":"ListItem","position":1,"name":"Accueil","item":"https:\/\/www.africa-press.net\/tchad\/"},{"@type":"ListItem","position":2,"name":"L&#8217;OIM appelle \u00e0 mieux prot\u00e9ger les migrants apr\u00e8s les d\u00e9c\u00e8s \u00e0 la fronti\u00e8re Tchad-Libye"}]},{"@type":"WebSite","@id":"https:\/\/www.africa-press.net\/tchad\/#website","url":"https:\/\/www.africa-press.net\/tchad\/","name":"tchad","description":"Just another Africa News Agency Sites site","potentialAction":[{"@type":"SearchAction","target":{"@type":"EntryPoint","urlTemplate":"https:\/\/www.africa-press.net\/tchad\/?s={search_term_string}"},"query-input":{"@type":"PropertyValueSpecification","valueRequired":true,"valueName":"search_term_string"}}],"inLanguage":"fr-FR"},{"@type":"Person","@id":"https:\/\/www.africa-press.net\/tchad\/#\/schema\/person\/2b1cf3cd81a31e3cd26889ca66d677f1","name":"cfeditorfr"}]}},"_links":{"self":[{"href":"https:\/\/www.africa-press.net\/tchad\/wp-json\/wp\/v2\/posts\/28195","targetHints":{"allow":["GET"]}}],"collection":[{"href":"https:\/\/www.africa-press.net\/tchad\/wp-json\/wp\/v2\/posts"}],"about":[{"href":"https:\/\/www.africa-press.net\/tchad\/wp-json\/wp\/v2\/types\/post"}],"author":[{"embeddable":true,"href":"https:\/\/www.africa-press.net\/tchad\/wp-json\/wp\/v2\/users\/82"}],"replies":[{"embeddable":true,"href":"https:\/\/www.africa-press.net\/tchad\/wp-json\/wp\/v2\/comments?post=28195"}],"version-history":[{"count":0,"href":"https:\/\/www.africa-press.net\/tchad\/wp-json\/wp\/v2\/posts\/28195\/revisions"}],"wp:featuredmedia":[{"embeddable":true,"href":"https:\/\/www.africa-press.net\/tchad\/wp-json\/wp\/v2\/media\/28194"}],"wp:attachment":[{"href":"https:\/\/www.africa-press.net\/tchad\/wp-json\/wp\/v2\/media?parent=28195"}],"wp:term":[{"taxonomy":"category","embeddable":true,"href":"https:\/\/www.africa-press.net\/tchad\/wp-json\/wp\/v2\/categories?post=28195"},{"taxonomy":"post_tag","embeddable":true,"href":"https:\/\/www.africa-press.net\/tchad\/wp-json\/wp\/v2\/tags?post=28195"}],"curies":[{"name":"wp","href":"https:\/\/api.w.org\/{rel}","templated":true}]}}