{"id":28233,"date":"2022-07-03T17:06:28","date_gmt":"2022-07-03T17:06:28","guid":{"rendered":"https:\/\/www.africa-press.net\/tchad\/politique\/au-lac-un-conflit-meurtrier-sur-une-ile-et-une-reponse-ferme-des-autorites"},"modified":"2022-07-03T17:31:35","modified_gmt":"2022-07-03T17:31:35","slug":"au-lac-un-conflit-meurtrier-sur-une-ile-et-une-reponse-ferme-des-autorites","status":"publish","type":"post","link":"https:\/\/www.africa-press.net\/tchad\/politique\/au-lac-un-conflit-meurtrier-sur-une-ile-et-une-reponse-ferme-des-autorites","title":{"rendered":"au Lac, un conflit meurtrier sur une \u00eele et une r\u00e9ponse ferme des autorit\u00e9s"},"content":{"rendered":"<p><span style=\"color: #ff6600\"><strong>Africa-Press &#8211; Tchad. <\/strong><\/span>Ce d\u00e9placement du gouverneur de la province du Lac, Adoum Moustapha Brahimi, sur les \u00eeles du Lac a pour objectif de ramener d\u00e9finitivement le calme dans cette partie du pays qui pour la troisi\u00e8me fois a fait l&rsquo;objet d&rsquo;un conflit meurtrier.<\/p>\n<p>D\u00e8s son arriv\u00e9e, le repr\u00e9sentant de chef de l&rsquo;\u00c9tat dans la province du Lac a tenu une r\u00e9union d&rsquo;urgence avec les diff\u00e9rents responsables impliqu\u00e9s dans la gestion de ce conflit.<\/p>\n<p>Une r\u00e9union autour de laquelle des d\u00e9cisions fermes ont \u00e9t\u00e9 prises.<\/p>\n<p>Il s&rsquo;agit de la d\u00e9localisation de deux villages th\u00e9\u00e2tres d&rsquo;affrontements, question de ramener la paix la s\u00e9curit\u00e9 sur les \u00eeles ; l&rsquo;arrestation des auteurs, coauteurs et complices de cette attaque ; et la d\u00e9limitation provisoire de la localit\u00e9 comme zone rouge.<\/p>\n<p><a name=\"para_2\"><\/a>Adoum Moustapha Brahimi a mis l&rsquo;accent sur la paix et le vivre ensemble.<\/p>\n<p>Pr\u00e9sent sur le lieu, le procureur de la T\u00e9publique pr\u00e8s le tribunal de grande instance de Bol, Adil Manna Bachar a pr\u00e9cis\u00e9 que les personnes impliqu\u00e9es seront jug\u00e9es conform\u00e9ment aux textes en vigueur.<\/p>\n<p>Tout en saluant la promptitude des forces de d\u00e9fense et de s\u00e9curit\u00e9 qui ont su ma\u00eetriser la situation, le premier magistrat de la province du Lac a invit\u00e9 les comit\u00e9s de sage et de vigilance \u00e0 s&rsquo;impliquer aux c\u00f4t\u00e9s de l&rsquo;administration pour en d\u00e9coudre d\u00e9finitivement avec ce conflit qui a trop dur\u00e9.<\/p>\n<p><strong>Pour plus d&rsquo;informations et d&rsquo;analyses sur la <a href=\"https:\/\/www.africa-press.net\/tchad\">Tchad<\/a>, suivez <a href=\"https:\/\/www.africa-press.net\/\">Africa-Press<\/a><\/strong><\/p>\n","protected":false},"excerpt":{"rendered":"<p>Africa-Press &#8211; Tchad. Ce d\u00e9placement du gouverneur de la province du Lac, Adoum Moustapha Brahimi, sur les \u00eeles du Lac a pour objectif de ramener d\u00e9finitivement le calme dans cette partie du pays qui pour la troisi\u00e8me fois a fait l&rsquo;objet d&rsquo;un conflit meurtrier. D\u00e8s son arriv\u00e9e, le repr\u00e9sentant de chef de l&rsquo;\u00c9tat dans la [&hellip;]<\/p>\n","protected":false},"author":82,"featured_media":28232,"comment_status":"open","ping_status":"closed","sticky":false,"template":"","format":"standard","meta":{"footnotes":""},"categories":[11,2,10],"tags":[37,292,29],"class_list":["post-28233","post","type-post","status-publish","format-standard","has-post-thumbnail","hentry","category-homepage-french","category-politique","category-toutes-les-actualites","tag-africa-press","tag-africa-press-tchad","tag-tchad"],"yoast_head":"<!-- This site is optimized with the Yoast SEO Premium plugin v26.1 (Yoast SEO v27.0) - https:\/\/yoast.com\/product\/yoast-seo-premium-wordpress\/ -->\n<title>au Lac, un conflit meurtrier sur une \u00eele et une r\u00e9ponse ferme des autorit\u00e9s - tchad<\/title>\n<meta name=\"description\" content=\"Ce d\u00e9placement du gouverneur de la province du Lac, Adoum Moustapha Brahimi, sur les \u00eeles du Lac a pour objectif de rame ...\" \/>\n<meta name=\"robots\" content=\"index, follow, max-snippet:-1, max-image-preview:large, max-video-preview:-1\" \/>\n<link rel=\"canonical\" href=\"https:\/\/www.africa-press.net\/tchad\/politique\/au-lac-un-conflit-meurtrier-sur-une-ile-et-une-reponse-ferme-des-autorites\" \/>\n<meta property=\"og:locale\" content=\"fr_FR\" \/>\n<meta property=\"og:type\" content=\"article\" \/>\n<meta property=\"og:title\" content=\"au Lac, un conflit meurtrier sur une \u00eele et une r\u00e9ponse ferme des autorit\u00e9s\" \/>\n<meta property=\"og:description\" content=\"Ce d\u00e9placement du gouverneur de la province du Lac, Adoum Moustapha Brahimi, sur les \u00eeles du Lac a pour objectif de rame ...\" \/>\n<meta property=\"og:url\" content=\"https:\/\/www.africa-press.net\/tchad\/politique\/au-lac-un-conflit-meurtrier-sur-une-ile-et-une-reponse-ferme-des-autorites\" \/>\n<meta property=\"og:site_name\" content=\"tchad\" \/>\n<meta property=\"article:published_time\" content=\"2022-07-03T17:06:28+00:00\" \/>\n<meta property=\"article:modified_time\" content=\"2022-07-03T17:31:35+00:00\" \/>\n<meta property=\"og:image\" content=\"https:\/\/static.africa-press.net\/tchad\/sites\/41\/2022\/07\/postQueueImg_6-62c1d2545a0a5.jpg\" \/>\n\t<meta property=\"og:image:width\" content=\"1000\" \/>\n\t<meta property=\"og:image:height\" content=\"563\" \/>\n\t<meta property=\"og:image:type\" content=\"image\/jpeg\" \/>\n<meta name=\"author\" content=\"cfeditorfr\" \/>\n<meta name=\"twitter:card\" content=\"summary_large_image\" \/>\n<meta name=\"twitter:label1\" content=\"\u00c9crit par\" \/>\n\t<meta name=\"twitter:data1\" content=\"cfeditorfr\" \/>\n\t<meta name=\"twitter:label2\" content=\"Dur\u00e9e de lecture estim\u00e9e\" \/>\n\t<meta name=\"twitter:data2\" content=\"1 minute\" \/>\n<script type=\"application\/ld+json\" class=\"yoast-schema-graph\">{\"@context\":\"https:\/\/schema.org\",\"@graph\":[{\"@type\":\"Article\",\"@id\":\"https:\/\/www.africa-press.net\/tchad\/politique\/au-lac-un-conflit-meurtrier-sur-une-ile-et-une-reponse-ferme-des-autorites#article\",\"isPartOf\":{\"@id\":\"https:\/\/www.africa-press.net\/tchad\/politique\/au-lac-un-conflit-meurtrier-sur-une-ile-et-une-reponse-ferme-des-autorites\"},\"author\":{\"name\":\"cfeditorfr\",\"@id\":\"https:\/\/www.africa-press.net\/tchad\/#\/schema\/person\/2b1cf3cd81a31e3cd26889ca66d677f1\"},\"headline\":\"au Lac, un conflit meurtrier sur une \u00eele et une r\u00e9ponse ferme des autorit\u00e9s\",\"datePublished\":\"2022-07-03T17:06:28+00:00\",\"dateModified\":\"2022-07-03T17:31:35+00:00\",\"mainEntityOfPage\":{\"@id\":\"https:\/\/www.africa-press.net\/tchad\/politique\/au-lac-un-conflit-meurtrier-sur-une-ile-et-une-reponse-ferme-des-autorites\"},\"wordCount\":289,\"commentCount\":0,\"image\":{\"@id\":\"https:\/\/www.africa-press.net\/tchad\/politique\/au-lac-un-conflit-meurtrier-sur-une-ile-et-une-reponse-ferme-des-autorites#primaryimage\"},\"thumbnailUrl\":\"https:\/\/static.africa-press.net\/tchad\/sites\/41\/2022\/07\/postQueueImg_6-62c1d2545a0a5.jpg\",\"keywords\":[\"Africa Press\",\"Africa Press-Tchad\",\"Tchad\"],\"articleSection\":[\"homepage-french\",\"Politique\",\"Toutes les actualit\u00e9s\"],\"inLanguage\":\"fr-FR\",\"potentialAction\":[{\"@type\":\"CommentAction\",\"name\":\"Comment\",\"target\":[\"https:\/\/www.africa-press.net\/tchad\/politique\/au-lac-un-conflit-meurtrier-sur-une-ile-et-une-reponse-ferme-des-autorites#respond\"]}]},{\"@type\":\"WebPage\",\"@id\":\"https:\/\/www.africa-press.net\/tchad\/politique\/au-lac-un-conflit-meurtrier-sur-une-ile-et-une-reponse-ferme-des-autorites\",\"url\":\"https:\/\/www.africa-press.net\/tchad\/politique\/au-lac-un-conflit-meurtrier-sur-une-ile-et-une-reponse-ferme-des-autorites\",\"name\":\"au Lac, un conflit meurtrier sur une \u00eele et une r\u00e9ponse ferme des autorit\u00e9s - tchad\",\"isPartOf\":{\"@id\":\"https:\/\/www.africa-press.net\/tchad\/#website\"},\"primaryImageOfPage\":{\"@id\":\"https:\/\/www.africa-press.net\/tchad\/politique\/au-lac-un-conflit-meurtrier-sur-une-ile-et-une-reponse-ferme-des-autorites#primaryimage\"},\"image\":{\"@id\":\"https:\/\/www.africa-press.net\/tchad\/politique\/au-lac-un-conflit-meurtrier-sur-une-ile-et-une-reponse-ferme-des-autorites#primaryimage\"},\"thumbnailUrl\":\"https:\/\/static.africa-press.net\/tchad\/sites\/41\/2022\/07\/postQueueImg_6-62c1d2545a0a5.jpg\",\"datePublished\":\"2022-07-03T17:06:28+00:00\",\"dateModified\":\"2022-07-03T17:31:35+00:00\",\"author\":{\"@id\":\"https:\/\/www.africa-press.net\/tchad\/#\/schema\/person\/2b1cf3cd81a31e3cd26889ca66d677f1\"},\"description\":\"Ce d\u00e9placement du gouverneur de la province du Lac, Adoum Moustapha Brahimi, sur les \u00eeles du Lac a pour objectif de rame ...\",\"breadcrumb\":{\"@id\":\"https:\/\/www.africa-press.net\/tchad\/politique\/au-lac-un-conflit-meurtrier-sur-une-ile-et-une-reponse-ferme-des-autorites#breadcrumb\"},\"inLanguage\":\"fr-FR\",\"potentialAction\":[{\"@type\":\"ReadAction\",\"target\":[\"https:\/\/www.africa-press.net\/tchad\/politique\/au-lac-un-conflit-meurtrier-sur-une-ile-et-une-reponse-ferme-des-autorites\"]}]},{\"@type\":\"ImageObject\",\"inLanguage\":\"fr-FR\",\"@id\":\"https:\/\/www.africa-press.net\/tchad\/politique\/au-lac-un-conflit-meurtrier-sur-une-ile-et-une-reponse-ferme-des-autorites#primaryimage\",\"url\":\"https:\/\/static.africa-press.net\/tchad\/sites\/41\/2022\/07\/postQueueImg_6-62c1d2545a0a5.jpg\",\"contentUrl\":\"https:\/\/static.africa-press.net\/tchad\/sites\/41\/2022\/07\/postQueueImg_6-62c1d2545a0a5.jpg\",\"width\":1000,\"height\":563,\"caption\":\"au Lac, un conflit meurtrier sur une \u00eele et une r\u00e9ponse ferme des autorit\u00e9s\"},{\"@type\":\"BreadcrumbList\",\"@id\":\"https:\/\/www.africa-press.net\/tchad\/politique\/au-lac-un-conflit-meurtrier-sur-une-ile-et-une-reponse-ferme-des-autorites#breadcrumb\",\"itemListElement\":[{\"@type\":\"ListItem\",\"position\":1,\"name\":\"Accueil\",\"item\":\"https:\/\/www.africa-press.net\/tchad\/\"},{\"@type\":\"ListItem\",\"position\":2,\"name\":\"au Lac, un conflit meurtrier sur une \u00eele et une r\u00e9ponse ferme des autorit\u00e9s\"}]},{\"@type\":\"WebSite\",\"@id\":\"https:\/\/www.africa-press.net\/tchad\/#website\",\"url\":\"https:\/\/www.africa-press.net\/tchad\/\",\"name\":\"tchad\",\"description\":\"Just another Africa News Agency Sites site\",\"potentialAction\":[{\"@type\":\"SearchAction\",\"target\":{\"@type\":\"EntryPoint\",\"urlTemplate\":\"https:\/\/www.africa-press.net\/tchad\/?s={search_term_string}\"},\"query-input\":{\"@type\":\"PropertyValueSpecification\",\"valueRequired\":true,\"valueName\":\"search_term_string\"}}],\"inLanguage\":\"fr-FR\"},{\"@type\":\"Person\",\"@id\":\"https:\/\/www.africa-press.net\/tchad\/#\/schema\/person\/2b1cf3cd81a31e3cd26889ca66d677f1\",\"name\":\"cfeditorfr\"}]}<\/script>\n<!-- \/ Yoast SEO Premium plugin. -->","yoast_head_json":{"title":"au Lac, un conflit meurtrier sur une \u00eele et une r\u00e9ponse ferme des autorit\u00e9s - tchad","description":"Ce d\u00e9placement du gouverneur de la province du Lac, Adoum Moustapha Brahimi, sur les \u00eeles du Lac a pour objectif de rame ...","robots":{"index":"index","follow":"follow","max-snippet":"max-snippet:-1","max-image-preview":"max-image-preview:large","max-video-preview":"max-video-preview:-1"},"canonical":"https:\/\/www.africa-press.net\/tchad\/politique\/au-lac-un-conflit-meurtrier-sur-une-ile-et-une-reponse-ferme-des-autorites","og_locale":"fr_FR","og_type":"article","og_title":"au Lac, un conflit meurtrier sur une \u00eele et une r\u00e9ponse ferme des autorit\u00e9s","og_description":"Ce d\u00e9placement du gouverneur de la province du Lac, Adoum Moustapha Brahimi, sur les \u00eeles du Lac a pour objectif de rame ...","og_url":"https:\/\/www.africa-press.net\/tchad\/politique\/au-lac-un-conflit-meurtrier-sur-une-ile-et-une-reponse-ferme-des-autorites","og_site_name":"tchad","article_published_time":"2022-07-03T17:06:28+00:00","article_modified_time":"2022-07-03T17:31:35+00:00","og_image":[{"width":1000,"height":563,"url":"https:\/\/static.africa-press.net\/tchad\/sites\/41\/2022\/07\/postQueueImg_6-62c1d2545a0a5.jpg","type":"image\/jpeg"}],"author":"cfeditorfr","twitter_card":"summary_large_image","twitter_misc":{"\u00c9crit par":"cfeditorfr","Dur\u00e9e de lecture estim\u00e9e":"1 minute"},"schema":{"@context":"https:\/\/schema.org","@graph":[{"@type":"Article","@id":"https:\/\/www.africa-press.net\/tchad\/politique\/au-lac-un-conflit-meurtrier-sur-une-ile-et-une-reponse-ferme-des-autorites#article","isPartOf":{"@id":"https:\/\/www.africa-press.net\/tchad\/politique\/au-lac-un-conflit-meurtrier-sur-une-ile-et-une-reponse-ferme-des-autorites"},"author":{"name":"cfeditorfr","@id":"https:\/\/www.africa-press.net\/tchad\/#\/schema\/person\/2b1cf3cd81a31e3cd26889ca66d677f1"},"headline":"au Lac, un conflit meurtrier sur une \u00eele et une r\u00e9ponse ferme des autorit\u00e9s","datePublished":"2022-07-03T17:06:28+00:00","dateModified":"2022-07-03T17:31:35+00:00","mainEntityOfPage":{"@id":"https:\/\/www.africa-press.net\/tchad\/politique\/au-lac-un-conflit-meurtrier-sur-une-ile-et-une-reponse-ferme-des-autorites"},"wordCount":289,"commentCount":0,"image":{"@id":"https:\/\/www.africa-press.net\/tchad\/politique\/au-lac-un-conflit-meurtrier-sur-une-ile-et-une-reponse-ferme-des-autorites#primaryimage"},"thumbnailUrl":"https:\/\/static.africa-press.net\/tchad\/sites\/41\/2022\/07\/postQueueImg_6-62c1d2545a0a5.jpg","keywords":["Africa Press","Africa Press-Tchad","Tchad"],"articleSection":["homepage-french","Politique","Toutes les actualit\u00e9s"],"inLanguage":"fr-FR","potentialAction":[{"@type":"CommentAction","name":"Comment","target":["https:\/\/www.africa-press.net\/tchad\/politique\/au-lac-un-conflit-meurtrier-sur-une-ile-et-une-reponse-ferme-des-autorites#respond"]}]},{"@type":"WebPage","@id":"https:\/\/www.africa-press.net\/tchad\/politique\/au-lac-un-conflit-meurtrier-sur-une-ile-et-une-reponse-ferme-des-autorites","url":"https:\/\/www.africa-press.net\/tchad\/politique\/au-lac-un-conflit-meurtrier-sur-une-ile-et-une-reponse-ferme-des-autorites","name":"au Lac, un conflit meurtrier sur une \u00eele et une r\u00e9ponse ferme des autorit\u00e9s - tchad","isPartOf":{"@id":"https:\/\/www.africa-press.net\/tchad\/#website"},"primaryImageOfPage":{"@id":"https:\/\/www.africa-press.net\/tchad\/politique\/au-lac-un-conflit-meurtrier-sur-une-ile-et-une-reponse-ferme-des-autorites#primaryimage"},"image":{"@id":"https:\/\/www.africa-press.net\/tchad\/politique\/au-lac-un-conflit-meurtrier-sur-une-ile-et-une-reponse-ferme-des-autorites#primaryimage"},"thumbnailUrl":"https:\/\/static.africa-press.net\/tchad\/sites\/41\/2022\/07\/postQueueImg_6-62c1d2545a0a5.jpg","datePublished":"2022-07-03T17:06:28+00:00","dateModified":"2022-07-03T17:31:35+00:00","author":{"@id":"https:\/\/www.africa-press.net\/tchad\/#\/schema\/person\/2b1cf3cd81a31e3cd26889ca66d677f1"},"description":"Ce d\u00e9placement du gouverneur de la province du Lac, Adoum Moustapha Brahimi, sur les \u00eeles du Lac a pour objectif de rame ...","breadcrumb":{"@id":"https:\/\/www.africa-press.net\/tchad\/politique\/au-lac-un-conflit-meurtrier-sur-une-ile-et-une-reponse-ferme-des-autorites#breadcrumb"},"inLanguage":"fr-FR","potentialAction":[{"@type":"ReadAction","target":["https:\/\/www.africa-press.net\/tchad\/politique\/au-lac-un-conflit-meurtrier-sur-une-ile-et-une-reponse-ferme-des-autorites"]}]},{"@type":"ImageObject","inLanguage":"fr-FR","@id":"https:\/\/www.africa-press.net\/tchad\/politique\/au-lac-un-conflit-meurtrier-sur-une-ile-et-une-reponse-ferme-des-autorites#primaryimage","url":"https:\/\/static.africa-press.net\/tchad\/sites\/41\/2022\/07\/postQueueImg_6-62c1d2545a0a5.jpg","contentUrl":"https:\/\/static.africa-press.net\/tchad\/sites\/41\/2022\/07\/postQueueImg_6-62c1d2545a0a5.jpg","width":1000,"height":563,"caption":"au Lac, un conflit meurtrier sur une \u00eele et une r\u00e9ponse ferme des autorit\u00e9s"},{"@type":"BreadcrumbList","@id":"https:\/\/www.africa-press.net\/tchad\/politique\/au-lac-un-conflit-meurtrier-sur-une-ile-et-une-reponse-ferme-des-autorites#breadcrumb","itemListElement":[{"@type":"ListItem","position":1,"name":"Accueil","item":"https:\/\/www.africa-press.net\/tchad\/"},{"@type":"ListItem","position":2,"name":"au Lac, un conflit meurtrier sur une \u00eele et une r\u00e9ponse ferme des autorit\u00e9s"}]},{"@type":"WebSite","@id":"https:\/\/www.africa-press.net\/tchad\/#website","url":"https:\/\/www.africa-press.net\/tchad\/","name":"tchad","description":"Just another Africa News Agency Sites site","potentialAction":[{"@type":"SearchAction","target":{"@type":"EntryPoint","urlTemplate":"https:\/\/www.africa-press.net\/tchad\/?s={search_term_string}"},"query-input":{"@type":"PropertyValueSpecification","valueRequired":true,"valueName":"search_term_string"}}],"inLanguage":"fr-FR"},{"@type":"Person","@id":"https:\/\/www.africa-press.net\/tchad\/#\/schema\/person\/2b1cf3cd81a31e3cd26889ca66d677f1","name":"cfeditorfr"}]}},"_links":{"self":[{"href":"https:\/\/www.africa-press.net\/tchad\/wp-json\/wp\/v2\/posts\/28233","targetHints":{"allow":["GET"]}}],"collection":[{"href":"https:\/\/www.africa-press.net\/tchad\/wp-json\/wp\/v2\/posts"}],"about":[{"href":"https:\/\/www.africa-press.net\/tchad\/wp-json\/wp\/v2\/types\/post"}],"author":[{"embeddable":true,"href":"https:\/\/www.africa-press.net\/tchad\/wp-json\/wp\/v2\/users\/82"}],"replies":[{"embeddable":true,"href":"https:\/\/www.africa-press.net\/tchad\/wp-json\/wp\/v2\/comments?post=28233"}],"version-history":[{"count":0,"href":"https:\/\/www.africa-press.net\/tchad\/wp-json\/wp\/v2\/posts\/28233\/revisions"}],"wp:featuredmedia":[{"embeddable":true,"href":"https:\/\/www.africa-press.net\/tchad\/wp-json\/wp\/v2\/media\/28232"}],"wp:attachment":[{"href":"https:\/\/www.africa-press.net\/tchad\/wp-json\/wp\/v2\/media?parent=28233"}],"wp:term":[{"taxonomy":"category","embeddable":true,"href":"https:\/\/www.africa-press.net\/tchad\/wp-json\/wp\/v2\/categories?post=28233"},{"taxonomy":"post_tag","embeddable":true,"href":"https:\/\/www.africa-press.net\/tchad\/wp-json\/wp\/v2\/tags?post=28233"}],"curies":[{"name":"wp","href":"https:\/\/api.w.org\/{rel}","templated":true}]}}