{"id":28245,"date":"2022-07-03T17:08:48","date_gmt":"2022-07-03T17:08:48","guid":{"rendered":"https:\/\/www.africa-press.net\/tchad\/politique\/integration-de-416-jeunes-les-personnes-handicapees-denoncent-une-exclusionpour-les-travailleurs"},"modified":"2022-07-03T17:34:59","modified_gmt":"2022-07-03T17:34:59","slug":"integration-de-416-jeunes-les-personnes-handicapees-denoncent-une-exclusionpour-les-travailleurs","status":"publish","type":"post","link":"https:\/\/www.africa-press.net\/tchad\/toutes-les-actualites\/integration-de-416-jeunes-les-personnes-handicapees-denoncent-une-exclusionpour-les-travailleurs","title":{"rendered":"Int\u00e9gration de 416 jeunes : les personnes handicap\u00e9es d\u00e9noncent une exclusionpour les travailleurs"},"content":{"rendered":"<p><span style=\"color: #ff6600\"><strong>Africa-Press &#8211; Tchad. <\/strong><\/span>Sur la liste des 416 jeunes int\u00e9gr\u00e9s le 30 juin dernier \u00e0 la fonction publique, aucune personne handicap\u00e9e n\u2019y figure. Ce qui a caus\u00e9 la col\u00e8re du bureau ex\u00e9cutif national de l\u2019Union Nationale des Associations des Personnes Handicap\u00e9es du Tchad (Unapht) qui appelle les autorit\u00e9s \u00e0 respecter leurs engagements.<\/p>\n<p>Ils se disent \u00ab marginalis\u00e9e \u00bb et leurs \u00ab besoins sp\u00e9cifiques tr\u00e8s peu pris en compte dans le processus de d\u00e9veloppement \u00bb. Et la derni\u00e8re vague d\u2019int\u00e9gration en est d\u2019apr\u00e8s eux, une parfaite illustration. Les personnes handicap\u00e9es d\u00e9noncent un \u00ab acc\u00e8s difficile voire impossible aux ressources du pays \u00bb, contraignant certains \u00ab \u00e0 la mendicit\u00e9 \u00bb et d\u2019autres \u00ab \u00e0 la r\u00e9signation \u00bb. \u00ab Certaines personnes handicap\u00e9es ont brav\u00e9 toutes les intemp\u00e9ries de la nature pour obtenir leur parchemin mais leur int\u00e9gration \u00e0 la Fonction publique pose probl\u00e8me \u00bb, d\u00e9plore le secr\u00e9taire g\u00e9n\u00e9ral adjoint de l\u2019Unapht Madjitelsem S\u00e9verin qui exige un quota sp\u00e9cial des personnes handicap\u00e9es et demande l\u2019implication personnelle du pr\u00e9sident du Conseil militaire de transition pour une \u00ab int\u00e9gration \u00e0 titre exceptionnel des dipl\u00f4m\u00e9s handicap\u00e9s dans le recrutement de 5000 jeunes, pour dit-il \u00ab apaiser le climat social et r\u00e9parer la situation d\u2019injustice dont sont victimes les personnes handicap\u00e9es \u00bb.<\/p>\n<p>Le bureau ex\u00e9cutif de l\u2019Unapht se dit ouvert \u00e0 tout \u00ab \u00e9change autour des questions de d\u00e9veloppement et sp\u00e9cifiquement li\u00e9es au handicap \u00bb et exhorte par ailleurs les \u00ab diff\u00e9rents acteurs de d\u00e9veloppement \u00e0 des concertations pr\u00e9alables avant toute action \u00bb. \u00ab Rien ne doit se faire sans nous \u00bb, a-t-il conclu.<\/p>\n<p><strong>Pour plus d&rsquo;informations et d&rsquo;analyses sur la <a href=\"https:\/\/www.africa-press.net\/tchad\">Tchad<\/a>, suivez <a href=\"https:\/\/www.africa-press.net\/\">Africa-Press<\/a><\/strong><\/p>\n","protected":false},"excerpt":{"rendered":"<p>Africa-Press &#8211; Tchad. Sur la liste des 416 jeunes int\u00e9gr\u00e9s le 30 juin dernier \u00e0 la fonction publique, aucune personne handicap\u00e9e n\u2019y figure. Ce qui a caus\u00e9 la col\u00e8re du bureau ex\u00e9cutif national de l\u2019Union Nationale des Associations des Personnes Handicap\u00e9es du Tchad (Unapht) qui appelle les autorit\u00e9s \u00e0 respecter leurs engagements. Ils se disent [&hellip;]<\/p>\n","protected":false},"author":82,"featured_media":28244,"comment_status":"open","ping_status":"closed","sticky":false,"template":"","format":"standard","meta":{"footnotes":""},"categories":[21,11,10],"tags":[37,292,29],"class_list":["post-28245","post","type-post","status-publish","format-standard","has-post-thumbnail","hentry","category-communaute","category-homepage-french","category-toutes-les-actualites","tag-africa-press","tag-africa-press-tchad","tag-tchad"],"yoast_head":"<!-- This site is optimized with the Yoast SEO Premium plugin v26.1 (Yoast SEO v27.0) - https:\/\/yoast.com\/product\/yoast-seo-premium-wordpress\/ -->\n<title>Int\u00e9gration de 416 jeunes : les personnes handicap\u00e9es d\u00e9noncent une exclusionpour les travailleurs - tchad<\/title>\n<meta name=\"description\" content=\"Sur la liste des 416 jeunes int\u00e9gr\u00e9s le 30 juin dernier \u00e0 la fonction publique, aucune personne handicap\u00e9e n\u2019y figure. C ...\" \/>\n<meta name=\"robots\" content=\"index, follow, max-snippet:-1, max-image-preview:large, max-video-preview:-1\" \/>\n<link rel=\"canonical\" href=\"https:\/\/www.africa-press.net\/tchad\/toutes-les-actualites\/integration-de-416-jeunes-les-personnes-handicapees-denoncent-une-exclusionpour-les-travailleurs\" \/>\n<meta property=\"og:locale\" content=\"fr_FR\" \/>\n<meta property=\"og:type\" content=\"article\" \/>\n<meta property=\"og:title\" content=\"Int\u00e9gration de 416 jeunes : les personnes handicap\u00e9es d\u00e9noncent une exclusionpour les travailleurs\" \/>\n<meta property=\"og:description\" content=\"Sur la liste des 416 jeunes int\u00e9gr\u00e9s le 30 juin dernier \u00e0 la fonction publique, aucune personne handicap\u00e9e n\u2019y figure. C ...\" \/>\n<meta property=\"og:url\" content=\"https:\/\/www.africa-press.net\/tchad\/toutes-les-actualites\/integration-de-416-jeunes-les-personnes-handicapees-denoncent-une-exclusionpour-les-travailleurs\" \/>\n<meta property=\"og:site_name\" content=\"tchad\" \/>\n<meta property=\"article:published_time\" content=\"2022-07-03T17:08:48+00:00\" \/>\n<meta property=\"article:modified_time\" content=\"2022-07-03T17:34:59+00:00\" \/>\n<meta property=\"og:image\" content=\"https:\/\/static.africa-press.net\/tchad\/sites\/41\/2022\/07\/postQueueImg_10-62c1d3143bd50.jpg\" \/>\n\t<meta property=\"og:image:width\" content=\"1280\" \/>\n\t<meta property=\"og:image:height\" content=\"903\" \/>\n\t<meta property=\"og:image:type\" content=\"image\/jpeg\" \/>\n<meta name=\"author\" content=\"cfeditorfr\" \/>\n<meta name=\"twitter:card\" content=\"summary_large_image\" \/>\n<meta name=\"twitter:label1\" content=\"\u00c9crit par\" \/>\n\t<meta name=\"twitter:data1\" content=\"cfeditorfr\" \/>\n\t<meta name=\"twitter:label2\" content=\"Dur\u00e9e de lecture estim\u00e9e\" \/>\n\t<meta name=\"twitter:data2\" content=\"1 minute\" \/>\n<script type=\"application\/ld+json\" class=\"yoast-schema-graph\">{\"@context\":\"https:\/\/schema.org\",\"@graph\":[{\"@type\":\"Article\",\"@id\":\"https:\/\/www.africa-press.net\/tchad\/toutes-les-actualites\/integration-de-416-jeunes-les-personnes-handicapees-denoncent-une-exclusionpour-les-travailleurs#article\",\"isPartOf\":{\"@id\":\"https:\/\/www.africa-press.net\/tchad\/toutes-les-actualites\/integration-de-416-jeunes-les-personnes-handicapees-denoncent-une-exclusionpour-les-travailleurs\"},\"author\":{\"name\":\"cfeditorfr\",\"@id\":\"https:\/\/www.africa-press.net\/tchad\/#\/schema\/person\/2b1cf3cd81a31e3cd26889ca66d677f1\"},\"headline\":\"Int\u00e9gration de 416 jeunes : les personnes handicap\u00e9es d\u00e9noncent une exclusionpour les travailleurs\",\"datePublished\":\"2022-07-03T17:08:48+00:00\",\"dateModified\":\"2022-07-03T17:34:59+00:00\",\"mainEntityOfPage\":{\"@id\":\"https:\/\/www.africa-press.net\/tchad\/toutes-les-actualites\/integration-de-416-jeunes-les-personnes-handicapees-denoncent-une-exclusionpour-les-travailleurs\"},\"wordCount\":302,\"commentCount\":0,\"image\":{\"@id\":\"https:\/\/www.africa-press.net\/tchad\/toutes-les-actualites\/integration-de-416-jeunes-les-personnes-handicapees-denoncent-une-exclusionpour-les-travailleurs#primaryimage\"},\"thumbnailUrl\":\"https:\/\/static.africa-press.net\/tchad\/sites\/41\/2022\/07\/postQueueImg_10-62c1d3143bd50.jpg\",\"keywords\":[\"Africa Press\",\"Africa Press-Tchad\",\"Tchad\"],\"articleSection\":[\"Communaut\u00e9\",\"homepage-french\",\"Toutes les actualit\u00e9s\"],\"inLanguage\":\"fr-FR\",\"potentialAction\":[{\"@type\":\"CommentAction\",\"name\":\"Comment\",\"target\":[\"https:\/\/www.africa-press.net\/tchad\/toutes-les-actualites\/integration-de-416-jeunes-les-personnes-handicapees-denoncent-une-exclusionpour-les-travailleurs#respond\"]}]},{\"@type\":\"WebPage\",\"@id\":\"https:\/\/www.africa-press.net\/tchad\/toutes-les-actualites\/integration-de-416-jeunes-les-personnes-handicapees-denoncent-une-exclusionpour-les-travailleurs\",\"url\":\"https:\/\/www.africa-press.net\/tchad\/toutes-les-actualites\/integration-de-416-jeunes-les-personnes-handicapees-denoncent-une-exclusionpour-les-travailleurs\",\"name\":\"Int\u00e9gration de 416 jeunes : les personnes handicap\u00e9es d\u00e9noncent une exclusionpour les travailleurs - tchad\",\"isPartOf\":{\"@id\":\"https:\/\/www.africa-press.net\/tchad\/#website\"},\"primaryImageOfPage\":{\"@id\":\"https:\/\/www.africa-press.net\/tchad\/toutes-les-actualites\/integration-de-416-jeunes-les-personnes-handicapees-denoncent-une-exclusionpour-les-travailleurs#primaryimage\"},\"image\":{\"@id\":\"https:\/\/www.africa-press.net\/tchad\/toutes-les-actualites\/integration-de-416-jeunes-les-personnes-handicapees-denoncent-une-exclusionpour-les-travailleurs#primaryimage\"},\"thumbnailUrl\":\"https:\/\/static.africa-press.net\/tchad\/sites\/41\/2022\/07\/postQueueImg_10-62c1d3143bd50.jpg\",\"datePublished\":\"2022-07-03T17:08:48+00:00\",\"dateModified\":\"2022-07-03T17:34:59+00:00\",\"author\":{\"@id\":\"https:\/\/www.africa-press.net\/tchad\/#\/schema\/person\/2b1cf3cd81a31e3cd26889ca66d677f1\"},\"description\":\"Sur la liste des 416 jeunes int\u00e9gr\u00e9s le 30 juin dernier \u00e0 la fonction publique, aucune personne handicap\u00e9e n\u2019y figure. C ...\",\"breadcrumb\":{\"@id\":\"https:\/\/www.africa-press.net\/tchad\/toutes-les-actualites\/integration-de-416-jeunes-les-personnes-handicapees-denoncent-une-exclusionpour-les-travailleurs#breadcrumb\"},\"inLanguage\":\"fr-FR\",\"potentialAction\":[{\"@type\":\"ReadAction\",\"target\":[\"https:\/\/www.africa-press.net\/tchad\/toutes-les-actualites\/integration-de-416-jeunes-les-personnes-handicapees-denoncent-une-exclusionpour-les-travailleurs\"]}]},{\"@type\":\"ImageObject\",\"inLanguage\":\"fr-FR\",\"@id\":\"https:\/\/www.africa-press.net\/tchad\/toutes-les-actualites\/integration-de-416-jeunes-les-personnes-handicapees-denoncent-une-exclusionpour-les-travailleurs#primaryimage\",\"url\":\"https:\/\/static.africa-press.net\/tchad\/sites\/41\/2022\/07\/postQueueImg_10-62c1d3143bd50.jpg\",\"contentUrl\":\"https:\/\/static.africa-press.net\/tchad\/sites\/41\/2022\/07\/postQueueImg_10-62c1d3143bd50.jpg\",\"width\":1280,\"height\":903,\"caption\":\"Int\u00e9gration de 416 jeunes : les personnes handicap\u00e9es d\u00e9noncent une exclusion pour les travailleurs\"},{\"@type\":\"BreadcrumbList\",\"@id\":\"https:\/\/www.africa-press.net\/tchad\/toutes-les-actualites\/integration-de-416-jeunes-les-personnes-handicapees-denoncent-une-exclusionpour-les-travailleurs#breadcrumb\",\"itemListElement\":[{\"@type\":\"ListItem\",\"position\":1,\"name\":\"Accueil\",\"item\":\"https:\/\/www.africa-press.net\/tchad\/\"},{\"@type\":\"ListItem\",\"position\":2,\"name\":\"Int\u00e9gration de 416 jeunes : les personnes handicap\u00e9es d\u00e9noncent une exclusionpour les travailleurs\"}]},{\"@type\":\"WebSite\",\"@id\":\"https:\/\/www.africa-press.net\/tchad\/#website\",\"url\":\"https:\/\/www.africa-press.net\/tchad\/\",\"name\":\"tchad\",\"description\":\"Just another Africa News Agency Sites site\",\"potentialAction\":[{\"@type\":\"SearchAction\",\"target\":{\"@type\":\"EntryPoint\",\"urlTemplate\":\"https:\/\/www.africa-press.net\/tchad\/?s={search_term_string}\"},\"query-input\":{\"@type\":\"PropertyValueSpecification\",\"valueRequired\":true,\"valueName\":\"search_term_string\"}}],\"inLanguage\":\"fr-FR\"},{\"@type\":\"Person\",\"@id\":\"https:\/\/www.africa-press.net\/tchad\/#\/schema\/person\/2b1cf3cd81a31e3cd26889ca66d677f1\",\"name\":\"cfeditorfr\"}]}<\/script>\n<!-- \/ Yoast SEO Premium plugin. -->","yoast_head_json":{"title":"Int\u00e9gration de 416 jeunes : les personnes handicap\u00e9es d\u00e9noncent une exclusionpour les travailleurs - tchad","description":"Sur la liste des 416 jeunes int\u00e9gr\u00e9s le 30 juin dernier \u00e0 la fonction publique, aucune personne handicap\u00e9e n\u2019y figure. C ...","robots":{"index":"index","follow":"follow","max-snippet":"max-snippet:-1","max-image-preview":"max-image-preview:large","max-video-preview":"max-video-preview:-1"},"canonical":"https:\/\/www.africa-press.net\/tchad\/toutes-les-actualites\/integration-de-416-jeunes-les-personnes-handicapees-denoncent-une-exclusionpour-les-travailleurs","og_locale":"fr_FR","og_type":"article","og_title":"Int\u00e9gration de 416 jeunes : les personnes handicap\u00e9es d\u00e9noncent une exclusionpour les travailleurs","og_description":"Sur la liste des 416 jeunes int\u00e9gr\u00e9s le 30 juin dernier \u00e0 la fonction publique, aucune personne handicap\u00e9e n\u2019y figure. C ...","og_url":"https:\/\/www.africa-press.net\/tchad\/toutes-les-actualites\/integration-de-416-jeunes-les-personnes-handicapees-denoncent-une-exclusionpour-les-travailleurs","og_site_name":"tchad","article_published_time":"2022-07-03T17:08:48+00:00","article_modified_time":"2022-07-03T17:34:59+00:00","og_image":[{"width":1280,"height":903,"url":"https:\/\/static.africa-press.net\/tchad\/sites\/41\/2022\/07\/postQueueImg_10-62c1d3143bd50.jpg","type":"image\/jpeg"}],"author":"cfeditorfr","twitter_card":"summary_large_image","twitter_misc":{"\u00c9crit par":"cfeditorfr","Dur\u00e9e de lecture estim\u00e9e":"1 minute"},"schema":{"@context":"https:\/\/schema.org","@graph":[{"@type":"Article","@id":"https:\/\/www.africa-press.net\/tchad\/toutes-les-actualites\/integration-de-416-jeunes-les-personnes-handicapees-denoncent-une-exclusionpour-les-travailleurs#article","isPartOf":{"@id":"https:\/\/www.africa-press.net\/tchad\/toutes-les-actualites\/integration-de-416-jeunes-les-personnes-handicapees-denoncent-une-exclusionpour-les-travailleurs"},"author":{"name":"cfeditorfr","@id":"https:\/\/www.africa-press.net\/tchad\/#\/schema\/person\/2b1cf3cd81a31e3cd26889ca66d677f1"},"headline":"Int\u00e9gration de 416 jeunes : les personnes handicap\u00e9es d\u00e9noncent une exclusionpour les travailleurs","datePublished":"2022-07-03T17:08:48+00:00","dateModified":"2022-07-03T17:34:59+00:00","mainEntityOfPage":{"@id":"https:\/\/www.africa-press.net\/tchad\/toutes-les-actualites\/integration-de-416-jeunes-les-personnes-handicapees-denoncent-une-exclusionpour-les-travailleurs"},"wordCount":302,"commentCount":0,"image":{"@id":"https:\/\/www.africa-press.net\/tchad\/toutes-les-actualites\/integration-de-416-jeunes-les-personnes-handicapees-denoncent-une-exclusionpour-les-travailleurs#primaryimage"},"thumbnailUrl":"https:\/\/static.africa-press.net\/tchad\/sites\/41\/2022\/07\/postQueueImg_10-62c1d3143bd50.jpg","keywords":["Africa Press","Africa Press-Tchad","Tchad"],"articleSection":["Communaut\u00e9","homepage-french","Toutes les actualit\u00e9s"],"inLanguage":"fr-FR","potentialAction":[{"@type":"CommentAction","name":"Comment","target":["https:\/\/www.africa-press.net\/tchad\/toutes-les-actualites\/integration-de-416-jeunes-les-personnes-handicapees-denoncent-une-exclusionpour-les-travailleurs#respond"]}]},{"@type":"WebPage","@id":"https:\/\/www.africa-press.net\/tchad\/toutes-les-actualites\/integration-de-416-jeunes-les-personnes-handicapees-denoncent-une-exclusionpour-les-travailleurs","url":"https:\/\/www.africa-press.net\/tchad\/toutes-les-actualites\/integration-de-416-jeunes-les-personnes-handicapees-denoncent-une-exclusionpour-les-travailleurs","name":"Int\u00e9gration de 416 jeunes : les personnes handicap\u00e9es d\u00e9noncent une exclusionpour les travailleurs - tchad","isPartOf":{"@id":"https:\/\/www.africa-press.net\/tchad\/#website"},"primaryImageOfPage":{"@id":"https:\/\/www.africa-press.net\/tchad\/toutes-les-actualites\/integration-de-416-jeunes-les-personnes-handicapees-denoncent-une-exclusionpour-les-travailleurs#primaryimage"},"image":{"@id":"https:\/\/www.africa-press.net\/tchad\/toutes-les-actualites\/integration-de-416-jeunes-les-personnes-handicapees-denoncent-une-exclusionpour-les-travailleurs#primaryimage"},"thumbnailUrl":"https:\/\/static.africa-press.net\/tchad\/sites\/41\/2022\/07\/postQueueImg_10-62c1d3143bd50.jpg","datePublished":"2022-07-03T17:08:48+00:00","dateModified":"2022-07-03T17:34:59+00:00","author":{"@id":"https:\/\/www.africa-press.net\/tchad\/#\/schema\/person\/2b1cf3cd81a31e3cd26889ca66d677f1"},"description":"Sur la liste des 416 jeunes int\u00e9gr\u00e9s le 30 juin dernier \u00e0 la fonction publique, aucune personne handicap\u00e9e n\u2019y figure. C ...","breadcrumb":{"@id":"https:\/\/www.africa-press.net\/tchad\/toutes-les-actualites\/integration-de-416-jeunes-les-personnes-handicapees-denoncent-une-exclusionpour-les-travailleurs#breadcrumb"},"inLanguage":"fr-FR","potentialAction":[{"@type":"ReadAction","target":["https:\/\/www.africa-press.net\/tchad\/toutes-les-actualites\/integration-de-416-jeunes-les-personnes-handicapees-denoncent-une-exclusionpour-les-travailleurs"]}]},{"@type":"ImageObject","inLanguage":"fr-FR","@id":"https:\/\/www.africa-press.net\/tchad\/toutes-les-actualites\/integration-de-416-jeunes-les-personnes-handicapees-denoncent-une-exclusionpour-les-travailleurs#primaryimage","url":"https:\/\/static.africa-press.net\/tchad\/sites\/41\/2022\/07\/postQueueImg_10-62c1d3143bd50.jpg","contentUrl":"https:\/\/static.africa-press.net\/tchad\/sites\/41\/2022\/07\/postQueueImg_10-62c1d3143bd50.jpg","width":1280,"height":903,"caption":"Int\u00e9gration de 416 jeunes : les personnes handicap\u00e9es d\u00e9noncent une exclusion pour les travailleurs"},{"@type":"BreadcrumbList","@id":"https:\/\/www.africa-press.net\/tchad\/toutes-les-actualites\/integration-de-416-jeunes-les-personnes-handicapees-denoncent-une-exclusionpour-les-travailleurs#breadcrumb","itemListElement":[{"@type":"ListItem","position":1,"name":"Accueil","item":"https:\/\/www.africa-press.net\/tchad\/"},{"@type":"ListItem","position":2,"name":"Int\u00e9gration de 416 jeunes : les personnes handicap\u00e9es d\u00e9noncent une exclusionpour les travailleurs"}]},{"@type":"WebSite","@id":"https:\/\/www.africa-press.net\/tchad\/#website","url":"https:\/\/www.africa-press.net\/tchad\/","name":"tchad","description":"Just another Africa News Agency Sites site","potentialAction":[{"@type":"SearchAction","target":{"@type":"EntryPoint","urlTemplate":"https:\/\/www.africa-press.net\/tchad\/?s={search_term_string}"},"query-input":{"@type":"PropertyValueSpecification","valueRequired":true,"valueName":"search_term_string"}}],"inLanguage":"fr-FR"},{"@type":"Person","@id":"https:\/\/www.africa-press.net\/tchad\/#\/schema\/person\/2b1cf3cd81a31e3cd26889ca66d677f1","name":"cfeditorfr"}]}},"_links":{"self":[{"href":"https:\/\/www.africa-press.net\/tchad\/wp-json\/wp\/v2\/posts\/28245","targetHints":{"allow":["GET"]}}],"collection":[{"href":"https:\/\/www.africa-press.net\/tchad\/wp-json\/wp\/v2\/posts"}],"about":[{"href":"https:\/\/www.africa-press.net\/tchad\/wp-json\/wp\/v2\/types\/post"}],"author":[{"embeddable":true,"href":"https:\/\/www.africa-press.net\/tchad\/wp-json\/wp\/v2\/users\/82"}],"replies":[{"embeddable":true,"href":"https:\/\/www.africa-press.net\/tchad\/wp-json\/wp\/v2\/comments?post=28245"}],"version-history":[{"count":0,"href":"https:\/\/www.africa-press.net\/tchad\/wp-json\/wp\/v2\/posts\/28245\/revisions"}],"wp:featuredmedia":[{"embeddable":true,"href":"https:\/\/www.africa-press.net\/tchad\/wp-json\/wp\/v2\/media\/28244"}],"wp:attachment":[{"href":"https:\/\/www.africa-press.net\/tchad\/wp-json\/wp\/v2\/media?parent=28245"}],"wp:term":[{"taxonomy":"category","embeddable":true,"href":"https:\/\/www.africa-press.net\/tchad\/wp-json\/wp\/v2\/categories?post=28245"},{"taxonomy":"post_tag","embeddable":true,"href":"https:\/\/www.africa-press.net\/tchad\/wp-json\/wp\/v2\/tags?post=28245"}],"curies":[{"name":"wp","href":"https:\/\/api.w.org\/{rel}","templated":true}]}}