{"id":28248,"date":"2022-07-03T17:09:51","date_gmt":"2022-07-03T17:09:51","guid":{"rendered":"https:\/\/www.africa-press.net\/tchad\/politique\/le-parti-mps-fustige-les-propos-de-la-chargee-daffaires-americaine"},"modified":"2022-07-03T17:36:07","modified_gmt":"2022-07-03T17:36:07","slug":"le-parti-mps-fustige-les-propos-de-la-chargee-daffaires-americaine","status":"publish","type":"post","link":"https:\/\/www.africa-press.net\/tchad\/parties\/le-parti-mps-fustige-les-propos-de-la-chargee-daffaires-americaine","title":{"rendered":"le parti MPS fustige les propos de la charg\u00e9e d&rsquo;affaires am\u00e9ricaine"},"content":{"rendered":"<p><span style=\"color: #ff6600\"><strong>Africa-Press &#8211; Tchad. <\/strong><\/span>Le Mouvement patriotique du salut (MPS) a d\u00e9nonc\u00e9 le 2 juillet une une \u00ab\u00a0d\u00e9claration inopportune\u00a0\u00bb de la charg\u00e9e d&rsquo;affaires am\u00e9ricaine et \u00ab\u00a0une ing\u00e9rence de nature \u00e0 perturber la dynamique consensuelle et apais\u00e9e de la transition en cours\u00a0\u00bb.<\/p>\n<p>Selon Jean-Bernard Parad\u00e9, porte-parole du parti, \u00ab\u00a0seul le peuple tchadien souverain (.<\/p>\n<p>.<\/p>\n<p>.<\/p>\n<p>) est habilit\u00e9 \u00e0 se prononcer le moment venu sur ces sujets d&rsquo;int\u00e9r\u00eat national\u00a0\u00bb.<\/p>\n<p>La charg\u00e9e d&rsquo;affaires de l&rsquo;ambassade des \u00c9tats-Unis au Tchad, Ellen Thorburn, a prononc\u00e9 la veille un discours \u00e0 l&rsquo;occasion de la f\u00eate de l&rsquo;ind\u00e9pendance am\u00e9ricaine c\u00e9l\u00e9br\u00e9e le 4 juillet.<\/p>\n<p>\u00ab\u00a0Je vois le Tchad faire les premiers pas d\u2019un nouveau d\u00e9part, un d\u00e9part rempli de nombreuses possibilit\u00e9s\u00a0\u00bb, a d&#8217;embl\u00e9e affirm\u00e9e Ellen Thorburn.<\/p>\n<p>Pour la charg\u00e9e d&rsquo;affaires am\u00e9ricaine, \u00ab\u00a0le nouveau d\u00e9part du Tchad doit suivre la volont\u00e9 du peuple, et il est de la responsabilit\u00e9 du Conseil Militaire de Transition (CMT) de tenir ses engagements envers les citoyens du Tchad, y compris que les membres du CMT ne se pr\u00e9senteront pas aux prochaines \u00e9lections et que le CMT adh\u00e9rera \u00e0 une p\u00e9riode de transition rapide, avec des \u00e9lections d\u00e9mocratiques comme marque du succ\u00e8s du travail du CMT\u00a0\u00bb.<\/p>\n<p>\u00ab\u00a0Les \u00c9tats-Unis sont le partenaire du Tchad dans cette transition ; nous voulons qu\u2019elle r\u00e9ussisse\u00a0\u00bb, assure Ellen Thorburn, \u00e0 quelques mois de la fin de la p\u00e9riode de transition de 18 mois.<\/p>\n<p><strong>Pour plus d&rsquo;informations et d&rsquo;analyses sur la <a href=\"https:\/\/www.africa-press.net\/tchad\">Tchad<\/a>, suivez <a href=\"https:\/\/www.africa-press.net\/\">Africa-Press<\/a><\/strong><\/p>\n","protected":false},"excerpt":{"rendered":"<p>Africa-Press &#8211; Tchad. Le Mouvement patriotique du salut (MPS) a d\u00e9nonc\u00e9 le 2 juillet une une \u00ab\u00a0d\u00e9claration inopportune\u00a0\u00bb de la charg\u00e9e d&rsquo;affaires am\u00e9ricaine et \u00ab\u00a0une ing\u00e9rence de nature \u00e0 perturber la dynamique consensuelle et apais\u00e9e de la transition en cours\u00a0\u00bb. Selon Jean-Bernard Parad\u00e9, porte-parole du parti, \u00ab\u00a0seul le peuple tchadien souverain (. . . ) [&hellip;]<\/p>\n","protected":false},"author":82,"featured_media":28247,"comment_status":"open","ping_status":"closed","sticky":false,"template":"","format":"standard","meta":{"footnotes":""},"categories":[11,4,10],"tags":[37,292,29],"class_list":["post-28248","post","type-post","status-publish","format-standard","has-post-thumbnail","hentry","category-homepage-french","category-parties","category-toutes-les-actualites","tag-africa-press","tag-africa-press-tchad","tag-tchad"],"yoast_head":"<!-- This site is optimized with the Yoast SEO Premium plugin v26.1 (Yoast SEO v27.0) - https:\/\/yoast.com\/product\/yoast-seo-premium-wordpress\/ -->\n<title>le parti MPS fustige les propos de la charg\u00e9e d&#039;affaires am\u00e9ricaine - tchad<\/title>\n<meta name=\"description\" content=\"Le Mouvement patriotique du salut (MPS) a d\u00e9nonc\u00e9 le 2 juillet une une &quot;d\u00e9claration inopportune&quot; de la charg\u00e9e d&#039;affaire ...\" \/>\n<meta name=\"robots\" content=\"index, follow, max-snippet:-1, max-image-preview:large, max-video-preview:-1\" \/>\n<link rel=\"canonical\" href=\"https:\/\/www.africa-press.net\/tchad\/parties\/le-parti-mps-fustige-les-propos-de-la-chargee-daffaires-americaine\" \/>\n<meta property=\"og:locale\" content=\"fr_FR\" \/>\n<meta property=\"og:type\" content=\"article\" \/>\n<meta property=\"og:title\" content=\"le parti MPS fustige les propos de la charg\u00e9e d&#039;affaires am\u00e9ricaine\" \/>\n<meta property=\"og:description\" content=\"Le Mouvement patriotique du salut (MPS) a d\u00e9nonc\u00e9 le 2 juillet une une &quot;d\u00e9claration inopportune&quot; de la charg\u00e9e d&#039;affaire ...\" \/>\n<meta property=\"og:url\" content=\"https:\/\/www.africa-press.net\/tchad\/parties\/le-parti-mps-fustige-les-propos-de-la-chargee-daffaires-americaine\" \/>\n<meta property=\"og:site_name\" content=\"tchad\" \/>\n<meta property=\"article:published_time\" content=\"2022-07-03T17:09:51+00:00\" \/>\n<meta property=\"article:modified_time\" content=\"2022-07-03T17:36:07+00:00\" \/>\n<meta property=\"og:image\" content=\"https:\/\/static.africa-press.net\/tchad\/sites\/41\/2022\/07\/postQueueImg_11-62c1d347ed4d1.jpg\" \/>\n\t<meta property=\"og:image:width\" content=\"1248\" \/>\n\t<meta property=\"og:image:height\" content=\"760\" \/>\n\t<meta property=\"og:image:type\" content=\"image\/jpeg\" \/>\n<meta name=\"author\" content=\"cfeditorfr\" \/>\n<meta name=\"twitter:card\" content=\"summary_large_image\" \/>\n<meta name=\"twitter:label1\" content=\"\u00c9crit par\" \/>\n\t<meta name=\"twitter:data1\" content=\"cfeditorfr\" \/>\n\t<meta name=\"twitter:label2\" content=\"Dur\u00e9e de lecture estim\u00e9e\" \/>\n\t<meta name=\"twitter:data2\" content=\"1 minute\" \/>\n<script type=\"application\/ld+json\" class=\"yoast-schema-graph\">{\"@context\":\"https:\/\/schema.org\",\"@graph\":[{\"@type\":\"Article\",\"@id\":\"https:\/\/www.africa-press.net\/tchad\/parties\/le-parti-mps-fustige-les-propos-de-la-chargee-daffaires-americaine#article\",\"isPartOf\":{\"@id\":\"https:\/\/www.africa-press.net\/tchad\/parties\/le-parti-mps-fustige-les-propos-de-la-chargee-daffaires-americaine\"},\"author\":{\"name\":\"cfeditorfr\",\"@id\":\"https:\/\/www.africa-press.net\/tchad\/#\/schema\/person\/2b1cf3cd81a31e3cd26889ca66d677f1\"},\"headline\":\"le parti MPS fustige les propos de la charg\u00e9e d&rsquo;affaires am\u00e9ricaine\",\"datePublished\":\"2022-07-03T17:09:51+00:00\",\"dateModified\":\"2022-07-03T17:36:07+00:00\",\"mainEntityOfPage\":{\"@id\":\"https:\/\/www.africa-press.net\/tchad\/parties\/le-parti-mps-fustige-les-propos-de-la-chargee-daffaires-americaine\"},\"wordCount\":278,\"commentCount\":0,\"image\":{\"@id\":\"https:\/\/www.africa-press.net\/tchad\/parties\/le-parti-mps-fustige-les-propos-de-la-chargee-daffaires-americaine#primaryimage\"},\"thumbnailUrl\":\"https:\/\/static.africa-press.net\/tchad\/sites\/41\/2022\/07\/postQueueImg_11-62c1d347ed4d1.jpg\",\"keywords\":[\"Africa Press\",\"Africa Press-Tchad\",\"Tchad\"],\"articleSection\":[\"homepage-french\",\"Parties\",\"Toutes les actualit\u00e9s\"],\"inLanguage\":\"fr-FR\",\"potentialAction\":[{\"@type\":\"CommentAction\",\"name\":\"Comment\",\"target\":[\"https:\/\/www.africa-press.net\/tchad\/parties\/le-parti-mps-fustige-les-propos-de-la-chargee-daffaires-americaine#respond\"]}]},{\"@type\":\"WebPage\",\"@id\":\"https:\/\/www.africa-press.net\/tchad\/parties\/le-parti-mps-fustige-les-propos-de-la-chargee-daffaires-americaine\",\"url\":\"https:\/\/www.africa-press.net\/tchad\/parties\/le-parti-mps-fustige-les-propos-de-la-chargee-daffaires-americaine\",\"name\":\"le parti MPS fustige les propos de la charg\u00e9e d'affaires am\u00e9ricaine - tchad\",\"isPartOf\":{\"@id\":\"https:\/\/www.africa-press.net\/tchad\/#website\"},\"primaryImageOfPage\":{\"@id\":\"https:\/\/www.africa-press.net\/tchad\/parties\/le-parti-mps-fustige-les-propos-de-la-chargee-daffaires-americaine#primaryimage\"},\"image\":{\"@id\":\"https:\/\/www.africa-press.net\/tchad\/parties\/le-parti-mps-fustige-les-propos-de-la-chargee-daffaires-americaine#primaryimage\"},\"thumbnailUrl\":\"https:\/\/static.africa-press.net\/tchad\/sites\/41\/2022\/07\/postQueueImg_11-62c1d347ed4d1.jpg\",\"datePublished\":\"2022-07-03T17:09:51+00:00\",\"dateModified\":\"2022-07-03T17:36:07+00:00\",\"author\":{\"@id\":\"https:\/\/www.africa-press.net\/tchad\/#\/schema\/person\/2b1cf3cd81a31e3cd26889ca66d677f1\"},\"description\":\"Le Mouvement patriotique du salut (MPS) a d\u00e9nonc\u00e9 le 2 juillet une une \\\"d\u00e9claration inopportune\\\" de la charg\u00e9e d'affaire ...\",\"breadcrumb\":{\"@id\":\"https:\/\/www.africa-press.net\/tchad\/parties\/le-parti-mps-fustige-les-propos-de-la-chargee-daffaires-americaine#breadcrumb\"},\"inLanguage\":\"fr-FR\",\"potentialAction\":[{\"@type\":\"ReadAction\",\"target\":[\"https:\/\/www.africa-press.net\/tchad\/parties\/le-parti-mps-fustige-les-propos-de-la-chargee-daffaires-americaine\"]}]},{\"@type\":\"ImageObject\",\"inLanguage\":\"fr-FR\",\"@id\":\"https:\/\/www.africa-press.net\/tchad\/parties\/le-parti-mps-fustige-les-propos-de-la-chargee-daffaires-americaine#primaryimage\",\"url\":\"https:\/\/static.africa-press.net\/tchad\/sites\/41\/2022\/07\/postQueueImg_11-62c1d347ed4d1.jpg\",\"contentUrl\":\"https:\/\/static.africa-press.net\/tchad\/sites\/41\/2022\/07\/postQueueImg_11-62c1d347ed4d1.jpg\",\"width\":1248,\"height\":760,\"caption\":\"le parti MPS fustige les propos de la charg\u00e9e d'affaires am\u00e9ricaine\"},{\"@type\":\"BreadcrumbList\",\"@id\":\"https:\/\/www.africa-press.net\/tchad\/parties\/le-parti-mps-fustige-les-propos-de-la-chargee-daffaires-americaine#breadcrumb\",\"itemListElement\":[{\"@type\":\"ListItem\",\"position\":1,\"name\":\"Accueil\",\"item\":\"https:\/\/www.africa-press.net\/tchad\/\"},{\"@type\":\"ListItem\",\"position\":2,\"name\":\"le parti MPS fustige les propos de la charg\u00e9e d&#8217;affaires am\u00e9ricaine\"}]},{\"@type\":\"WebSite\",\"@id\":\"https:\/\/www.africa-press.net\/tchad\/#website\",\"url\":\"https:\/\/www.africa-press.net\/tchad\/\",\"name\":\"tchad\",\"description\":\"Just another Africa News Agency Sites site\",\"potentialAction\":[{\"@type\":\"SearchAction\",\"target\":{\"@type\":\"EntryPoint\",\"urlTemplate\":\"https:\/\/www.africa-press.net\/tchad\/?s={search_term_string}\"},\"query-input\":{\"@type\":\"PropertyValueSpecification\",\"valueRequired\":true,\"valueName\":\"search_term_string\"}}],\"inLanguage\":\"fr-FR\"},{\"@type\":\"Person\",\"@id\":\"https:\/\/www.africa-press.net\/tchad\/#\/schema\/person\/2b1cf3cd81a31e3cd26889ca66d677f1\",\"name\":\"cfeditorfr\"}]}<\/script>\n<!-- \/ Yoast SEO Premium plugin. -->","yoast_head_json":{"title":"le parti MPS fustige les propos de la charg\u00e9e d'affaires am\u00e9ricaine - tchad","description":"Le Mouvement patriotique du salut (MPS) a d\u00e9nonc\u00e9 le 2 juillet une une \"d\u00e9claration inopportune\" de la charg\u00e9e d'affaire ...","robots":{"index":"index","follow":"follow","max-snippet":"max-snippet:-1","max-image-preview":"max-image-preview:large","max-video-preview":"max-video-preview:-1"},"canonical":"https:\/\/www.africa-press.net\/tchad\/parties\/le-parti-mps-fustige-les-propos-de-la-chargee-daffaires-americaine","og_locale":"fr_FR","og_type":"article","og_title":"le parti MPS fustige les propos de la charg\u00e9e d'affaires am\u00e9ricaine","og_description":"Le Mouvement patriotique du salut (MPS) a d\u00e9nonc\u00e9 le 2 juillet une une \"d\u00e9claration inopportune\" de la charg\u00e9e d'affaire ...","og_url":"https:\/\/www.africa-press.net\/tchad\/parties\/le-parti-mps-fustige-les-propos-de-la-chargee-daffaires-americaine","og_site_name":"tchad","article_published_time":"2022-07-03T17:09:51+00:00","article_modified_time":"2022-07-03T17:36:07+00:00","og_image":[{"width":1248,"height":760,"url":"https:\/\/static.africa-press.net\/tchad\/sites\/41\/2022\/07\/postQueueImg_11-62c1d347ed4d1.jpg","type":"image\/jpeg"}],"author":"cfeditorfr","twitter_card":"summary_large_image","twitter_misc":{"\u00c9crit par":"cfeditorfr","Dur\u00e9e de lecture estim\u00e9e":"1 minute"},"schema":{"@context":"https:\/\/schema.org","@graph":[{"@type":"Article","@id":"https:\/\/www.africa-press.net\/tchad\/parties\/le-parti-mps-fustige-les-propos-de-la-chargee-daffaires-americaine#article","isPartOf":{"@id":"https:\/\/www.africa-press.net\/tchad\/parties\/le-parti-mps-fustige-les-propos-de-la-chargee-daffaires-americaine"},"author":{"name":"cfeditorfr","@id":"https:\/\/www.africa-press.net\/tchad\/#\/schema\/person\/2b1cf3cd81a31e3cd26889ca66d677f1"},"headline":"le parti MPS fustige les propos de la charg\u00e9e d&rsquo;affaires am\u00e9ricaine","datePublished":"2022-07-03T17:09:51+00:00","dateModified":"2022-07-03T17:36:07+00:00","mainEntityOfPage":{"@id":"https:\/\/www.africa-press.net\/tchad\/parties\/le-parti-mps-fustige-les-propos-de-la-chargee-daffaires-americaine"},"wordCount":278,"commentCount":0,"image":{"@id":"https:\/\/www.africa-press.net\/tchad\/parties\/le-parti-mps-fustige-les-propos-de-la-chargee-daffaires-americaine#primaryimage"},"thumbnailUrl":"https:\/\/static.africa-press.net\/tchad\/sites\/41\/2022\/07\/postQueueImg_11-62c1d347ed4d1.jpg","keywords":["Africa Press","Africa Press-Tchad","Tchad"],"articleSection":["homepage-french","Parties","Toutes les actualit\u00e9s"],"inLanguage":"fr-FR","potentialAction":[{"@type":"CommentAction","name":"Comment","target":["https:\/\/www.africa-press.net\/tchad\/parties\/le-parti-mps-fustige-les-propos-de-la-chargee-daffaires-americaine#respond"]}]},{"@type":"WebPage","@id":"https:\/\/www.africa-press.net\/tchad\/parties\/le-parti-mps-fustige-les-propos-de-la-chargee-daffaires-americaine","url":"https:\/\/www.africa-press.net\/tchad\/parties\/le-parti-mps-fustige-les-propos-de-la-chargee-daffaires-americaine","name":"le parti MPS fustige les propos de la charg\u00e9e d'affaires am\u00e9ricaine - tchad","isPartOf":{"@id":"https:\/\/www.africa-press.net\/tchad\/#website"},"primaryImageOfPage":{"@id":"https:\/\/www.africa-press.net\/tchad\/parties\/le-parti-mps-fustige-les-propos-de-la-chargee-daffaires-americaine#primaryimage"},"image":{"@id":"https:\/\/www.africa-press.net\/tchad\/parties\/le-parti-mps-fustige-les-propos-de-la-chargee-daffaires-americaine#primaryimage"},"thumbnailUrl":"https:\/\/static.africa-press.net\/tchad\/sites\/41\/2022\/07\/postQueueImg_11-62c1d347ed4d1.jpg","datePublished":"2022-07-03T17:09:51+00:00","dateModified":"2022-07-03T17:36:07+00:00","author":{"@id":"https:\/\/www.africa-press.net\/tchad\/#\/schema\/person\/2b1cf3cd81a31e3cd26889ca66d677f1"},"description":"Le Mouvement patriotique du salut (MPS) a d\u00e9nonc\u00e9 le 2 juillet une une \"d\u00e9claration inopportune\" de la charg\u00e9e d'affaire ...","breadcrumb":{"@id":"https:\/\/www.africa-press.net\/tchad\/parties\/le-parti-mps-fustige-les-propos-de-la-chargee-daffaires-americaine#breadcrumb"},"inLanguage":"fr-FR","potentialAction":[{"@type":"ReadAction","target":["https:\/\/www.africa-press.net\/tchad\/parties\/le-parti-mps-fustige-les-propos-de-la-chargee-daffaires-americaine"]}]},{"@type":"ImageObject","inLanguage":"fr-FR","@id":"https:\/\/www.africa-press.net\/tchad\/parties\/le-parti-mps-fustige-les-propos-de-la-chargee-daffaires-americaine#primaryimage","url":"https:\/\/static.africa-press.net\/tchad\/sites\/41\/2022\/07\/postQueueImg_11-62c1d347ed4d1.jpg","contentUrl":"https:\/\/static.africa-press.net\/tchad\/sites\/41\/2022\/07\/postQueueImg_11-62c1d347ed4d1.jpg","width":1248,"height":760,"caption":"le parti MPS fustige les propos de la charg\u00e9e d'affaires am\u00e9ricaine"},{"@type":"BreadcrumbList","@id":"https:\/\/www.africa-press.net\/tchad\/parties\/le-parti-mps-fustige-les-propos-de-la-chargee-daffaires-americaine#breadcrumb","itemListElement":[{"@type":"ListItem","position":1,"name":"Accueil","item":"https:\/\/www.africa-press.net\/tchad\/"},{"@type":"ListItem","position":2,"name":"le parti MPS fustige les propos de la charg\u00e9e d&#8217;affaires am\u00e9ricaine"}]},{"@type":"WebSite","@id":"https:\/\/www.africa-press.net\/tchad\/#website","url":"https:\/\/www.africa-press.net\/tchad\/","name":"tchad","description":"Just another Africa News Agency Sites site","potentialAction":[{"@type":"SearchAction","target":{"@type":"EntryPoint","urlTemplate":"https:\/\/www.africa-press.net\/tchad\/?s={search_term_string}"},"query-input":{"@type":"PropertyValueSpecification","valueRequired":true,"valueName":"search_term_string"}}],"inLanguage":"fr-FR"},{"@type":"Person","@id":"https:\/\/www.africa-press.net\/tchad\/#\/schema\/person\/2b1cf3cd81a31e3cd26889ca66d677f1","name":"cfeditorfr"}]}},"_links":{"self":[{"href":"https:\/\/www.africa-press.net\/tchad\/wp-json\/wp\/v2\/posts\/28248","targetHints":{"allow":["GET"]}}],"collection":[{"href":"https:\/\/www.africa-press.net\/tchad\/wp-json\/wp\/v2\/posts"}],"about":[{"href":"https:\/\/www.africa-press.net\/tchad\/wp-json\/wp\/v2\/types\/post"}],"author":[{"embeddable":true,"href":"https:\/\/www.africa-press.net\/tchad\/wp-json\/wp\/v2\/users\/82"}],"replies":[{"embeddable":true,"href":"https:\/\/www.africa-press.net\/tchad\/wp-json\/wp\/v2\/comments?post=28248"}],"version-history":[{"count":0,"href":"https:\/\/www.africa-press.net\/tchad\/wp-json\/wp\/v2\/posts\/28248\/revisions"}],"wp:featuredmedia":[{"embeddable":true,"href":"https:\/\/www.africa-press.net\/tchad\/wp-json\/wp\/v2\/media\/28247"}],"wp:attachment":[{"href":"https:\/\/www.africa-press.net\/tchad\/wp-json\/wp\/v2\/media?parent=28248"}],"wp:term":[{"taxonomy":"category","embeddable":true,"href":"https:\/\/www.africa-press.net\/tchad\/wp-json\/wp\/v2\/categories?post=28248"},{"taxonomy":"post_tag","embeddable":true,"href":"https:\/\/www.africa-press.net\/tchad\/wp-json\/wp\/v2\/tags?post=28248"}],"curies":[{"name":"wp","href":"https:\/\/api.w.org\/{rel}","templated":true}]}}