{"id":28251,"date":"2022-07-03T17:10:26","date_gmt":"2022-07-03T17:10:26","guid":{"rendered":"https:\/\/www.africa-press.net\/tchad\/politique\/le-mps-fustige-la-sortie-de-la-chargee-daffaires-de-lambassade-des-etats-unis-au-tchad"},"modified":"2022-07-03T17:37:17","modified_gmt":"2022-07-03T17:37:17","slug":"le-mps-fustige-la-sortie-de-la-chargee-daffaires-de-lambassade-des-etats-unis-au-tchad","status":"publish","type":"post","link":"https:\/\/www.africa-press.net\/tchad\/politique\/le-mps-fustige-la-sortie-de-la-chargee-daffaires-de-lambassade-des-etats-unis-au-tchad","title":{"rendered":"Le Mps fustige la sortie de la charg\u00e9e d\u2019affaires de l\u2019ambassade des Etats Unis au Tchad"},"content":{"rendered":"<p><span style=\"color: #ff6600\"><strong>Africa-Press &#8211; Tchad. <\/strong><\/span>Le rappel de la charg\u00e9e d\u2019affaires de l\u2019ambassade des Etats Unis au Tchad Ellen Thorbun lors des festivit\u00e9s comm\u00e9moratives de l\u2019ind\u00e9pendance de son pays au respect de la volont\u00e9 de la population et l\u2019invite aux dirigeants de la junte militaire \u00e0 ne pas se pr\u00e9senter aux futures \u00e9ch\u00e9ances \u00e9lectorales ne passent pas bien du c\u00f4t\u00e9 du parti du d\u00e9funt p\u00e8re du pr\u00e9sident du Conseil militaire de transition.<\/p>\n<p>Le secr\u00e9taire g\u00e9n\u00e9ral adjoint charg\u00e9 de communication, mobilisation et de sensibilisation du Mouvement patriotique du salut (Mps) Jean Bernard Padre, crie \u00e0 l\u2019ing\u00e9rence des Etat Unis d\u2019Am\u00e9rique dans les affaires tchadiennes.<\/p>\n<p>\u00ab Au moment o\u00f9 les filles et fils du Tchad s\u2019appr\u00eatent, \u00e0 l\u2019occasion du Dialogue national inclusif et souverain, \u00e0 discuter sereinement de tous les maux qui handicapent le progr\u00e8s \u00e9conomique et social, la stabilit\u00e9 des institutions de leur pays, la d\u00e9claration inopportune de Ellen Thorbun s\u2019apparente \u00e0 une ing\u00e9rence de nature \u00e0 perturber la dynamique consensuelle et apais\u00e9e de la transition en cours \u00bb, dit-il.<\/p>\n<p>Le Mps estime que \u00ab seul le peuple tchadien souverain, dont les sensibilit\u00e9s et composantes prendront part \u00e0 cette grand-messe nationale, est habilit\u00e9 \u00e0 se prononcer le moment venu sur ces sujets d\u2019int\u00e9r\u00eat national \u00bb.<\/p>\n<p><strong>Pour plus d&rsquo;informations et d&rsquo;analyses sur la <a href=\"https:\/\/www.africa-press.net\/tchad\">Tchad<\/a>, suivez <a href=\"https:\/\/www.africa-press.net\/\">Africa-Press<\/a><\/strong><\/p>\n","protected":false},"excerpt":{"rendered":"<p>Africa-Press &#8211; Tchad. Le rappel de la charg\u00e9e d\u2019affaires de l\u2019ambassade des Etats Unis au Tchad Ellen Thorbun lors des festivit\u00e9s comm\u00e9moratives de l\u2019ind\u00e9pendance de son pays au respect de la volont\u00e9 de la population et l\u2019invite aux dirigeants de la junte militaire \u00e0 ne pas se pr\u00e9senter aux futures \u00e9ch\u00e9ances \u00e9lectorales ne passent pas [&hellip;]<\/p>\n","protected":false},"author":82,"featured_media":28250,"comment_status":"open","ping_status":"closed","sticky":false,"template":"","format":"standard","meta":{"footnotes":""},"categories":[11,2,10],"tags":[37,292,29],"class_list":["post-28251","post","type-post","status-publish","format-standard","has-post-thumbnail","hentry","category-homepage-french","category-politique","category-toutes-les-actualites","tag-africa-press","tag-africa-press-tchad","tag-tchad"],"yoast_head":"<!-- This site is optimized with the Yoast SEO Premium plugin v26.1 (Yoast SEO v27.0) - https:\/\/yoast.com\/product\/yoast-seo-premium-wordpress\/ -->\n<title>Le Mps fustige la sortie de la charg\u00e9e d\u2019affaires de l\u2019ambassade des Etats Unis au Tchad - tchad<\/title>\n<meta name=\"description\" content=\"Le rappel de la charg\u00e9e d\u2019affaires de l\u2019ambassade des Etats Unis au Tchad Ellen Thorbun lors des festivit\u00e9s comm\u00e9morativ ...\" \/>\n<meta name=\"robots\" content=\"index, follow, max-snippet:-1, max-image-preview:large, max-video-preview:-1\" \/>\n<link rel=\"canonical\" href=\"https:\/\/www.africa-press.net\/tchad\/politique\/le-mps-fustige-la-sortie-de-la-chargee-daffaires-de-lambassade-des-etats-unis-au-tchad\" \/>\n<meta property=\"og:locale\" content=\"fr_FR\" \/>\n<meta property=\"og:type\" content=\"article\" \/>\n<meta property=\"og:title\" content=\"Le Mps fustige la sortie de la charg\u00e9e d\u2019affaires de l\u2019ambassade des Etats Unis au Tchad\" \/>\n<meta property=\"og:description\" content=\"Le rappel de la charg\u00e9e d\u2019affaires de l\u2019ambassade des Etats Unis au Tchad Ellen Thorbun lors des festivit\u00e9s comm\u00e9morativ ...\" \/>\n<meta property=\"og:url\" content=\"https:\/\/www.africa-press.net\/tchad\/politique\/le-mps-fustige-la-sortie-de-la-chargee-daffaires-de-lambassade-des-etats-unis-au-tchad\" \/>\n<meta property=\"og:site_name\" content=\"tchad\" \/>\n<meta property=\"article:published_time\" content=\"2022-07-03T17:10:26+00:00\" \/>\n<meta property=\"article:modified_time\" content=\"2022-07-03T17:37:17+00:00\" \/>\n<meta property=\"og:image\" content=\"https:\/\/static.africa-press.net\/tchad\/sites\/41\/2022\/07\/postQueueImg_12-62c1d38cee9ad.jpg\" \/>\n\t<meta property=\"og:image:width\" content=\"960\" \/>\n\t<meta property=\"og:image:height\" content=\"443\" \/>\n\t<meta property=\"og:image:type\" content=\"image\/jpeg\" \/>\n<meta name=\"author\" content=\"cfeditorfr\" \/>\n<meta name=\"twitter:card\" content=\"summary_large_image\" \/>\n<meta name=\"twitter:label1\" content=\"\u00c9crit par\" \/>\n\t<meta name=\"twitter:data1\" content=\"cfeditorfr\" \/>\n\t<meta name=\"twitter:label2\" content=\"Dur\u00e9e de lecture estim\u00e9e\" \/>\n\t<meta name=\"twitter:data2\" content=\"1 minute\" \/>\n<script type=\"application\/ld+json\" class=\"yoast-schema-graph\">{\"@context\":\"https:\/\/schema.org\",\"@graph\":[{\"@type\":\"Article\",\"@id\":\"https:\/\/www.africa-press.net\/tchad\/politique\/le-mps-fustige-la-sortie-de-la-chargee-daffaires-de-lambassade-des-etats-unis-au-tchad#article\",\"isPartOf\":{\"@id\":\"https:\/\/www.africa-press.net\/tchad\/politique\/le-mps-fustige-la-sortie-de-la-chargee-daffaires-de-lambassade-des-etats-unis-au-tchad\"},\"author\":{\"name\":\"cfeditorfr\",\"@id\":\"https:\/\/www.africa-press.net\/tchad\/#\/schema\/person\/2b1cf3cd81a31e3cd26889ca66d677f1\"},\"headline\":\"Le Mps fustige la sortie de la charg\u00e9e d\u2019affaires de l\u2019ambassade des Etats Unis au Tchad\",\"datePublished\":\"2022-07-03T17:10:26+00:00\",\"dateModified\":\"2022-07-03T17:37:17+00:00\",\"mainEntityOfPage\":{\"@id\":\"https:\/\/www.africa-press.net\/tchad\/politique\/le-mps-fustige-la-sortie-de-la-chargee-daffaires-de-lambassade-des-etats-unis-au-tchad\"},\"wordCount\":254,\"commentCount\":0,\"image\":{\"@id\":\"https:\/\/www.africa-press.net\/tchad\/politique\/le-mps-fustige-la-sortie-de-la-chargee-daffaires-de-lambassade-des-etats-unis-au-tchad#primaryimage\"},\"thumbnailUrl\":\"https:\/\/static.africa-press.net\/tchad\/sites\/41\/2022\/07\/postQueueImg_12-62c1d38cee9ad.jpg\",\"keywords\":[\"Africa Press\",\"Africa Press-Tchad\",\"Tchad\"],\"articleSection\":[\"homepage-french\",\"Politique\",\"Toutes les actualit\u00e9s\"],\"inLanguage\":\"fr-FR\",\"potentialAction\":[{\"@type\":\"CommentAction\",\"name\":\"Comment\",\"target\":[\"https:\/\/www.africa-press.net\/tchad\/politique\/le-mps-fustige-la-sortie-de-la-chargee-daffaires-de-lambassade-des-etats-unis-au-tchad#respond\"]}]},{\"@type\":\"WebPage\",\"@id\":\"https:\/\/www.africa-press.net\/tchad\/politique\/le-mps-fustige-la-sortie-de-la-chargee-daffaires-de-lambassade-des-etats-unis-au-tchad\",\"url\":\"https:\/\/www.africa-press.net\/tchad\/politique\/le-mps-fustige-la-sortie-de-la-chargee-daffaires-de-lambassade-des-etats-unis-au-tchad\",\"name\":\"Le Mps fustige la sortie de la charg\u00e9e d\u2019affaires de l\u2019ambassade des Etats Unis au Tchad - tchad\",\"isPartOf\":{\"@id\":\"https:\/\/www.africa-press.net\/tchad\/#website\"},\"primaryImageOfPage\":{\"@id\":\"https:\/\/www.africa-press.net\/tchad\/politique\/le-mps-fustige-la-sortie-de-la-chargee-daffaires-de-lambassade-des-etats-unis-au-tchad#primaryimage\"},\"image\":{\"@id\":\"https:\/\/www.africa-press.net\/tchad\/politique\/le-mps-fustige-la-sortie-de-la-chargee-daffaires-de-lambassade-des-etats-unis-au-tchad#primaryimage\"},\"thumbnailUrl\":\"https:\/\/static.africa-press.net\/tchad\/sites\/41\/2022\/07\/postQueueImg_12-62c1d38cee9ad.jpg\",\"datePublished\":\"2022-07-03T17:10:26+00:00\",\"dateModified\":\"2022-07-03T17:37:17+00:00\",\"author\":{\"@id\":\"https:\/\/www.africa-press.net\/tchad\/#\/schema\/person\/2b1cf3cd81a31e3cd26889ca66d677f1\"},\"description\":\"Le rappel de la charg\u00e9e d\u2019affaires de l\u2019ambassade des Etats Unis au Tchad Ellen Thorbun lors des festivit\u00e9s comm\u00e9morativ ...\",\"breadcrumb\":{\"@id\":\"https:\/\/www.africa-press.net\/tchad\/politique\/le-mps-fustige-la-sortie-de-la-chargee-daffaires-de-lambassade-des-etats-unis-au-tchad#breadcrumb\"},\"inLanguage\":\"fr-FR\",\"potentialAction\":[{\"@type\":\"ReadAction\",\"target\":[\"https:\/\/www.africa-press.net\/tchad\/politique\/le-mps-fustige-la-sortie-de-la-chargee-daffaires-de-lambassade-des-etats-unis-au-tchad\"]}]},{\"@type\":\"ImageObject\",\"inLanguage\":\"fr-FR\",\"@id\":\"https:\/\/www.africa-press.net\/tchad\/politique\/le-mps-fustige-la-sortie-de-la-chargee-daffaires-de-lambassade-des-etats-unis-au-tchad#primaryimage\",\"url\":\"https:\/\/static.africa-press.net\/tchad\/sites\/41\/2022\/07\/postQueueImg_12-62c1d38cee9ad.jpg\",\"contentUrl\":\"https:\/\/static.africa-press.net\/tchad\/sites\/41\/2022\/07\/postQueueImg_12-62c1d38cee9ad.jpg\",\"width\":960,\"height\":443,\"caption\":\"Le Mps fustige la sortie de la charg\u00e9e d\u2019affaires de l\u2019ambassade des Etats Unis au Tchad\"},{\"@type\":\"BreadcrumbList\",\"@id\":\"https:\/\/www.africa-press.net\/tchad\/politique\/le-mps-fustige-la-sortie-de-la-chargee-daffaires-de-lambassade-des-etats-unis-au-tchad#breadcrumb\",\"itemListElement\":[{\"@type\":\"ListItem\",\"position\":1,\"name\":\"Accueil\",\"item\":\"https:\/\/www.africa-press.net\/tchad\/\"},{\"@type\":\"ListItem\",\"position\":2,\"name\":\"Le Mps fustige la sortie de la charg\u00e9e d\u2019affaires de l\u2019ambassade des Etats Unis au Tchad\"}]},{\"@type\":\"WebSite\",\"@id\":\"https:\/\/www.africa-press.net\/tchad\/#website\",\"url\":\"https:\/\/www.africa-press.net\/tchad\/\",\"name\":\"tchad\",\"description\":\"Just another Africa News Agency Sites site\",\"potentialAction\":[{\"@type\":\"SearchAction\",\"target\":{\"@type\":\"EntryPoint\",\"urlTemplate\":\"https:\/\/www.africa-press.net\/tchad\/?s={search_term_string}\"},\"query-input\":{\"@type\":\"PropertyValueSpecification\",\"valueRequired\":true,\"valueName\":\"search_term_string\"}}],\"inLanguage\":\"fr-FR\"},{\"@type\":\"Person\",\"@id\":\"https:\/\/www.africa-press.net\/tchad\/#\/schema\/person\/2b1cf3cd81a31e3cd26889ca66d677f1\",\"name\":\"cfeditorfr\"}]}<\/script>\n<!-- \/ Yoast SEO Premium plugin. -->","yoast_head_json":{"title":"Le Mps fustige la sortie de la charg\u00e9e d\u2019affaires de l\u2019ambassade des Etats Unis au Tchad - tchad","description":"Le rappel de la charg\u00e9e d\u2019affaires de l\u2019ambassade des Etats Unis au Tchad Ellen Thorbun lors des festivit\u00e9s comm\u00e9morativ ...","robots":{"index":"index","follow":"follow","max-snippet":"max-snippet:-1","max-image-preview":"max-image-preview:large","max-video-preview":"max-video-preview:-1"},"canonical":"https:\/\/www.africa-press.net\/tchad\/politique\/le-mps-fustige-la-sortie-de-la-chargee-daffaires-de-lambassade-des-etats-unis-au-tchad","og_locale":"fr_FR","og_type":"article","og_title":"Le Mps fustige la sortie de la charg\u00e9e d\u2019affaires de l\u2019ambassade des Etats Unis au Tchad","og_description":"Le rappel de la charg\u00e9e d\u2019affaires de l\u2019ambassade des Etats Unis au Tchad Ellen Thorbun lors des festivit\u00e9s comm\u00e9morativ ...","og_url":"https:\/\/www.africa-press.net\/tchad\/politique\/le-mps-fustige-la-sortie-de-la-chargee-daffaires-de-lambassade-des-etats-unis-au-tchad","og_site_name":"tchad","article_published_time":"2022-07-03T17:10:26+00:00","article_modified_time":"2022-07-03T17:37:17+00:00","og_image":[{"width":960,"height":443,"url":"https:\/\/static.africa-press.net\/tchad\/sites\/41\/2022\/07\/postQueueImg_12-62c1d38cee9ad.jpg","type":"image\/jpeg"}],"author":"cfeditorfr","twitter_card":"summary_large_image","twitter_misc":{"\u00c9crit par":"cfeditorfr","Dur\u00e9e de lecture estim\u00e9e":"1 minute"},"schema":{"@context":"https:\/\/schema.org","@graph":[{"@type":"Article","@id":"https:\/\/www.africa-press.net\/tchad\/politique\/le-mps-fustige-la-sortie-de-la-chargee-daffaires-de-lambassade-des-etats-unis-au-tchad#article","isPartOf":{"@id":"https:\/\/www.africa-press.net\/tchad\/politique\/le-mps-fustige-la-sortie-de-la-chargee-daffaires-de-lambassade-des-etats-unis-au-tchad"},"author":{"name":"cfeditorfr","@id":"https:\/\/www.africa-press.net\/tchad\/#\/schema\/person\/2b1cf3cd81a31e3cd26889ca66d677f1"},"headline":"Le Mps fustige la sortie de la charg\u00e9e d\u2019affaires de l\u2019ambassade des Etats Unis au Tchad","datePublished":"2022-07-03T17:10:26+00:00","dateModified":"2022-07-03T17:37:17+00:00","mainEntityOfPage":{"@id":"https:\/\/www.africa-press.net\/tchad\/politique\/le-mps-fustige-la-sortie-de-la-chargee-daffaires-de-lambassade-des-etats-unis-au-tchad"},"wordCount":254,"commentCount":0,"image":{"@id":"https:\/\/www.africa-press.net\/tchad\/politique\/le-mps-fustige-la-sortie-de-la-chargee-daffaires-de-lambassade-des-etats-unis-au-tchad#primaryimage"},"thumbnailUrl":"https:\/\/static.africa-press.net\/tchad\/sites\/41\/2022\/07\/postQueueImg_12-62c1d38cee9ad.jpg","keywords":["Africa Press","Africa Press-Tchad","Tchad"],"articleSection":["homepage-french","Politique","Toutes les actualit\u00e9s"],"inLanguage":"fr-FR","potentialAction":[{"@type":"CommentAction","name":"Comment","target":["https:\/\/www.africa-press.net\/tchad\/politique\/le-mps-fustige-la-sortie-de-la-chargee-daffaires-de-lambassade-des-etats-unis-au-tchad#respond"]}]},{"@type":"WebPage","@id":"https:\/\/www.africa-press.net\/tchad\/politique\/le-mps-fustige-la-sortie-de-la-chargee-daffaires-de-lambassade-des-etats-unis-au-tchad","url":"https:\/\/www.africa-press.net\/tchad\/politique\/le-mps-fustige-la-sortie-de-la-chargee-daffaires-de-lambassade-des-etats-unis-au-tchad","name":"Le Mps fustige la sortie de la charg\u00e9e d\u2019affaires de l\u2019ambassade des Etats Unis au Tchad - tchad","isPartOf":{"@id":"https:\/\/www.africa-press.net\/tchad\/#website"},"primaryImageOfPage":{"@id":"https:\/\/www.africa-press.net\/tchad\/politique\/le-mps-fustige-la-sortie-de-la-chargee-daffaires-de-lambassade-des-etats-unis-au-tchad#primaryimage"},"image":{"@id":"https:\/\/www.africa-press.net\/tchad\/politique\/le-mps-fustige-la-sortie-de-la-chargee-daffaires-de-lambassade-des-etats-unis-au-tchad#primaryimage"},"thumbnailUrl":"https:\/\/static.africa-press.net\/tchad\/sites\/41\/2022\/07\/postQueueImg_12-62c1d38cee9ad.jpg","datePublished":"2022-07-03T17:10:26+00:00","dateModified":"2022-07-03T17:37:17+00:00","author":{"@id":"https:\/\/www.africa-press.net\/tchad\/#\/schema\/person\/2b1cf3cd81a31e3cd26889ca66d677f1"},"description":"Le rappel de la charg\u00e9e d\u2019affaires de l\u2019ambassade des Etats Unis au Tchad Ellen Thorbun lors des festivit\u00e9s comm\u00e9morativ ...","breadcrumb":{"@id":"https:\/\/www.africa-press.net\/tchad\/politique\/le-mps-fustige-la-sortie-de-la-chargee-daffaires-de-lambassade-des-etats-unis-au-tchad#breadcrumb"},"inLanguage":"fr-FR","potentialAction":[{"@type":"ReadAction","target":["https:\/\/www.africa-press.net\/tchad\/politique\/le-mps-fustige-la-sortie-de-la-chargee-daffaires-de-lambassade-des-etats-unis-au-tchad"]}]},{"@type":"ImageObject","inLanguage":"fr-FR","@id":"https:\/\/www.africa-press.net\/tchad\/politique\/le-mps-fustige-la-sortie-de-la-chargee-daffaires-de-lambassade-des-etats-unis-au-tchad#primaryimage","url":"https:\/\/static.africa-press.net\/tchad\/sites\/41\/2022\/07\/postQueueImg_12-62c1d38cee9ad.jpg","contentUrl":"https:\/\/static.africa-press.net\/tchad\/sites\/41\/2022\/07\/postQueueImg_12-62c1d38cee9ad.jpg","width":960,"height":443,"caption":"Le Mps fustige la sortie de la charg\u00e9e d\u2019affaires de l\u2019ambassade des Etats Unis au Tchad"},{"@type":"BreadcrumbList","@id":"https:\/\/www.africa-press.net\/tchad\/politique\/le-mps-fustige-la-sortie-de-la-chargee-daffaires-de-lambassade-des-etats-unis-au-tchad#breadcrumb","itemListElement":[{"@type":"ListItem","position":1,"name":"Accueil","item":"https:\/\/www.africa-press.net\/tchad\/"},{"@type":"ListItem","position":2,"name":"Le Mps fustige la sortie de la charg\u00e9e d\u2019affaires de l\u2019ambassade des Etats Unis au Tchad"}]},{"@type":"WebSite","@id":"https:\/\/www.africa-press.net\/tchad\/#website","url":"https:\/\/www.africa-press.net\/tchad\/","name":"tchad","description":"Just another Africa News Agency Sites site","potentialAction":[{"@type":"SearchAction","target":{"@type":"EntryPoint","urlTemplate":"https:\/\/www.africa-press.net\/tchad\/?s={search_term_string}"},"query-input":{"@type":"PropertyValueSpecification","valueRequired":true,"valueName":"search_term_string"}}],"inLanguage":"fr-FR"},{"@type":"Person","@id":"https:\/\/www.africa-press.net\/tchad\/#\/schema\/person\/2b1cf3cd81a31e3cd26889ca66d677f1","name":"cfeditorfr"}]}},"_links":{"self":[{"href":"https:\/\/www.africa-press.net\/tchad\/wp-json\/wp\/v2\/posts\/28251","targetHints":{"allow":["GET"]}}],"collection":[{"href":"https:\/\/www.africa-press.net\/tchad\/wp-json\/wp\/v2\/posts"}],"about":[{"href":"https:\/\/www.africa-press.net\/tchad\/wp-json\/wp\/v2\/types\/post"}],"author":[{"embeddable":true,"href":"https:\/\/www.africa-press.net\/tchad\/wp-json\/wp\/v2\/users\/82"}],"replies":[{"embeddable":true,"href":"https:\/\/www.africa-press.net\/tchad\/wp-json\/wp\/v2\/comments?post=28251"}],"version-history":[{"count":0,"href":"https:\/\/www.africa-press.net\/tchad\/wp-json\/wp\/v2\/posts\/28251\/revisions"}],"wp:featuredmedia":[{"embeddable":true,"href":"https:\/\/www.africa-press.net\/tchad\/wp-json\/wp\/v2\/media\/28250"}],"wp:attachment":[{"href":"https:\/\/www.africa-press.net\/tchad\/wp-json\/wp\/v2\/media?parent=28251"}],"wp:term":[{"taxonomy":"category","embeddable":true,"href":"https:\/\/www.africa-press.net\/tchad\/wp-json\/wp\/v2\/categories?post=28251"},{"taxonomy":"post_tag","embeddable":true,"href":"https:\/\/www.africa-press.net\/tchad\/wp-json\/wp\/v2\/tags?post=28251"}],"curies":[{"name":"wp","href":"https:\/\/api.w.org\/{rel}","templated":true}]}}