{"id":28294,"date":"2022-07-04T14:59:01","date_gmt":"2022-07-04T14:59:01","guid":{"rendered":"https:\/\/www.africa-press.net\/tchad\/politique\/le-cap-sur-sort-de-son-silence"},"modified":"2022-07-04T15:34:44","modified_gmt":"2022-07-04T15:34:44","slug":"le-cap-sur-sort-de-son-silence","status":"publish","type":"post","link":"https:\/\/www.africa-press.net\/tchad\/politique\/le-cap-sur-sort-de-son-silence","title":{"rendered":"le Cap-Sur sort de son silence"},"content":{"rendered":"<p><span style=\"color: #ff6600\"><strong>Africa-Press &#8211; Tchad. <\/strong><\/span>Dans sa d\u00e9claration, le pr\u00e9sident du Cap-Sur, Rangar Ndjenadjim, informe que du 28 mai au 04 juin 2022, il a conduit une \u00e9quipe qui a sillonn\u00e9 toute la zone m\u00e9ridionale, \u00e0 l\u2019effet de s\u2019enqu\u00e9rir de la sant\u00e9 du parti \u00e0 la base. Plusieurs d\u00e9partements et sous-pr\u00e9fectures ont \u00e9t\u00e9 visit\u00e9es \u00e0 savoir : Bongor, Sarh en passant par Pala, La\u00ef, Moundou, Doba, Bodo, B\u00e9bo-Pen et Koumra.<\/p>\n<p>\u00ab L\u2019\u00e9quipe a constat\u00e9 avec beaucoup de bonheur et de plaisir que les bases de Cap-Sur sont toujours en place, malgr\u00e9 le tourbillon qui s\u2019est abattu sur lui et qui aurait pu le rompre. Non ! Le Cap-Sur plie mais ne rompt jamais \u00bb, a-t-il l\u00e2ch\u00e9. Pour lui, c\u2019est avec beaucoup de satisfaction que l\u2019\u00e9quipe est rentr\u00e9e de cette visite de terrain.<\/p>\n<p>En ce qui concerne la situation politique du pays, la tourn\u00e9e a permis \u00e0 l\u2019\u00e9quipe du Cap-Sur de toucher du doigt les dures r\u00e9alit\u00e9s sociales que vivent les populations du Tchad profond. \u00ab La situation politique du Tchad continue d\u2019inqui\u00e9ter terriblement les Tchadiens, surtout pendant ce dernier temps o\u00f9 tout semble semer le doute dans leurs t\u00eates quant \u00e0 l\u2019avenir du pays \u00bb, a alert\u00e9 le premier responsable du parti de l\u2019ex-Premier ministre Joseph Djimrangar Dadnadji.<\/p>\n<p>Et d\u2019ajouter : \u00ab Le Cap-Sur, en tant qu\u2019acteur majeur de la sc\u00e8ne politique tchadienne ne saurait se taire face \u00e0 cette situation qui va de mal en pis. En son temps et \u00e0 maintes reprises, le Cap-Sur, \u00e0 l\u2019instar des autres acteurs et l\u2019ensemble de Tchadiens, avait tir\u00e9 la sonnette d\u2019alarme pour attirer l\u2019attention des gouvernants sur des comportements antisociaux et antir\u00e9publicains \u00e9rig\u00e9s en syst\u00e8me de gouvernance par certains compatriotes \u00e0 l\u2019\u00e9gard des autres et qui sont de nature \u00e0 mettre en mal le vivre-ensemble et la coh\u00e9sion sociale \u00bb.<\/p>\n<p>Rangar Ndjenadjim trouve que jusqu\u2019aujourd\u2019hui aucun effort n\u2019est fait dans ce sens pour am\u00e9liorer le v\u00e9cu quotidien des Tchadiens. Les conflits intercommunautaires continuent et semblent m\u00eame avoir de beaux jours devant eux sans \u00e9mouvoir les autorit\u00e9s ; les vies humaines sont supprim\u00e9es \u00e0 volont\u00e9 et avec beaucoup de z\u00e8le et satisfaction ; le sang des innocents continue \u00e0 couler en guise d\u2019holocauste ; les injustices sociales sont criantes dans tous les secteurs et cela va crescendo, surtout dans l\u2019administration publique. L\u2019autorit\u00e9 de l\u2019Etat est aux abonn\u00e9s absents, d\u00e9plore-t-il.<\/p>\n<p>Sur la question du pr\u00e9 dialogue de Doha, le pr\u00e9sident du Cap-Sur s\u2019interroge : qu\u2019est-ce qui se passe l\u00e0-bas? Il r\u00e9pond : \u201cc\u2019est un silence de cimeti\u00e8re\u201d. Sinon des informations contradictoires qui s\u00e8ment la confusion dans l\u2019esprit des citoyens sur l\u2019issue de cette rencontre et qui retarde la tenue de ce fameux dialogue national inclusif, promis \u00e0 cor et \u00e0 cri par le Conseil militaire de transition.<\/p>\n<p>R\u00e9action du Cap-Sur sur la SHT Gate<\/p>\n<p>Et le dernier sc\u00e9nario servi aux tchadiens et qui donne de vertige et coupe le sommeil, ce sont ces d\u00e9tournements \u00e0 ciel ouvert, qui s\u2019appelle la gestion patrimoniale. Quand de telles forfaitures sont d\u00e9couvertes, croyant que cette fois-ci des sanctions vont tomber contre les auteurs.<\/p>\n<p>Mais le Cap-Sur n\u2019est et ne sera jamais complaisant quant \u00e0 cette gestion patrimoniale qui enrichit les individus au d\u00e9triment du peuple.<\/p>\n<p>\u00ab Cependant, nous esp\u00e9rons que cette fois-ci le PCMT d\u00e9montrera aux yeux de nous ses concitoyens, le contraire de ce que nous redoutons, \u00e0 savoir prot\u00e9ger et accorder l\u2019impunit\u00e9 aux d\u00e9tourneurs de la R\u00e9publique. Car, le PCMT semble \u00eatre un homme de r\u00e9f\u00e9rence \u00e0 Dieu dont il mentionne le nom et associe syst\u00e9matiquement et \u00e0 plusieurs reprises dans ses discours et ses programmes. Mais Dieu est un Dieu de justice. Le peuple tchadien l\u2019attend de pieds fermes de ce c\u00f4t\u00e9-l\u00e0 que la justice de Dieu lui soit faite \u00bb, a-t-il conclu.<\/p>\n<p><strong>Pour plus d&rsquo;informations et d&rsquo;analyses sur la <a href=\"https:\/\/www.africa-press.net\/tchad\">Tchad<\/a>, suivez <a href=\"https:\/\/www.africa-press.net\/\">Africa-Press<\/a><\/strong><\/p>\n","protected":false},"excerpt":{"rendered":"<p>Africa-Press &#8211; Tchad. Dans sa d\u00e9claration, le pr\u00e9sident du Cap-Sur, Rangar Ndjenadjim, informe que du 28 mai au 04 juin 2022, il a conduit une \u00e9quipe qui a sillonn\u00e9 toute la zone m\u00e9ridionale, \u00e0 l\u2019effet de s\u2019enqu\u00e9rir de la sant\u00e9 du parti \u00e0 la base. Plusieurs d\u00e9partements et sous-pr\u00e9fectures ont \u00e9t\u00e9 visit\u00e9es \u00e0 savoir : [&hellip;]<\/p>\n","protected":false},"author":82,"featured_media":28293,"comment_status":"open","ping_status":"closed","sticky":false,"template":"","format":"standard","meta":{"footnotes":""},"categories":[11,2,10],"tags":[37,292,29],"class_list":["post-28294","post","type-post","status-publish","format-standard","has-post-thumbnail","hentry","category-homepage-french","category-politique","category-toutes-les-actualites","tag-africa-press","tag-africa-press-tchad","tag-tchad"],"yoast_head":"<!-- This site is optimized with the Yoast SEO Premium plugin v26.1 (Yoast SEO v27.0) - https:\/\/yoast.com\/product\/yoast-seo-premium-wordpress\/ -->\n<title>le Cap-Sur sort de son silence - tchad<\/title>\n<meta name=\"description\" content=\"Dans sa d\u00e9claration, le pr\u00e9sident du Cap-Sur, Rangar Ndjenadjim, informe que du 28 mai au 04 juin 2022, il a conduit une ...\" \/>\n<meta name=\"robots\" content=\"index, follow, max-snippet:-1, max-image-preview:large, max-video-preview:-1\" \/>\n<link rel=\"canonical\" href=\"https:\/\/www.africa-press.net\/tchad\/politique\/le-cap-sur-sort-de-son-silence\" \/>\n<meta property=\"og:locale\" content=\"fr_FR\" \/>\n<meta property=\"og:type\" content=\"article\" \/>\n<meta property=\"og:title\" content=\"le Cap-Sur sort de son silence\" \/>\n<meta property=\"og:description\" content=\"Dans sa d\u00e9claration, le pr\u00e9sident du Cap-Sur, Rangar Ndjenadjim, informe que du 28 mai au 04 juin 2022, il a conduit une ...\" \/>\n<meta property=\"og:url\" content=\"https:\/\/www.africa-press.net\/tchad\/politique\/le-cap-sur-sort-de-son-silence\" \/>\n<meta property=\"og:site_name\" content=\"tchad\" \/>\n<meta property=\"article:published_time\" content=\"2022-07-04T14:59:01+00:00\" \/>\n<meta property=\"article:modified_time\" content=\"2022-07-04T15:34:44+00:00\" \/>\n<meta property=\"og:image\" content=\"https:\/\/static.africa-press.net\/tchad\/sites\/41\/2022\/07\/postQueueImg_8-62c3087856cda.jpg\" \/>\n\t<meta property=\"og:image:width\" content=\"1000\" \/>\n\t<meta property=\"og:image:height\" content=\"750\" \/>\n\t<meta property=\"og:image:type\" content=\"image\/jpeg\" \/>\n<meta name=\"author\" content=\"cfeditorfr\" \/>\n<meta name=\"twitter:card\" content=\"summary_large_image\" \/>\n<meta name=\"twitter:label1\" content=\"\u00c9crit par\" \/>\n\t<meta name=\"twitter:data1\" content=\"cfeditorfr\" \/>\n\t<meta name=\"twitter:label2\" content=\"Dur\u00e9e de lecture estim\u00e9e\" \/>\n\t<meta name=\"twitter:data2\" content=\"3 minutes\" \/>\n<script type=\"application\/ld+json\" class=\"yoast-schema-graph\">{\"@context\":\"https:\/\/schema.org\",\"@graph\":[{\"@type\":\"Article\",\"@id\":\"https:\/\/www.africa-press.net\/tchad\/politique\/le-cap-sur-sort-de-son-silence#article\",\"isPartOf\":{\"@id\":\"https:\/\/www.africa-press.net\/tchad\/politique\/le-cap-sur-sort-de-son-silence\"},\"author\":{\"name\":\"cfeditorfr\",\"@id\":\"https:\/\/www.africa-press.net\/tchad\/#\/schema\/person\/2b1cf3cd81a31e3cd26889ca66d677f1\"},\"headline\":\"le Cap-Sur sort de son silence\",\"datePublished\":\"2022-07-04T14:59:01+00:00\",\"dateModified\":\"2022-07-04T15:34:44+00:00\",\"mainEntityOfPage\":{\"@id\":\"https:\/\/www.africa-press.net\/tchad\/politique\/le-cap-sur-sort-de-son-silence\"},\"wordCount\":678,\"commentCount\":0,\"image\":{\"@id\":\"https:\/\/www.africa-press.net\/tchad\/politique\/le-cap-sur-sort-de-son-silence#primaryimage\"},\"thumbnailUrl\":\"https:\/\/static.africa-press.net\/tchad\/sites\/41\/2022\/07\/postQueueImg_8-62c3087856cda.jpg\",\"keywords\":[\"Africa Press\",\"Africa Press-Tchad\",\"Tchad\"],\"articleSection\":[\"homepage-french\",\"Politique\",\"Toutes les actualit\u00e9s\"],\"inLanguage\":\"fr-FR\",\"potentialAction\":[{\"@type\":\"CommentAction\",\"name\":\"Comment\",\"target\":[\"https:\/\/www.africa-press.net\/tchad\/politique\/le-cap-sur-sort-de-son-silence#respond\"]}]},{\"@type\":\"WebPage\",\"@id\":\"https:\/\/www.africa-press.net\/tchad\/politique\/le-cap-sur-sort-de-son-silence\",\"url\":\"https:\/\/www.africa-press.net\/tchad\/politique\/le-cap-sur-sort-de-son-silence\",\"name\":\"le Cap-Sur sort de son silence - tchad\",\"isPartOf\":{\"@id\":\"https:\/\/www.africa-press.net\/tchad\/#website\"},\"primaryImageOfPage\":{\"@id\":\"https:\/\/www.africa-press.net\/tchad\/politique\/le-cap-sur-sort-de-son-silence#primaryimage\"},\"image\":{\"@id\":\"https:\/\/www.africa-press.net\/tchad\/politique\/le-cap-sur-sort-de-son-silence#primaryimage\"},\"thumbnailUrl\":\"https:\/\/static.africa-press.net\/tchad\/sites\/41\/2022\/07\/postQueueImg_8-62c3087856cda.jpg\",\"datePublished\":\"2022-07-04T14:59:01+00:00\",\"dateModified\":\"2022-07-04T15:34:44+00:00\",\"author\":{\"@id\":\"https:\/\/www.africa-press.net\/tchad\/#\/schema\/person\/2b1cf3cd81a31e3cd26889ca66d677f1\"},\"description\":\"Dans sa d\u00e9claration, le pr\u00e9sident du Cap-Sur, Rangar Ndjenadjim, informe que du 28 mai au 04 juin 2022, il a conduit une ...\",\"breadcrumb\":{\"@id\":\"https:\/\/www.africa-press.net\/tchad\/politique\/le-cap-sur-sort-de-son-silence#breadcrumb\"},\"inLanguage\":\"fr-FR\",\"potentialAction\":[{\"@type\":\"ReadAction\",\"target\":[\"https:\/\/www.africa-press.net\/tchad\/politique\/le-cap-sur-sort-de-son-silence\"]}]},{\"@type\":\"ImageObject\",\"inLanguage\":\"fr-FR\",\"@id\":\"https:\/\/www.africa-press.net\/tchad\/politique\/le-cap-sur-sort-de-son-silence#primaryimage\",\"url\":\"https:\/\/static.africa-press.net\/tchad\/sites\/41\/2022\/07\/postQueueImg_8-62c3087856cda.jpg\",\"contentUrl\":\"https:\/\/static.africa-press.net\/tchad\/sites\/41\/2022\/07\/postQueueImg_8-62c3087856cda.jpg\",\"width\":1000,\"height\":750,\"caption\":\"le Cap-Sur sort de son silence\"},{\"@type\":\"BreadcrumbList\",\"@id\":\"https:\/\/www.africa-press.net\/tchad\/politique\/le-cap-sur-sort-de-son-silence#breadcrumb\",\"itemListElement\":[{\"@type\":\"ListItem\",\"position\":1,\"name\":\"Accueil\",\"item\":\"https:\/\/www.africa-press.net\/tchad\/\"},{\"@type\":\"ListItem\",\"position\":2,\"name\":\"le Cap-Sur sort de son silence\"}]},{\"@type\":\"WebSite\",\"@id\":\"https:\/\/www.africa-press.net\/tchad\/#website\",\"url\":\"https:\/\/www.africa-press.net\/tchad\/\",\"name\":\"tchad\",\"description\":\"Just another Africa News Agency Sites site\",\"potentialAction\":[{\"@type\":\"SearchAction\",\"target\":{\"@type\":\"EntryPoint\",\"urlTemplate\":\"https:\/\/www.africa-press.net\/tchad\/?s={search_term_string}\"},\"query-input\":{\"@type\":\"PropertyValueSpecification\",\"valueRequired\":true,\"valueName\":\"search_term_string\"}}],\"inLanguage\":\"fr-FR\"},{\"@type\":\"Person\",\"@id\":\"https:\/\/www.africa-press.net\/tchad\/#\/schema\/person\/2b1cf3cd81a31e3cd26889ca66d677f1\",\"name\":\"cfeditorfr\"}]}<\/script>\n<!-- \/ Yoast SEO Premium plugin. -->","yoast_head_json":{"title":"le Cap-Sur sort de son silence - tchad","description":"Dans sa d\u00e9claration, le pr\u00e9sident du Cap-Sur, Rangar Ndjenadjim, informe que du 28 mai au 04 juin 2022, il a conduit une ...","robots":{"index":"index","follow":"follow","max-snippet":"max-snippet:-1","max-image-preview":"max-image-preview:large","max-video-preview":"max-video-preview:-1"},"canonical":"https:\/\/www.africa-press.net\/tchad\/politique\/le-cap-sur-sort-de-son-silence","og_locale":"fr_FR","og_type":"article","og_title":"le Cap-Sur sort de son silence","og_description":"Dans sa d\u00e9claration, le pr\u00e9sident du Cap-Sur, Rangar Ndjenadjim, informe que du 28 mai au 04 juin 2022, il a conduit une ...","og_url":"https:\/\/www.africa-press.net\/tchad\/politique\/le-cap-sur-sort-de-son-silence","og_site_name":"tchad","article_published_time":"2022-07-04T14:59:01+00:00","article_modified_time":"2022-07-04T15:34:44+00:00","og_image":[{"width":1000,"height":750,"url":"https:\/\/static.africa-press.net\/tchad\/sites\/41\/2022\/07\/postQueueImg_8-62c3087856cda.jpg","type":"image\/jpeg"}],"author":"cfeditorfr","twitter_card":"summary_large_image","twitter_misc":{"\u00c9crit par":"cfeditorfr","Dur\u00e9e de lecture estim\u00e9e":"3 minutes"},"schema":{"@context":"https:\/\/schema.org","@graph":[{"@type":"Article","@id":"https:\/\/www.africa-press.net\/tchad\/politique\/le-cap-sur-sort-de-son-silence#article","isPartOf":{"@id":"https:\/\/www.africa-press.net\/tchad\/politique\/le-cap-sur-sort-de-son-silence"},"author":{"name":"cfeditorfr","@id":"https:\/\/www.africa-press.net\/tchad\/#\/schema\/person\/2b1cf3cd81a31e3cd26889ca66d677f1"},"headline":"le Cap-Sur sort de son silence","datePublished":"2022-07-04T14:59:01+00:00","dateModified":"2022-07-04T15:34:44+00:00","mainEntityOfPage":{"@id":"https:\/\/www.africa-press.net\/tchad\/politique\/le-cap-sur-sort-de-son-silence"},"wordCount":678,"commentCount":0,"image":{"@id":"https:\/\/www.africa-press.net\/tchad\/politique\/le-cap-sur-sort-de-son-silence#primaryimage"},"thumbnailUrl":"https:\/\/static.africa-press.net\/tchad\/sites\/41\/2022\/07\/postQueueImg_8-62c3087856cda.jpg","keywords":["Africa Press","Africa Press-Tchad","Tchad"],"articleSection":["homepage-french","Politique","Toutes les actualit\u00e9s"],"inLanguage":"fr-FR","potentialAction":[{"@type":"CommentAction","name":"Comment","target":["https:\/\/www.africa-press.net\/tchad\/politique\/le-cap-sur-sort-de-son-silence#respond"]}]},{"@type":"WebPage","@id":"https:\/\/www.africa-press.net\/tchad\/politique\/le-cap-sur-sort-de-son-silence","url":"https:\/\/www.africa-press.net\/tchad\/politique\/le-cap-sur-sort-de-son-silence","name":"le Cap-Sur sort de son silence - tchad","isPartOf":{"@id":"https:\/\/www.africa-press.net\/tchad\/#website"},"primaryImageOfPage":{"@id":"https:\/\/www.africa-press.net\/tchad\/politique\/le-cap-sur-sort-de-son-silence#primaryimage"},"image":{"@id":"https:\/\/www.africa-press.net\/tchad\/politique\/le-cap-sur-sort-de-son-silence#primaryimage"},"thumbnailUrl":"https:\/\/static.africa-press.net\/tchad\/sites\/41\/2022\/07\/postQueueImg_8-62c3087856cda.jpg","datePublished":"2022-07-04T14:59:01+00:00","dateModified":"2022-07-04T15:34:44+00:00","author":{"@id":"https:\/\/www.africa-press.net\/tchad\/#\/schema\/person\/2b1cf3cd81a31e3cd26889ca66d677f1"},"description":"Dans sa d\u00e9claration, le pr\u00e9sident du Cap-Sur, Rangar Ndjenadjim, informe que du 28 mai au 04 juin 2022, il a conduit une ...","breadcrumb":{"@id":"https:\/\/www.africa-press.net\/tchad\/politique\/le-cap-sur-sort-de-son-silence#breadcrumb"},"inLanguage":"fr-FR","potentialAction":[{"@type":"ReadAction","target":["https:\/\/www.africa-press.net\/tchad\/politique\/le-cap-sur-sort-de-son-silence"]}]},{"@type":"ImageObject","inLanguage":"fr-FR","@id":"https:\/\/www.africa-press.net\/tchad\/politique\/le-cap-sur-sort-de-son-silence#primaryimage","url":"https:\/\/static.africa-press.net\/tchad\/sites\/41\/2022\/07\/postQueueImg_8-62c3087856cda.jpg","contentUrl":"https:\/\/static.africa-press.net\/tchad\/sites\/41\/2022\/07\/postQueueImg_8-62c3087856cda.jpg","width":1000,"height":750,"caption":"le Cap-Sur sort de son silence"},{"@type":"BreadcrumbList","@id":"https:\/\/www.africa-press.net\/tchad\/politique\/le-cap-sur-sort-de-son-silence#breadcrumb","itemListElement":[{"@type":"ListItem","position":1,"name":"Accueil","item":"https:\/\/www.africa-press.net\/tchad\/"},{"@type":"ListItem","position":2,"name":"le Cap-Sur sort de son silence"}]},{"@type":"WebSite","@id":"https:\/\/www.africa-press.net\/tchad\/#website","url":"https:\/\/www.africa-press.net\/tchad\/","name":"tchad","description":"Just another Africa News Agency Sites site","potentialAction":[{"@type":"SearchAction","target":{"@type":"EntryPoint","urlTemplate":"https:\/\/www.africa-press.net\/tchad\/?s={search_term_string}"},"query-input":{"@type":"PropertyValueSpecification","valueRequired":true,"valueName":"search_term_string"}}],"inLanguage":"fr-FR"},{"@type":"Person","@id":"https:\/\/www.africa-press.net\/tchad\/#\/schema\/person\/2b1cf3cd81a31e3cd26889ca66d677f1","name":"cfeditorfr"}]}},"_links":{"self":[{"href":"https:\/\/www.africa-press.net\/tchad\/wp-json\/wp\/v2\/posts\/28294","targetHints":{"allow":["GET"]}}],"collection":[{"href":"https:\/\/www.africa-press.net\/tchad\/wp-json\/wp\/v2\/posts"}],"about":[{"href":"https:\/\/www.africa-press.net\/tchad\/wp-json\/wp\/v2\/types\/post"}],"author":[{"embeddable":true,"href":"https:\/\/www.africa-press.net\/tchad\/wp-json\/wp\/v2\/users\/82"}],"replies":[{"embeddable":true,"href":"https:\/\/www.africa-press.net\/tchad\/wp-json\/wp\/v2\/comments?post=28294"}],"version-history":[{"count":0,"href":"https:\/\/www.africa-press.net\/tchad\/wp-json\/wp\/v2\/posts\/28294\/revisions"}],"wp:featuredmedia":[{"embeddable":true,"href":"https:\/\/www.africa-press.net\/tchad\/wp-json\/wp\/v2\/media\/28293"}],"wp:attachment":[{"href":"https:\/\/www.africa-press.net\/tchad\/wp-json\/wp\/v2\/media?parent=28294"}],"wp:term":[{"taxonomy":"category","embeddable":true,"href":"https:\/\/www.africa-press.net\/tchad\/wp-json\/wp\/v2\/categories?post=28294"},{"taxonomy":"post_tag","embeddable":true,"href":"https:\/\/www.africa-press.net\/tchad\/wp-json\/wp\/v2\/tags?post=28294"}],"curies":[{"name":"wp","href":"https:\/\/api.w.org\/{rel}","templated":true}]}}