{"id":28306,"date":"2022-07-04T15:05:25","date_gmt":"2022-07-04T15:05:25","guid":{"rendered":"https:\/\/www.africa-press.net\/tchad\/politique\/lexode-rural-a-ndjamena-un-phenomene-qui-preoccupe"},"modified":"2022-07-04T15:40:39","modified_gmt":"2022-07-04T15:40:39","slug":"lexode-rural-a-ndjamena-un-phenomene-qui-preoccupe","status":"publish","type":"post","link":"https:\/\/www.africa-press.net\/tchad\/toutes-les-actualites\/lexode-rural-a-ndjamena-un-phenomene-qui-preoccupe","title":{"rendered":"l\u2019exode rural \u00e0 Ndjamena, un ph\u00e9nom\u00e8ne qui pr\u00e9occupe"},"content":{"rendered":"<p><span style=\"color: #ff6600\"><strong>Africa-Press &#8211; Tchad. <\/strong><\/span>Il faut \u00eatre un fin strat\u00e8ge pour se frayer un chemin dans les grandes art\u00e8res aux heures de pointe.<\/p>\n<p>C&rsquo;est le cas de Thomas qui, en fonction de ses heures de sortie, alterne entre la voiture et la moto, pour mieux se faufiler.<\/p>\n<p>Des rues qui \u00e9taient fluides \u00e0 la circulation dans les ann\u00e9es 2010, sont aujourd&rsquo;hui largement embouteill\u00e9es.<\/p>\n<p>Jeune \u00e9tudiant tchadien \u00e0 l&rsquo;\u00e9tranger, Senoussi constate un grand changement en cinq ans dans la capitale, \u00e0 l&rsquo;exemple de l&rsquo;avenue Ta\u00efwan qu&rsquo;il assimile au futur centre-ville.<\/p>\n<p>Quitter le village pour un salaire de mis\u00e8re Nombre de jeunes qui affluent \u00e0 Ndjamena sont soumis \u00e0 de rudes conditions de vies, pr\u00eats \u00e0 travailler pour une r\u00e9mun\u00e9ration qui permet \u00e0 peine de vivre.<\/p>\n<p>C&rsquo;est le cas de D\u00e9n\u00e9madji, une femme \u00e2g\u00e9e de 25 ans mari\u00e9e, m\u00e8re de deux enfants, qui nous raconte son quotidien.<\/p>\n<p>\u00ab J\u2019habite le quartier Arangadji (8\u00e8me arrondissement de Ndjam\u00e9na), je travaille comme domestique au quartier Diguel Riyad (8\u00e8me arrondissement).<\/p>\n<p>Je quitte mon domicile \u00e0 6 heures, pour arriver \u00e0 mon lieu de travail aux environs de 7 heures.<\/p>\n<p>D\u00e8s mon arriv\u00e9e, je lave les tasses utilis\u00e9es pendant la nuit, je nettoie la cour, je fais la lessive des v\u00eatements des enfants et de leur maman.<\/p>\n<p>Apr\u00e8s cela, je vais au march\u00e9 pour acheter des ingr\u00e9dients et des articles pour la cuisine \u00bb, explique D\u00e9n\u00e9madji.<\/p>\n<p>\u00ab \u00c0 mon arriv\u00e9e du march\u00e9, je change mes v\u00eatements et j\u2019entre dans la cuisine.<\/p>\n<p>D\u00e8s que le repas est pr\u00eat, je sers le groupe d\u2019hommes et celui de la femme avec ses enfants.<\/p>\n<p>Je prends aussi mon assiette \u00e0 part.<\/p>\n<p>Le soir, je nettoie les tasses utilis\u00e9es dans l\u2019apr\u00e8s-midi, je balaie une fois de plus la cour ; apr\u00e8s, je prends ma douche, je porte mes v\u00eatements et je rentre chez moi \u00e0 17 heures.<\/p>\n<p>A la fin du mois, je gagne 35 000 FCFA \u00bb, poursuit-elle.<\/p>\n<p>\u00ab Le week-end \u00e0 Ndjamena \u00e9quivaut \u00e0 une f\u00eate au village \u00bb, nous confient plusieurs filles qui travaillent comme employ\u00e9es de maison (elles sont appel\u00e9es commun\u00e9ment les fonctionnaires de la rue de 40 m\u00e8tres).<\/p>\n<p>D&rsquo;apr\u00e8s elles, ceux qu\u2019on voit dans les villages pendant les occasions festives, se retrouvent toutes les fins de semaine \u00e0 N&rsquo;Djamena ; ceci est l\u2019une des raisons valables pour lesquelles Ndjamena n\u2019est pas \u00e9gale aux villages, expliquent-elles.<\/p>\n<p>Des causes identifi\u00e9es de la migration interne Agaziz Baroum, sociologue et chercheur au Centre d\u2019\u00e9tudes pour le d\u00e9veloppement et la pr\u00e9vention de l\u2019extr\u00e9misme violent (CEDPE) d\u00e9finit l\u2019exode rural ou la migration interne comme le \u00ab d\u00e9placement massif des campagnards vers les grandes villes \u00bb.<\/p>\n<p>Ils sont motiv\u00e9s essentiellement par la recherche d\u2019un emploi et la qu\u00eate d\u2019une vie meilleure.<\/p>\n<p>Au Tchad, on constate qu\u2019aujourd\u2019hui, plus que jamais, la migration interne est devenue un ph\u00e9nom\u00e8ne inqui\u00e9tant ; elle est en train de battre son plein \u00e0 Ndjamena, la capitale.<\/p>\n<p>Elle vide les bras valides des campagnes, sinon prive certains jeunes de la possibilit\u00e9 de fr\u00e9quenter valablement l\u2019\u00e9cole en se rendant \u00e0 Ndjamena pour la recherche de meilleures conditions de vie.<\/p>\n<p>Ces bras valides ont pourtant un grand r\u00f4le \u00e0 jouer, par exemple dans le monde agro-pastoral en faveur de la s\u00e9curit\u00e9 alimentaire qui est en pleine d\u00e9t\u00e9rioration.<\/p>\n<p>\u00ab Une agriculture et un secteur de l\u2019\u00e9levage plus robustes devraient soutenir la s\u00e9curit\u00e9 alimentaire, qui fait cruellement d\u00e9faut \u00bb, laisse entendre la Banque mondiale dans son analyse \u00e9conomique sur le Tchad d&rsquo;avril 2022.<\/p>\n<p>Qu&rsquo;est-ce qui pousse ces jeunes \u00e0 quitter massivement les villes et villages de provinces pour tenter leur chance \u00e0 Ndjamena ? D&rsquo;apr\u00e8s le sociologue Agaziz Baroum, les raisons qui poussent les jeunes \u00e0 l\u2019exode rural sont beaucoup plus d\u2019ordre \u00e9conomique et social ; la recherche d\u2019une vie meilleure, sortir de l\u2019\u00e9tat de vuln\u00e9rabilit\u00e9, de la pauvret\u00e9, de la mis\u00e8re, de l\u2019ignorance ou encore du ch\u00f4mage.<\/p>\n<p>M.<\/p>\n<p>Baroum identifie d&rsquo;autres causes tels que les conflits intercommunautaires, les conflits agriculteurs-\u00e9leveurs.<\/p>\n<p>Deux types de migrations sont \u00e0 distinguer : la migration interne\/exode rural et la migration d&rsquo;un pays \u00e0 un autre ou d&rsquo;un continent \u00e0 un autre.<\/p>\n<p>\u00c0 Ndjamena, l\u2019on remarque que les grandes art\u00e8res de la ville sont bond\u00e9es d\u2019adultes, jeunes, personnes \u00e2g\u00e9es, femmes, filles et gar\u00e7ons venant de divers points du Tchad profond.<\/p>\n<p>La grande partie de ces jeunes provient de la zone m\u00e9ridionale ou septentrionale, rel\u00e8ve Ahmat Yacoub Adam, journaliste et chercheur associ\u00e9 au CEDPE.<\/p>\n<p>Ces jeunes sont dans la tranche d\u2019\u00e2ge des 12-30 ans.<\/p>\n<p>Ils exercent diverses activit\u00e9s, entre autres cireurs, domestiques, vigiles et gardiens, baby-sitter, dockers, commerces ambulants, blanchisseurs, conducteurs de motos, boulangers, restaurateurs et g\u00e9rants de stations de lavage.<\/p>\n<p>Une jeunesse en manque de rep\u00e8res Au Tchad, la migration interne prend de l&rsquo;ampleur tel un effet boule de neige.<\/p>\n<p>\u00ab Ceux qui viennent \u00e0 Ndjamena travaillent, s\u2019ach\u00e8tent des habits neufs et peu de temps apr\u00e8s, rentrent au village avec des v\u00eatements neufs et de l&rsquo;argent ; cela incite les autres \u00e0 faire de m\u00eame \u00bb, affirme Agaziz Baroum.<\/p>\n<p>Bilal est un jeune \u00e2g\u00e9 de 27 ans qui travaille dans une boulangerie.<\/p>\n<p>Il confie que depuis qu\u2019il a quitt\u00e9 son village, il y a de cela 8 ans, il se bat jour et nuit pour subvenir \u00e0 ses besoins quotidiens, assurer sa survie et celle de ses parents au village.<\/p>\n<p>\u00ab On travaille tous les jours mais on ne r\u00e9alise rien, parce que tout ce qu\u2019on trouve comme argent part dans la nourriture et la location \u00bb, dit-il.<\/p>\n<p>Dans le m\u00eame sillage, nous rencontrons Alexis, \u00ab fonctionnaire de la rue de 40 m\u00e8tres \u00bb, \u00e2g\u00e9 de 25 ans.<\/p>\n<p>Il est en train de pr\u00e9parer sa valise pour rentrer au village.<\/p>\n<p>\u00ab Je m\u2019appr\u00eate \u00e0 rentrer au village, parce que l\u2019unique moment o\u00f9 le village a un peu davantage et une rentabilit\u00e9 objective, c\u2019est bien pendant la saison pluvieuse \u00bb, rel\u00e8ve Alexis.<\/p>\n<p>\u00ab C&rsquo;est le moment donc on s&rsquo;appr\u00eate \u00e0 aller labourer et attendre la r\u00e9colte \u00bb, ajoute-t-il.<\/p>\n<p>La migration interne met \u00e0 rude \u00e9preuve les forces de s\u00e9curit\u00e9 L&rsquo;exode rural semble prendre de court la police nationale.<\/p>\n<p>\u00ab Nous sommes en de\u00e7\u00e0 du ratio.<\/p>\n<p>En principe, une ville comme Ndjamena, il faut un ratio d&rsquo;un policier pour cinq habitants.<\/p>\n<p>Aujourd&rsquo;hui, nous sommes \u00e0 un policier pour plus de 160 habitants \u00bb, reconnait le ministre de la S\u00e9curit\u00e9 publique et de l&rsquo;Immigration, le g\u00e9n\u00e9ral Idriss Dokony Adiker, en r\u00e9action \u00e0 une vague d&rsquo;ins\u00e9curit\u00e9 dans la capitale ces derniers temps.<\/p>\n<p>Avant de faire le d\u00e9placement sur Ndjamena, certains pensent que la capitale est un eldorado.<\/p>\n<p>En r\u00e9alit\u00e9, c\u2019est l\u2019enfer qu&rsquo;ils vivent.<\/p>\n<p>Le sociologue affirme que la mauvaise adaptation sociale ne permet pas \u00e0 certains jeunes d\u2019int\u00e9grer la soci\u00e9t\u00e9 d\u2019accueil.<\/p>\n<p>Du coup, ces jeunes sont frustr\u00e9s, ils se sentent rejet\u00e9s par la soci\u00e9t\u00e9.<\/p>\n<p>C\u2019est ainsi que certains deviennent des d\u00e9linquants et commettent des actes de vandalisme, analyse le chercheur Agaziz Baroum.<\/p>\n<p>L&rsquo;\u00c9tat doit investir davantage en province pour accro\u00eetre le potentiel de croissance L\u2019exode rural n\u2019a pas seulement des effets n\u00e9gatifs mais bien au contraire, il y a aussi un c\u00f4t\u00e9 positif.<\/p>\n<p>\u00ab Il y a des jeunes qui viennent travailler \u00e0 Ndjamena et soutiennent financi\u00e8rement leurs familles au village \u00bb, souligne le chercheur Agaziz Baroum.<\/p>\n<p>Pour d\u2019autres, c\u2019est le ch\u00f4mage, le banditisme, la prostitution ou le vol.<\/p>\n<p>Cela est un manque \u00e0 gagner pour le d\u00e9veloppement socio-\u00e9conomique du pays.<\/p>\n<p>Avec de tels cat\u00e9gories de jeunes, aucun d\u00e9veloppement n&rsquo;est possible, observe M.<\/p>\n<p>Baroum.<\/p>\n<p>Le sociologue pr\u00e9conise \u00e0 l\u2019endroit de l&rsquo;\u00c9tat d\u2019investir davantage dans les villages en cr\u00e9ant des \u00e9coles, des centres de sant\u00e9, des h\u00f4pitaux, des lieux de loisirs \u00ab parce que m\u00eame le jeune du village veut jouir de sa jeunesse \u00bb.<\/p>\n<p>\u00c0 ses yeux, \u00ab il va falloir que l\u2019\u00c9tat puisse cr\u00e9er des conditions de vie acceptables (en cr\u00e9ant des emplois, infrastructures, routes, etc.<\/p>\n<p>), dans ces localit\u00e9s afin de maintenir ces jeunes dans les zones rurales \u00bb.<\/p>\n<p><strong>Pour plus d&rsquo;informations et d&rsquo;analyses sur la <a href=\"https:\/\/www.africa-press.net\/tchad\">Tchad<\/a>, suivez <a href=\"https:\/\/www.africa-press.net\/\">Africa-Press<\/a><\/strong><\/p>\n","protected":false},"excerpt":{"rendered":"<p>Africa-Press &#8211; Tchad. Il faut \u00eatre un fin strat\u00e8ge pour se frayer un chemin dans les grandes art\u00e8res aux heures de pointe. C&rsquo;est le cas de Thomas qui, en fonction de ses heures de sortie, alterne entre la voiture et la moto, pour mieux se faufiler. Des rues qui \u00e9taient fluides \u00e0 la circulation dans [&hellip;]<\/p>\n","protected":false},"author":82,"featured_media":28305,"comment_status":"open","ping_status":"closed","sticky":false,"template":"","format":"standard","meta":{"footnotes":""},"categories":[21,11,10],"tags":[37,292,29],"class_list":["post-28306","post","type-post","status-publish","format-standard","has-post-thumbnail","hentry","category-communaute","category-homepage-french","category-toutes-les-actualites","tag-africa-press","tag-africa-press-tchad","tag-tchad"],"yoast_head":"<!-- This site is optimized with the Yoast SEO Premium plugin v26.1 (Yoast SEO v27.0) - https:\/\/yoast.com\/product\/yoast-seo-premium-wordpress\/ -->\n<title>l\u2019exode rural \u00e0 Ndjamena, un ph\u00e9nom\u00e8ne qui pr\u00e9occupe - tchad<\/title>\n<meta name=\"description\" content=\"Il faut \u00eatre un fin strat\u00e8ge pour se frayer un chemin dans les grandes art\u00e8res aux heures de pointe. C&#039;est le cas de Th ...\" \/>\n<meta name=\"robots\" content=\"index, follow, max-snippet:-1, max-image-preview:large, max-video-preview:-1\" \/>\n<link rel=\"canonical\" href=\"https:\/\/www.africa-press.net\/tchad\/toutes-les-actualites\/lexode-rural-a-ndjamena-un-phenomene-qui-preoccupe\" \/>\n<meta property=\"og:locale\" content=\"fr_FR\" \/>\n<meta property=\"og:type\" content=\"article\" \/>\n<meta property=\"og:title\" content=\"l\u2019exode rural \u00e0 Ndjamena, un ph\u00e9nom\u00e8ne qui pr\u00e9occupe\" \/>\n<meta property=\"og:description\" content=\"Il faut \u00eatre un fin strat\u00e8ge pour se frayer un chemin dans les grandes art\u00e8res aux heures de pointe. C&#039;est le cas de Th ...\" \/>\n<meta property=\"og:url\" content=\"https:\/\/www.africa-press.net\/tchad\/toutes-les-actualites\/lexode-rural-a-ndjamena-un-phenomene-qui-preoccupe\" \/>\n<meta property=\"og:site_name\" content=\"tchad\" \/>\n<meta property=\"article:published_time\" content=\"2022-07-04T15:05:25+00:00\" \/>\n<meta property=\"article:modified_time\" content=\"2022-07-04T15:40:39+00:00\" \/>\n<meta property=\"og:image\" content=\"https:\/\/static.africa-press.net\/tchad\/sites\/41\/2022\/07\/postQueueImg_12-62c309e1bedc2.jpg\" \/>\n\t<meta property=\"og:image:width\" content=\"1271\" \/>\n\t<meta property=\"og:image:height\" content=\"765\" \/>\n\t<meta property=\"og:image:type\" content=\"image\/jpeg\" \/>\n<meta name=\"author\" content=\"cfeditorfr\" \/>\n<meta name=\"twitter:card\" content=\"summary_large_image\" \/>\n<meta name=\"twitter:label1\" content=\"\u00c9crit par\" \/>\n\t<meta name=\"twitter:data1\" content=\"cfeditorfr\" \/>\n\t<meta name=\"twitter:label2\" content=\"Dur\u00e9e de lecture estim\u00e9e\" \/>\n\t<meta name=\"twitter:data2\" content=\"7 minutes\" \/>\n<script type=\"application\/ld+json\" class=\"yoast-schema-graph\">{\"@context\":\"https:\/\/schema.org\",\"@graph\":[{\"@type\":\"Article\",\"@id\":\"https:\/\/www.africa-press.net\/tchad\/toutes-les-actualites\/lexode-rural-a-ndjamena-un-phenomene-qui-preoccupe#article\",\"isPartOf\":{\"@id\":\"https:\/\/www.africa-press.net\/tchad\/toutes-les-actualites\/lexode-rural-a-ndjamena-un-phenomene-qui-preoccupe\"},\"author\":{\"name\":\"cfeditorfr\",\"@id\":\"https:\/\/www.africa-press.net\/tchad\/#\/schema\/person\/2b1cf3cd81a31e3cd26889ca66d677f1\"},\"headline\":\"l\u2019exode rural \u00e0 Ndjamena, un ph\u00e9nom\u00e8ne qui pr\u00e9occupe\",\"datePublished\":\"2022-07-04T15:05:25+00:00\",\"dateModified\":\"2022-07-04T15:40:39+00:00\",\"mainEntityOfPage\":{\"@id\":\"https:\/\/www.africa-press.net\/tchad\/toutes-les-actualites\/lexode-rural-a-ndjamena-un-phenomene-qui-preoccupe\"},\"wordCount\":1413,\"commentCount\":0,\"image\":{\"@id\":\"https:\/\/www.africa-press.net\/tchad\/toutes-les-actualites\/lexode-rural-a-ndjamena-un-phenomene-qui-preoccupe#primaryimage\"},\"thumbnailUrl\":\"https:\/\/static.africa-press.net\/tchad\/sites\/41\/2022\/07\/postQueueImg_12-62c309e1bedc2.jpg\",\"keywords\":[\"Africa Press\",\"Africa Press-Tchad\",\"Tchad\"],\"articleSection\":[\"Communaut\u00e9\",\"homepage-french\",\"Toutes les actualit\u00e9s\"],\"inLanguage\":\"fr-FR\",\"potentialAction\":[{\"@type\":\"CommentAction\",\"name\":\"Comment\",\"target\":[\"https:\/\/www.africa-press.net\/tchad\/toutes-les-actualites\/lexode-rural-a-ndjamena-un-phenomene-qui-preoccupe#respond\"]}]},{\"@type\":\"WebPage\",\"@id\":\"https:\/\/www.africa-press.net\/tchad\/toutes-les-actualites\/lexode-rural-a-ndjamena-un-phenomene-qui-preoccupe\",\"url\":\"https:\/\/www.africa-press.net\/tchad\/toutes-les-actualites\/lexode-rural-a-ndjamena-un-phenomene-qui-preoccupe\",\"name\":\"l\u2019exode rural \u00e0 Ndjamena, un ph\u00e9nom\u00e8ne qui pr\u00e9occupe - tchad\",\"isPartOf\":{\"@id\":\"https:\/\/www.africa-press.net\/tchad\/#website\"},\"primaryImageOfPage\":{\"@id\":\"https:\/\/www.africa-press.net\/tchad\/toutes-les-actualites\/lexode-rural-a-ndjamena-un-phenomene-qui-preoccupe#primaryimage\"},\"image\":{\"@id\":\"https:\/\/www.africa-press.net\/tchad\/toutes-les-actualites\/lexode-rural-a-ndjamena-un-phenomene-qui-preoccupe#primaryimage\"},\"thumbnailUrl\":\"https:\/\/static.africa-press.net\/tchad\/sites\/41\/2022\/07\/postQueueImg_12-62c309e1bedc2.jpg\",\"datePublished\":\"2022-07-04T15:05:25+00:00\",\"dateModified\":\"2022-07-04T15:40:39+00:00\",\"author\":{\"@id\":\"https:\/\/www.africa-press.net\/tchad\/#\/schema\/person\/2b1cf3cd81a31e3cd26889ca66d677f1\"},\"description\":\"Il faut \u00eatre un fin strat\u00e8ge pour se frayer un chemin dans les grandes art\u00e8res aux heures de pointe. C'est le cas de Th ...\",\"breadcrumb\":{\"@id\":\"https:\/\/www.africa-press.net\/tchad\/toutes-les-actualites\/lexode-rural-a-ndjamena-un-phenomene-qui-preoccupe#breadcrumb\"},\"inLanguage\":\"fr-FR\",\"potentialAction\":[{\"@type\":\"ReadAction\",\"target\":[\"https:\/\/www.africa-press.net\/tchad\/toutes-les-actualites\/lexode-rural-a-ndjamena-un-phenomene-qui-preoccupe\"]}]},{\"@type\":\"ImageObject\",\"inLanguage\":\"fr-FR\",\"@id\":\"https:\/\/www.africa-press.net\/tchad\/toutes-les-actualites\/lexode-rural-a-ndjamena-un-phenomene-qui-preoccupe#primaryimage\",\"url\":\"https:\/\/static.africa-press.net\/tchad\/sites\/41\/2022\/07\/postQueueImg_12-62c309e1bedc2.jpg\",\"contentUrl\":\"https:\/\/static.africa-press.net\/tchad\/sites\/41\/2022\/07\/postQueueImg_12-62c309e1bedc2.jpg\",\"width\":1271,\"height\":765,\"caption\":\"l\u2019exode rural \u00e0 Ndjamena, un ph\u00e9nom\u00e8ne qui pr\u00e9occupe\"},{\"@type\":\"BreadcrumbList\",\"@id\":\"https:\/\/www.africa-press.net\/tchad\/toutes-les-actualites\/lexode-rural-a-ndjamena-un-phenomene-qui-preoccupe#breadcrumb\",\"itemListElement\":[{\"@type\":\"ListItem\",\"position\":1,\"name\":\"Accueil\",\"item\":\"https:\/\/www.africa-press.net\/tchad\/\"},{\"@type\":\"ListItem\",\"position\":2,\"name\":\"l\u2019exode rural \u00e0 Ndjamena, un ph\u00e9nom\u00e8ne qui pr\u00e9occupe\"}]},{\"@type\":\"WebSite\",\"@id\":\"https:\/\/www.africa-press.net\/tchad\/#website\",\"url\":\"https:\/\/www.africa-press.net\/tchad\/\",\"name\":\"tchad\",\"description\":\"Just another Africa News Agency Sites site\",\"potentialAction\":[{\"@type\":\"SearchAction\",\"target\":{\"@type\":\"EntryPoint\",\"urlTemplate\":\"https:\/\/www.africa-press.net\/tchad\/?s={search_term_string}\"},\"query-input\":{\"@type\":\"PropertyValueSpecification\",\"valueRequired\":true,\"valueName\":\"search_term_string\"}}],\"inLanguage\":\"fr-FR\"},{\"@type\":\"Person\",\"@id\":\"https:\/\/www.africa-press.net\/tchad\/#\/schema\/person\/2b1cf3cd81a31e3cd26889ca66d677f1\",\"name\":\"cfeditorfr\"}]}<\/script>\n<!-- \/ Yoast SEO Premium plugin. -->","yoast_head_json":{"title":"l\u2019exode rural \u00e0 Ndjamena, un ph\u00e9nom\u00e8ne qui pr\u00e9occupe - tchad","description":"Il faut \u00eatre un fin strat\u00e8ge pour se frayer un chemin dans les grandes art\u00e8res aux heures de pointe. C'est le cas de Th ...","robots":{"index":"index","follow":"follow","max-snippet":"max-snippet:-1","max-image-preview":"max-image-preview:large","max-video-preview":"max-video-preview:-1"},"canonical":"https:\/\/www.africa-press.net\/tchad\/toutes-les-actualites\/lexode-rural-a-ndjamena-un-phenomene-qui-preoccupe","og_locale":"fr_FR","og_type":"article","og_title":"l\u2019exode rural \u00e0 Ndjamena, un ph\u00e9nom\u00e8ne qui pr\u00e9occupe","og_description":"Il faut \u00eatre un fin strat\u00e8ge pour se frayer un chemin dans les grandes art\u00e8res aux heures de pointe. C'est le cas de Th ...","og_url":"https:\/\/www.africa-press.net\/tchad\/toutes-les-actualites\/lexode-rural-a-ndjamena-un-phenomene-qui-preoccupe","og_site_name":"tchad","article_published_time":"2022-07-04T15:05:25+00:00","article_modified_time":"2022-07-04T15:40:39+00:00","og_image":[{"width":1271,"height":765,"url":"https:\/\/static.africa-press.net\/tchad\/sites\/41\/2022\/07\/postQueueImg_12-62c309e1bedc2.jpg","type":"image\/jpeg"}],"author":"cfeditorfr","twitter_card":"summary_large_image","twitter_misc":{"\u00c9crit par":"cfeditorfr","Dur\u00e9e de lecture estim\u00e9e":"7 minutes"},"schema":{"@context":"https:\/\/schema.org","@graph":[{"@type":"Article","@id":"https:\/\/www.africa-press.net\/tchad\/toutes-les-actualites\/lexode-rural-a-ndjamena-un-phenomene-qui-preoccupe#article","isPartOf":{"@id":"https:\/\/www.africa-press.net\/tchad\/toutes-les-actualites\/lexode-rural-a-ndjamena-un-phenomene-qui-preoccupe"},"author":{"name":"cfeditorfr","@id":"https:\/\/www.africa-press.net\/tchad\/#\/schema\/person\/2b1cf3cd81a31e3cd26889ca66d677f1"},"headline":"l\u2019exode rural \u00e0 Ndjamena, un ph\u00e9nom\u00e8ne qui pr\u00e9occupe","datePublished":"2022-07-04T15:05:25+00:00","dateModified":"2022-07-04T15:40:39+00:00","mainEntityOfPage":{"@id":"https:\/\/www.africa-press.net\/tchad\/toutes-les-actualites\/lexode-rural-a-ndjamena-un-phenomene-qui-preoccupe"},"wordCount":1413,"commentCount":0,"image":{"@id":"https:\/\/www.africa-press.net\/tchad\/toutes-les-actualites\/lexode-rural-a-ndjamena-un-phenomene-qui-preoccupe#primaryimage"},"thumbnailUrl":"https:\/\/static.africa-press.net\/tchad\/sites\/41\/2022\/07\/postQueueImg_12-62c309e1bedc2.jpg","keywords":["Africa Press","Africa Press-Tchad","Tchad"],"articleSection":["Communaut\u00e9","homepage-french","Toutes les actualit\u00e9s"],"inLanguage":"fr-FR","potentialAction":[{"@type":"CommentAction","name":"Comment","target":["https:\/\/www.africa-press.net\/tchad\/toutes-les-actualites\/lexode-rural-a-ndjamena-un-phenomene-qui-preoccupe#respond"]}]},{"@type":"WebPage","@id":"https:\/\/www.africa-press.net\/tchad\/toutes-les-actualites\/lexode-rural-a-ndjamena-un-phenomene-qui-preoccupe","url":"https:\/\/www.africa-press.net\/tchad\/toutes-les-actualites\/lexode-rural-a-ndjamena-un-phenomene-qui-preoccupe","name":"l\u2019exode rural \u00e0 Ndjamena, un ph\u00e9nom\u00e8ne qui pr\u00e9occupe - tchad","isPartOf":{"@id":"https:\/\/www.africa-press.net\/tchad\/#website"},"primaryImageOfPage":{"@id":"https:\/\/www.africa-press.net\/tchad\/toutes-les-actualites\/lexode-rural-a-ndjamena-un-phenomene-qui-preoccupe#primaryimage"},"image":{"@id":"https:\/\/www.africa-press.net\/tchad\/toutes-les-actualites\/lexode-rural-a-ndjamena-un-phenomene-qui-preoccupe#primaryimage"},"thumbnailUrl":"https:\/\/static.africa-press.net\/tchad\/sites\/41\/2022\/07\/postQueueImg_12-62c309e1bedc2.jpg","datePublished":"2022-07-04T15:05:25+00:00","dateModified":"2022-07-04T15:40:39+00:00","author":{"@id":"https:\/\/www.africa-press.net\/tchad\/#\/schema\/person\/2b1cf3cd81a31e3cd26889ca66d677f1"},"description":"Il faut \u00eatre un fin strat\u00e8ge pour se frayer un chemin dans les grandes art\u00e8res aux heures de pointe. C'est le cas de Th ...","breadcrumb":{"@id":"https:\/\/www.africa-press.net\/tchad\/toutes-les-actualites\/lexode-rural-a-ndjamena-un-phenomene-qui-preoccupe#breadcrumb"},"inLanguage":"fr-FR","potentialAction":[{"@type":"ReadAction","target":["https:\/\/www.africa-press.net\/tchad\/toutes-les-actualites\/lexode-rural-a-ndjamena-un-phenomene-qui-preoccupe"]}]},{"@type":"ImageObject","inLanguage":"fr-FR","@id":"https:\/\/www.africa-press.net\/tchad\/toutes-les-actualites\/lexode-rural-a-ndjamena-un-phenomene-qui-preoccupe#primaryimage","url":"https:\/\/static.africa-press.net\/tchad\/sites\/41\/2022\/07\/postQueueImg_12-62c309e1bedc2.jpg","contentUrl":"https:\/\/static.africa-press.net\/tchad\/sites\/41\/2022\/07\/postQueueImg_12-62c309e1bedc2.jpg","width":1271,"height":765,"caption":"l\u2019exode rural \u00e0 Ndjamena, un ph\u00e9nom\u00e8ne qui pr\u00e9occupe"},{"@type":"BreadcrumbList","@id":"https:\/\/www.africa-press.net\/tchad\/toutes-les-actualites\/lexode-rural-a-ndjamena-un-phenomene-qui-preoccupe#breadcrumb","itemListElement":[{"@type":"ListItem","position":1,"name":"Accueil","item":"https:\/\/www.africa-press.net\/tchad\/"},{"@type":"ListItem","position":2,"name":"l\u2019exode rural \u00e0 Ndjamena, un ph\u00e9nom\u00e8ne qui pr\u00e9occupe"}]},{"@type":"WebSite","@id":"https:\/\/www.africa-press.net\/tchad\/#website","url":"https:\/\/www.africa-press.net\/tchad\/","name":"tchad","description":"Just another Africa News Agency Sites site","potentialAction":[{"@type":"SearchAction","target":{"@type":"EntryPoint","urlTemplate":"https:\/\/www.africa-press.net\/tchad\/?s={search_term_string}"},"query-input":{"@type":"PropertyValueSpecification","valueRequired":true,"valueName":"search_term_string"}}],"inLanguage":"fr-FR"},{"@type":"Person","@id":"https:\/\/www.africa-press.net\/tchad\/#\/schema\/person\/2b1cf3cd81a31e3cd26889ca66d677f1","name":"cfeditorfr"}]}},"_links":{"self":[{"href":"https:\/\/www.africa-press.net\/tchad\/wp-json\/wp\/v2\/posts\/28306","targetHints":{"allow":["GET"]}}],"collection":[{"href":"https:\/\/www.africa-press.net\/tchad\/wp-json\/wp\/v2\/posts"}],"about":[{"href":"https:\/\/www.africa-press.net\/tchad\/wp-json\/wp\/v2\/types\/post"}],"author":[{"embeddable":true,"href":"https:\/\/www.africa-press.net\/tchad\/wp-json\/wp\/v2\/users\/82"}],"replies":[{"embeddable":true,"href":"https:\/\/www.africa-press.net\/tchad\/wp-json\/wp\/v2\/comments?post=28306"}],"version-history":[{"count":0,"href":"https:\/\/www.africa-press.net\/tchad\/wp-json\/wp\/v2\/posts\/28306\/revisions"}],"wp:featuredmedia":[{"embeddable":true,"href":"https:\/\/www.africa-press.net\/tchad\/wp-json\/wp\/v2\/media\/28305"}],"wp:attachment":[{"href":"https:\/\/www.africa-press.net\/tchad\/wp-json\/wp\/v2\/media?parent=28306"}],"wp:term":[{"taxonomy":"category","embeddable":true,"href":"https:\/\/www.africa-press.net\/tchad\/wp-json\/wp\/v2\/categories?post=28306"},{"taxonomy":"post_tag","embeddable":true,"href":"https:\/\/www.africa-press.net\/tchad\/wp-json\/wp\/v2\/tags?post=28306"}],"curies":[{"name":"wp","href":"https:\/\/api.w.org\/{rel}","templated":true}]}}