{"id":28333,"date":"2022-07-05T14:52:25","date_gmt":"2022-07-05T14:52:25","guid":{"rendered":"https:\/\/www.africa-press.net\/tchad\/politique\/deux-officiers-radies-de-larmee-pour-faute-grave"},"modified":"2022-07-05T15:11:15","modified_gmt":"2022-07-05T15:11:15","slug":"deux-officiers-radies-de-larmee-pour-faute-grave","status":"publish","type":"post","link":"https:\/\/www.africa-press.net\/tchad\/politique\/deux-officiers-radies-de-larmee-pour-faute-grave","title":{"rendered":"deux officiers radi\u00e9s de l&rsquo;arm\u00e9e pour faute grave"},"content":{"rendered":"<p><span style=\"color: #ff6600\"><strong>Africa-Press &#8211; Tchad. <\/strong><\/span>Aux termes du d\u00e9cret n\u00b01930 du 4 juillet 2022, le Lieutenant-Colonel ABDRAMANE AHMAT MAHAMAT ID: 96000922 et le Chef de Bataillon OUMAR HISSEIN OUMAR ID: 11040034 sont cass\u00e9s au grade de soldat 2\u00e8me Classe et radi\u00e9s du contr\u00f4le des effectifs des forces de d\u00e9fense et de s\u00e9curit\u00e9 pour faute grave.<\/p>\n<p>Les int\u00e9ress\u00e9s n&rsquo;auront droit ni \u00e0 la pension et \u00e0 la solde de r\u00e9forme, ni \u00e0 une quelconque prime d&rsquo;indemnit\u00e9 compensatoire.<\/p>\n<p><strong>Pour plus d&rsquo;informations et d&rsquo;analyses sur la <a href=\"https:\/\/www.africa-press.net\/tchad\">Tchad<\/a>, suivez <a href=\"https:\/\/www.africa-press.net\/\">Africa-Press<\/a><\/strong><\/p>\n","protected":false},"excerpt":{"rendered":"<p>Africa-Press &#8211; Tchad. Aux termes du d\u00e9cret n\u00b01930 du 4 juillet 2022, le Lieutenant-Colonel ABDRAMANE AHMAT MAHAMAT ID: 96000922 et le Chef de Bataillon OUMAR HISSEIN OUMAR ID: 11040034 sont cass\u00e9s au grade de soldat 2\u00e8me Classe et radi\u00e9s du contr\u00f4le des effectifs des forces de d\u00e9fense et de s\u00e9curit\u00e9 pour faute grave. Les int\u00e9ress\u00e9s [&hellip;]<\/p>\n","protected":false},"author":82,"featured_media":28332,"comment_status":"open","ping_status":"closed","sticky":false,"template":"","format":"standard","meta":{"footnotes":""},"categories":[11,2,10],"tags":[37,292,29],"class_list":["post-28333","post","type-post","status-publish","format-standard","has-post-thumbnail","hentry","category-homepage-french","category-politique","category-toutes-les-actualites","tag-africa-press","tag-africa-press-tchad","tag-tchad"],"yoast_head":"<!-- This site is optimized with the Yoast SEO Premium plugin v26.1 (Yoast SEO v27.0) - https:\/\/yoast.com\/product\/yoast-seo-premium-wordpress\/ -->\n<title>deux officiers radi\u00e9s de l&#039;arm\u00e9e pour faute grave - tchad<\/title>\n<meta name=\"description\" content=\"Aux termes du d\u00e9cret n\u00b01930 du 4 juillet 2022, le Lieutenant-Colonel ABDRAMANE AHMAT MAHAMAT ID: 96000922 et le Chef de ...\" \/>\n<meta name=\"robots\" content=\"index, follow, max-snippet:-1, max-image-preview:large, max-video-preview:-1\" \/>\n<link rel=\"canonical\" href=\"https:\/\/www.africa-press.net\/tchad\/politique\/deux-officiers-radies-de-larmee-pour-faute-grave\" \/>\n<meta property=\"og:locale\" content=\"fr_FR\" \/>\n<meta property=\"og:type\" content=\"article\" \/>\n<meta property=\"og:title\" content=\"deux officiers radi\u00e9s de l&#039;arm\u00e9e pour faute grave\" \/>\n<meta property=\"og:description\" content=\"Aux termes du d\u00e9cret n\u00b01930 du 4 juillet 2022, le Lieutenant-Colonel ABDRAMANE AHMAT MAHAMAT ID: 96000922 et le Chef de ...\" \/>\n<meta property=\"og:url\" content=\"https:\/\/www.africa-press.net\/tchad\/politique\/deux-officiers-radies-de-larmee-pour-faute-grave\" \/>\n<meta property=\"og:site_name\" content=\"tchad\" \/>\n<meta property=\"article:published_time\" content=\"2022-07-05T14:52:25+00:00\" \/>\n<meta property=\"article:modified_time\" content=\"2022-07-05T15:11:15+00:00\" \/>\n<meta property=\"og:image\" content=\"https:\/\/static.africa-press.net\/tchad\/sites\/41\/2022\/07\/postQueueImg_9-62c45477086ef.jpg\" \/>\n\t<meta property=\"og:image:width\" content=\"893\" \/>\n\t<meta property=\"og:image:height\" content=\"465\" \/>\n\t<meta property=\"og:image:type\" content=\"image\/jpeg\" \/>\n<meta name=\"author\" content=\"cfeditorfr\" \/>\n<meta name=\"twitter:card\" content=\"summary_large_image\" \/>\n<meta name=\"twitter:label1\" content=\"\u00c9crit par\" \/>\n\t<meta name=\"twitter:data1\" content=\"cfeditorfr\" \/>\n<script type=\"application\/ld+json\" class=\"yoast-schema-graph\">{\"@context\":\"https:\/\/schema.org\",\"@graph\":[{\"@type\":\"Article\",\"@id\":\"https:\/\/www.africa-press.net\/tchad\/politique\/deux-officiers-radies-de-larmee-pour-faute-grave#article\",\"isPartOf\":{\"@id\":\"https:\/\/www.africa-press.net\/tchad\/politique\/deux-officiers-radies-de-larmee-pour-faute-grave\"},\"author\":{\"name\":\"cfeditorfr\",\"@id\":\"https:\/\/www.africa-press.net\/tchad\/#\/schema\/person\/2b1cf3cd81a31e3cd26889ca66d677f1\"},\"headline\":\"deux officiers radi\u00e9s de l&rsquo;arm\u00e9e pour faute grave\",\"datePublished\":\"2022-07-05T14:52:25+00:00\",\"dateModified\":\"2022-07-05T15:11:15+00:00\",\"mainEntityOfPage\":{\"@id\":\"https:\/\/www.africa-press.net\/tchad\/politique\/deux-officiers-radies-de-larmee-pour-faute-grave\"},\"wordCount\":101,\"commentCount\":0,\"image\":{\"@id\":\"https:\/\/www.africa-press.net\/tchad\/politique\/deux-officiers-radies-de-larmee-pour-faute-grave#primaryimage\"},\"thumbnailUrl\":\"https:\/\/static.africa-press.net\/tchad\/sites\/41\/2022\/07\/postQueueImg_9-62c45477086ef.jpg\",\"keywords\":[\"Africa Press\",\"Africa Press-Tchad\",\"Tchad\"],\"articleSection\":[\"homepage-french\",\"Politique\",\"Toutes les actualit\u00e9s\"],\"inLanguage\":\"fr-FR\",\"potentialAction\":[{\"@type\":\"CommentAction\",\"name\":\"Comment\",\"target\":[\"https:\/\/www.africa-press.net\/tchad\/politique\/deux-officiers-radies-de-larmee-pour-faute-grave#respond\"]}]},{\"@type\":\"WebPage\",\"@id\":\"https:\/\/www.africa-press.net\/tchad\/politique\/deux-officiers-radies-de-larmee-pour-faute-grave\",\"url\":\"https:\/\/www.africa-press.net\/tchad\/politique\/deux-officiers-radies-de-larmee-pour-faute-grave\",\"name\":\"deux officiers radi\u00e9s de l'arm\u00e9e pour faute grave - tchad\",\"isPartOf\":{\"@id\":\"https:\/\/www.africa-press.net\/tchad\/#website\"},\"primaryImageOfPage\":{\"@id\":\"https:\/\/www.africa-press.net\/tchad\/politique\/deux-officiers-radies-de-larmee-pour-faute-grave#primaryimage\"},\"image\":{\"@id\":\"https:\/\/www.africa-press.net\/tchad\/politique\/deux-officiers-radies-de-larmee-pour-faute-grave#primaryimage\"},\"thumbnailUrl\":\"https:\/\/static.africa-press.net\/tchad\/sites\/41\/2022\/07\/postQueueImg_9-62c45477086ef.jpg\",\"datePublished\":\"2022-07-05T14:52:25+00:00\",\"dateModified\":\"2022-07-05T15:11:15+00:00\",\"author\":{\"@id\":\"https:\/\/www.africa-press.net\/tchad\/#\/schema\/person\/2b1cf3cd81a31e3cd26889ca66d677f1\"},\"description\":\"Aux termes du d\u00e9cret n\u00b01930 du 4 juillet 2022, le Lieutenant-Colonel ABDRAMANE AHMAT MAHAMAT ID: 96000922 et le Chef de ...\",\"breadcrumb\":{\"@id\":\"https:\/\/www.africa-press.net\/tchad\/politique\/deux-officiers-radies-de-larmee-pour-faute-grave#breadcrumb\"},\"inLanguage\":\"fr-FR\",\"potentialAction\":[{\"@type\":\"ReadAction\",\"target\":[\"https:\/\/www.africa-press.net\/tchad\/politique\/deux-officiers-radies-de-larmee-pour-faute-grave\"]}]},{\"@type\":\"ImageObject\",\"inLanguage\":\"fr-FR\",\"@id\":\"https:\/\/www.africa-press.net\/tchad\/politique\/deux-officiers-radies-de-larmee-pour-faute-grave#primaryimage\",\"url\":\"https:\/\/static.africa-press.net\/tchad\/sites\/41\/2022\/07\/postQueueImg_9-62c45477086ef.jpg\",\"contentUrl\":\"https:\/\/static.africa-press.net\/tchad\/sites\/41\/2022\/07\/postQueueImg_9-62c45477086ef.jpg\",\"width\":893,\"height\":465,\"caption\":\"deux officiers radi\u00e9s de l'arm\u00e9e pour faute grave\"},{\"@type\":\"BreadcrumbList\",\"@id\":\"https:\/\/www.africa-press.net\/tchad\/politique\/deux-officiers-radies-de-larmee-pour-faute-grave#breadcrumb\",\"itemListElement\":[{\"@type\":\"ListItem\",\"position\":1,\"name\":\"Accueil\",\"item\":\"https:\/\/www.africa-press.net\/tchad\/\"},{\"@type\":\"ListItem\",\"position\":2,\"name\":\"deux officiers radi\u00e9s de l&#8217;arm\u00e9e pour faute grave\"}]},{\"@type\":\"WebSite\",\"@id\":\"https:\/\/www.africa-press.net\/tchad\/#website\",\"url\":\"https:\/\/www.africa-press.net\/tchad\/\",\"name\":\"tchad\",\"description\":\"Just another Africa News Agency Sites site\",\"potentialAction\":[{\"@type\":\"SearchAction\",\"target\":{\"@type\":\"EntryPoint\",\"urlTemplate\":\"https:\/\/www.africa-press.net\/tchad\/?s={search_term_string}\"},\"query-input\":{\"@type\":\"PropertyValueSpecification\",\"valueRequired\":true,\"valueName\":\"search_term_string\"}}],\"inLanguage\":\"fr-FR\"},{\"@type\":\"Person\",\"@id\":\"https:\/\/www.africa-press.net\/tchad\/#\/schema\/person\/2b1cf3cd81a31e3cd26889ca66d677f1\",\"name\":\"cfeditorfr\"}]}<\/script>\n<!-- \/ Yoast SEO Premium plugin. -->","yoast_head_json":{"title":"deux officiers radi\u00e9s de l'arm\u00e9e pour faute grave - tchad","description":"Aux termes du d\u00e9cret n\u00b01930 du 4 juillet 2022, le Lieutenant-Colonel ABDRAMANE AHMAT MAHAMAT ID: 96000922 et le Chef de ...","robots":{"index":"index","follow":"follow","max-snippet":"max-snippet:-1","max-image-preview":"max-image-preview:large","max-video-preview":"max-video-preview:-1"},"canonical":"https:\/\/www.africa-press.net\/tchad\/politique\/deux-officiers-radies-de-larmee-pour-faute-grave","og_locale":"fr_FR","og_type":"article","og_title":"deux officiers radi\u00e9s de l'arm\u00e9e pour faute grave","og_description":"Aux termes du d\u00e9cret n\u00b01930 du 4 juillet 2022, le Lieutenant-Colonel ABDRAMANE AHMAT MAHAMAT ID: 96000922 et le Chef de ...","og_url":"https:\/\/www.africa-press.net\/tchad\/politique\/deux-officiers-radies-de-larmee-pour-faute-grave","og_site_name":"tchad","article_published_time":"2022-07-05T14:52:25+00:00","article_modified_time":"2022-07-05T15:11:15+00:00","og_image":[{"width":893,"height":465,"url":"https:\/\/static.africa-press.net\/tchad\/sites\/41\/2022\/07\/postQueueImg_9-62c45477086ef.jpg","type":"image\/jpeg"}],"author":"cfeditorfr","twitter_card":"summary_large_image","twitter_misc":{"\u00c9crit par":"cfeditorfr"},"schema":{"@context":"https:\/\/schema.org","@graph":[{"@type":"Article","@id":"https:\/\/www.africa-press.net\/tchad\/politique\/deux-officiers-radies-de-larmee-pour-faute-grave#article","isPartOf":{"@id":"https:\/\/www.africa-press.net\/tchad\/politique\/deux-officiers-radies-de-larmee-pour-faute-grave"},"author":{"name":"cfeditorfr","@id":"https:\/\/www.africa-press.net\/tchad\/#\/schema\/person\/2b1cf3cd81a31e3cd26889ca66d677f1"},"headline":"deux officiers radi\u00e9s de l&rsquo;arm\u00e9e pour faute grave","datePublished":"2022-07-05T14:52:25+00:00","dateModified":"2022-07-05T15:11:15+00:00","mainEntityOfPage":{"@id":"https:\/\/www.africa-press.net\/tchad\/politique\/deux-officiers-radies-de-larmee-pour-faute-grave"},"wordCount":101,"commentCount":0,"image":{"@id":"https:\/\/www.africa-press.net\/tchad\/politique\/deux-officiers-radies-de-larmee-pour-faute-grave#primaryimage"},"thumbnailUrl":"https:\/\/static.africa-press.net\/tchad\/sites\/41\/2022\/07\/postQueueImg_9-62c45477086ef.jpg","keywords":["Africa Press","Africa Press-Tchad","Tchad"],"articleSection":["homepage-french","Politique","Toutes les actualit\u00e9s"],"inLanguage":"fr-FR","potentialAction":[{"@type":"CommentAction","name":"Comment","target":["https:\/\/www.africa-press.net\/tchad\/politique\/deux-officiers-radies-de-larmee-pour-faute-grave#respond"]}]},{"@type":"WebPage","@id":"https:\/\/www.africa-press.net\/tchad\/politique\/deux-officiers-radies-de-larmee-pour-faute-grave","url":"https:\/\/www.africa-press.net\/tchad\/politique\/deux-officiers-radies-de-larmee-pour-faute-grave","name":"deux officiers radi\u00e9s de l'arm\u00e9e pour faute grave - tchad","isPartOf":{"@id":"https:\/\/www.africa-press.net\/tchad\/#website"},"primaryImageOfPage":{"@id":"https:\/\/www.africa-press.net\/tchad\/politique\/deux-officiers-radies-de-larmee-pour-faute-grave#primaryimage"},"image":{"@id":"https:\/\/www.africa-press.net\/tchad\/politique\/deux-officiers-radies-de-larmee-pour-faute-grave#primaryimage"},"thumbnailUrl":"https:\/\/static.africa-press.net\/tchad\/sites\/41\/2022\/07\/postQueueImg_9-62c45477086ef.jpg","datePublished":"2022-07-05T14:52:25+00:00","dateModified":"2022-07-05T15:11:15+00:00","author":{"@id":"https:\/\/www.africa-press.net\/tchad\/#\/schema\/person\/2b1cf3cd81a31e3cd26889ca66d677f1"},"description":"Aux termes du d\u00e9cret n\u00b01930 du 4 juillet 2022, le Lieutenant-Colonel ABDRAMANE AHMAT MAHAMAT ID: 96000922 et le Chef de ...","breadcrumb":{"@id":"https:\/\/www.africa-press.net\/tchad\/politique\/deux-officiers-radies-de-larmee-pour-faute-grave#breadcrumb"},"inLanguage":"fr-FR","potentialAction":[{"@type":"ReadAction","target":["https:\/\/www.africa-press.net\/tchad\/politique\/deux-officiers-radies-de-larmee-pour-faute-grave"]}]},{"@type":"ImageObject","inLanguage":"fr-FR","@id":"https:\/\/www.africa-press.net\/tchad\/politique\/deux-officiers-radies-de-larmee-pour-faute-grave#primaryimage","url":"https:\/\/static.africa-press.net\/tchad\/sites\/41\/2022\/07\/postQueueImg_9-62c45477086ef.jpg","contentUrl":"https:\/\/static.africa-press.net\/tchad\/sites\/41\/2022\/07\/postQueueImg_9-62c45477086ef.jpg","width":893,"height":465,"caption":"deux officiers radi\u00e9s de l'arm\u00e9e pour faute grave"},{"@type":"BreadcrumbList","@id":"https:\/\/www.africa-press.net\/tchad\/politique\/deux-officiers-radies-de-larmee-pour-faute-grave#breadcrumb","itemListElement":[{"@type":"ListItem","position":1,"name":"Accueil","item":"https:\/\/www.africa-press.net\/tchad\/"},{"@type":"ListItem","position":2,"name":"deux officiers radi\u00e9s de l&#8217;arm\u00e9e pour faute grave"}]},{"@type":"WebSite","@id":"https:\/\/www.africa-press.net\/tchad\/#website","url":"https:\/\/www.africa-press.net\/tchad\/","name":"tchad","description":"Just another Africa News Agency Sites site","potentialAction":[{"@type":"SearchAction","target":{"@type":"EntryPoint","urlTemplate":"https:\/\/www.africa-press.net\/tchad\/?s={search_term_string}"},"query-input":{"@type":"PropertyValueSpecification","valueRequired":true,"valueName":"search_term_string"}}],"inLanguage":"fr-FR"},{"@type":"Person","@id":"https:\/\/www.africa-press.net\/tchad\/#\/schema\/person\/2b1cf3cd81a31e3cd26889ca66d677f1","name":"cfeditorfr"}]}},"_links":{"self":[{"href":"https:\/\/www.africa-press.net\/tchad\/wp-json\/wp\/v2\/posts\/28333","targetHints":{"allow":["GET"]}}],"collection":[{"href":"https:\/\/www.africa-press.net\/tchad\/wp-json\/wp\/v2\/posts"}],"about":[{"href":"https:\/\/www.africa-press.net\/tchad\/wp-json\/wp\/v2\/types\/post"}],"author":[{"embeddable":true,"href":"https:\/\/www.africa-press.net\/tchad\/wp-json\/wp\/v2\/users\/82"}],"replies":[{"embeddable":true,"href":"https:\/\/www.africa-press.net\/tchad\/wp-json\/wp\/v2\/comments?post=28333"}],"version-history":[{"count":0,"href":"https:\/\/www.africa-press.net\/tchad\/wp-json\/wp\/v2\/posts\/28333\/revisions"}],"wp:featuredmedia":[{"embeddable":true,"href":"https:\/\/www.africa-press.net\/tchad\/wp-json\/wp\/v2\/media\/28332"}],"wp:attachment":[{"href":"https:\/\/www.africa-press.net\/tchad\/wp-json\/wp\/v2\/media?parent=28333"}],"wp:term":[{"taxonomy":"category","embeddable":true,"href":"https:\/\/www.africa-press.net\/tchad\/wp-json\/wp\/v2\/categories?post=28333"},{"taxonomy":"post_tag","embeddable":true,"href":"https:\/\/www.africa-press.net\/tchad\/wp-json\/wp\/v2\/tags?post=28333"}],"curies":[{"name":"wp","href":"https:\/\/api.w.org\/{rel}","templated":true}]}}