{"id":28345,"date":"2022-07-05T14:55:27","date_gmt":"2022-07-05T14:55:27","guid":{"rendered":"https:\/\/www.africa-press.net\/tchad\/politique\/lex-otage-nassour-mahamat-reintegre-larmee"},"modified":"2022-07-05T15:13:55","modified_gmt":"2022-07-05T15:13:55","slug":"lex-otage-nassour-mahamat-reintegre-larmee","status":"publish","type":"post","link":"https:\/\/www.africa-press.net\/tchad\/politique\/lex-otage-nassour-mahamat-reintegre-larmee","title":{"rendered":"l&rsquo;ex-otage Nassour Mahamat r\u00e9int\u00e8gre l&rsquo;arm\u00e9e"},"content":{"rendered":"<p><span style=\"color: #ff6600\"><strong>Africa-Press &#8211; Tchad. <\/strong><\/span>L\u2019ex-otage Nassour Mahamat Issacka, militaire du groupement sp\u00e9cial antiterroriste, est r\u00e9habilit\u00e9 au sein de l\u2019arm\u00e9e, selon un arr\u00eat\u00e9 du ministre en charge de la d\u00e9fense nationale.<\/p>\n<p>En op\u00e9ration au Mali, il avait \u00e9t\u00e9 radi\u00e9 le 29 avril 2019 pour manquement \u00e0 la discipline.<\/p>\n<p>En d\u00e9but d&rsquo;ann\u00e9e, la vid\u00e9o de sa captivit\u00e9 \u00e0 la suite d&rsquo;une prise d&rsquo;otage avait suscit\u00e9 une vague d&rsquo;\u00e9motion dans tout le pays et pouss\u00e9 une femme de bonne volont\u00e9 \u00e0 payer la ran\u00e7on.<\/p>\n<p>Nassour Mahamat est revenu \u00e0 N&rsquo;Djamena le 10 f\u00e9vrier.<\/p>\n<p>L&rsquo;int\u00e9ress\u00e9 est r\u00e9int\u00e9gr\u00e9 dans son corps d&rsquo;origine : le groupement sp\u00e9cial antiterroriste.<\/p>\n<p><strong>Pour plus d&rsquo;informations et d&rsquo;analyses sur la <a href=\"https:\/\/www.africa-press.net\/tchad\">Tchad<\/a>, suivez <a href=\"https:\/\/www.africa-press.net\/\">Africa-Press<\/a><\/strong><\/p>\n","protected":false},"excerpt":{"rendered":"<p>Africa-Press &#8211; Tchad. L\u2019ex-otage Nassour Mahamat Issacka, militaire du groupement sp\u00e9cial antiterroriste, est r\u00e9habilit\u00e9 au sein de l\u2019arm\u00e9e, selon un arr\u00eat\u00e9 du ministre en charge de la d\u00e9fense nationale. En op\u00e9ration au Mali, il avait \u00e9t\u00e9 radi\u00e9 le 29 avril 2019 pour manquement \u00e0 la discipline. En d\u00e9but d&rsquo;ann\u00e9e, la vid\u00e9o de sa captivit\u00e9 \u00e0 [&hellip;]<\/p>\n","protected":false},"author":82,"featured_media":28344,"comment_status":"open","ping_status":"closed","sticky":false,"template":"","format":"standard","meta":{"footnotes":""},"categories":[11,2,10],"tags":[37,292,29],"class_list":["post-28345","post","type-post","status-publish","format-standard","has-post-thumbnail","hentry","category-homepage-french","category-politique","category-toutes-les-actualites","tag-africa-press","tag-africa-press-tchad","tag-tchad"],"yoast_head":"<!-- This site is optimized with the Yoast SEO Premium plugin v26.1 (Yoast SEO v27.0) - https:\/\/yoast.com\/product\/yoast-seo-premium-wordpress\/ -->\n<title>l&#039;ex-otage Nassour Mahamat r\u00e9int\u00e8gre l&#039;arm\u00e9e - tchad<\/title>\n<meta name=\"description\" content=\"L\u2019ex-otage Nassour Mahamat Issacka, militaire du groupement sp\u00e9cial antiterroriste, est r\u00e9habilit\u00e9 au sein de l\u2019arm\u00e9e, s ...\" \/>\n<meta name=\"robots\" content=\"index, follow, max-snippet:-1, max-image-preview:large, max-video-preview:-1\" \/>\n<link rel=\"canonical\" href=\"https:\/\/www.africa-press.net\/tchad\/politique\/lex-otage-nassour-mahamat-reintegre-larmee\" \/>\n<meta property=\"og:locale\" content=\"fr_FR\" \/>\n<meta property=\"og:type\" content=\"article\" \/>\n<meta property=\"og:title\" content=\"l&#039;ex-otage Nassour Mahamat r\u00e9int\u00e8gre l&#039;arm\u00e9e\" \/>\n<meta property=\"og:description\" content=\"L\u2019ex-otage Nassour Mahamat Issacka, militaire du groupement sp\u00e9cial antiterroriste, est r\u00e9habilit\u00e9 au sein de l\u2019arm\u00e9e, s ...\" \/>\n<meta property=\"og:url\" content=\"https:\/\/www.africa-press.net\/tchad\/politique\/lex-otage-nassour-mahamat-reintegre-larmee\" \/>\n<meta property=\"og:site_name\" content=\"tchad\" \/>\n<meta property=\"article:published_time\" content=\"2022-07-05T14:55:27+00:00\" \/>\n<meta property=\"article:modified_time\" content=\"2022-07-05T15:13:55+00:00\" \/>\n<meta property=\"og:image\" content=\"https:\/\/static.africa-press.net\/tchad\/sites\/41\/2022\/07\/postQueueImg_13-62c455182084d.jpg\" \/>\n\t<meta property=\"og:image:width\" content=\"869\" \/>\n\t<meta property=\"og:image:height\" content=\"777\" \/>\n\t<meta property=\"og:image:type\" content=\"image\/jpeg\" \/>\n<meta name=\"author\" content=\"cfeditorfr\" \/>\n<meta name=\"twitter:card\" content=\"summary_large_image\" \/>\n<meta name=\"twitter:label1\" content=\"\u00c9crit par\" \/>\n\t<meta name=\"twitter:data1\" content=\"cfeditorfr\" \/>\n\t<meta name=\"twitter:label2\" content=\"Dur\u00e9e de lecture estim\u00e9e\" \/>\n\t<meta name=\"twitter:data2\" content=\"1 minute\" \/>\n<script type=\"application\/ld+json\" class=\"yoast-schema-graph\">{\"@context\":\"https:\/\/schema.org\",\"@graph\":[{\"@type\":\"Article\",\"@id\":\"https:\/\/www.africa-press.net\/tchad\/politique\/lex-otage-nassour-mahamat-reintegre-larmee#article\",\"isPartOf\":{\"@id\":\"https:\/\/www.africa-press.net\/tchad\/politique\/lex-otage-nassour-mahamat-reintegre-larmee\"},\"author\":{\"name\":\"cfeditorfr\",\"@id\":\"https:\/\/www.africa-press.net\/tchad\/#\/schema\/person\/2b1cf3cd81a31e3cd26889ca66d677f1\"},\"headline\":\"l&rsquo;ex-otage Nassour Mahamat r\u00e9int\u00e8gre l&rsquo;arm\u00e9e\",\"datePublished\":\"2022-07-05T14:55:27+00:00\",\"dateModified\":\"2022-07-05T15:13:55+00:00\",\"mainEntityOfPage\":{\"@id\":\"https:\/\/www.africa-press.net\/tchad\/politique\/lex-otage-nassour-mahamat-reintegre-larmee\"},\"wordCount\":139,\"commentCount\":0,\"image\":{\"@id\":\"https:\/\/www.africa-press.net\/tchad\/politique\/lex-otage-nassour-mahamat-reintegre-larmee#primaryimage\"},\"thumbnailUrl\":\"https:\/\/static.africa-press.net\/tchad\/sites\/41\/2022\/07\/postQueueImg_13-62c455182084d.jpg\",\"keywords\":[\"Africa Press\",\"Africa Press-Tchad\",\"Tchad\"],\"articleSection\":[\"homepage-french\",\"Politique\",\"Toutes les actualit\u00e9s\"],\"inLanguage\":\"fr-FR\",\"potentialAction\":[{\"@type\":\"CommentAction\",\"name\":\"Comment\",\"target\":[\"https:\/\/www.africa-press.net\/tchad\/politique\/lex-otage-nassour-mahamat-reintegre-larmee#respond\"]}]},{\"@type\":\"WebPage\",\"@id\":\"https:\/\/www.africa-press.net\/tchad\/politique\/lex-otage-nassour-mahamat-reintegre-larmee\",\"url\":\"https:\/\/www.africa-press.net\/tchad\/politique\/lex-otage-nassour-mahamat-reintegre-larmee\",\"name\":\"l'ex-otage Nassour Mahamat r\u00e9int\u00e8gre l'arm\u00e9e - tchad\",\"isPartOf\":{\"@id\":\"https:\/\/www.africa-press.net\/tchad\/#website\"},\"primaryImageOfPage\":{\"@id\":\"https:\/\/www.africa-press.net\/tchad\/politique\/lex-otage-nassour-mahamat-reintegre-larmee#primaryimage\"},\"image\":{\"@id\":\"https:\/\/www.africa-press.net\/tchad\/politique\/lex-otage-nassour-mahamat-reintegre-larmee#primaryimage\"},\"thumbnailUrl\":\"https:\/\/static.africa-press.net\/tchad\/sites\/41\/2022\/07\/postQueueImg_13-62c455182084d.jpg\",\"datePublished\":\"2022-07-05T14:55:27+00:00\",\"dateModified\":\"2022-07-05T15:13:55+00:00\",\"author\":{\"@id\":\"https:\/\/www.africa-press.net\/tchad\/#\/schema\/person\/2b1cf3cd81a31e3cd26889ca66d677f1\"},\"description\":\"L\u2019ex-otage Nassour Mahamat Issacka, militaire du groupement sp\u00e9cial antiterroriste, est r\u00e9habilit\u00e9 au sein de l\u2019arm\u00e9e, s ...\",\"breadcrumb\":{\"@id\":\"https:\/\/www.africa-press.net\/tchad\/politique\/lex-otage-nassour-mahamat-reintegre-larmee#breadcrumb\"},\"inLanguage\":\"fr-FR\",\"potentialAction\":[{\"@type\":\"ReadAction\",\"target\":[\"https:\/\/www.africa-press.net\/tchad\/politique\/lex-otage-nassour-mahamat-reintegre-larmee\"]}]},{\"@type\":\"ImageObject\",\"inLanguage\":\"fr-FR\",\"@id\":\"https:\/\/www.africa-press.net\/tchad\/politique\/lex-otage-nassour-mahamat-reintegre-larmee#primaryimage\",\"url\":\"https:\/\/static.africa-press.net\/tchad\/sites\/41\/2022\/07\/postQueueImg_13-62c455182084d.jpg\",\"contentUrl\":\"https:\/\/static.africa-press.net\/tchad\/sites\/41\/2022\/07\/postQueueImg_13-62c455182084d.jpg\",\"width\":869,\"height\":777,\"caption\":\"l'ex-otage Nassour Mahamat r\u00e9int\u00e8gre l'arm\u00e9e\"},{\"@type\":\"BreadcrumbList\",\"@id\":\"https:\/\/www.africa-press.net\/tchad\/politique\/lex-otage-nassour-mahamat-reintegre-larmee#breadcrumb\",\"itemListElement\":[{\"@type\":\"ListItem\",\"position\":1,\"name\":\"Accueil\",\"item\":\"https:\/\/www.africa-press.net\/tchad\/\"},{\"@type\":\"ListItem\",\"position\":2,\"name\":\"l&#8217;ex-otage Nassour Mahamat r\u00e9int\u00e8gre l&#8217;arm\u00e9e\"}]},{\"@type\":\"WebSite\",\"@id\":\"https:\/\/www.africa-press.net\/tchad\/#website\",\"url\":\"https:\/\/www.africa-press.net\/tchad\/\",\"name\":\"tchad\",\"description\":\"Just another Africa News Agency Sites site\",\"potentialAction\":[{\"@type\":\"SearchAction\",\"target\":{\"@type\":\"EntryPoint\",\"urlTemplate\":\"https:\/\/www.africa-press.net\/tchad\/?s={search_term_string}\"},\"query-input\":{\"@type\":\"PropertyValueSpecification\",\"valueRequired\":true,\"valueName\":\"search_term_string\"}}],\"inLanguage\":\"fr-FR\"},{\"@type\":\"Person\",\"@id\":\"https:\/\/www.africa-press.net\/tchad\/#\/schema\/person\/2b1cf3cd81a31e3cd26889ca66d677f1\",\"name\":\"cfeditorfr\"}]}<\/script>\n<!-- \/ Yoast SEO Premium plugin. -->","yoast_head_json":{"title":"l'ex-otage Nassour Mahamat r\u00e9int\u00e8gre l'arm\u00e9e - tchad","description":"L\u2019ex-otage Nassour Mahamat Issacka, militaire du groupement sp\u00e9cial antiterroriste, est r\u00e9habilit\u00e9 au sein de l\u2019arm\u00e9e, s ...","robots":{"index":"index","follow":"follow","max-snippet":"max-snippet:-1","max-image-preview":"max-image-preview:large","max-video-preview":"max-video-preview:-1"},"canonical":"https:\/\/www.africa-press.net\/tchad\/politique\/lex-otage-nassour-mahamat-reintegre-larmee","og_locale":"fr_FR","og_type":"article","og_title":"l'ex-otage Nassour Mahamat r\u00e9int\u00e8gre l'arm\u00e9e","og_description":"L\u2019ex-otage Nassour Mahamat Issacka, militaire du groupement sp\u00e9cial antiterroriste, est r\u00e9habilit\u00e9 au sein de l\u2019arm\u00e9e, s ...","og_url":"https:\/\/www.africa-press.net\/tchad\/politique\/lex-otage-nassour-mahamat-reintegre-larmee","og_site_name":"tchad","article_published_time":"2022-07-05T14:55:27+00:00","article_modified_time":"2022-07-05T15:13:55+00:00","og_image":[{"width":869,"height":777,"url":"https:\/\/static.africa-press.net\/tchad\/sites\/41\/2022\/07\/postQueueImg_13-62c455182084d.jpg","type":"image\/jpeg"}],"author":"cfeditorfr","twitter_card":"summary_large_image","twitter_misc":{"\u00c9crit par":"cfeditorfr","Dur\u00e9e de lecture estim\u00e9e":"1 minute"},"schema":{"@context":"https:\/\/schema.org","@graph":[{"@type":"Article","@id":"https:\/\/www.africa-press.net\/tchad\/politique\/lex-otage-nassour-mahamat-reintegre-larmee#article","isPartOf":{"@id":"https:\/\/www.africa-press.net\/tchad\/politique\/lex-otage-nassour-mahamat-reintegre-larmee"},"author":{"name":"cfeditorfr","@id":"https:\/\/www.africa-press.net\/tchad\/#\/schema\/person\/2b1cf3cd81a31e3cd26889ca66d677f1"},"headline":"l&rsquo;ex-otage Nassour Mahamat r\u00e9int\u00e8gre l&rsquo;arm\u00e9e","datePublished":"2022-07-05T14:55:27+00:00","dateModified":"2022-07-05T15:13:55+00:00","mainEntityOfPage":{"@id":"https:\/\/www.africa-press.net\/tchad\/politique\/lex-otage-nassour-mahamat-reintegre-larmee"},"wordCount":139,"commentCount":0,"image":{"@id":"https:\/\/www.africa-press.net\/tchad\/politique\/lex-otage-nassour-mahamat-reintegre-larmee#primaryimage"},"thumbnailUrl":"https:\/\/static.africa-press.net\/tchad\/sites\/41\/2022\/07\/postQueueImg_13-62c455182084d.jpg","keywords":["Africa Press","Africa Press-Tchad","Tchad"],"articleSection":["homepage-french","Politique","Toutes les actualit\u00e9s"],"inLanguage":"fr-FR","potentialAction":[{"@type":"CommentAction","name":"Comment","target":["https:\/\/www.africa-press.net\/tchad\/politique\/lex-otage-nassour-mahamat-reintegre-larmee#respond"]}]},{"@type":"WebPage","@id":"https:\/\/www.africa-press.net\/tchad\/politique\/lex-otage-nassour-mahamat-reintegre-larmee","url":"https:\/\/www.africa-press.net\/tchad\/politique\/lex-otage-nassour-mahamat-reintegre-larmee","name":"l'ex-otage Nassour Mahamat r\u00e9int\u00e8gre l'arm\u00e9e - tchad","isPartOf":{"@id":"https:\/\/www.africa-press.net\/tchad\/#website"},"primaryImageOfPage":{"@id":"https:\/\/www.africa-press.net\/tchad\/politique\/lex-otage-nassour-mahamat-reintegre-larmee#primaryimage"},"image":{"@id":"https:\/\/www.africa-press.net\/tchad\/politique\/lex-otage-nassour-mahamat-reintegre-larmee#primaryimage"},"thumbnailUrl":"https:\/\/static.africa-press.net\/tchad\/sites\/41\/2022\/07\/postQueueImg_13-62c455182084d.jpg","datePublished":"2022-07-05T14:55:27+00:00","dateModified":"2022-07-05T15:13:55+00:00","author":{"@id":"https:\/\/www.africa-press.net\/tchad\/#\/schema\/person\/2b1cf3cd81a31e3cd26889ca66d677f1"},"description":"L\u2019ex-otage Nassour Mahamat Issacka, militaire du groupement sp\u00e9cial antiterroriste, est r\u00e9habilit\u00e9 au sein de l\u2019arm\u00e9e, s ...","breadcrumb":{"@id":"https:\/\/www.africa-press.net\/tchad\/politique\/lex-otage-nassour-mahamat-reintegre-larmee#breadcrumb"},"inLanguage":"fr-FR","potentialAction":[{"@type":"ReadAction","target":["https:\/\/www.africa-press.net\/tchad\/politique\/lex-otage-nassour-mahamat-reintegre-larmee"]}]},{"@type":"ImageObject","inLanguage":"fr-FR","@id":"https:\/\/www.africa-press.net\/tchad\/politique\/lex-otage-nassour-mahamat-reintegre-larmee#primaryimage","url":"https:\/\/static.africa-press.net\/tchad\/sites\/41\/2022\/07\/postQueueImg_13-62c455182084d.jpg","contentUrl":"https:\/\/static.africa-press.net\/tchad\/sites\/41\/2022\/07\/postQueueImg_13-62c455182084d.jpg","width":869,"height":777,"caption":"l'ex-otage Nassour Mahamat r\u00e9int\u00e8gre l'arm\u00e9e"},{"@type":"BreadcrumbList","@id":"https:\/\/www.africa-press.net\/tchad\/politique\/lex-otage-nassour-mahamat-reintegre-larmee#breadcrumb","itemListElement":[{"@type":"ListItem","position":1,"name":"Accueil","item":"https:\/\/www.africa-press.net\/tchad\/"},{"@type":"ListItem","position":2,"name":"l&#8217;ex-otage Nassour Mahamat r\u00e9int\u00e8gre l&#8217;arm\u00e9e"}]},{"@type":"WebSite","@id":"https:\/\/www.africa-press.net\/tchad\/#website","url":"https:\/\/www.africa-press.net\/tchad\/","name":"tchad","description":"Just another Africa News Agency Sites site","potentialAction":[{"@type":"SearchAction","target":{"@type":"EntryPoint","urlTemplate":"https:\/\/www.africa-press.net\/tchad\/?s={search_term_string}"},"query-input":{"@type":"PropertyValueSpecification","valueRequired":true,"valueName":"search_term_string"}}],"inLanguage":"fr-FR"},{"@type":"Person","@id":"https:\/\/www.africa-press.net\/tchad\/#\/schema\/person\/2b1cf3cd81a31e3cd26889ca66d677f1","name":"cfeditorfr"}]}},"_links":{"self":[{"href":"https:\/\/www.africa-press.net\/tchad\/wp-json\/wp\/v2\/posts\/28345","targetHints":{"allow":["GET"]}}],"collection":[{"href":"https:\/\/www.africa-press.net\/tchad\/wp-json\/wp\/v2\/posts"}],"about":[{"href":"https:\/\/www.africa-press.net\/tchad\/wp-json\/wp\/v2\/types\/post"}],"author":[{"embeddable":true,"href":"https:\/\/www.africa-press.net\/tchad\/wp-json\/wp\/v2\/users\/82"}],"replies":[{"embeddable":true,"href":"https:\/\/www.africa-press.net\/tchad\/wp-json\/wp\/v2\/comments?post=28345"}],"version-history":[{"count":0,"href":"https:\/\/www.africa-press.net\/tchad\/wp-json\/wp\/v2\/posts\/28345\/revisions"}],"wp:featuredmedia":[{"embeddable":true,"href":"https:\/\/www.africa-press.net\/tchad\/wp-json\/wp\/v2\/media\/28344"}],"wp:attachment":[{"href":"https:\/\/www.africa-press.net\/tchad\/wp-json\/wp\/v2\/media?parent=28345"}],"wp:term":[{"taxonomy":"category","embeddable":true,"href":"https:\/\/www.africa-press.net\/tchad\/wp-json\/wp\/v2\/categories?post=28345"},{"taxonomy":"post_tag","embeddable":true,"href":"https:\/\/www.africa-press.net\/tchad\/wp-json\/wp\/v2\/tags?post=28345"}],"curies":[{"name":"wp","href":"https:\/\/api.w.org\/{rel}","templated":true}]}}