{"id":28352,"date":"2022-07-05T14:56:27","date_gmt":"2022-07-05T14:56:27","guid":{"rendered":"https:\/\/www.africa-press.net\/tchad\/politique\/pre-dialogue-de-doha-le-tchad-est-en-train-de-devenir-la-risee-de-la-communaute-internationale-dr-sali-bakari"},"modified":"2022-07-05T15:15:34","modified_gmt":"2022-07-05T15:15:34","slug":"pre-dialogue-de-doha-le-tchad-est-en-train-de-devenir-la-risee-de-la-communaute-internationale-dr-sali-bakari","status":"publish","type":"post","link":"https:\/\/www.africa-press.net\/tchad\/dossiers\/pre-dialogue-de-doha-le-tchad-est-en-train-de-devenir-la-risee-de-la-communaute-internationale-dr-sali-bakari","title":{"rendered":"Pr\u00e9-dialogue de Doha : \u00ab Le Tchad est en train de devenir la ris\u00e9e de la communaut\u00e9 internationale \u00bb, Dr Sali Bakari"},"content":{"rendered":"<p><span style=\"color: #ff6600\"><strong>Africa-Press &#8211; Tchad. <\/strong><\/span>Franchement il y a beaucoup de facteurs explicatifs du retard et du fait que les choses n\u2019ont pas march\u00e9 comme pr\u00e9vu. L\u2019un des premiers facteurs, c\u2019est le nombre pl\u00e9thorique des mouvements politico-militaires. On s\u2019est retrouv\u00e9 avec plusieurs mouvements dont le nombre est estim\u00e9 au-del\u00e0 de la cinquantaine. Des politico-militaires qui ont des forces sur le terrain qui se retrouvent avec des gens qui en r\u00e9alit\u00e9 n\u2019ont pas des armes et sans soldat sur le terrain. \u00c7a pose d\u00e9j\u00e0 un probl\u00e8me.<\/p>\n<p><a name=\"tchad-1555641510\"><\/a><a href=\"https:\/\/www.ecobank.com\/td\/personal-banking\/countries\"><br \/>\n<\/a><\/p>\n<p>Il ne faut pas aussi perdre de vue qu\u2019au d\u00e9part l\u2019\u00e9quipe qui \u00e9tait charg\u00e9e de n\u00e9gocier avec les politico-militaires \u00e0 Doha \u00e9tait \u00e9vinc\u00e9e. Goukouni est parti. Et je crois que c\u2019est lui avec son \u00e9quipe qui avaient tout pr\u00e9par\u00e9 et \u00e0 la veille on nous dit que Goukouni a d\u00e9missionn\u00e9.<\/p>\n<p>A cela s\u2019ajoute le fait que nous avons un ministre charg\u00e9 de la R\u00e9conciliation nationale. Lui aussi il n\u2019est pas all\u00e9 \u00e0 Doha. Qu\u2019est-ce qui se passe ? On a comme l\u2019impression que les organes qui en sont charg\u00e9s ne sont pas au-devant de la sc\u00e8ne. On nous parle du ministre des Affaires \u00e9trang\u00e8res, des conseillers, de ceci et cela. \u00c7a pose \u00e9norm\u00e9ment des probl\u00e8mes.<\/p>\n<p>Justement ! on est surpris en ce sens qu\u2019au d\u00e9part si vous souvenez bien, Doha, c\u2019est n\u2019\u00e9tait pas le dialogue national. Doha, c\u2019\u00e9tait juste pour discuter avec les politico-militaires sur les conditions de leur participation au Dialogue national incisif qui va se tenir \u00e0 N\u2019Djamena. Mais ce qu\u2019on constate aujourd\u2019hui \u00e0 Doha est que les gens sont dans les vifs du d\u00e9bat. Quand on parle de l\u2019in\u00e9ligibilit\u00e9 des membres de la transition, la repr\u00e9sentativit\u00e9 des membres des politico-militaires dans les instances qui seront cr\u00e9\u00e9es apr\u00e8s le dialogue. Eh bien le peuple \u00e0 l\u2019impression que c\u2019est le dialogue m\u00eame qui se tient \u00e0 Doha.<\/p>\n<p>Tout \u00e7a ce n\u2019est pas s\u00e9rieux. Le Tchad est en train de devenir la ris\u00e9e de la communaut\u00e9 internationale. On n\u2019a pas besoin de s\u2019exposer jusqu\u2019\u00e0 ce point. On devrait seulement s\u2019arr\u00eater sur les garanties de participation notamment s\u00e9curitaires des leaders des politico-militaires et leurs membres durant le dialogue national inclusif. Tous devaient rentrer ici \u00e0 N\u2019Djamena pour discuter de nos probl\u00e8mes. Le Tchad n\u2019est pas l\u2019Afghanistan et surtout que c\u2019est n\u2019est pas pour la premi\u00e8re fois qu\u2019on ait ces genres d\u2019exp\u00e9riences [les accords de Kano 1 et 2, Lagos, Khartoum, Libreville\u2026]. Le Tchad ne m\u00e9rite pas \u00e7a et les Tchadiens valent mieux que \u00e7a je pense.<\/p>\n<p>Quels seront les sujets qui doivent \u00eatre normalement discut\u00e9s pendant le pr\u00e9-dialogue ?<\/p>\n<p>Ce qui devait \u00eatre normalement discut\u00e9 lors du pr\u00e9-dialogue, c\u2019\u00e9tait de jeter les bases ou les outils de la participation des mouvements de l\u2019opposition arm\u00e9e et de tous ceux qui portent cette \u00e9tiquette ou bien des activistes qui sont dans la diaspora. En fait, ils les mettent dans une situation de confiance afin que ceux-ci rentrent au Tchad et qu\u2019on discute. Et ici \u00e0 N\u2019Djamena qu\u2019il fallait voir ce qu\u2019il faut faire.<\/p>\n<p>Mais aujourd\u2019hui ce qui se passe \u00e0 Doha est que tout le monde parle au nom du peuple, mais en r\u00e9alit\u00e9 le peuple n\u2019est pris que comme un simple pr\u00e9texte. Le Tchad est devenu un g\u00e2teau que tout le monde veut se partager. Vous avez d\u2019un c\u00f4t\u00e9 le Conseil Militaire de Transition qui est en train de voir comment terminer la transition et voir comment est-ce qu\u2019il faut prolonger ou pas et de l\u2019autre c\u00f4t\u00e9 les mouvements de l\u2019opposition arm\u00e9e qui sont int\u00e9ress\u00e9s non pas par un projet politique ni de soci\u00e9t\u00e9, mais comment \u00eatre revers\u00e9 dans l\u2019arm\u00e9e nationale tchadienne, comment avoir le grade de g\u00e9n\u00e9ral, colonel\u2026 et dans cette situation l\u00e0, o\u00f9 est le peuple ? Ce qui int\u00e9resse le peuple, ce sont les projets de soci\u00e9t\u00e9, l\u2019\u00e9ducation, la sant\u00e9, les infrastructures routi\u00e8res. On ne sent pas \u00e7a \u00e0 Doha. \u00c7a veut dire jusqu\u2019\u00e0 l\u00e0, nous sommes dans un imp\u00e9ratif de s\u00e9curit\u00e9, c\u2019est-\u00e0-dire une discussion entre le CMT avec ses alli\u00e9s et les mouvements de l\u2019opposition arm\u00e9e. Tout tourne autour du pacte s\u00e9curitaire. C\u2019est comme les Tchadiens ne peuvent pas aller au-del\u00e0, or il nous faut un projet de soci\u00e9t\u00e9 et c\u2019est de \u00e7a qu\u2019il faut discuter au Qatar.<\/p>\n<p>Les multiples prolongations de ces pourparlers n\u2019ont-elles pas vid\u00e9 ce grand rendez-vous de sa substance ?<\/p>\n<p>Je ne dirai pas \u00e7a. Mais c\u2019est juste des tergiversations qu\u2019il faut mettre \u00e0 l\u2019actif des difficult\u00e9s qu\u2019il y a dans la gestion de ces genres de rencontre. Ce sont des gens qui ne se sont pas rencontr\u00e9s il y a de cela longtemps, des gens qui ont derri\u00e8re eux des puissances. Mais il faut savoir que les puissances qui sont derri\u00e8re les diff\u00e9rentes parties prenantes ont aussi leurs agendas et m\u00eame le pays dans lequel le dialogue se tient a aussi son agenda. Il y a aussi l\u2019\u00c9tat tchadien qui a son propre agenda. Le nombre tr\u00e8s important des politico-militaires. Tout ceci fait que c\u2019est vraiment difficile.<\/p>\n<p>\u00c7a ne peut pas finir en queue de poisson ne serait-ce que pour les raisons d\u2019image du Qatar. Ce pays ne peut se le permettre. Le Qatar a une tradition ancr\u00e9e dans la r\u00e9solution et la pr\u00e9vention des crises. Le Qatar a pu rapprocher les Talibans et les Am\u00e9ricains ; la crise du Darfour\u2026 peut \u00eatre \u00e7a prendra du temps, mais toujours est-il que \u00e7a va se terminer.<\/p>\n<p><strong>Pour plus d&rsquo;informations et d&rsquo;analyses sur la <a href=\"https:\/\/www.africa-press.net\/tchad\">Tchad<\/a>, suivez <a href=\"https:\/\/www.africa-press.net\/\">Africa-Press<\/a><\/strong><\/p>\n","protected":false},"excerpt":{"rendered":"<p>Africa-Press &#8211; Tchad. Franchement il y a beaucoup de facteurs explicatifs du retard et du fait que les choses n\u2019ont pas march\u00e9 comme pr\u00e9vu. L\u2019un des premiers facteurs, c\u2019est le nombre pl\u00e9thorique des mouvements politico-militaires. On s\u2019est retrouv\u00e9 avec plusieurs mouvements dont le nombre est estim\u00e9 au-del\u00e0 de la cinquantaine. Des politico-militaires qui ont des [&hellip;]<\/p>\n","protected":false},"author":82,"featured_media":28350,"comment_status":"open","ping_status":"closed","sticky":false,"template":"","format":"standard","meta":{"footnotes":""},"categories":[7,11,10],"tags":[37,292,29],"class_list":["post-28352","post","type-post","status-publish","format-standard","has-post-thumbnail","hentry","category-dossiers","category-homepage-french","category-toutes-les-actualites","tag-africa-press","tag-africa-press-tchad","tag-tchad"],"yoast_head":"<!-- This site is optimized with the Yoast SEO Premium plugin v26.1 (Yoast SEO v27.0) - https:\/\/yoast.com\/product\/yoast-seo-premium-wordpress\/ -->\n<title>Pr\u00e9-dialogue de Doha : \u00ab Le Tchad est en train de devenir la ris\u00e9e de la communaut\u00e9 internationale \u00bb, Dr Sali Bakari - tchad<\/title>\n<meta name=\"description\" content=\"Franchement il y a beaucoup de facteurs explicatifs du retard et du fait que les choses n\u2019ont pas march\u00e9 comme pr\u00e9vu. L\u2019 ...\" \/>\n<meta name=\"robots\" content=\"index, follow, max-snippet:-1, max-image-preview:large, max-video-preview:-1\" \/>\n<link rel=\"canonical\" href=\"https:\/\/www.africa-press.net\/tchad\/dossiers\/pre-dialogue-de-doha-le-tchad-est-en-train-de-devenir-la-risee-de-la-communaute-internationale-dr-sali-bakari\" \/>\n<meta property=\"og:locale\" content=\"fr_FR\" \/>\n<meta property=\"og:type\" content=\"article\" \/>\n<meta property=\"og:title\" content=\"Pr\u00e9-dialogue de Doha : \u00ab Le Tchad est en train de devenir la ris\u00e9e de la communaut\u00e9 internationale \u00bb, Dr Sali Bakari\" \/>\n<meta property=\"og:description\" content=\"Franchement il y a beaucoup de facteurs explicatifs du retard et du fait que les choses n\u2019ont pas march\u00e9 comme pr\u00e9vu. L\u2019 ...\" \/>\n<meta property=\"og:url\" content=\"https:\/\/www.africa-press.net\/tchad\/dossiers\/pre-dialogue-de-doha-le-tchad-est-en-train-de-devenir-la-risee-de-la-communaute-internationale-dr-sali-bakari\" \/>\n<meta property=\"og:site_name\" content=\"tchad\" \/>\n<meta property=\"article:published_time\" content=\"2022-07-05T14:56:27+00:00\" \/>\n<meta property=\"article:modified_time\" content=\"2022-07-05T15:15:34+00:00\" \/>\n<meta property=\"og:image\" content=\"https:\/\/static.africa-press.net\/tchad\/sites\/41\/2022\/07\/postQueueImg_15-62c455670b85a.jpg\" \/>\n\t<meta property=\"og:image:width\" content=\"912\" \/>\n\t<meta property=\"og:image:height\" content=\"572\" \/>\n\t<meta property=\"og:image:type\" content=\"image\/jpeg\" \/>\n<meta name=\"author\" content=\"cfeditorfr\" \/>\n<meta name=\"twitter:card\" content=\"summary_large_image\" \/>\n<meta name=\"twitter:label1\" content=\"\u00c9crit par\" \/>\n\t<meta name=\"twitter:data1\" content=\"cfeditorfr\" \/>\n\t<meta name=\"twitter:label2\" content=\"Dur\u00e9e de lecture estim\u00e9e\" \/>\n\t<meta name=\"twitter:data2\" content=\"5 minutes\" \/>\n<script type=\"application\/ld+json\" class=\"yoast-schema-graph\">{\"@context\":\"https:\/\/schema.org\",\"@graph\":[{\"@type\":\"Article\",\"@id\":\"https:\/\/www.africa-press.net\/tchad\/dossiers\/pre-dialogue-de-doha-le-tchad-est-en-train-de-devenir-la-risee-de-la-communaute-internationale-dr-sali-bakari#article\",\"isPartOf\":{\"@id\":\"https:\/\/www.africa-press.net\/tchad\/dossiers\/pre-dialogue-de-doha-le-tchad-est-en-train-de-devenir-la-risee-de-la-communaute-internationale-dr-sali-bakari\"},\"author\":{\"name\":\"cfeditorfr\",\"@id\":\"https:\/\/www.africa-press.net\/tchad\/#\/schema\/person\/2b1cf3cd81a31e3cd26889ca66d677f1\"},\"headline\":\"Pr\u00e9-dialogue de Doha : \u00ab Le Tchad est en train de devenir la ris\u00e9e de la communaut\u00e9 internationale \u00bb, Dr Sali Bakari\",\"datePublished\":\"2022-07-05T14:56:27+00:00\",\"dateModified\":\"2022-07-05T15:15:34+00:00\",\"mainEntityOfPage\":{\"@id\":\"https:\/\/www.africa-press.net\/tchad\/dossiers\/pre-dialogue-de-doha-le-tchad-est-en-train-de-devenir-la-risee-de-la-communaute-internationale-dr-sali-bakari\"},\"wordCount\":1027,\"commentCount\":0,\"image\":{\"@id\":\"https:\/\/www.africa-press.net\/tchad\/dossiers\/pre-dialogue-de-doha-le-tchad-est-en-train-de-devenir-la-risee-de-la-communaute-internationale-dr-sali-bakari#primaryimage\"},\"thumbnailUrl\":\"https:\/\/static.africa-press.net\/tchad\/sites\/41\/2022\/07\/postQueueImg_15-62c455670b85a.jpg\",\"keywords\":[\"Africa Press\",\"Africa Press-Tchad\",\"Tchad\"],\"articleSection\":[\"Dossiers\",\"homepage-french\",\"Toutes les actualit\u00e9s\"],\"inLanguage\":\"fr-FR\",\"potentialAction\":[{\"@type\":\"CommentAction\",\"name\":\"Comment\",\"target\":[\"https:\/\/www.africa-press.net\/tchad\/dossiers\/pre-dialogue-de-doha-le-tchad-est-en-train-de-devenir-la-risee-de-la-communaute-internationale-dr-sali-bakari#respond\"]}]},{\"@type\":\"WebPage\",\"@id\":\"https:\/\/www.africa-press.net\/tchad\/dossiers\/pre-dialogue-de-doha-le-tchad-est-en-train-de-devenir-la-risee-de-la-communaute-internationale-dr-sali-bakari\",\"url\":\"https:\/\/www.africa-press.net\/tchad\/dossiers\/pre-dialogue-de-doha-le-tchad-est-en-train-de-devenir-la-risee-de-la-communaute-internationale-dr-sali-bakari\",\"name\":\"Pr\u00e9-dialogue de Doha : \u00ab Le Tchad est en train de devenir la ris\u00e9e de la communaut\u00e9 internationale \u00bb, Dr Sali Bakari - tchad\",\"isPartOf\":{\"@id\":\"https:\/\/www.africa-press.net\/tchad\/#website\"},\"primaryImageOfPage\":{\"@id\":\"https:\/\/www.africa-press.net\/tchad\/dossiers\/pre-dialogue-de-doha-le-tchad-est-en-train-de-devenir-la-risee-de-la-communaute-internationale-dr-sali-bakari#primaryimage\"},\"image\":{\"@id\":\"https:\/\/www.africa-press.net\/tchad\/dossiers\/pre-dialogue-de-doha-le-tchad-est-en-train-de-devenir-la-risee-de-la-communaute-internationale-dr-sali-bakari#primaryimage\"},\"thumbnailUrl\":\"https:\/\/static.africa-press.net\/tchad\/sites\/41\/2022\/07\/postQueueImg_15-62c455670b85a.jpg\",\"datePublished\":\"2022-07-05T14:56:27+00:00\",\"dateModified\":\"2022-07-05T15:15:34+00:00\",\"author\":{\"@id\":\"https:\/\/www.africa-press.net\/tchad\/#\/schema\/person\/2b1cf3cd81a31e3cd26889ca66d677f1\"},\"description\":\"Franchement il y a beaucoup de facteurs explicatifs du retard et du fait que les choses n\u2019ont pas march\u00e9 comme pr\u00e9vu. L\u2019 ...\",\"breadcrumb\":{\"@id\":\"https:\/\/www.africa-press.net\/tchad\/dossiers\/pre-dialogue-de-doha-le-tchad-est-en-train-de-devenir-la-risee-de-la-communaute-internationale-dr-sali-bakari#breadcrumb\"},\"inLanguage\":\"fr-FR\",\"potentialAction\":[{\"@type\":\"ReadAction\",\"target\":[\"https:\/\/www.africa-press.net\/tchad\/dossiers\/pre-dialogue-de-doha-le-tchad-est-en-train-de-devenir-la-risee-de-la-communaute-internationale-dr-sali-bakari\"]}]},{\"@type\":\"ImageObject\",\"inLanguage\":\"fr-FR\",\"@id\":\"https:\/\/www.africa-press.net\/tchad\/dossiers\/pre-dialogue-de-doha-le-tchad-est-en-train-de-devenir-la-risee-de-la-communaute-internationale-dr-sali-bakari#primaryimage\",\"url\":\"https:\/\/static.africa-press.net\/tchad\/sites\/41\/2022\/07\/postQueueImg_15-62c455670b85a.jpg\",\"contentUrl\":\"https:\/\/static.africa-press.net\/tchad\/sites\/41\/2022\/07\/postQueueImg_15-62c455670b85a.jpg\",\"width\":912,\"height\":572,\"caption\":\"Pr\u00e9-dialogue de Doha : \u00ab Le Tchad est en train de devenir la ris\u00e9e de la communaut\u00e9 internationale \u00bb, Dr Sali Bakari\"},{\"@type\":\"BreadcrumbList\",\"@id\":\"https:\/\/www.africa-press.net\/tchad\/dossiers\/pre-dialogue-de-doha-le-tchad-est-en-train-de-devenir-la-risee-de-la-communaute-internationale-dr-sali-bakari#breadcrumb\",\"itemListElement\":[{\"@type\":\"ListItem\",\"position\":1,\"name\":\"Accueil\",\"item\":\"https:\/\/www.africa-press.net\/tchad\/\"},{\"@type\":\"ListItem\",\"position\":2,\"name\":\"Pr\u00e9-dialogue de Doha : \u00ab Le Tchad est en train de devenir la ris\u00e9e de la communaut\u00e9 internationale \u00bb, Dr Sali Bakari\"}]},{\"@type\":\"WebSite\",\"@id\":\"https:\/\/www.africa-press.net\/tchad\/#website\",\"url\":\"https:\/\/www.africa-press.net\/tchad\/\",\"name\":\"tchad\",\"description\":\"Just another Africa News Agency Sites site\",\"potentialAction\":[{\"@type\":\"SearchAction\",\"target\":{\"@type\":\"EntryPoint\",\"urlTemplate\":\"https:\/\/www.africa-press.net\/tchad\/?s={search_term_string}\"},\"query-input\":{\"@type\":\"PropertyValueSpecification\",\"valueRequired\":true,\"valueName\":\"search_term_string\"}}],\"inLanguage\":\"fr-FR\"},{\"@type\":\"Person\",\"@id\":\"https:\/\/www.africa-press.net\/tchad\/#\/schema\/person\/2b1cf3cd81a31e3cd26889ca66d677f1\",\"name\":\"cfeditorfr\"}]}<\/script>\n<!-- \/ Yoast SEO Premium plugin. -->","yoast_head_json":{"title":"Pr\u00e9-dialogue de Doha : \u00ab Le Tchad est en train de devenir la ris\u00e9e de la communaut\u00e9 internationale \u00bb, Dr Sali Bakari - tchad","description":"Franchement il y a beaucoup de facteurs explicatifs du retard et du fait que les choses n\u2019ont pas march\u00e9 comme pr\u00e9vu. L\u2019 ...","robots":{"index":"index","follow":"follow","max-snippet":"max-snippet:-1","max-image-preview":"max-image-preview:large","max-video-preview":"max-video-preview:-1"},"canonical":"https:\/\/www.africa-press.net\/tchad\/dossiers\/pre-dialogue-de-doha-le-tchad-est-en-train-de-devenir-la-risee-de-la-communaute-internationale-dr-sali-bakari","og_locale":"fr_FR","og_type":"article","og_title":"Pr\u00e9-dialogue de Doha : \u00ab Le Tchad est en train de devenir la ris\u00e9e de la communaut\u00e9 internationale \u00bb, Dr Sali Bakari","og_description":"Franchement il y a beaucoup de facteurs explicatifs du retard et du fait que les choses n\u2019ont pas march\u00e9 comme pr\u00e9vu. L\u2019 ...","og_url":"https:\/\/www.africa-press.net\/tchad\/dossiers\/pre-dialogue-de-doha-le-tchad-est-en-train-de-devenir-la-risee-de-la-communaute-internationale-dr-sali-bakari","og_site_name":"tchad","article_published_time":"2022-07-05T14:56:27+00:00","article_modified_time":"2022-07-05T15:15:34+00:00","og_image":[{"width":912,"height":572,"url":"https:\/\/static.africa-press.net\/tchad\/sites\/41\/2022\/07\/postQueueImg_15-62c455670b85a.jpg","type":"image\/jpeg"}],"author":"cfeditorfr","twitter_card":"summary_large_image","twitter_misc":{"\u00c9crit par":"cfeditorfr","Dur\u00e9e de lecture estim\u00e9e":"5 minutes"},"schema":{"@context":"https:\/\/schema.org","@graph":[{"@type":"Article","@id":"https:\/\/www.africa-press.net\/tchad\/dossiers\/pre-dialogue-de-doha-le-tchad-est-en-train-de-devenir-la-risee-de-la-communaute-internationale-dr-sali-bakari#article","isPartOf":{"@id":"https:\/\/www.africa-press.net\/tchad\/dossiers\/pre-dialogue-de-doha-le-tchad-est-en-train-de-devenir-la-risee-de-la-communaute-internationale-dr-sali-bakari"},"author":{"name":"cfeditorfr","@id":"https:\/\/www.africa-press.net\/tchad\/#\/schema\/person\/2b1cf3cd81a31e3cd26889ca66d677f1"},"headline":"Pr\u00e9-dialogue de Doha : \u00ab Le Tchad est en train de devenir la ris\u00e9e de la communaut\u00e9 internationale \u00bb, Dr Sali Bakari","datePublished":"2022-07-05T14:56:27+00:00","dateModified":"2022-07-05T15:15:34+00:00","mainEntityOfPage":{"@id":"https:\/\/www.africa-press.net\/tchad\/dossiers\/pre-dialogue-de-doha-le-tchad-est-en-train-de-devenir-la-risee-de-la-communaute-internationale-dr-sali-bakari"},"wordCount":1027,"commentCount":0,"image":{"@id":"https:\/\/www.africa-press.net\/tchad\/dossiers\/pre-dialogue-de-doha-le-tchad-est-en-train-de-devenir-la-risee-de-la-communaute-internationale-dr-sali-bakari#primaryimage"},"thumbnailUrl":"https:\/\/static.africa-press.net\/tchad\/sites\/41\/2022\/07\/postQueueImg_15-62c455670b85a.jpg","keywords":["Africa Press","Africa Press-Tchad","Tchad"],"articleSection":["Dossiers","homepage-french","Toutes les actualit\u00e9s"],"inLanguage":"fr-FR","potentialAction":[{"@type":"CommentAction","name":"Comment","target":["https:\/\/www.africa-press.net\/tchad\/dossiers\/pre-dialogue-de-doha-le-tchad-est-en-train-de-devenir-la-risee-de-la-communaute-internationale-dr-sali-bakari#respond"]}]},{"@type":"WebPage","@id":"https:\/\/www.africa-press.net\/tchad\/dossiers\/pre-dialogue-de-doha-le-tchad-est-en-train-de-devenir-la-risee-de-la-communaute-internationale-dr-sali-bakari","url":"https:\/\/www.africa-press.net\/tchad\/dossiers\/pre-dialogue-de-doha-le-tchad-est-en-train-de-devenir-la-risee-de-la-communaute-internationale-dr-sali-bakari","name":"Pr\u00e9-dialogue de Doha : \u00ab Le Tchad est en train de devenir la ris\u00e9e de la communaut\u00e9 internationale \u00bb, Dr Sali Bakari - tchad","isPartOf":{"@id":"https:\/\/www.africa-press.net\/tchad\/#website"},"primaryImageOfPage":{"@id":"https:\/\/www.africa-press.net\/tchad\/dossiers\/pre-dialogue-de-doha-le-tchad-est-en-train-de-devenir-la-risee-de-la-communaute-internationale-dr-sali-bakari#primaryimage"},"image":{"@id":"https:\/\/www.africa-press.net\/tchad\/dossiers\/pre-dialogue-de-doha-le-tchad-est-en-train-de-devenir-la-risee-de-la-communaute-internationale-dr-sali-bakari#primaryimage"},"thumbnailUrl":"https:\/\/static.africa-press.net\/tchad\/sites\/41\/2022\/07\/postQueueImg_15-62c455670b85a.jpg","datePublished":"2022-07-05T14:56:27+00:00","dateModified":"2022-07-05T15:15:34+00:00","author":{"@id":"https:\/\/www.africa-press.net\/tchad\/#\/schema\/person\/2b1cf3cd81a31e3cd26889ca66d677f1"},"description":"Franchement il y a beaucoup de facteurs explicatifs du retard et du fait que les choses n\u2019ont pas march\u00e9 comme pr\u00e9vu. L\u2019 ...","breadcrumb":{"@id":"https:\/\/www.africa-press.net\/tchad\/dossiers\/pre-dialogue-de-doha-le-tchad-est-en-train-de-devenir-la-risee-de-la-communaute-internationale-dr-sali-bakari#breadcrumb"},"inLanguage":"fr-FR","potentialAction":[{"@type":"ReadAction","target":["https:\/\/www.africa-press.net\/tchad\/dossiers\/pre-dialogue-de-doha-le-tchad-est-en-train-de-devenir-la-risee-de-la-communaute-internationale-dr-sali-bakari"]}]},{"@type":"ImageObject","inLanguage":"fr-FR","@id":"https:\/\/www.africa-press.net\/tchad\/dossiers\/pre-dialogue-de-doha-le-tchad-est-en-train-de-devenir-la-risee-de-la-communaute-internationale-dr-sali-bakari#primaryimage","url":"https:\/\/static.africa-press.net\/tchad\/sites\/41\/2022\/07\/postQueueImg_15-62c455670b85a.jpg","contentUrl":"https:\/\/static.africa-press.net\/tchad\/sites\/41\/2022\/07\/postQueueImg_15-62c455670b85a.jpg","width":912,"height":572,"caption":"Pr\u00e9-dialogue de Doha : \u00ab Le Tchad est en train de devenir la ris\u00e9e de la communaut\u00e9 internationale \u00bb, Dr Sali Bakari"},{"@type":"BreadcrumbList","@id":"https:\/\/www.africa-press.net\/tchad\/dossiers\/pre-dialogue-de-doha-le-tchad-est-en-train-de-devenir-la-risee-de-la-communaute-internationale-dr-sali-bakari#breadcrumb","itemListElement":[{"@type":"ListItem","position":1,"name":"Accueil","item":"https:\/\/www.africa-press.net\/tchad\/"},{"@type":"ListItem","position":2,"name":"Pr\u00e9-dialogue de Doha : \u00ab Le Tchad est en train de devenir la ris\u00e9e de la communaut\u00e9 internationale \u00bb, Dr Sali Bakari"}]},{"@type":"WebSite","@id":"https:\/\/www.africa-press.net\/tchad\/#website","url":"https:\/\/www.africa-press.net\/tchad\/","name":"tchad","description":"Just another Africa News Agency Sites site","potentialAction":[{"@type":"SearchAction","target":{"@type":"EntryPoint","urlTemplate":"https:\/\/www.africa-press.net\/tchad\/?s={search_term_string}"},"query-input":{"@type":"PropertyValueSpecification","valueRequired":true,"valueName":"search_term_string"}}],"inLanguage":"fr-FR"},{"@type":"Person","@id":"https:\/\/www.africa-press.net\/tchad\/#\/schema\/person\/2b1cf3cd81a31e3cd26889ca66d677f1","name":"cfeditorfr"}]}},"_links":{"self":[{"href":"https:\/\/www.africa-press.net\/tchad\/wp-json\/wp\/v2\/posts\/28352","targetHints":{"allow":["GET"]}}],"collection":[{"href":"https:\/\/www.africa-press.net\/tchad\/wp-json\/wp\/v2\/posts"}],"about":[{"href":"https:\/\/www.africa-press.net\/tchad\/wp-json\/wp\/v2\/types\/post"}],"author":[{"embeddable":true,"href":"https:\/\/www.africa-press.net\/tchad\/wp-json\/wp\/v2\/users\/82"}],"replies":[{"embeddable":true,"href":"https:\/\/www.africa-press.net\/tchad\/wp-json\/wp\/v2\/comments?post=28352"}],"version-history":[{"count":0,"href":"https:\/\/www.africa-press.net\/tchad\/wp-json\/wp\/v2\/posts\/28352\/revisions"}],"wp:featuredmedia":[{"embeddable":true,"href":"https:\/\/www.africa-press.net\/tchad\/wp-json\/wp\/v2\/media\/28350"}],"wp:attachment":[{"href":"https:\/\/www.africa-press.net\/tchad\/wp-json\/wp\/v2\/media?parent=28352"}],"wp:term":[{"taxonomy":"category","embeddable":true,"href":"https:\/\/www.africa-press.net\/tchad\/wp-json\/wp\/v2\/categories?post=28352"},{"taxonomy":"post_tag","embeddable":true,"href":"https:\/\/www.africa-press.net\/tchad\/wp-json\/wp\/v2\/tags?post=28352"}],"curies":[{"name":"wp","href":"https:\/\/api.w.org\/{rel}","templated":true}]}}