{"id":28363,"date":"2022-07-05T14:59:15","date_gmt":"2022-07-05T14:59:15","guid":{"rendered":"https:\/\/www.africa-press.net\/tchad\/politique\/grogne-des-eleveurs-au-barh-el-gazal-pour-la-distribution-des-tourteaux"},"modified":"2022-07-05T15:19:08","modified_gmt":"2022-07-05T15:19:08","slug":"grogne-des-eleveurs-au-barh-el-gazal-pour-la-distribution-des-tourteaux","status":"publish","type":"post","link":"https:\/\/www.africa-press.net\/tchad\/toutes-les-actualites\/grogne-des-eleveurs-au-barh-el-gazal-pour-la-distribution-des-tourteaux","title":{"rendered":"grogne des \u00e9leveurs au Barh El Gazal pour la distribution des tourteaux"},"content":{"rendered":"<p><span style=\"color: #ff6600\"><strong>Africa-Press &#8211; Tchad. <\/strong><\/span>Un cri de coeur est lanc\u00e9 par les b\u00e9n\u00e9ficiaires.<\/p>\n<p>Les \u00e9leveurs accusent le comit\u00e9 charg\u00e9 de la redistribution de ces tourteaux et ainsi que les commer\u00e7ants de la localit\u00e9 de marchandage.<\/p>\n<p>Ils sont cens\u00e9s recevoir ces tourteaux gratuitement mais affirment qu&rsquo;on leur a fix\u00e9 une certaine somme d&rsquo;argent afin de pouvoir entrer en possession de ce qui leur revient de droit.<\/p>\n<p>La c\u00e9r\u00e9monie de lancement officiel de l&rsquo;octroi des tourteaux \u00e0 l&rsquo;endroit de ces populations d&rsquo;\u00e9leveurs a eu lieu vendredi dernier en pr\u00e9sence des autorit\u00e9s de la localit\u00e9.<\/p>\n<p>Les \u00e9leveurs exhortent le gouvernement tchadien \u00e0 faire pression sur le comit\u00e9 charg\u00e9 de redistribuer ces dons afin que les populations concern\u00e9es puissent en b\u00e9n\u00e9ficier gratuitement comme recommand\u00e9 par le gouvernement.<\/p>\n<p>De son c\u00f4t\u00e9, le comit\u00e9 assure que les tourteaux sont distribu\u00e9s gratuitement aux \u00e9leveurs.<\/p>\n<p><strong>Pour plus d&rsquo;informations et d&rsquo;analyses sur la <a href=\"https:\/\/www.africa-press.net\/tchad\">Tchad<\/a>, suivez <a href=\"https:\/\/www.africa-press.net\/\">Africa-Press<\/a><\/strong><\/p>\n","protected":false},"excerpt":{"rendered":"<p>Africa-Press &#8211; Tchad. Un cri de coeur est lanc\u00e9 par les b\u00e9n\u00e9ficiaires. Les \u00e9leveurs accusent le comit\u00e9 charg\u00e9 de la redistribution de ces tourteaux et ainsi que les commer\u00e7ants de la localit\u00e9 de marchandage. Ils sont cens\u00e9s recevoir ces tourteaux gratuitement mais affirment qu&rsquo;on leur a fix\u00e9 une certaine somme d&rsquo;argent afin de pouvoir entrer [&hellip;]<\/p>\n","protected":false},"author":82,"featured_media":28362,"comment_status":"open","ping_status":"closed","sticky":false,"template":"","format":"standard","meta":{"footnotes":""},"categories":[21,11,10],"tags":[37,292,29],"class_list":["post-28363","post","type-post","status-publish","format-standard","has-post-thumbnail","hentry","category-communaute","category-homepage-french","category-toutes-les-actualites","tag-africa-press","tag-africa-press-tchad","tag-tchad"],"yoast_head":"<!-- This site is optimized with the Yoast SEO Premium plugin v26.1 (Yoast SEO v27.0) - https:\/\/yoast.com\/product\/yoast-seo-premium-wordpress\/ -->\n<title>grogne des \u00e9leveurs au Barh El Gazal pour la distribution des tourteaux - tchad<\/title>\n<meta name=\"description\" content=\"Un cri de coeur est lanc\u00e9 par les b\u00e9n\u00e9ficiaires. Les \u00e9leveurs accusent le comit\u00e9 charg\u00e9 de la redistribution de ces tou ...\" \/>\n<meta name=\"robots\" content=\"index, follow, max-snippet:-1, max-image-preview:large, max-video-preview:-1\" \/>\n<link rel=\"canonical\" href=\"https:\/\/www.africa-press.net\/tchad\/toutes-les-actualites\/grogne-des-eleveurs-au-barh-el-gazal-pour-la-distribution-des-tourteaux\" \/>\n<meta property=\"og:locale\" content=\"fr_FR\" \/>\n<meta property=\"og:type\" content=\"article\" \/>\n<meta property=\"og:title\" content=\"grogne des \u00e9leveurs au Barh El Gazal pour la distribution des tourteaux\" \/>\n<meta property=\"og:description\" content=\"Un cri de coeur est lanc\u00e9 par les b\u00e9n\u00e9ficiaires. Les \u00e9leveurs accusent le comit\u00e9 charg\u00e9 de la redistribution de ces tou ...\" \/>\n<meta property=\"og:url\" content=\"https:\/\/www.africa-press.net\/tchad\/toutes-les-actualites\/grogne-des-eleveurs-au-barh-el-gazal-pour-la-distribution-des-tourteaux\" \/>\n<meta property=\"og:site_name\" content=\"tchad\" \/>\n<meta property=\"article:published_time\" content=\"2022-07-05T14:59:15+00:00\" \/>\n<meta property=\"article:modified_time\" content=\"2022-07-05T15:19:08+00:00\" \/>\n<meta property=\"og:image\" content=\"https:\/\/static.africa-press.net\/tchad\/sites\/41\/2022\/07\/postQueueImg_18.jpg\" \/>\n\t<meta property=\"og:image:width\" content=\"1280\" \/>\n\t<meta property=\"og:image:height\" content=\"720\" \/>\n\t<meta property=\"og:image:type\" content=\"image\/jpeg\" \/>\n<meta name=\"author\" content=\"cfeditorfr\" \/>\n<meta name=\"twitter:card\" content=\"summary_large_image\" \/>\n<meta name=\"twitter:label1\" content=\"\u00c9crit par\" \/>\n\t<meta name=\"twitter:data1\" content=\"cfeditorfr\" \/>\n\t<meta name=\"twitter:label2\" content=\"Dur\u00e9e de lecture estim\u00e9e\" \/>\n\t<meta name=\"twitter:data2\" content=\"1 minute\" \/>\n<script type=\"application\/ld+json\" class=\"yoast-schema-graph\">{\"@context\":\"https:\/\/schema.org\",\"@graph\":[{\"@type\":\"Article\",\"@id\":\"https:\/\/www.africa-press.net\/tchad\/toutes-les-actualites\/grogne-des-eleveurs-au-barh-el-gazal-pour-la-distribution-des-tourteaux#article\",\"isPartOf\":{\"@id\":\"https:\/\/www.africa-press.net\/tchad\/toutes-les-actualites\/grogne-des-eleveurs-au-barh-el-gazal-pour-la-distribution-des-tourteaux\"},\"author\":{\"name\":\"cfeditorfr\",\"@id\":\"https:\/\/www.africa-press.net\/tchad\/#\/schema\/person\/2b1cf3cd81a31e3cd26889ca66d677f1\"},\"headline\":\"grogne des \u00e9leveurs au Barh El Gazal pour la distribution des tourteaux\",\"datePublished\":\"2022-07-05T14:59:15+00:00\",\"dateModified\":\"2022-07-05T15:19:08+00:00\",\"mainEntityOfPage\":{\"@id\":\"https:\/\/www.africa-press.net\/tchad\/toutes-les-actualites\/grogne-des-eleveurs-au-barh-el-gazal-pour-la-distribution-des-tourteaux\"},\"wordCount\":176,\"commentCount\":0,\"image\":{\"@id\":\"https:\/\/www.africa-press.net\/tchad\/toutes-les-actualites\/grogne-des-eleveurs-au-barh-el-gazal-pour-la-distribution-des-tourteaux#primaryimage\"},\"thumbnailUrl\":\"https:\/\/static.africa-press.net\/tchad\/sites\/41\/2022\/07\/postQueueImg_18.jpg\",\"keywords\":[\"Africa Press\",\"Africa Press-Tchad\",\"Tchad\"],\"articleSection\":[\"Communaut\u00e9\",\"homepage-french\",\"Toutes les actualit\u00e9s\"],\"inLanguage\":\"fr-FR\",\"potentialAction\":[{\"@type\":\"CommentAction\",\"name\":\"Comment\",\"target\":[\"https:\/\/www.africa-press.net\/tchad\/toutes-les-actualites\/grogne-des-eleveurs-au-barh-el-gazal-pour-la-distribution-des-tourteaux#respond\"]}]},{\"@type\":\"WebPage\",\"@id\":\"https:\/\/www.africa-press.net\/tchad\/toutes-les-actualites\/grogne-des-eleveurs-au-barh-el-gazal-pour-la-distribution-des-tourteaux\",\"url\":\"https:\/\/www.africa-press.net\/tchad\/toutes-les-actualites\/grogne-des-eleveurs-au-barh-el-gazal-pour-la-distribution-des-tourteaux\",\"name\":\"grogne des \u00e9leveurs au Barh El Gazal pour la distribution des tourteaux - tchad\",\"isPartOf\":{\"@id\":\"https:\/\/www.africa-press.net\/tchad\/#website\"},\"primaryImageOfPage\":{\"@id\":\"https:\/\/www.africa-press.net\/tchad\/toutes-les-actualites\/grogne-des-eleveurs-au-barh-el-gazal-pour-la-distribution-des-tourteaux#primaryimage\"},\"image\":{\"@id\":\"https:\/\/www.africa-press.net\/tchad\/toutes-les-actualites\/grogne-des-eleveurs-au-barh-el-gazal-pour-la-distribution-des-tourteaux#primaryimage\"},\"thumbnailUrl\":\"https:\/\/static.africa-press.net\/tchad\/sites\/41\/2022\/07\/postQueueImg_18.jpg\",\"datePublished\":\"2022-07-05T14:59:15+00:00\",\"dateModified\":\"2022-07-05T15:19:08+00:00\",\"author\":{\"@id\":\"https:\/\/www.africa-press.net\/tchad\/#\/schema\/person\/2b1cf3cd81a31e3cd26889ca66d677f1\"},\"description\":\"Un cri de coeur est lanc\u00e9 par les b\u00e9n\u00e9ficiaires. Les \u00e9leveurs accusent le comit\u00e9 charg\u00e9 de la redistribution de ces tou ...\",\"breadcrumb\":{\"@id\":\"https:\/\/www.africa-press.net\/tchad\/toutes-les-actualites\/grogne-des-eleveurs-au-barh-el-gazal-pour-la-distribution-des-tourteaux#breadcrumb\"},\"inLanguage\":\"fr-FR\",\"potentialAction\":[{\"@type\":\"ReadAction\",\"target\":[\"https:\/\/www.africa-press.net\/tchad\/toutes-les-actualites\/grogne-des-eleveurs-au-barh-el-gazal-pour-la-distribution-des-tourteaux\"]}]},{\"@type\":\"ImageObject\",\"inLanguage\":\"fr-FR\",\"@id\":\"https:\/\/www.africa-press.net\/tchad\/toutes-les-actualites\/grogne-des-eleveurs-au-barh-el-gazal-pour-la-distribution-des-tourteaux#primaryimage\",\"url\":\"https:\/\/static.africa-press.net\/tchad\/sites\/41\/2022\/07\/postQueueImg_18.jpg\",\"contentUrl\":\"https:\/\/static.africa-press.net\/tchad\/sites\/41\/2022\/07\/postQueueImg_18.jpg\",\"width\":1280,\"height\":720,\"caption\":\"grogne des \u00e9leveurs au Barh El Gazal pour la distribution des tourteaux\"},{\"@type\":\"BreadcrumbList\",\"@id\":\"https:\/\/www.africa-press.net\/tchad\/toutes-les-actualites\/grogne-des-eleveurs-au-barh-el-gazal-pour-la-distribution-des-tourteaux#breadcrumb\",\"itemListElement\":[{\"@type\":\"ListItem\",\"position\":1,\"name\":\"Accueil\",\"item\":\"https:\/\/www.africa-press.net\/tchad\/\"},{\"@type\":\"ListItem\",\"position\":2,\"name\":\"grogne des \u00e9leveurs au Barh El Gazal pour la distribution des tourteaux\"}]},{\"@type\":\"WebSite\",\"@id\":\"https:\/\/www.africa-press.net\/tchad\/#website\",\"url\":\"https:\/\/www.africa-press.net\/tchad\/\",\"name\":\"tchad\",\"description\":\"Just another Africa News Agency Sites site\",\"potentialAction\":[{\"@type\":\"SearchAction\",\"target\":{\"@type\":\"EntryPoint\",\"urlTemplate\":\"https:\/\/www.africa-press.net\/tchad\/?s={search_term_string}\"},\"query-input\":{\"@type\":\"PropertyValueSpecification\",\"valueRequired\":true,\"valueName\":\"search_term_string\"}}],\"inLanguage\":\"fr-FR\"},{\"@type\":\"Person\",\"@id\":\"https:\/\/www.africa-press.net\/tchad\/#\/schema\/person\/2b1cf3cd81a31e3cd26889ca66d677f1\",\"name\":\"cfeditorfr\"}]}<\/script>\n<!-- \/ Yoast SEO Premium plugin. -->","yoast_head_json":{"title":"grogne des \u00e9leveurs au Barh El Gazal pour la distribution des tourteaux - tchad","description":"Un cri de coeur est lanc\u00e9 par les b\u00e9n\u00e9ficiaires. Les \u00e9leveurs accusent le comit\u00e9 charg\u00e9 de la redistribution de ces tou ...","robots":{"index":"index","follow":"follow","max-snippet":"max-snippet:-1","max-image-preview":"max-image-preview:large","max-video-preview":"max-video-preview:-1"},"canonical":"https:\/\/www.africa-press.net\/tchad\/toutes-les-actualites\/grogne-des-eleveurs-au-barh-el-gazal-pour-la-distribution-des-tourteaux","og_locale":"fr_FR","og_type":"article","og_title":"grogne des \u00e9leveurs au Barh El Gazal pour la distribution des tourteaux","og_description":"Un cri de coeur est lanc\u00e9 par les b\u00e9n\u00e9ficiaires. Les \u00e9leveurs accusent le comit\u00e9 charg\u00e9 de la redistribution de ces tou ...","og_url":"https:\/\/www.africa-press.net\/tchad\/toutes-les-actualites\/grogne-des-eleveurs-au-barh-el-gazal-pour-la-distribution-des-tourteaux","og_site_name":"tchad","article_published_time":"2022-07-05T14:59:15+00:00","article_modified_time":"2022-07-05T15:19:08+00:00","og_image":[{"width":1280,"height":720,"url":"https:\/\/static.africa-press.net\/tchad\/sites\/41\/2022\/07\/postQueueImg_18.jpg","type":"image\/jpeg"}],"author":"cfeditorfr","twitter_card":"summary_large_image","twitter_misc":{"\u00c9crit par":"cfeditorfr","Dur\u00e9e de lecture estim\u00e9e":"1 minute"},"schema":{"@context":"https:\/\/schema.org","@graph":[{"@type":"Article","@id":"https:\/\/www.africa-press.net\/tchad\/toutes-les-actualites\/grogne-des-eleveurs-au-barh-el-gazal-pour-la-distribution-des-tourteaux#article","isPartOf":{"@id":"https:\/\/www.africa-press.net\/tchad\/toutes-les-actualites\/grogne-des-eleveurs-au-barh-el-gazal-pour-la-distribution-des-tourteaux"},"author":{"name":"cfeditorfr","@id":"https:\/\/www.africa-press.net\/tchad\/#\/schema\/person\/2b1cf3cd81a31e3cd26889ca66d677f1"},"headline":"grogne des \u00e9leveurs au Barh El Gazal pour la distribution des tourteaux","datePublished":"2022-07-05T14:59:15+00:00","dateModified":"2022-07-05T15:19:08+00:00","mainEntityOfPage":{"@id":"https:\/\/www.africa-press.net\/tchad\/toutes-les-actualites\/grogne-des-eleveurs-au-barh-el-gazal-pour-la-distribution-des-tourteaux"},"wordCount":176,"commentCount":0,"image":{"@id":"https:\/\/www.africa-press.net\/tchad\/toutes-les-actualites\/grogne-des-eleveurs-au-barh-el-gazal-pour-la-distribution-des-tourteaux#primaryimage"},"thumbnailUrl":"https:\/\/static.africa-press.net\/tchad\/sites\/41\/2022\/07\/postQueueImg_18.jpg","keywords":["Africa Press","Africa Press-Tchad","Tchad"],"articleSection":["Communaut\u00e9","homepage-french","Toutes les actualit\u00e9s"],"inLanguage":"fr-FR","potentialAction":[{"@type":"CommentAction","name":"Comment","target":["https:\/\/www.africa-press.net\/tchad\/toutes-les-actualites\/grogne-des-eleveurs-au-barh-el-gazal-pour-la-distribution-des-tourteaux#respond"]}]},{"@type":"WebPage","@id":"https:\/\/www.africa-press.net\/tchad\/toutes-les-actualites\/grogne-des-eleveurs-au-barh-el-gazal-pour-la-distribution-des-tourteaux","url":"https:\/\/www.africa-press.net\/tchad\/toutes-les-actualites\/grogne-des-eleveurs-au-barh-el-gazal-pour-la-distribution-des-tourteaux","name":"grogne des \u00e9leveurs au Barh El Gazal pour la distribution des tourteaux - tchad","isPartOf":{"@id":"https:\/\/www.africa-press.net\/tchad\/#website"},"primaryImageOfPage":{"@id":"https:\/\/www.africa-press.net\/tchad\/toutes-les-actualites\/grogne-des-eleveurs-au-barh-el-gazal-pour-la-distribution-des-tourteaux#primaryimage"},"image":{"@id":"https:\/\/www.africa-press.net\/tchad\/toutes-les-actualites\/grogne-des-eleveurs-au-barh-el-gazal-pour-la-distribution-des-tourteaux#primaryimage"},"thumbnailUrl":"https:\/\/static.africa-press.net\/tchad\/sites\/41\/2022\/07\/postQueueImg_18.jpg","datePublished":"2022-07-05T14:59:15+00:00","dateModified":"2022-07-05T15:19:08+00:00","author":{"@id":"https:\/\/www.africa-press.net\/tchad\/#\/schema\/person\/2b1cf3cd81a31e3cd26889ca66d677f1"},"description":"Un cri de coeur est lanc\u00e9 par les b\u00e9n\u00e9ficiaires. Les \u00e9leveurs accusent le comit\u00e9 charg\u00e9 de la redistribution de ces tou ...","breadcrumb":{"@id":"https:\/\/www.africa-press.net\/tchad\/toutes-les-actualites\/grogne-des-eleveurs-au-barh-el-gazal-pour-la-distribution-des-tourteaux#breadcrumb"},"inLanguage":"fr-FR","potentialAction":[{"@type":"ReadAction","target":["https:\/\/www.africa-press.net\/tchad\/toutes-les-actualites\/grogne-des-eleveurs-au-barh-el-gazal-pour-la-distribution-des-tourteaux"]}]},{"@type":"ImageObject","inLanguage":"fr-FR","@id":"https:\/\/www.africa-press.net\/tchad\/toutes-les-actualites\/grogne-des-eleveurs-au-barh-el-gazal-pour-la-distribution-des-tourteaux#primaryimage","url":"https:\/\/static.africa-press.net\/tchad\/sites\/41\/2022\/07\/postQueueImg_18.jpg","contentUrl":"https:\/\/static.africa-press.net\/tchad\/sites\/41\/2022\/07\/postQueueImg_18.jpg","width":1280,"height":720,"caption":"grogne des \u00e9leveurs au Barh El Gazal pour la distribution des tourteaux"},{"@type":"BreadcrumbList","@id":"https:\/\/www.africa-press.net\/tchad\/toutes-les-actualites\/grogne-des-eleveurs-au-barh-el-gazal-pour-la-distribution-des-tourteaux#breadcrumb","itemListElement":[{"@type":"ListItem","position":1,"name":"Accueil","item":"https:\/\/www.africa-press.net\/tchad\/"},{"@type":"ListItem","position":2,"name":"grogne des \u00e9leveurs au Barh El Gazal pour la distribution des tourteaux"}]},{"@type":"WebSite","@id":"https:\/\/www.africa-press.net\/tchad\/#website","url":"https:\/\/www.africa-press.net\/tchad\/","name":"tchad","description":"Just another Africa News Agency Sites site","potentialAction":[{"@type":"SearchAction","target":{"@type":"EntryPoint","urlTemplate":"https:\/\/www.africa-press.net\/tchad\/?s={search_term_string}"},"query-input":{"@type":"PropertyValueSpecification","valueRequired":true,"valueName":"search_term_string"}}],"inLanguage":"fr-FR"},{"@type":"Person","@id":"https:\/\/www.africa-press.net\/tchad\/#\/schema\/person\/2b1cf3cd81a31e3cd26889ca66d677f1","name":"cfeditorfr"}]}},"_links":{"self":[{"href":"https:\/\/www.africa-press.net\/tchad\/wp-json\/wp\/v2\/posts\/28363","targetHints":{"allow":["GET"]}}],"collection":[{"href":"https:\/\/www.africa-press.net\/tchad\/wp-json\/wp\/v2\/posts"}],"about":[{"href":"https:\/\/www.africa-press.net\/tchad\/wp-json\/wp\/v2\/types\/post"}],"author":[{"embeddable":true,"href":"https:\/\/www.africa-press.net\/tchad\/wp-json\/wp\/v2\/users\/82"}],"replies":[{"embeddable":true,"href":"https:\/\/www.africa-press.net\/tchad\/wp-json\/wp\/v2\/comments?post=28363"}],"version-history":[{"count":0,"href":"https:\/\/www.africa-press.net\/tchad\/wp-json\/wp\/v2\/posts\/28363\/revisions"}],"wp:featuredmedia":[{"embeddable":true,"href":"https:\/\/www.africa-press.net\/tchad\/wp-json\/wp\/v2\/media\/28362"}],"wp:attachment":[{"href":"https:\/\/www.africa-press.net\/tchad\/wp-json\/wp\/v2\/media?parent=28363"}],"wp:term":[{"taxonomy":"category","embeddable":true,"href":"https:\/\/www.africa-press.net\/tchad\/wp-json\/wp\/v2\/categories?post=28363"},{"taxonomy":"post_tag","embeddable":true,"href":"https:\/\/www.africa-press.net\/tchad\/wp-json\/wp\/v2\/tags?post=28363"}],"curies":[{"name":"wp","href":"https:\/\/api.w.org\/{rel}","templated":true}]}}