{"id":28372,"date":"2022-07-05T15:00:25","date_gmt":"2022-07-05T15:00:25","guid":{"rendered":"https:\/\/www.africa-press.net\/tchad\/politique\/incarcere-au-cameroun-depuis-30-ans-sakine-zakaria-al-djiddey-va-rentrer-au-tchad"},"modified":"2022-07-05T15:21:10","modified_gmt":"2022-07-05T15:21:10","slug":"incarcere-au-cameroun-depuis-30-ans-sakine-zakaria-al-djiddey-va-rentrer-au-tchad","status":"publish","type":"post","link":"https:\/\/www.africa-press.net\/tchad\/politique\/incarcere-au-cameroun-depuis-30-ans-sakine-zakaria-al-djiddey-va-rentrer-au-tchad","title":{"rendered":"Incarc\u00e9r\u00e9 au Cameroun depuis 30 ans, Sakine Zakaria Al-Djiddey va rentrer au Tchad"},"content":{"rendered":"<p><span style=\"color: #ff6600\"><strong>Africa-Press &#8211; Tchad. <\/strong><\/span><b>Le Tchad et le Cameroun ont obtenu un accord pour le retour au bercail de Sakine Zakaria Al-Djiddey. Ce tchadien est d\u00e9tenu \u00e0 la prison de Yoko, au centre du Cameroun depuis trente ans.<\/b><\/p>\n<p>Le minist\u00e8re des Affaires \u00e9trang\u00e8res, de l\u2019int\u00e9gration africaine et des tchadiens de l\u2019\u00e9tranger a fourni de nouvelles informations au sujet Sakine Zakaria Al-Djiddey. Un sexag\u00e9naire tchadien incarc\u00e9r\u00e9 au Cameroun depuis trois d\u00e9cennies. Il purge sa peine \u00e0 la prison principale de Yoko.<\/p>\n<p>D\u2019apr\u00e8s le chef de la diplomatie tchadienne, l\u2019accord est trouv\u00e9 gr\u00e2ce \u00e0 l\u2019implication personnelle du pr\u00e9sident du Conseil militaire de transition, Mahamat Idriss Deby Itno. Sakine Zakaria Al-Djiddey rentre au bercail soit : \u00ab pour y purger sa peine ou \u00eatre lib\u00e9r\u00e9. \u00bb, peut-on lire dans le communiqu\u00e9 \u00e9labor\u00e9 \u00e0 cet effet.<\/p>\n<p>Les gouvernements camerounais et tchadien sont \u00e0 cet effet, \u00e0 pied d\u2019\u0153uvre pour acc\u00e9l\u00e9rer les modalit\u00e9s de ce transf\u00e8rement. Le ministre des Affaires \u00e9trang\u00e8res, de l\u2019int\u00e9gration africaine et des tchadiens de l\u2019\u00e9tranger remercie tous ceux qui ont fait \u00e9cho de cette affaire depuis le d\u00e9but et qui n\u2019ont m\u00e9nag\u00e9 aucun effort en plaidant pour le sort du d\u00e9tenu.<\/p>\n<p><strong>Pour plus d&rsquo;informations et d&rsquo;analyses sur la <a href=\"https:\/\/www.africa-press.net\/tchad\">Tchad<\/a>, suivez <a href=\"https:\/\/www.africa-press.net\/\">Africa-Press<\/a><\/strong><\/p>\n","protected":false},"excerpt":{"rendered":"<p>Africa-Press &#8211; Tchad. Le Tchad et le Cameroun ont obtenu un accord pour le retour au bercail de Sakine Zakaria Al-Djiddey. Ce tchadien est d\u00e9tenu \u00e0 la prison de Yoko, au centre du Cameroun depuis trente ans. Le minist\u00e8re des Affaires \u00e9trang\u00e8res, de l\u2019int\u00e9gration africaine et des tchadiens de l\u2019\u00e9tranger a fourni de nouvelles informations [&hellip;]<\/p>\n","protected":false},"author":82,"featured_media":28369,"comment_status":"open","ping_status":"closed","sticky":false,"template":"","format":"standard","meta":{"footnotes":""},"categories":[11,2,20,10],"tags":[37,292,3925,3926,29],"class_list":["post-28372","post","type-post","status-publish","format-standard","has-post-thumbnail","hentry","category-homepage-french","category-politique","category-top-nouvelles","category-toutes-les-actualites","tag-africa-press","tag-africa-press-tchad","tag-detenu-au-cameroun","tag-sakine-zakaria-al-djiddey","tag-tchad"],"yoast_head":"<!-- This site is optimized with the Yoast SEO Premium plugin v26.1 (Yoast SEO v27.0) - https:\/\/yoast.com\/product\/yoast-seo-premium-wordpress\/ -->\n<title>Incarc\u00e9r\u00e9 au Cameroun depuis 30 ans, Sakine Zakaria Al-Djiddey va rentrer au Tchad - tchad<\/title>\n<meta name=\"description\" content=\"Le Tchad et le Cameroun ont obtenu un accord pour le retour au bercail de Sakine Zakaria Al-Djiddey. Ce tchadien est ...\" \/>\n<meta name=\"robots\" content=\"index, follow, max-snippet:-1, max-image-preview:large, max-video-preview:-1\" \/>\n<link rel=\"canonical\" href=\"https:\/\/www.africa-press.net\/tchad\/politique\/incarcere-au-cameroun-depuis-30-ans-sakine-zakaria-al-djiddey-va-rentrer-au-tchad\" \/>\n<meta property=\"og:locale\" content=\"fr_FR\" \/>\n<meta property=\"og:type\" content=\"article\" \/>\n<meta property=\"og:title\" content=\"Incarc\u00e9r\u00e9 au Cameroun depuis 30 ans, Sakine Zakaria Al-Djiddey va rentrer au Tchad\" \/>\n<meta property=\"og:description\" content=\"Le Tchad et le Cameroun ont obtenu un accord pour le retour au bercail de Sakine Zakaria Al-Djiddey. Ce tchadien est ...\" \/>\n<meta property=\"og:url\" content=\"https:\/\/www.africa-press.net\/tchad\/politique\/incarcere-au-cameroun-depuis-30-ans-sakine-zakaria-al-djiddey-va-rentrer-au-tchad\" \/>\n<meta property=\"og:site_name\" content=\"tchad\" \/>\n<meta property=\"article:published_time\" content=\"2022-07-05T15:00:25+00:00\" \/>\n<meta property=\"article:modified_time\" content=\"2022-07-05T15:21:10+00:00\" \/>\n<meta property=\"og:image\" content=\"https:\/\/static.africa-press.net\/tchad\/sites\/41\/2022\/07\/postQueueImg_20.jpg\" \/>\n\t<meta property=\"og:image:width\" content=\"780\" \/>\n\t<meta property=\"og:image:height\" content=\"440\" \/>\n\t<meta property=\"og:image:type\" content=\"image\/jpeg\" \/>\n<meta name=\"author\" content=\"cfeditorfr\" \/>\n<meta name=\"twitter:card\" content=\"summary_large_image\" \/>\n<meta name=\"twitter:label1\" content=\"\u00c9crit par\" \/>\n\t<meta name=\"twitter:data1\" content=\"cfeditorfr\" \/>\n\t<meta name=\"twitter:label2\" content=\"Dur\u00e9e de lecture estim\u00e9e\" \/>\n\t<meta name=\"twitter:data2\" content=\"1 minute\" \/>\n<script type=\"application\/ld+json\" class=\"yoast-schema-graph\">{\"@context\":\"https:\/\/schema.org\",\"@graph\":[{\"@type\":\"Article\",\"@id\":\"https:\/\/www.africa-press.net\/tchad\/politique\/incarcere-au-cameroun-depuis-30-ans-sakine-zakaria-al-djiddey-va-rentrer-au-tchad#article\",\"isPartOf\":{\"@id\":\"https:\/\/www.africa-press.net\/tchad\/politique\/incarcere-au-cameroun-depuis-30-ans-sakine-zakaria-al-djiddey-va-rentrer-au-tchad\"},\"author\":{\"name\":\"cfeditorfr\",\"@id\":\"https:\/\/www.africa-press.net\/tchad\/#\/schema\/person\/2b1cf3cd81a31e3cd26889ca66d677f1\"},\"headline\":\"Incarc\u00e9r\u00e9 au Cameroun depuis 30 ans, Sakine Zakaria Al-Djiddey va rentrer au Tchad\",\"datePublished\":\"2022-07-05T15:00:25+00:00\",\"dateModified\":\"2022-07-05T15:21:10+00:00\",\"mainEntityOfPage\":{\"@id\":\"https:\/\/www.africa-press.net\/tchad\/politique\/incarcere-au-cameroun-depuis-30-ans-sakine-zakaria-al-djiddey-va-rentrer-au-tchad\"},\"wordCount\":234,\"commentCount\":0,\"image\":{\"@id\":\"https:\/\/www.africa-press.net\/tchad\/politique\/incarcere-au-cameroun-depuis-30-ans-sakine-zakaria-al-djiddey-va-rentrer-au-tchad#primaryimage\"},\"thumbnailUrl\":\"https:\/\/static.africa-press.net\/tchad\/sites\/41\/2022\/07\/postQueueImg_20.jpg\",\"keywords\":[\"Africa Press\",\"Africa Press-Tchad\",\"d\u00e9tenu au Cameroun\",\"Sakine Zakaria Al-Djiddey\",\"Tchad\"],\"articleSection\":[\"homepage-french\",\"Politique\",\"Top Nouvelles\",\"Toutes les actualit\u00e9s\"],\"inLanguage\":\"fr-FR\",\"potentialAction\":[{\"@type\":\"CommentAction\",\"name\":\"Comment\",\"target\":[\"https:\/\/www.africa-press.net\/tchad\/politique\/incarcere-au-cameroun-depuis-30-ans-sakine-zakaria-al-djiddey-va-rentrer-au-tchad#respond\"]}]},{\"@type\":\"WebPage\",\"@id\":\"https:\/\/www.africa-press.net\/tchad\/politique\/incarcere-au-cameroun-depuis-30-ans-sakine-zakaria-al-djiddey-va-rentrer-au-tchad\",\"url\":\"https:\/\/www.africa-press.net\/tchad\/politique\/incarcere-au-cameroun-depuis-30-ans-sakine-zakaria-al-djiddey-va-rentrer-au-tchad\",\"name\":\"Incarc\u00e9r\u00e9 au Cameroun depuis 30 ans, Sakine Zakaria Al-Djiddey va rentrer au Tchad - tchad\",\"isPartOf\":{\"@id\":\"https:\/\/www.africa-press.net\/tchad\/#website\"},\"primaryImageOfPage\":{\"@id\":\"https:\/\/www.africa-press.net\/tchad\/politique\/incarcere-au-cameroun-depuis-30-ans-sakine-zakaria-al-djiddey-va-rentrer-au-tchad#primaryimage\"},\"image\":{\"@id\":\"https:\/\/www.africa-press.net\/tchad\/politique\/incarcere-au-cameroun-depuis-30-ans-sakine-zakaria-al-djiddey-va-rentrer-au-tchad#primaryimage\"},\"thumbnailUrl\":\"https:\/\/static.africa-press.net\/tchad\/sites\/41\/2022\/07\/postQueueImg_20.jpg\",\"datePublished\":\"2022-07-05T15:00:25+00:00\",\"dateModified\":\"2022-07-05T15:21:10+00:00\",\"author\":{\"@id\":\"https:\/\/www.africa-press.net\/tchad\/#\/schema\/person\/2b1cf3cd81a31e3cd26889ca66d677f1\"},\"description\":\"Le Tchad et le Cameroun ont obtenu un accord pour le retour au bercail de Sakine Zakaria Al-Djiddey. Ce tchadien est ...\",\"breadcrumb\":{\"@id\":\"https:\/\/www.africa-press.net\/tchad\/politique\/incarcere-au-cameroun-depuis-30-ans-sakine-zakaria-al-djiddey-va-rentrer-au-tchad#breadcrumb\"},\"inLanguage\":\"fr-FR\",\"potentialAction\":[{\"@type\":\"ReadAction\",\"target\":[\"https:\/\/www.africa-press.net\/tchad\/politique\/incarcere-au-cameroun-depuis-30-ans-sakine-zakaria-al-djiddey-va-rentrer-au-tchad\"]}]},{\"@type\":\"ImageObject\",\"inLanguage\":\"fr-FR\",\"@id\":\"https:\/\/www.africa-press.net\/tchad\/politique\/incarcere-au-cameroun-depuis-30-ans-sakine-zakaria-al-djiddey-va-rentrer-au-tchad#primaryimage\",\"url\":\"https:\/\/static.africa-press.net\/tchad\/sites\/41\/2022\/07\/postQueueImg_20.jpg\",\"contentUrl\":\"https:\/\/static.africa-press.net\/tchad\/sites\/41\/2022\/07\/postQueueImg_20.jpg\",\"width\":780,\"height\":440,\"caption\":\"Incarc\u00e9r\u00e9 au Cameroun depuis 30 ans, Sakine Zakaria Al-Djiddey va rentrer au Tchad\"},{\"@type\":\"BreadcrumbList\",\"@id\":\"https:\/\/www.africa-press.net\/tchad\/politique\/incarcere-au-cameroun-depuis-30-ans-sakine-zakaria-al-djiddey-va-rentrer-au-tchad#breadcrumb\",\"itemListElement\":[{\"@type\":\"ListItem\",\"position\":1,\"name\":\"Accueil\",\"item\":\"https:\/\/www.africa-press.net\/tchad\/\"},{\"@type\":\"ListItem\",\"position\":2,\"name\":\"Incarc\u00e9r\u00e9 au Cameroun depuis 30 ans, Sakine Zakaria Al-Djiddey va rentrer au Tchad\"}]},{\"@type\":\"WebSite\",\"@id\":\"https:\/\/www.africa-press.net\/tchad\/#website\",\"url\":\"https:\/\/www.africa-press.net\/tchad\/\",\"name\":\"tchad\",\"description\":\"Just another Africa News Agency Sites site\",\"potentialAction\":[{\"@type\":\"SearchAction\",\"target\":{\"@type\":\"EntryPoint\",\"urlTemplate\":\"https:\/\/www.africa-press.net\/tchad\/?s={search_term_string}\"},\"query-input\":{\"@type\":\"PropertyValueSpecification\",\"valueRequired\":true,\"valueName\":\"search_term_string\"}}],\"inLanguage\":\"fr-FR\"},{\"@type\":\"Person\",\"@id\":\"https:\/\/www.africa-press.net\/tchad\/#\/schema\/person\/2b1cf3cd81a31e3cd26889ca66d677f1\",\"name\":\"cfeditorfr\"}]}<\/script>\n<!-- \/ Yoast SEO Premium plugin. -->","yoast_head_json":{"title":"Incarc\u00e9r\u00e9 au Cameroun depuis 30 ans, Sakine Zakaria Al-Djiddey va rentrer au Tchad - tchad","description":"Le Tchad et le Cameroun ont obtenu un accord pour le retour au bercail de Sakine Zakaria Al-Djiddey. Ce tchadien est ...","robots":{"index":"index","follow":"follow","max-snippet":"max-snippet:-1","max-image-preview":"max-image-preview:large","max-video-preview":"max-video-preview:-1"},"canonical":"https:\/\/www.africa-press.net\/tchad\/politique\/incarcere-au-cameroun-depuis-30-ans-sakine-zakaria-al-djiddey-va-rentrer-au-tchad","og_locale":"fr_FR","og_type":"article","og_title":"Incarc\u00e9r\u00e9 au Cameroun depuis 30 ans, Sakine Zakaria Al-Djiddey va rentrer au Tchad","og_description":"Le Tchad et le Cameroun ont obtenu un accord pour le retour au bercail de Sakine Zakaria Al-Djiddey. Ce tchadien est ...","og_url":"https:\/\/www.africa-press.net\/tchad\/politique\/incarcere-au-cameroun-depuis-30-ans-sakine-zakaria-al-djiddey-va-rentrer-au-tchad","og_site_name":"tchad","article_published_time":"2022-07-05T15:00:25+00:00","article_modified_time":"2022-07-05T15:21:10+00:00","og_image":[{"width":780,"height":440,"url":"https:\/\/static.africa-press.net\/tchad\/sites\/41\/2022\/07\/postQueueImg_20.jpg","type":"image\/jpeg"}],"author":"cfeditorfr","twitter_card":"summary_large_image","twitter_misc":{"\u00c9crit par":"cfeditorfr","Dur\u00e9e de lecture estim\u00e9e":"1 minute"},"schema":{"@context":"https:\/\/schema.org","@graph":[{"@type":"Article","@id":"https:\/\/www.africa-press.net\/tchad\/politique\/incarcere-au-cameroun-depuis-30-ans-sakine-zakaria-al-djiddey-va-rentrer-au-tchad#article","isPartOf":{"@id":"https:\/\/www.africa-press.net\/tchad\/politique\/incarcere-au-cameroun-depuis-30-ans-sakine-zakaria-al-djiddey-va-rentrer-au-tchad"},"author":{"name":"cfeditorfr","@id":"https:\/\/www.africa-press.net\/tchad\/#\/schema\/person\/2b1cf3cd81a31e3cd26889ca66d677f1"},"headline":"Incarc\u00e9r\u00e9 au Cameroun depuis 30 ans, Sakine Zakaria Al-Djiddey va rentrer au Tchad","datePublished":"2022-07-05T15:00:25+00:00","dateModified":"2022-07-05T15:21:10+00:00","mainEntityOfPage":{"@id":"https:\/\/www.africa-press.net\/tchad\/politique\/incarcere-au-cameroun-depuis-30-ans-sakine-zakaria-al-djiddey-va-rentrer-au-tchad"},"wordCount":234,"commentCount":0,"image":{"@id":"https:\/\/www.africa-press.net\/tchad\/politique\/incarcere-au-cameroun-depuis-30-ans-sakine-zakaria-al-djiddey-va-rentrer-au-tchad#primaryimage"},"thumbnailUrl":"https:\/\/static.africa-press.net\/tchad\/sites\/41\/2022\/07\/postQueueImg_20.jpg","keywords":["Africa Press","Africa Press-Tchad","d\u00e9tenu au Cameroun","Sakine Zakaria Al-Djiddey","Tchad"],"articleSection":["homepage-french","Politique","Top Nouvelles","Toutes les actualit\u00e9s"],"inLanguage":"fr-FR","potentialAction":[{"@type":"CommentAction","name":"Comment","target":["https:\/\/www.africa-press.net\/tchad\/politique\/incarcere-au-cameroun-depuis-30-ans-sakine-zakaria-al-djiddey-va-rentrer-au-tchad#respond"]}]},{"@type":"WebPage","@id":"https:\/\/www.africa-press.net\/tchad\/politique\/incarcere-au-cameroun-depuis-30-ans-sakine-zakaria-al-djiddey-va-rentrer-au-tchad","url":"https:\/\/www.africa-press.net\/tchad\/politique\/incarcere-au-cameroun-depuis-30-ans-sakine-zakaria-al-djiddey-va-rentrer-au-tchad","name":"Incarc\u00e9r\u00e9 au Cameroun depuis 30 ans, Sakine Zakaria Al-Djiddey va rentrer au Tchad - tchad","isPartOf":{"@id":"https:\/\/www.africa-press.net\/tchad\/#website"},"primaryImageOfPage":{"@id":"https:\/\/www.africa-press.net\/tchad\/politique\/incarcere-au-cameroun-depuis-30-ans-sakine-zakaria-al-djiddey-va-rentrer-au-tchad#primaryimage"},"image":{"@id":"https:\/\/www.africa-press.net\/tchad\/politique\/incarcere-au-cameroun-depuis-30-ans-sakine-zakaria-al-djiddey-va-rentrer-au-tchad#primaryimage"},"thumbnailUrl":"https:\/\/static.africa-press.net\/tchad\/sites\/41\/2022\/07\/postQueueImg_20.jpg","datePublished":"2022-07-05T15:00:25+00:00","dateModified":"2022-07-05T15:21:10+00:00","author":{"@id":"https:\/\/www.africa-press.net\/tchad\/#\/schema\/person\/2b1cf3cd81a31e3cd26889ca66d677f1"},"description":"Le Tchad et le Cameroun ont obtenu un accord pour le retour au bercail de Sakine Zakaria Al-Djiddey. Ce tchadien est ...","breadcrumb":{"@id":"https:\/\/www.africa-press.net\/tchad\/politique\/incarcere-au-cameroun-depuis-30-ans-sakine-zakaria-al-djiddey-va-rentrer-au-tchad#breadcrumb"},"inLanguage":"fr-FR","potentialAction":[{"@type":"ReadAction","target":["https:\/\/www.africa-press.net\/tchad\/politique\/incarcere-au-cameroun-depuis-30-ans-sakine-zakaria-al-djiddey-va-rentrer-au-tchad"]}]},{"@type":"ImageObject","inLanguage":"fr-FR","@id":"https:\/\/www.africa-press.net\/tchad\/politique\/incarcere-au-cameroun-depuis-30-ans-sakine-zakaria-al-djiddey-va-rentrer-au-tchad#primaryimage","url":"https:\/\/static.africa-press.net\/tchad\/sites\/41\/2022\/07\/postQueueImg_20.jpg","contentUrl":"https:\/\/static.africa-press.net\/tchad\/sites\/41\/2022\/07\/postQueueImg_20.jpg","width":780,"height":440,"caption":"Incarc\u00e9r\u00e9 au Cameroun depuis 30 ans, Sakine Zakaria Al-Djiddey va rentrer au Tchad"},{"@type":"BreadcrumbList","@id":"https:\/\/www.africa-press.net\/tchad\/politique\/incarcere-au-cameroun-depuis-30-ans-sakine-zakaria-al-djiddey-va-rentrer-au-tchad#breadcrumb","itemListElement":[{"@type":"ListItem","position":1,"name":"Accueil","item":"https:\/\/www.africa-press.net\/tchad\/"},{"@type":"ListItem","position":2,"name":"Incarc\u00e9r\u00e9 au Cameroun depuis 30 ans, Sakine Zakaria Al-Djiddey va rentrer au Tchad"}]},{"@type":"WebSite","@id":"https:\/\/www.africa-press.net\/tchad\/#website","url":"https:\/\/www.africa-press.net\/tchad\/","name":"tchad","description":"Just another Africa News Agency Sites site","potentialAction":[{"@type":"SearchAction","target":{"@type":"EntryPoint","urlTemplate":"https:\/\/www.africa-press.net\/tchad\/?s={search_term_string}"},"query-input":{"@type":"PropertyValueSpecification","valueRequired":true,"valueName":"search_term_string"}}],"inLanguage":"fr-FR"},{"@type":"Person","@id":"https:\/\/www.africa-press.net\/tchad\/#\/schema\/person\/2b1cf3cd81a31e3cd26889ca66d677f1","name":"cfeditorfr"}]}},"_links":{"self":[{"href":"https:\/\/www.africa-press.net\/tchad\/wp-json\/wp\/v2\/posts\/28372","targetHints":{"allow":["GET"]}}],"collection":[{"href":"https:\/\/www.africa-press.net\/tchad\/wp-json\/wp\/v2\/posts"}],"about":[{"href":"https:\/\/www.africa-press.net\/tchad\/wp-json\/wp\/v2\/types\/post"}],"author":[{"embeddable":true,"href":"https:\/\/www.africa-press.net\/tchad\/wp-json\/wp\/v2\/users\/82"}],"replies":[{"embeddable":true,"href":"https:\/\/www.africa-press.net\/tchad\/wp-json\/wp\/v2\/comments?post=28372"}],"version-history":[{"count":0,"href":"https:\/\/www.africa-press.net\/tchad\/wp-json\/wp\/v2\/posts\/28372\/revisions"}],"wp:featuredmedia":[{"embeddable":true,"href":"https:\/\/www.africa-press.net\/tchad\/wp-json\/wp\/v2\/media\/28369"}],"wp:attachment":[{"href":"https:\/\/www.africa-press.net\/tchad\/wp-json\/wp\/v2\/media?parent=28372"}],"wp:term":[{"taxonomy":"category","embeddable":true,"href":"https:\/\/www.africa-press.net\/tchad\/wp-json\/wp\/v2\/categories?post=28372"},{"taxonomy":"post_tag","embeddable":true,"href":"https:\/\/www.africa-press.net\/tchad\/wp-json\/wp\/v2\/tags?post=28372"}],"curies":[{"name":"wp","href":"https:\/\/api.w.org\/{rel}","templated":true}]}}