{"id":28388,"date":"2022-07-06T16:01:41","date_gmt":"2022-07-06T16:01:41","guid":{"rendered":"https:\/\/www.africa-press.net\/tchad\/politique\/les-etudiants-ont-desormais-des-delegues-des-bus-de-transport-face-aux-derives"},"modified":"2022-07-06T16:37:13","modified_gmt":"2022-07-06T16:37:13","slug":"les-etudiants-ont-desormais-des-delegues-des-bus-de-transport-face-aux-derives","status":"publish","type":"post","link":"https:\/\/www.africa-press.net\/tchad\/toutes-les-actualites\/les-etudiants-ont-desormais-des-delegues-des-bus-de-transport-face-aux-derives","title":{"rendered":"les \u00e9tudiants ont d\u00e9sormais des d\u00e9l\u00e9gu\u00e9s des bus de transport face aux d\u00e9rives"},"content":{"rendered":"<p><span style=\"color: #ff6600\"><strong>Africa-Press &#8211; Tchad. <\/strong><\/span>Plac\u00e9 sous le haut patronage du pr\u00e9sident de l\u2019universit\u00e9 de N\u2019Djamena, Pr.<\/p>\n<p>Mahamat Saleh Daoussa Haggar, le bureau national de l\u2019UNET, en collaboration avec la section de N\u2019Djamena, a organis\u00e9 ce 5 juin un atelier de formation des diff\u00e9rents d\u00e9l\u00e9gu\u00e9s des axes des bus de transport d&rsquo;\u00e9tudiants pour une bonne organisation \u00e0 la mont\u00e9e et \u00e0 la descente des bus.<\/p>\n<p>L\u2019objectif de cet atelier est de sensibiliser les d\u00e9l\u00e9gu\u00e9s des diff\u00e9rents axes des bus de transport estudiantins pour qu\u2019eux, \u00e0 leur tour, sensibilisent les autres \u00e9tudiants pour un changement de comportement.<\/p>\n<p>Lan\u00e7ant la formation, le pr\u00e9sident national de l\u2019UNET, Mahamat Saleh Ahmat Ali a indiqu\u00e9 que cette formation vise \u00e0 changer les comportements et pratiques pour avoir une bonne organisation de transport des \u00e9tudiants.<\/p>\n<p>D\u2019apr\u00e8s le pr\u00e9sident de l\u2019UNET , les d\u00e9l\u00e9gu\u00e9s des axes sont des \u00e9tudiants qui se sont engag\u00e9s volontairement afin d\u2019aider le Centre national des oeuvres universitaires (CNOU), l\u2019UNET et partant l\u2019universit\u00e9 pour qu\u2019il n\u2019y ait pas de d\u00e9sordres au niveau du transport.<\/p>\n<p>\u00ab Vous \u00eates engag\u00e9s, vous avez pris la responsabilit\u00e9 d\u2019\u00eatre des d\u00e9l\u00e9gu\u00e9s des axes, votre acte est \u00e0 saluer.<\/p>\n<p>Le bureau national vous remercie beaucoup \u00bb, a-t-il d\u00e9clar\u00e9.<\/p>\n<p>Mahamat Saleh Ahmat Ali de relever que ces derniers temps, il y a beaucoup probl\u00e8mes dans les diff\u00e9rents axes de circulation.<\/p>\n<p>Et tous ces probl\u00e8mes viennent des \u00e9tudiants eux-m\u00eames faute d\u2019une bonne organisation.<\/p>\n<p>Pour lui, les \u00e9tudiants doivent respecter les d\u00e9l\u00e9gu\u00e9s des axes qui sont d\u00e9sormais leurs repr\u00e9sentants dans les bus.<\/p>\n<p>Ces derniers doivent \u00eatre exemplaires et responsables vis-\u00e0-vis des chauffeurs, des billettistes et envers eux-m\u00eames.<\/p>\n<p>\u00ab \u00c0 vous les d\u00e9l\u00e9gu\u00e9s, vous avez choisi ce poste, vous devriez avoir beaucoup de courage, de patience et \u00eatres responsables, car g\u00e9rer des \u00e9tudiants n\u2019est pas chose facile \u00bb, a-t-il reconnu.<\/p>\n<p><a name=\"para_2\"><\/a>Apr\u00e8s cette formation, le bureau national de l\u2019UNET et les d\u00e9l\u00e9gu\u00e9s des axes vont faire une descente de facult\u00e9 en facult\u00e9 et entrer dans les amphith\u00e9\u00e2tres pour appeler les \u00e9tudiants \u00e0 changer de comportement.<\/p>\n<p>Il est interdit aux \u00e9tudiants, lorsqu\u2019ils rencontrent des probl\u00e8mes avec les chauffeurs de bus, de s\u2019en prendre directement \u00e0 eux.<\/p>\n<p>Ils doivent obligatoirement transmettre leurs dol\u00e9ances aux d\u00e9l\u00e9gu\u00e9s et ces derniers essayeront de r\u00e9soudre le probl\u00e8me ou de le remonter s\u2019ils sont d\u00e9pass\u00e9s.<\/p>\n<p>Pour le vice-pr\u00e9sident de l\u2019UNET, Adimbaye Tr\u00e9sor, les d\u00e9l\u00e9gu\u00e9s des axes font un travail merveilleux sur le terrain, permettant l\u2019encadrement des \u00e9tudiants \u00e0 la mont\u00e9e et \u00e0 la descente des bus.<\/p>\n<p>Il a invit\u00e9 les \u00e9tudiants \u00e0 un comportement responsable en \u00e9vitant certaines pratiques qui nuisent les activit\u00e9s acad\u00e9miques telles que les barricades, les bagarres et les crachats au sein du bus.<\/p>\n<p>D\u2019apr\u00e8s lui, ces comportements ralentissent les cours et conduisent \u00e0 des ann\u00e9es \u00e9lastiques.<\/p>\n<p>D&rsquo;apr\u00e8s le charg\u00e9 des affaires acad\u00e9miques, Moussa Mahamat \u00c9lec, personne n\u2019a \u00e9t\u00e9 pouss\u00e9 par quelqu\u2019un pour \u00eatre d\u00e9l\u00e9gu\u00e9 des axes.<\/p>\n<p>C\u2019est du volontariat et cet engagement a besoin de beaucoup d\u2019\u00e9nergie et d\u2019abn\u00e9gation.<\/p>\n<p>Pour lui, le d\u00e9l\u00e9gu\u00e9 d\u2019axe est appel\u00e9 \u00e0 assurer l\u2019interm\u00e9diaire entre les \u00e9tudiants, les chauffeurs, les billettistes, le CNOU, les chefs de parc et la coordination.<\/p>\n<p>Moussa Mahamat \u00c9lec a rappel\u00e9 que les bus appartiennent \u00e0 tous les \u00e9tudiants.<\/p>\n<p>Il a demand\u00e9 aux \u00e9tudiants d&rsquo;\u00f4ter de leurs t\u00eates certaines pens\u00e9es qui les poussent \u00e0 dire que les bus appartient \u00e0 tel ou tel axe.<\/p>\n<p>\u00ab\u00a0L\u2019essentiel est que le bus viennent les prendre, peu importe son origine\u00a0\u00bb, a-t-il tranch\u00e9.<\/p>\n<p><strong>Pour plus d&rsquo;informations et d&rsquo;analyses sur la <a href=\"https:\/\/www.africa-press.net\/tchad\">Tchad<\/a>, suivez <a href=\"https:\/\/www.africa-press.net\/\">Africa-Press<\/a><\/strong><\/p>\n","protected":false},"excerpt":{"rendered":"<p>Africa-Press &#8211; Tchad. Plac\u00e9 sous le haut patronage du pr\u00e9sident de l\u2019universit\u00e9 de N\u2019Djamena, Pr. Mahamat Saleh Daoussa Haggar, le bureau national de l\u2019UNET, en collaboration avec la section de N\u2019Djamena, a organis\u00e9 ce 5 juin un atelier de formation des diff\u00e9rents d\u00e9l\u00e9gu\u00e9s des axes des bus de transport d&rsquo;\u00e9tudiants pour une bonne organisation \u00e0 [&hellip;]<\/p>\n","protected":false},"author":82,"featured_media":28387,"comment_status":"open","ping_status":"closed","sticky":false,"template":"","format":"standard","meta":{"footnotes":""},"categories":[21,11,10],"tags":[37,292,29],"class_list":["post-28388","post","type-post","status-publish","format-standard","has-post-thumbnail","hentry","category-communaute","category-homepage-french","category-toutes-les-actualites","tag-africa-press","tag-africa-press-tchad","tag-tchad"],"yoast_head":"<!-- This site is optimized with the Yoast SEO Premium plugin v26.1 (Yoast SEO v27.0) - https:\/\/yoast.com\/product\/yoast-seo-premium-wordpress\/ -->\n<title>les \u00e9tudiants ont d\u00e9sormais des d\u00e9l\u00e9gu\u00e9s des bus de transport face aux d\u00e9rives - tchad<\/title>\n<meta name=\"description\" content=\"Plac\u00e9 sous le haut patronage du pr\u00e9sident de l\u2019universit\u00e9 de N\u2019Djamena, Pr. Mahamat Saleh Daoussa Haggar, le bureau nat ...\" \/>\n<meta name=\"robots\" content=\"index, follow, max-snippet:-1, max-image-preview:large, max-video-preview:-1\" \/>\n<link rel=\"canonical\" href=\"https:\/\/www.africa-press.net\/tchad\/toutes-les-actualites\/les-etudiants-ont-desormais-des-delegues-des-bus-de-transport-face-aux-derives\" \/>\n<meta property=\"og:locale\" content=\"fr_FR\" \/>\n<meta property=\"og:type\" content=\"article\" \/>\n<meta property=\"og:title\" content=\"les \u00e9tudiants ont d\u00e9sormais des d\u00e9l\u00e9gu\u00e9s des bus de transport face aux d\u00e9rives\" \/>\n<meta property=\"og:description\" content=\"Plac\u00e9 sous le haut patronage du pr\u00e9sident de l\u2019universit\u00e9 de N\u2019Djamena, Pr. Mahamat Saleh Daoussa Haggar, le bureau nat ...\" \/>\n<meta property=\"og:url\" content=\"https:\/\/www.africa-press.net\/tchad\/toutes-les-actualites\/les-etudiants-ont-desormais-des-delegues-des-bus-de-transport-face-aux-derives\" \/>\n<meta property=\"og:site_name\" content=\"tchad\" \/>\n<meta property=\"article:published_time\" content=\"2022-07-06T16:01:41+00:00\" \/>\n<meta property=\"article:modified_time\" content=\"2022-07-06T16:37:13+00:00\" \/>\n<meta property=\"og:image\" content=\"https:\/\/static.africa-press.net\/tchad\/sites\/41\/2022\/07\/postQueueImg_1-62c5b9f892e29-scaled.jpg\" \/>\n\t<meta property=\"og:image:width\" content=\"2560\" \/>\n\t<meta property=\"og:image:height\" content=\"1920\" \/>\n\t<meta property=\"og:image:type\" content=\"image\/jpeg\" \/>\n<meta name=\"author\" content=\"cfeditorfr\" \/>\n<meta name=\"twitter:card\" content=\"summary_large_image\" \/>\n<meta name=\"twitter:label1\" content=\"\u00c9crit par\" \/>\n\t<meta name=\"twitter:data1\" content=\"cfeditorfr\" \/>\n\t<meta name=\"twitter:label2\" content=\"Dur\u00e9e de lecture estim\u00e9e\" \/>\n\t<meta name=\"twitter:data2\" content=\"3 minutes\" \/>\n<script type=\"application\/ld+json\" class=\"yoast-schema-graph\">{\"@context\":\"https:\/\/schema.org\",\"@graph\":[{\"@type\":\"Article\",\"@id\":\"https:\/\/www.africa-press.net\/tchad\/toutes-les-actualites\/les-etudiants-ont-desormais-des-delegues-des-bus-de-transport-face-aux-derives#article\",\"isPartOf\":{\"@id\":\"https:\/\/www.africa-press.net\/tchad\/toutes-les-actualites\/les-etudiants-ont-desormais-des-delegues-des-bus-de-transport-face-aux-derives\"},\"author\":{\"name\":\"cfeditorfr\",\"@id\":\"https:\/\/www.africa-press.net\/tchad\/#\/schema\/person\/2b1cf3cd81a31e3cd26889ca66d677f1\"},\"headline\":\"les \u00e9tudiants ont d\u00e9sormais des d\u00e9l\u00e9gu\u00e9s des bus de transport face aux d\u00e9rives\",\"datePublished\":\"2022-07-06T16:01:41+00:00\",\"dateModified\":\"2022-07-06T16:37:13+00:00\",\"mainEntityOfPage\":{\"@id\":\"https:\/\/www.africa-press.net\/tchad\/toutes-les-actualites\/les-etudiants-ont-desormais-des-delegues-des-bus-de-transport-face-aux-derives\"},\"wordCount\":674,\"commentCount\":0,\"image\":{\"@id\":\"https:\/\/www.africa-press.net\/tchad\/toutes-les-actualites\/les-etudiants-ont-desormais-des-delegues-des-bus-de-transport-face-aux-derives#primaryimage\"},\"thumbnailUrl\":\"https:\/\/static.africa-press.net\/tchad\/sites\/41\/2022\/07\/postQueueImg_1-62c5b9f892e29-scaled.jpg\",\"keywords\":[\"Africa Press\",\"Africa Press-Tchad\",\"Tchad\"],\"articleSection\":[\"Communaut\u00e9\",\"homepage-french\",\"Toutes les actualit\u00e9s\"],\"inLanguage\":\"fr-FR\",\"potentialAction\":[{\"@type\":\"CommentAction\",\"name\":\"Comment\",\"target\":[\"https:\/\/www.africa-press.net\/tchad\/toutes-les-actualites\/les-etudiants-ont-desormais-des-delegues-des-bus-de-transport-face-aux-derives#respond\"]}]},{\"@type\":\"WebPage\",\"@id\":\"https:\/\/www.africa-press.net\/tchad\/toutes-les-actualites\/les-etudiants-ont-desormais-des-delegues-des-bus-de-transport-face-aux-derives\",\"url\":\"https:\/\/www.africa-press.net\/tchad\/toutes-les-actualites\/les-etudiants-ont-desormais-des-delegues-des-bus-de-transport-face-aux-derives\",\"name\":\"les \u00e9tudiants ont d\u00e9sormais des d\u00e9l\u00e9gu\u00e9s des bus de transport face aux d\u00e9rives - tchad\",\"isPartOf\":{\"@id\":\"https:\/\/www.africa-press.net\/tchad\/#website\"},\"primaryImageOfPage\":{\"@id\":\"https:\/\/www.africa-press.net\/tchad\/toutes-les-actualites\/les-etudiants-ont-desormais-des-delegues-des-bus-de-transport-face-aux-derives#primaryimage\"},\"image\":{\"@id\":\"https:\/\/www.africa-press.net\/tchad\/toutes-les-actualites\/les-etudiants-ont-desormais-des-delegues-des-bus-de-transport-face-aux-derives#primaryimage\"},\"thumbnailUrl\":\"https:\/\/static.africa-press.net\/tchad\/sites\/41\/2022\/07\/postQueueImg_1-62c5b9f892e29-scaled.jpg\",\"datePublished\":\"2022-07-06T16:01:41+00:00\",\"dateModified\":\"2022-07-06T16:37:13+00:00\",\"author\":{\"@id\":\"https:\/\/www.africa-press.net\/tchad\/#\/schema\/person\/2b1cf3cd81a31e3cd26889ca66d677f1\"},\"description\":\"Plac\u00e9 sous le haut patronage du pr\u00e9sident de l\u2019universit\u00e9 de N\u2019Djamena, Pr. Mahamat Saleh Daoussa Haggar, le bureau nat ...\",\"breadcrumb\":{\"@id\":\"https:\/\/www.africa-press.net\/tchad\/toutes-les-actualites\/les-etudiants-ont-desormais-des-delegues-des-bus-de-transport-face-aux-derives#breadcrumb\"},\"inLanguage\":\"fr-FR\",\"potentialAction\":[{\"@type\":\"ReadAction\",\"target\":[\"https:\/\/www.africa-press.net\/tchad\/toutes-les-actualites\/les-etudiants-ont-desormais-des-delegues-des-bus-de-transport-face-aux-derives\"]}]},{\"@type\":\"ImageObject\",\"inLanguage\":\"fr-FR\",\"@id\":\"https:\/\/www.africa-press.net\/tchad\/toutes-les-actualites\/les-etudiants-ont-desormais-des-delegues-des-bus-de-transport-face-aux-derives#primaryimage\",\"url\":\"https:\/\/static.africa-press.net\/tchad\/sites\/41\/2022\/07\/postQueueImg_1-62c5b9f892e29-scaled.jpg\",\"contentUrl\":\"https:\/\/static.africa-press.net\/tchad\/sites\/41\/2022\/07\/postQueueImg_1-62c5b9f892e29-scaled.jpg\",\"width\":2560,\"height\":1920,\"caption\":\"les \u00e9tudiants ont d\u00e9sormais des d\u00e9l\u00e9gu\u00e9s des bus de transport face aux d\u00e9rives\"},{\"@type\":\"BreadcrumbList\",\"@id\":\"https:\/\/www.africa-press.net\/tchad\/toutes-les-actualites\/les-etudiants-ont-desormais-des-delegues-des-bus-de-transport-face-aux-derives#breadcrumb\",\"itemListElement\":[{\"@type\":\"ListItem\",\"position\":1,\"name\":\"Accueil\",\"item\":\"https:\/\/www.africa-press.net\/tchad\/\"},{\"@type\":\"ListItem\",\"position\":2,\"name\":\"les \u00e9tudiants ont d\u00e9sormais des d\u00e9l\u00e9gu\u00e9s des bus de transport face aux d\u00e9rives\"}]},{\"@type\":\"WebSite\",\"@id\":\"https:\/\/www.africa-press.net\/tchad\/#website\",\"url\":\"https:\/\/www.africa-press.net\/tchad\/\",\"name\":\"tchad\",\"description\":\"Just another Africa News Agency Sites site\",\"potentialAction\":[{\"@type\":\"SearchAction\",\"target\":{\"@type\":\"EntryPoint\",\"urlTemplate\":\"https:\/\/www.africa-press.net\/tchad\/?s={search_term_string}\"},\"query-input\":{\"@type\":\"PropertyValueSpecification\",\"valueRequired\":true,\"valueName\":\"search_term_string\"}}],\"inLanguage\":\"fr-FR\"},{\"@type\":\"Person\",\"@id\":\"https:\/\/www.africa-press.net\/tchad\/#\/schema\/person\/2b1cf3cd81a31e3cd26889ca66d677f1\",\"name\":\"cfeditorfr\"}]}<\/script>\n<!-- \/ Yoast SEO Premium plugin. -->","yoast_head_json":{"title":"les \u00e9tudiants ont d\u00e9sormais des d\u00e9l\u00e9gu\u00e9s des bus de transport face aux d\u00e9rives - tchad","description":"Plac\u00e9 sous le haut patronage du pr\u00e9sident de l\u2019universit\u00e9 de N\u2019Djamena, Pr. Mahamat Saleh Daoussa Haggar, le bureau nat ...","robots":{"index":"index","follow":"follow","max-snippet":"max-snippet:-1","max-image-preview":"max-image-preview:large","max-video-preview":"max-video-preview:-1"},"canonical":"https:\/\/www.africa-press.net\/tchad\/toutes-les-actualites\/les-etudiants-ont-desormais-des-delegues-des-bus-de-transport-face-aux-derives","og_locale":"fr_FR","og_type":"article","og_title":"les \u00e9tudiants ont d\u00e9sormais des d\u00e9l\u00e9gu\u00e9s des bus de transport face aux d\u00e9rives","og_description":"Plac\u00e9 sous le haut patronage du pr\u00e9sident de l\u2019universit\u00e9 de N\u2019Djamena, Pr. Mahamat Saleh Daoussa Haggar, le bureau nat ...","og_url":"https:\/\/www.africa-press.net\/tchad\/toutes-les-actualites\/les-etudiants-ont-desormais-des-delegues-des-bus-de-transport-face-aux-derives","og_site_name":"tchad","article_published_time":"2022-07-06T16:01:41+00:00","article_modified_time":"2022-07-06T16:37:13+00:00","og_image":[{"width":2560,"height":1920,"url":"https:\/\/static.africa-press.net\/tchad\/sites\/41\/2022\/07\/postQueueImg_1-62c5b9f892e29-scaled.jpg","type":"image\/jpeg"}],"author":"cfeditorfr","twitter_card":"summary_large_image","twitter_misc":{"\u00c9crit par":"cfeditorfr","Dur\u00e9e de lecture estim\u00e9e":"3 minutes"},"schema":{"@context":"https:\/\/schema.org","@graph":[{"@type":"Article","@id":"https:\/\/www.africa-press.net\/tchad\/toutes-les-actualites\/les-etudiants-ont-desormais-des-delegues-des-bus-de-transport-face-aux-derives#article","isPartOf":{"@id":"https:\/\/www.africa-press.net\/tchad\/toutes-les-actualites\/les-etudiants-ont-desormais-des-delegues-des-bus-de-transport-face-aux-derives"},"author":{"name":"cfeditorfr","@id":"https:\/\/www.africa-press.net\/tchad\/#\/schema\/person\/2b1cf3cd81a31e3cd26889ca66d677f1"},"headline":"les \u00e9tudiants ont d\u00e9sormais des d\u00e9l\u00e9gu\u00e9s des bus de transport face aux d\u00e9rives","datePublished":"2022-07-06T16:01:41+00:00","dateModified":"2022-07-06T16:37:13+00:00","mainEntityOfPage":{"@id":"https:\/\/www.africa-press.net\/tchad\/toutes-les-actualites\/les-etudiants-ont-desormais-des-delegues-des-bus-de-transport-face-aux-derives"},"wordCount":674,"commentCount":0,"image":{"@id":"https:\/\/www.africa-press.net\/tchad\/toutes-les-actualites\/les-etudiants-ont-desormais-des-delegues-des-bus-de-transport-face-aux-derives#primaryimage"},"thumbnailUrl":"https:\/\/static.africa-press.net\/tchad\/sites\/41\/2022\/07\/postQueueImg_1-62c5b9f892e29-scaled.jpg","keywords":["Africa Press","Africa Press-Tchad","Tchad"],"articleSection":["Communaut\u00e9","homepage-french","Toutes les actualit\u00e9s"],"inLanguage":"fr-FR","potentialAction":[{"@type":"CommentAction","name":"Comment","target":["https:\/\/www.africa-press.net\/tchad\/toutes-les-actualites\/les-etudiants-ont-desormais-des-delegues-des-bus-de-transport-face-aux-derives#respond"]}]},{"@type":"WebPage","@id":"https:\/\/www.africa-press.net\/tchad\/toutes-les-actualites\/les-etudiants-ont-desormais-des-delegues-des-bus-de-transport-face-aux-derives","url":"https:\/\/www.africa-press.net\/tchad\/toutes-les-actualites\/les-etudiants-ont-desormais-des-delegues-des-bus-de-transport-face-aux-derives","name":"les \u00e9tudiants ont d\u00e9sormais des d\u00e9l\u00e9gu\u00e9s des bus de transport face aux d\u00e9rives - tchad","isPartOf":{"@id":"https:\/\/www.africa-press.net\/tchad\/#website"},"primaryImageOfPage":{"@id":"https:\/\/www.africa-press.net\/tchad\/toutes-les-actualites\/les-etudiants-ont-desormais-des-delegues-des-bus-de-transport-face-aux-derives#primaryimage"},"image":{"@id":"https:\/\/www.africa-press.net\/tchad\/toutes-les-actualites\/les-etudiants-ont-desormais-des-delegues-des-bus-de-transport-face-aux-derives#primaryimage"},"thumbnailUrl":"https:\/\/static.africa-press.net\/tchad\/sites\/41\/2022\/07\/postQueueImg_1-62c5b9f892e29-scaled.jpg","datePublished":"2022-07-06T16:01:41+00:00","dateModified":"2022-07-06T16:37:13+00:00","author":{"@id":"https:\/\/www.africa-press.net\/tchad\/#\/schema\/person\/2b1cf3cd81a31e3cd26889ca66d677f1"},"description":"Plac\u00e9 sous le haut patronage du pr\u00e9sident de l\u2019universit\u00e9 de N\u2019Djamena, Pr. Mahamat Saleh Daoussa Haggar, le bureau nat ...","breadcrumb":{"@id":"https:\/\/www.africa-press.net\/tchad\/toutes-les-actualites\/les-etudiants-ont-desormais-des-delegues-des-bus-de-transport-face-aux-derives#breadcrumb"},"inLanguage":"fr-FR","potentialAction":[{"@type":"ReadAction","target":["https:\/\/www.africa-press.net\/tchad\/toutes-les-actualites\/les-etudiants-ont-desormais-des-delegues-des-bus-de-transport-face-aux-derives"]}]},{"@type":"ImageObject","inLanguage":"fr-FR","@id":"https:\/\/www.africa-press.net\/tchad\/toutes-les-actualites\/les-etudiants-ont-desormais-des-delegues-des-bus-de-transport-face-aux-derives#primaryimage","url":"https:\/\/static.africa-press.net\/tchad\/sites\/41\/2022\/07\/postQueueImg_1-62c5b9f892e29-scaled.jpg","contentUrl":"https:\/\/static.africa-press.net\/tchad\/sites\/41\/2022\/07\/postQueueImg_1-62c5b9f892e29-scaled.jpg","width":2560,"height":1920,"caption":"les \u00e9tudiants ont d\u00e9sormais des d\u00e9l\u00e9gu\u00e9s des bus de transport face aux d\u00e9rives"},{"@type":"BreadcrumbList","@id":"https:\/\/www.africa-press.net\/tchad\/toutes-les-actualites\/les-etudiants-ont-desormais-des-delegues-des-bus-de-transport-face-aux-derives#breadcrumb","itemListElement":[{"@type":"ListItem","position":1,"name":"Accueil","item":"https:\/\/www.africa-press.net\/tchad\/"},{"@type":"ListItem","position":2,"name":"les \u00e9tudiants ont d\u00e9sormais des d\u00e9l\u00e9gu\u00e9s des bus de transport face aux d\u00e9rives"}]},{"@type":"WebSite","@id":"https:\/\/www.africa-press.net\/tchad\/#website","url":"https:\/\/www.africa-press.net\/tchad\/","name":"tchad","description":"Just another Africa News Agency Sites site","potentialAction":[{"@type":"SearchAction","target":{"@type":"EntryPoint","urlTemplate":"https:\/\/www.africa-press.net\/tchad\/?s={search_term_string}"},"query-input":{"@type":"PropertyValueSpecification","valueRequired":true,"valueName":"search_term_string"}}],"inLanguage":"fr-FR"},{"@type":"Person","@id":"https:\/\/www.africa-press.net\/tchad\/#\/schema\/person\/2b1cf3cd81a31e3cd26889ca66d677f1","name":"cfeditorfr"}]}},"_links":{"self":[{"href":"https:\/\/www.africa-press.net\/tchad\/wp-json\/wp\/v2\/posts\/28388","targetHints":{"allow":["GET"]}}],"collection":[{"href":"https:\/\/www.africa-press.net\/tchad\/wp-json\/wp\/v2\/posts"}],"about":[{"href":"https:\/\/www.africa-press.net\/tchad\/wp-json\/wp\/v2\/types\/post"}],"author":[{"embeddable":true,"href":"https:\/\/www.africa-press.net\/tchad\/wp-json\/wp\/v2\/users\/82"}],"replies":[{"embeddable":true,"href":"https:\/\/www.africa-press.net\/tchad\/wp-json\/wp\/v2\/comments?post=28388"}],"version-history":[{"count":0,"href":"https:\/\/www.africa-press.net\/tchad\/wp-json\/wp\/v2\/posts\/28388\/revisions"}],"wp:featuredmedia":[{"embeddable":true,"href":"https:\/\/www.africa-press.net\/tchad\/wp-json\/wp\/v2\/media\/28387"}],"wp:attachment":[{"href":"https:\/\/www.africa-press.net\/tchad\/wp-json\/wp\/v2\/media?parent=28388"}],"wp:term":[{"taxonomy":"category","embeddable":true,"href":"https:\/\/www.africa-press.net\/tchad\/wp-json\/wp\/v2\/categories?post=28388"},{"taxonomy":"post_tag","embeddable":true,"href":"https:\/\/www.africa-press.net\/tchad\/wp-json\/wp\/v2\/tags?post=28388"}],"curies":[{"name":"wp","href":"https:\/\/api.w.org\/{rel}","templated":true}]}}