{"id":28426,"date":"2022-07-06T16:12:32","date_gmt":"2022-07-06T16:12:32","guid":{"rendered":"https:\/\/www.africa-press.net\/tchad\/politique\/la-population-du-kanem-consultee-pour-le-pnd-2022-2026"},"modified":"2022-07-06T16:48:06","modified_gmt":"2022-07-06T16:48:06","slug":"la-population-du-kanem-consultee-pour-le-pnd-2022-2026","status":"publish","type":"post","link":"https:\/\/www.africa-press.net\/tchad\/economie\/la-population-du-kanem-consultee-pour-le-pnd-2022-2026","title":{"rendered":"la population du Kanem consult\u00e9e pour le PND 2022-2026"},"content":{"rendered":"<p><span style=\"color: #ff6600\"><strong>Africa-Press &#8211; Tchad. <\/strong><\/span>Un atelier provincial de restitution des r\u00e9sultats de la mise en \u0153uvre du PND 2017-2021 et de consultation des populations sur leurs aspirations pour le PND 2022-2026, s&rsquo;est ouvert ce 6 juillet 2022 \u00e0 Mao.<\/p>\n<p>Pour le chef de mission, Moutaye Whoor Hamid, par ailleurs directeur de la planification provinciale au minist\u00e8re de l&rsquo;\u00c9conomie, l&rsquo;objectif de cet atelier est de pr\u00e9senter et d&rsquo;informer les acteurs locaux de d\u00e9veloppement sur les ODD et l&rsquo;agenda 2063, de restituer les r\u00e9sultats de la mise en \u0153uvre du PND 2017-2021 et de consulter les populations sur l&rsquo;\u00e9laboration du PND 2022-2026, au niveau provincial.<\/p>\n<p>Ouvrant l&rsquo;atelier, le secr\u00e9taire g\u00e9n\u00e9ral de la province du Kanem, Satadjim Succ\u00e8s No\u00ebl, a soulign\u00e9 dans son intervention que depuis 2015, le Tchad a inscrit sa dynamique de d\u00e9veloppement dans une prospective \u00e0 long terme, \u00e0 travers la vision 2030 \u00ab Le Tchad que nous voulons \u00bb.<\/p>\n<p><strong>Pour plus d&rsquo;informations et d&rsquo;analyses sur la <a href=\"https:\/\/www.africa-press.net\/tchad\">Tchad<\/a>, suivez <a href=\"https:\/\/www.africa-press.net\/\">Africa-Press<\/a><\/strong><\/p>\n","protected":false},"excerpt":{"rendered":"<p>Africa-Press &#8211; Tchad. Un atelier provincial de restitution des r\u00e9sultats de la mise en \u0153uvre du PND 2017-2021 et de consultation des populations sur leurs aspirations pour le PND 2022-2026, s&rsquo;est ouvert ce 6 juillet 2022 \u00e0 Mao. Pour le chef de mission, Moutaye Whoor Hamid, par ailleurs directeur de la planification provinciale au minist\u00e8re [&hellip;]<\/p>\n","protected":false},"author":82,"featured_media":28425,"comment_status":"open","ping_status":"closed","sticky":false,"template":"","format":"standard","meta":{"footnotes":""},"categories":[3,11,10],"tags":[37,292,29],"class_list":["post-28426","post","type-post","status-publish","format-standard","has-post-thumbnail","hentry","category-economie","category-homepage-french","category-toutes-les-actualites","tag-africa-press","tag-africa-press-tchad","tag-tchad"],"yoast_head":"<!-- This site is optimized with the Yoast SEO Premium plugin v26.1 (Yoast SEO v27.0) - https:\/\/yoast.com\/product\/yoast-seo-premium-wordpress\/ -->\n<title>la population du Kanem consult\u00e9e pour le PND 2022-2026 - tchad<\/title>\n<meta name=\"description\" content=\"Un atelier provincial de restitution des r\u00e9sultats de la mise en \u0153uvre du PND 2017-2021 et de consultation des populatio ...\" \/>\n<meta name=\"robots\" content=\"index, follow, max-snippet:-1, max-image-preview:large, max-video-preview:-1\" \/>\n<link rel=\"canonical\" href=\"https:\/\/www.africa-press.net\/tchad\/economie\/la-population-du-kanem-consultee-pour-le-pnd-2022-2026\" \/>\n<meta property=\"og:locale\" content=\"fr_FR\" \/>\n<meta property=\"og:type\" content=\"article\" \/>\n<meta property=\"og:title\" content=\"la population du Kanem consult\u00e9e pour le PND 2022-2026\" \/>\n<meta property=\"og:description\" content=\"Un atelier provincial de restitution des r\u00e9sultats de la mise en \u0153uvre du PND 2017-2021 et de consultation des populatio ...\" \/>\n<meta property=\"og:url\" content=\"https:\/\/www.africa-press.net\/tchad\/economie\/la-population-du-kanem-consultee-pour-le-pnd-2022-2026\" \/>\n<meta property=\"og:site_name\" content=\"tchad\" \/>\n<meta property=\"article:published_time\" content=\"2022-07-06T16:12:32+00:00\" \/>\n<meta property=\"article:modified_time\" content=\"2022-07-06T16:48:06+00:00\" \/>\n<meta property=\"og:image\" content=\"https:\/\/static.africa-press.net\/tchad\/sites\/41\/2022\/07\/postQueueImg_14-62c5bca2ed7ac.jpg\" \/>\n\t<meta property=\"og:image:width\" content=\"1152\" \/>\n\t<meta property=\"og:image:height\" content=\"864\" \/>\n\t<meta property=\"og:image:type\" content=\"image\/jpeg\" \/>\n<meta name=\"author\" content=\"cfeditorfr\" \/>\n<meta name=\"twitter:card\" content=\"summary_large_image\" \/>\n<meta name=\"twitter:label1\" content=\"\u00c9crit par\" \/>\n\t<meta name=\"twitter:data1\" content=\"cfeditorfr\" \/>\n\t<meta name=\"twitter:label2\" content=\"Dur\u00e9e de lecture estim\u00e9e\" \/>\n\t<meta name=\"twitter:data2\" content=\"1 minute\" \/>\n<script type=\"application\/ld+json\" class=\"yoast-schema-graph\">{\"@context\":\"https:\/\/schema.org\",\"@graph\":[{\"@type\":\"Article\",\"@id\":\"https:\/\/www.africa-press.net\/tchad\/economie\/la-population-du-kanem-consultee-pour-le-pnd-2022-2026#article\",\"isPartOf\":{\"@id\":\"https:\/\/www.africa-press.net\/tchad\/economie\/la-population-du-kanem-consultee-pour-le-pnd-2022-2026\"},\"author\":{\"name\":\"cfeditorfr\",\"@id\":\"https:\/\/www.africa-press.net\/tchad\/#\/schema\/person\/2b1cf3cd81a31e3cd26889ca66d677f1\"},\"headline\":\"la population du Kanem consult\u00e9e pour le PND 2022-2026\",\"datePublished\":\"2022-07-06T16:12:32+00:00\",\"dateModified\":\"2022-07-06T16:48:06+00:00\",\"mainEntityOfPage\":{\"@id\":\"https:\/\/www.africa-press.net\/tchad\/economie\/la-population-du-kanem-consultee-pour-le-pnd-2022-2026\"},\"wordCount\":179,\"commentCount\":0,\"image\":{\"@id\":\"https:\/\/www.africa-press.net\/tchad\/economie\/la-population-du-kanem-consultee-pour-le-pnd-2022-2026#primaryimage\"},\"thumbnailUrl\":\"https:\/\/static.africa-press.net\/tchad\/sites\/41\/2022\/07\/postQueueImg_14-62c5bca2ed7ac.jpg\",\"keywords\":[\"Africa Press\",\"Africa Press-Tchad\",\"Tchad\"],\"articleSection\":[\"\u00c9conomie\",\"homepage-french\",\"Toutes les actualit\u00e9s\"],\"inLanguage\":\"fr-FR\",\"potentialAction\":[{\"@type\":\"CommentAction\",\"name\":\"Comment\",\"target\":[\"https:\/\/www.africa-press.net\/tchad\/economie\/la-population-du-kanem-consultee-pour-le-pnd-2022-2026#respond\"]}]},{\"@type\":\"WebPage\",\"@id\":\"https:\/\/www.africa-press.net\/tchad\/economie\/la-population-du-kanem-consultee-pour-le-pnd-2022-2026\",\"url\":\"https:\/\/www.africa-press.net\/tchad\/economie\/la-population-du-kanem-consultee-pour-le-pnd-2022-2026\",\"name\":\"la population du Kanem consult\u00e9e pour le PND 2022-2026 - tchad\",\"isPartOf\":{\"@id\":\"https:\/\/www.africa-press.net\/tchad\/#website\"},\"primaryImageOfPage\":{\"@id\":\"https:\/\/www.africa-press.net\/tchad\/economie\/la-population-du-kanem-consultee-pour-le-pnd-2022-2026#primaryimage\"},\"image\":{\"@id\":\"https:\/\/www.africa-press.net\/tchad\/economie\/la-population-du-kanem-consultee-pour-le-pnd-2022-2026#primaryimage\"},\"thumbnailUrl\":\"https:\/\/static.africa-press.net\/tchad\/sites\/41\/2022\/07\/postQueueImg_14-62c5bca2ed7ac.jpg\",\"datePublished\":\"2022-07-06T16:12:32+00:00\",\"dateModified\":\"2022-07-06T16:48:06+00:00\",\"author\":{\"@id\":\"https:\/\/www.africa-press.net\/tchad\/#\/schema\/person\/2b1cf3cd81a31e3cd26889ca66d677f1\"},\"description\":\"Un atelier provincial de restitution des r\u00e9sultats de la mise en \u0153uvre du PND 2017-2021 et de consultation des populatio ...\",\"breadcrumb\":{\"@id\":\"https:\/\/www.africa-press.net\/tchad\/economie\/la-population-du-kanem-consultee-pour-le-pnd-2022-2026#breadcrumb\"},\"inLanguage\":\"fr-FR\",\"potentialAction\":[{\"@type\":\"ReadAction\",\"target\":[\"https:\/\/www.africa-press.net\/tchad\/economie\/la-population-du-kanem-consultee-pour-le-pnd-2022-2026\"]}]},{\"@type\":\"ImageObject\",\"inLanguage\":\"fr-FR\",\"@id\":\"https:\/\/www.africa-press.net\/tchad\/economie\/la-population-du-kanem-consultee-pour-le-pnd-2022-2026#primaryimage\",\"url\":\"https:\/\/static.africa-press.net\/tchad\/sites\/41\/2022\/07\/postQueueImg_14-62c5bca2ed7ac.jpg\",\"contentUrl\":\"https:\/\/static.africa-press.net\/tchad\/sites\/41\/2022\/07\/postQueueImg_14-62c5bca2ed7ac.jpg\",\"width\":1152,\"height\":864,\"caption\":\"la population du Kanem consult\u00e9e pour le PND 2022-2026\"},{\"@type\":\"BreadcrumbList\",\"@id\":\"https:\/\/www.africa-press.net\/tchad\/economie\/la-population-du-kanem-consultee-pour-le-pnd-2022-2026#breadcrumb\",\"itemListElement\":[{\"@type\":\"ListItem\",\"position\":1,\"name\":\"Accueil\",\"item\":\"https:\/\/www.africa-press.net\/tchad\/\"},{\"@type\":\"ListItem\",\"position\":2,\"name\":\"la population du Kanem consult\u00e9e pour le PND 2022-2026\"}]},{\"@type\":\"WebSite\",\"@id\":\"https:\/\/www.africa-press.net\/tchad\/#website\",\"url\":\"https:\/\/www.africa-press.net\/tchad\/\",\"name\":\"tchad\",\"description\":\"Just another Africa News Agency Sites site\",\"potentialAction\":[{\"@type\":\"SearchAction\",\"target\":{\"@type\":\"EntryPoint\",\"urlTemplate\":\"https:\/\/www.africa-press.net\/tchad\/?s={search_term_string}\"},\"query-input\":{\"@type\":\"PropertyValueSpecification\",\"valueRequired\":true,\"valueName\":\"search_term_string\"}}],\"inLanguage\":\"fr-FR\"},{\"@type\":\"Person\",\"@id\":\"https:\/\/www.africa-press.net\/tchad\/#\/schema\/person\/2b1cf3cd81a31e3cd26889ca66d677f1\",\"name\":\"cfeditorfr\"}]}<\/script>\n<!-- \/ Yoast SEO Premium plugin. -->","yoast_head_json":{"title":"la population du Kanem consult\u00e9e pour le PND 2022-2026 - tchad","description":"Un atelier provincial de restitution des r\u00e9sultats de la mise en \u0153uvre du PND 2017-2021 et de consultation des populatio ...","robots":{"index":"index","follow":"follow","max-snippet":"max-snippet:-1","max-image-preview":"max-image-preview:large","max-video-preview":"max-video-preview:-1"},"canonical":"https:\/\/www.africa-press.net\/tchad\/economie\/la-population-du-kanem-consultee-pour-le-pnd-2022-2026","og_locale":"fr_FR","og_type":"article","og_title":"la population du Kanem consult\u00e9e pour le PND 2022-2026","og_description":"Un atelier provincial de restitution des r\u00e9sultats de la mise en \u0153uvre du PND 2017-2021 et de consultation des populatio ...","og_url":"https:\/\/www.africa-press.net\/tchad\/economie\/la-population-du-kanem-consultee-pour-le-pnd-2022-2026","og_site_name":"tchad","article_published_time":"2022-07-06T16:12:32+00:00","article_modified_time":"2022-07-06T16:48:06+00:00","og_image":[{"width":1152,"height":864,"url":"https:\/\/static.africa-press.net\/tchad\/sites\/41\/2022\/07\/postQueueImg_14-62c5bca2ed7ac.jpg","type":"image\/jpeg"}],"author":"cfeditorfr","twitter_card":"summary_large_image","twitter_misc":{"\u00c9crit par":"cfeditorfr","Dur\u00e9e de lecture estim\u00e9e":"1 minute"},"schema":{"@context":"https:\/\/schema.org","@graph":[{"@type":"Article","@id":"https:\/\/www.africa-press.net\/tchad\/economie\/la-population-du-kanem-consultee-pour-le-pnd-2022-2026#article","isPartOf":{"@id":"https:\/\/www.africa-press.net\/tchad\/economie\/la-population-du-kanem-consultee-pour-le-pnd-2022-2026"},"author":{"name":"cfeditorfr","@id":"https:\/\/www.africa-press.net\/tchad\/#\/schema\/person\/2b1cf3cd81a31e3cd26889ca66d677f1"},"headline":"la population du Kanem consult\u00e9e pour le PND 2022-2026","datePublished":"2022-07-06T16:12:32+00:00","dateModified":"2022-07-06T16:48:06+00:00","mainEntityOfPage":{"@id":"https:\/\/www.africa-press.net\/tchad\/economie\/la-population-du-kanem-consultee-pour-le-pnd-2022-2026"},"wordCount":179,"commentCount":0,"image":{"@id":"https:\/\/www.africa-press.net\/tchad\/economie\/la-population-du-kanem-consultee-pour-le-pnd-2022-2026#primaryimage"},"thumbnailUrl":"https:\/\/static.africa-press.net\/tchad\/sites\/41\/2022\/07\/postQueueImg_14-62c5bca2ed7ac.jpg","keywords":["Africa Press","Africa Press-Tchad","Tchad"],"articleSection":["\u00c9conomie","homepage-french","Toutes les actualit\u00e9s"],"inLanguage":"fr-FR","potentialAction":[{"@type":"CommentAction","name":"Comment","target":["https:\/\/www.africa-press.net\/tchad\/economie\/la-population-du-kanem-consultee-pour-le-pnd-2022-2026#respond"]}]},{"@type":"WebPage","@id":"https:\/\/www.africa-press.net\/tchad\/economie\/la-population-du-kanem-consultee-pour-le-pnd-2022-2026","url":"https:\/\/www.africa-press.net\/tchad\/economie\/la-population-du-kanem-consultee-pour-le-pnd-2022-2026","name":"la population du Kanem consult\u00e9e pour le PND 2022-2026 - tchad","isPartOf":{"@id":"https:\/\/www.africa-press.net\/tchad\/#website"},"primaryImageOfPage":{"@id":"https:\/\/www.africa-press.net\/tchad\/economie\/la-population-du-kanem-consultee-pour-le-pnd-2022-2026#primaryimage"},"image":{"@id":"https:\/\/www.africa-press.net\/tchad\/economie\/la-population-du-kanem-consultee-pour-le-pnd-2022-2026#primaryimage"},"thumbnailUrl":"https:\/\/static.africa-press.net\/tchad\/sites\/41\/2022\/07\/postQueueImg_14-62c5bca2ed7ac.jpg","datePublished":"2022-07-06T16:12:32+00:00","dateModified":"2022-07-06T16:48:06+00:00","author":{"@id":"https:\/\/www.africa-press.net\/tchad\/#\/schema\/person\/2b1cf3cd81a31e3cd26889ca66d677f1"},"description":"Un atelier provincial de restitution des r\u00e9sultats de la mise en \u0153uvre du PND 2017-2021 et de consultation des populatio ...","breadcrumb":{"@id":"https:\/\/www.africa-press.net\/tchad\/economie\/la-population-du-kanem-consultee-pour-le-pnd-2022-2026#breadcrumb"},"inLanguage":"fr-FR","potentialAction":[{"@type":"ReadAction","target":["https:\/\/www.africa-press.net\/tchad\/economie\/la-population-du-kanem-consultee-pour-le-pnd-2022-2026"]}]},{"@type":"ImageObject","inLanguage":"fr-FR","@id":"https:\/\/www.africa-press.net\/tchad\/economie\/la-population-du-kanem-consultee-pour-le-pnd-2022-2026#primaryimage","url":"https:\/\/static.africa-press.net\/tchad\/sites\/41\/2022\/07\/postQueueImg_14-62c5bca2ed7ac.jpg","contentUrl":"https:\/\/static.africa-press.net\/tchad\/sites\/41\/2022\/07\/postQueueImg_14-62c5bca2ed7ac.jpg","width":1152,"height":864,"caption":"la population du Kanem consult\u00e9e pour le PND 2022-2026"},{"@type":"BreadcrumbList","@id":"https:\/\/www.africa-press.net\/tchad\/economie\/la-population-du-kanem-consultee-pour-le-pnd-2022-2026#breadcrumb","itemListElement":[{"@type":"ListItem","position":1,"name":"Accueil","item":"https:\/\/www.africa-press.net\/tchad\/"},{"@type":"ListItem","position":2,"name":"la population du Kanem consult\u00e9e pour le PND 2022-2026"}]},{"@type":"WebSite","@id":"https:\/\/www.africa-press.net\/tchad\/#website","url":"https:\/\/www.africa-press.net\/tchad\/","name":"tchad","description":"Just another Africa News Agency Sites site","potentialAction":[{"@type":"SearchAction","target":{"@type":"EntryPoint","urlTemplate":"https:\/\/www.africa-press.net\/tchad\/?s={search_term_string}"},"query-input":{"@type":"PropertyValueSpecification","valueRequired":true,"valueName":"search_term_string"}}],"inLanguage":"fr-FR"},{"@type":"Person","@id":"https:\/\/www.africa-press.net\/tchad\/#\/schema\/person\/2b1cf3cd81a31e3cd26889ca66d677f1","name":"cfeditorfr"}]}},"_links":{"self":[{"href":"https:\/\/www.africa-press.net\/tchad\/wp-json\/wp\/v2\/posts\/28426","targetHints":{"allow":["GET"]}}],"collection":[{"href":"https:\/\/www.africa-press.net\/tchad\/wp-json\/wp\/v2\/posts"}],"about":[{"href":"https:\/\/www.africa-press.net\/tchad\/wp-json\/wp\/v2\/types\/post"}],"author":[{"embeddable":true,"href":"https:\/\/www.africa-press.net\/tchad\/wp-json\/wp\/v2\/users\/82"}],"replies":[{"embeddable":true,"href":"https:\/\/www.africa-press.net\/tchad\/wp-json\/wp\/v2\/comments?post=28426"}],"version-history":[{"count":0,"href":"https:\/\/www.africa-press.net\/tchad\/wp-json\/wp\/v2\/posts\/28426\/revisions"}],"wp:featuredmedia":[{"embeddable":true,"href":"https:\/\/www.africa-press.net\/tchad\/wp-json\/wp\/v2\/media\/28425"}],"wp:attachment":[{"href":"https:\/\/www.africa-press.net\/tchad\/wp-json\/wp\/v2\/media?parent=28426"}],"wp:term":[{"taxonomy":"category","embeddable":true,"href":"https:\/\/www.africa-press.net\/tchad\/wp-json\/wp\/v2\/categories?post=28426"},{"taxonomy":"post_tag","embeddable":true,"href":"https:\/\/www.africa-press.net\/tchad\/wp-json\/wp\/v2\/tags?post=28426"}],"curies":[{"name":"wp","href":"https:\/\/api.w.org\/{rel}","templated":true}]}}