{"id":28450,"date":"2022-07-07T17:03:49","date_gmt":"2022-07-07T17:03:49","guid":{"rendered":"https:\/\/www.africa-press.net\/tchad\/politique\/ladhet-denonce-laccaparement-des-terres-des-populations-par-des-officiers-au-village-senegal"},"modified":"2022-07-07T17:29:09","modified_gmt":"2022-07-07T17:29:09","slug":"ladhet-denonce-laccaparement-des-terres-des-populations-par-des-officiers-au-village-senegal","status":"publish","type":"post","link":"https:\/\/www.africa-press.net\/tchad\/toutes-les-actualites\/ladhet-denonce-laccaparement-des-terres-des-populations-par-des-officiers-au-village-senegal","title":{"rendered":"l\u2019ADHET d\u00e9nonce l\u2019accaparement des terres des populations par des officiers au village S\u00e9n\u00e9gal"},"content":{"rendered":"<p><span style=\"color: #ff6600\"><strong>Africa-Press &#8211; Tchad. <\/strong><\/span>Comment un illustre citoyen puisse d\u00e9poss\u00e9der des centaines de populations de leurs terres pour s\u2019en attribuer \u00e0 lui et \u00e0 lui seul des kilom\u00e8tres de terres \u00e0 perte de vue ? Y a-t-il des lois dans ce pays ? Y a-t-il des autorit\u00e9s dans ce pays ? \u00bb, tant d\u2019interrogations que se pose l\u2019Alliance des d\u00e9fenseurs des droits humains et de l\u2019environnement au Tchad (ADHET).<\/p>\n<p>Tout en d\u00e9non\u00e7ant ces pratiques qui prennent une allure inqui\u00e8tante, l\u2019ADHET exige dans son communiqu\u00e9 de presse qu\u2019il soit mis fin \u00e0 ce qui se passe dans le village S\u00e9n\u00e9gal, dans le d\u00e9partement de Dourbali et que les auteurs de ces actes et leurs complices soient appr\u00e9hend\u00e9s et mis \u00e0 la disposition de la justice.<\/p>\n<p>Par ailleurs, l\u2019Alliance se r\u00e9serve le droit d\u2019enclencher dans les prochains jours des actions appropri\u00e9es pour d\u00e9noncer en rendant public les faits, faux actes et les photos des auteurs de ces accaparements ainsi que leurs complices sur les r\u00e9seaux sociaux et dans la presse.<\/p>\n<p>Mais en attendant, l\u2019Alliance des d\u00e9fenseurs des droits humains et de l\u2019environnement au Tchad interpelle les autorit\u00e9s \u00e0 mettre fin \u00e0 la souffrance des victimes d\u2019accaparement en ce temps de crise.<\/p>\n<p><strong>Pour plus d&rsquo;informations et d&rsquo;analyses sur la <a href=\"https:\/\/www.africa-press.net\/tchad\">Tchad<\/a>, suivez <a href=\"https:\/\/www.africa-press.net\/\">Africa-Press<\/a><\/strong><\/p>\n","protected":false},"excerpt":{"rendered":"<p>Africa-Press &#8211; Tchad. Comment un illustre citoyen puisse d\u00e9poss\u00e9der des centaines de populations de leurs terres pour s\u2019en attribuer \u00e0 lui et \u00e0 lui seul des kilom\u00e8tres de terres \u00e0 perte de vue ? Y a-t-il des lois dans ce pays ? Y a-t-il des autorit\u00e9s dans ce pays ? \u00bb, tant d\u2019interrogations que se [&hellip;]<\/p>\n","protected":false},"author":82,"featured_media":28449,"comment_status":"open","ping_status":"closed","sticky":false,"template":"","format":"standard","meta":{"footnotes":""},"categories":[21,11,10],"tags":[37,292,29],"class_list":["post-28450","post","type-post","status-publish","format-standard","has-post-thumbnail","hentry","category-communaute","category-homepage-french","category-toutes-les-actualites","tag-africa-press","tag-africa-press-tchad","tag-tchad"],"yoast_head":"<!-- This site is optimized with the Yoast SEO Premium plugin v26.1 (Yoast SEO v27.0) - https:\/\/yoast.com\/product\/yoast-seo-premium-wordpress\/ -->\n<title>l\u2019ADHET d\u00e9nonce l\u2019accaparement des terres des populations par des officiers au village S\u00e9n\u00e9gal - tchad<\/title>\n<meta name=\"description\" content=\"Comment un illustre citoyen puisse d\u00e9poss\u00e9der des centaines de populations de leurs terres pour s\u2019en attribuer \u00e0 lui et ...\" \/>\n<meta name=\"robots\" content=\"index, follow, max-snippet:-1, max-image-preview:large, max-video-preview:-1\" \/>\n<link rel=\"canonical\" href=\"https:\/\/www.africa-press.net\/tchad\/toutes-les-actualites\/ladhet-denonce-laccaparement-des-terres-des-populations-par-des-officiers-au-village-senegal\" \/>\n<meta property=\"og:locale\" content=\"fr_FR\" \/>\n<meta property=\"og:type\" content=\"article\" \/>\n<meta property=\"og:title\" content=\"l\u2019ADHET d\u00e9nonce l\u2019accaparement des terres des populations par des officiers au village S\u00e9n\u00e9gal\" \/>\n<meta property=\"og:description\" content=\"Comment un illustre citoyen puisse d\u00e9poss\u00e9der des centaines de populations de leurs terres pour s\u2019en attribuer \u00e0 lui et ...\" \/>\n<meta property=\"og:url\" content=\"https:\/\/www.africa-press.net\/tchad\/toutes-les-actualites\/ladhet-denonce-laccaparement-des-terres-des-populations-par-des-officiers-au-village-senegal\" \/>\n<meta property=\"og:site_name\" content=\"tchad\" \/>\n<meta property=\"article:published_time\" content=\"2022-07-07T17:03:49+00:00\" \/>\n<meta property=\"article:modified_time\" content=\"2022-07-07T17:29:09+00:00\" \/>\n<meta property=\"og:image\" content=\"https:\/\/static.africa-press.net\/tchad\/sites\/41\/2022\/07\/postQueueImg_3-62c717cd5774b.jpg\" \/>\n\t<meta property=\"og:image:width\" content=\"720\" \/>\n\t<meta property=\"og:image:height\" content=\"539\" \/>\n\t<meta property=\"og:image:type\" content=\"image\/jpeg\" \/>\n<meta name=\"author\" content=\"cfeditorfr\" \/>\n<meta name=\"twitter:card\" content=\"summary_large_image\" \/>\n<meta name=\"twitter:label1\" content=\"\u00c9crit par\" \/>\n\t<meta name=\"twitter:data1\" content=\"cfeditorfr\" \/>\n\t<meta name=\"twitter:label2\" content=\"Dur\u00e9e de lecture estim\u00e9e\" \/>\n\t<meta name=\"twitter:data2\" content=\"1 minute\" \/>\n<script type=\"application\/ld+json\" class=\"yoast-schema-graph\">{\"@context\":\"https:\/\/schema.org\",\"@graph\":[{\"@type\":\"Article\",\"@id\":\"https:\/\/www.africa-press.net\/tchad\/toutes-les-actualites\/ladhet-denonce-laccaparement-des-terres-des-populations-par-des-officiers-au-village-senegal#article\",\"isPartOf\":{\"@id\":\"https:\/\/www.africa-press.net\/tchad\/toutes-les-actualites\/ladhet-denonce-laccaparement-des-terres-des-populations-par-des-officiers-au-village-senegal\"},\"author\":{\"name\":\"cfeditorfr\",\"@id\":\"https:\/\/www.africa-press.net\/tchad\/#\/schema\/person\/2b1cf3cd81a31e3cd26889ca66d677f1\"},\"headline\":\"l\u2019ADHET d\u00e9nonce l\u2019accaparement des terres des populations par des officiers au village S\u00e9n\u00e9gal\",\"datePublished\":\"2022-07-07T17:03:49+00:00\",\"dateModified\":\"2022-07-07T17:29:09+00:00\",\"mainEntityOfPage\":{\"@id\":\"https:\/\/www.africa-press.net\/tchad\/toutes-les-actualites\/ladhet-denonce-laccaparement-des-terres-des-populations-par-des-officiers-au-village-senegal\"},\"wordCount\":247,\"commentCount\":0,\"image\":{\"@id\":\"https:\/\/www.africa-press.net\/tchad\/toutes-les-actualites\/ladhet-denonce-laccaparement-des-terres-des-populations-par-des-officiers-au-village-senegal#primaryimage\"},\"thumbnailUrl\":\"https:\/\/static.africa-press.net\/tchad\/sites\/41\/2022\/07\/postQueueImg_3-62c717cd5774b.jpg\",\"keywords\":[\"Africa Press\",\"Africa Press-Tchad\",\"Tchad\"],\"articleSection\":[\"Communaut\u00e9\",\"homepage-french\",\"Toutes les actualit\u00e9s\"],\"inLanguage\":\"fr-FR\",\"potentialAction\":[{\"@type\":\"CommentAction\",\"name\":\"Comment\",\"target\":[\"https:\/\/www.africa-press.net\/tchad\/toutes-les-actualites\/ladhet-denonce-laccaparement-des-terres-des-populations-par-des-officiers-au-village-senegal#respond\"]}]},{\"@type\":\"WebPage\",\"@id\":\"https:\/\/www.africa-press.net\/tchad\/toutes-les-actualites\/ladhet-denonce-laccaparement-des-terres-des-populations-par-des-officiers-au-village-senegal\",\"url\":\"https:\/\/www.africa-press.net\/tchad\/toutes-les-actualites\/ladhet-denonce-laccaparement-des-terres-des-populations-par-des-officiers-au-village-senegal\",\"name\":\"l\u2019ADHET d\u00e9nonce l\u2019accaparement des terres des populations par des officiers au village S\u00e9n\u00e9gal - tchad\",\"isPartOf\":{\"@id\":\"https:\/\/www.africa-press.net\/tchad\/#website\"},\"primaryImageOfPage\":{\"@id\":\"https:\/\/www.africa-press.net\/tchad\/toutes-les-actualites\/ladhet-denonce-laccaparement-des-terres-des-populations-par-des-officiers-au-village-senegal#primaryimage\"},\"image\":{\"@id\":\"https:\/\/www.africa-press.net\/tchad\/toutes-les-actualites\/ladhet-denonce-laccaparement-des-terres-des-populations-par-des-officiers-au-village-senegal#primaryimage\"},\"thumbnailUrl\":\"https:\/\/static.africa-press.net\/tchad\/sites\/41\/2022\/07\/postQueueImg_3-62c717cd5774b.jpg\",\"datePublished\":\"2022-07-07T17:03:49+00:00\",\"dateModified\":\"2022-07-07T17:29:09+00:00\",\"author\":{\"@id\":\"https:\/\/www.africa-press.net\/tchad\/#\/schema\/person\/2b1cf3cd81a31e3cd26889ca66d677f1\"},\"description\":\"Comment un illustre citoyen puisse d\u00e9poss\u00e9der des centaines de populations de leurs terres pour s\u2019en attribuer \u00e0 lui et ...\",\"breadcrumb\":{\"@id\":\"https:\/\/www.africa-press.net\/tchad\/toutes-les-actualites\/ladhet-denonce-laccaparement-des-terres-des-populations-par-des-officiers-au-village-senegal#breadcrumb\"},\"inLanguage\":\"fr-FR\",\"potentialAction\":[{\"@type\":\"ReadAction\",\"target\":[\"https:\/\/www.africa-press.net\/tchad\/toutes-les-actualites\/ladhet-denonce-laccaparement-des-terres-des-populations-par-des-officiers-au-village-senegal\"]}]},{\"@type\":\"ImageObject\",\"inLanguage\":\"fr-FR\",\"@id\":\"https:\/\/www.africa-press.net\/tchad\/toutes-les-actualites\/ladhet-denonce-laccaparement-des-terres-des-populations-par-des-officiers-au-village-senegal#primaryimage\",\"url\":\"https:\/\/static.africa-press.net\/tchad\/sites\/41\/2022\/07\/postQueueImg_3-62c717cd5774b.jpg\",\"contentUrl\":\"https:\/\/static.africa-press.net\/tchad\/sites\/41\/2022\/07\/postQueueImg_3-62c717cd5774b.jpg\",\"width\":720,\"height\":539,\"caption\":\"l\u2019ADHET d\u00e9nonce l\u2019accaparement des terres des populations par des officiers au village S\u00e9n\u00e9gal\"},{\"@type\":\"BreadcrumbList\",\"@id\":\"https:\/\/www.africa-press.net\/tchad\/toutes-les-actualites\/ladhet-denonce-laccaparement-des-terres-des-populations-par-des-officiers-au-village-senegal#breadcrumb\",\"itemListElement\":[{\"@type\":\"ListItem\",\"position\":1,\"name\":\"Accueil\",\"item\":\"https:\/\/www.africa-press.net\/tchad\/\"},{\"@type\":\"ListItem\",\"position\":2,\"name\":\"l\u2019ADHET d\u00e9nonce l\u2019accaparement des terres des populations par des officiers au village S\u00e9n\u00e9gal\"}]},{\"@type\":\"WebSite\",\"@id\":\"https:\/\/www.africa-press.net\/tchad\/#website\",\"url\":\"https:\/\/www.africa-press.net\/tchad\/\",\"name\":\"tchad\",\"description\":\"Just another Africa News Agency Sites site\",\"potentialAction\":[{\"@type\":\"SearchAction\",\"target\":{\"@type\":\"EntryPoint\",\"urlTemplate\":\"https:\/\/www.africa-press.net\/tchad\/?s={search_term_string}\"},\"query-input\":{\"@type\":\"PropertyValueSpecification\",\"valueRequired\":true,\"valueName\":\"search_term_string\"}}],\"inLanguage\":\"fr-FR\"},{\"@type\":\"Person\",\"@id\":\"https:\/\/www.africa-press.net\/tchad\/#\/schema\/person\/2b1cf3cd81a31e3cd26889ca66d677f1\",\"name\":\"cfeditorfr\"}]}<\/script>\n<!-- \/ Yoast SEO Premium plugin. -->","yoast_head_json":{"title":"l\u2019ADHET d\u00e9nonce l\u2019accaparement des terres des populations par des officiers au village S\u00e9n\u00e9gal - tchad","description":"Comment un illustre citoyen puisse d\u00e9poss\u00e9der des centaines de populations de leurs terres pour s\u2019en attribuer \u00e0 lui et ...","robots":{"index":"index","follow":"follow","max-snippet":"max-snippet:-1","max-image-preview":"max-image-preview:large","max-video-preview":"max-video-preview:-1"},"canonical":"https:\/\/www.africa-press.net\/tchad\/toutes-les-actualites\/ladhet-denonce-laccaparement-des-terres-des-populations-par-des-officiers-au-village-senegal","og_locale":"fr_FR","og_type":"article","og_title":"l\u2019ADHET d\u00e9nonce l\u2019accaparement des terres des populations par des officiers au village S\u00e9n\u00e9gal","og_description":"Comment un illustre citoyen puisse d\u00e9poss\u00e9der des centaines de populations de leurs terres pour s\u2019en attribuer \u00e0 lui et ...","og_url":"https:\/\/www.africa-press.net\/tchad\/toutes-les-actualites\/ladhet-denonce-laccaparement-des-terres-des-populations-par-des-officiers-au-village-senegal","og_site_name":"tchad","article_published_time":"2022-07-07T17:03:49+00:00","article_modified_time":"2022-07-07T17:29:09+00:00","og_image":[{"width":720,"height":539,"url":"https:\/\/static.africa-press.net\/tchad\/sites\/41\/2022\/07\/postQueueImg_3-62c717cd5774b.jpg","type":"image\/jpeg"}],"author":"cfeditorfr","twitter_card":"summary_large_image","twitter_misc":{"\u00c9crit par":"cfeditorfr","Dur\u00e9e de lecture estim\u00e9e":"1 minute"},"schema":{"@context":"https:\/\/schema.org","@graph":[{"@type":"Article","@id":"https:\/\/www.africa-press.net\/tchad\/toutes-les-actualites\/ladhet-denonce-laccaparement-des-terres-des-populations-par-des-officiers-au-village-senegal#article","isPartOf":{"@id":"https:\/\/www.africa-press.net\/tchad\/toutes-les-actualites\/ladhet-denonce-laccaparement-des-terres-des-populations-par-des-officiers-au-village-senegal"},"author":{"name":"cfeditorfr","@id":"https:\/\/www.africa-press.net\/tchad\/#\/schema\/person\/2b1cf3cd81a31e3cd26889ca66d677f1"},"headline":"l\u2019ADHET d\u00e9nonce l\u2019accaparement des terres des populations par des officiers au village S\u00e9n\u00e9gal","datePublished":"2022-07-07T17:03:49+00:00","dateModified":"2022-07-07T17:29:09+00:00","mainEntityOfPage":{"@id":"https:\/\/www.africa-press.net\/tchad\/toutes-les-actualites\/ladhet-denonce-laccaparement-des-terres-des-populations-par-des-officiers-au-village-senegal"},"wordCount":247,"commentCount":0,"image":{"@id":"https:\/\/www.africa-press.net\/tchad\/toutes-les-actualites\/ladhet-denonce-laccaparement-des-terres-des-populations-par-des-officiers-au-village-senegal#primaryimage"},"thumbnailUrl":"https:\/\/static.africa-press.net\/tchad\/sites\/41\/2022\/07\/postQueueImg_3-62c717cd5774b.jpg","keywords":["Africa Press","Africa Press-Tchad","Tchad"],"articleSection":["Communaut\u00e9","homepage-french","Toutes les actualit\u00e9s"],"inLanguage":"fr-FR","potentialAction":[{"@type":"CommentAction","name":"Comment","target":["https:\/\/www.africa-press.net\/tchad\/toutes-les-actualites\/ladhet-denonce-laccaparement-des-terres-des-populations-par-des-officiers-au-village-senegal#respond"]}]},{"@type":"WebPage","@id":"https:\/\/www.africa-press.net\/tchad\/toutes-les-actualites\/ladhet-denonce-laccaparement-des-terres-des-populations-par-des-officiers-au-village-senegal","url":"https:\/\/www.africa-press.net\/tchad\/toutes-les-actualites\/ladhet-denonce-laccaparement-des-terres-des-populations-par-des-officiers-au-village-senegal","name":"l\u2019ADHET d\u00e9nonce l\u2019accaparement des terres des populations par des officiers au village S\u00e9n\u00e9gal - tchad","isPartOf":{"@id":"https:\/\/www.africa-press.net\/tchad\/#website"},"primaryImageOfPage":{"@id":"https:\/\/www.africa-press.net\/tchad\/toutes-les-actualites\/ladhet-denonce-laccaparement-des-terres-des-populations-par-des-officiers-au-village-senegal#primaryimage"},"image":{"@id":"https:\/\/www.africa-press.net\/tchad\/toutes-les-actualites\/ladhet-denonce-laccaparement-des-terres-des-populations-par-des-officiers-au-village-senegal#primaryimage"},"thumbnailUrl":"https:\/\/static.africa-press.net\/tchad\/sites\/41\/2022\/07\/postQueueImg_3-62c717cd5774b.jpg","datePublished":"2022-07-07T17:03:49+00:00","dateModified":"2022-07-07T17:29:09+00:00","author":{"@id":"https:\/\/www.africa-press.net\/tchad\/#\/schema\/person\/2b1cf3cd81a31e3cd26889ca66d677f1"},"description":"Comment un illustre citoyen puisse d\u00e9poss\u00e9der des centaines de populations de leurs terres pour s\u2019en attribuer \u00e0 lui et ...","breadcrumb":{"@id":"https:\/\/www.africa-press.net\/tchad\/toutes-les-actualites\/ladhet-denonce-laccaparement-des-terres-des-populations-par-des-officiers-au-village-senegal#breadcrumb"},"inLanguage":"fr-FR","potentialAction":[{"@type":"ReadAction","target":["https:\/\/www.africa-press.net\/tchad\/toutes-les-actualites\/ladhet-denonce-laccaparement-des-terres-des-populations-par-des-officiers-au-village-senegal"]}]},{"@type":"ImageObject","inLanguage":"fr-FR","@id":"https:\/\/www.africa-press.net\/tchad\/toutes-les-actualites\/ladhet-denonce-laccaparement-des-terres-des-populations-par-des-officiers-au-village-senegal#primaryimage","url":"https:\/\/static.africa-press.net\/tchad\/sites\/41\/2022\/07\/postQueueImg_3-62c717cd5774b.jpg","contentUrl":"https:\/\/static.africa-press.net\/tchad\/sites\/41\/2022\/07\/postQueueImg_3-62c717cd5774b.jpg","width":720,"height":539,"caption":"l\u2019ADHET d\u00e9nonce l\u2019accaparement des terres des populations par des officiers au village S\u00e9n\u00e9gal"},{"@type":"BreadcrumbList","@id":"https:\/\/www.africa-press.net\/tchad\/toutes-les-actualites\/ladhet-denonce-laccaparement-des-terres-des-populations-par-des-officiers-au-village-senegal#breadcrumb","itemListElement":[{"@type":"ListItem","position":1,"name":"Accueil","item":"https:\/\/www.africa-press.net\/tchad\/"},{"@type":"ListItem","position":2,"name":"l\u2019ADHET d\u00e9nonce l\u2019accaparement des terres des populations par des officiers au village S\u00e9n\u00e9gal"}]},{"@type":"WebSite","@id":"https:\/\/www.africa-press.net\/tchad\/#website","url":"https:\/\/www.africa-press.net\/tchad\/","name":"tchad","description":"Just another Africa News Agency Sites site","potentialAction":[{"@type":"SearchAction","target":{"@type":"EntryPoint","urlTemplate":"https:\/\/www.africa-press.net\/tchad\/?s={search_term_string}"},"query-input":{"@type":"PropertyValueSpecification","valueRequired":true,"valueName":"search_term_string"}}],"inLanguage":"fr-FR"},{"@type":"Person","@id":"https:\/\/www.africa-press.net\/tchad\/#\/schema\/person\/2b1cf3cd81a31e3cd26889ca66d677f1","name":"cfeditorfr"}]}},"_links":{"self":[{"href":"https:\/\/www.africa-press.net\/tchad\/wp-json\/wp\/v2\/posts\/28450","targetHints":{"allow":["GET"]}}],"collection":[{"href":"https:\/\/www.africa-press.net\/tchad\/wp-json\/wp\/v2\/posts"}],"about":[{"href":"https:\/\/www.africa-press.net\/tchad\/wp-json\/wp\/v2\/types\/post"}],"author":[{"embeddable":true,"href":"https:\/\/www.africa-press.net\/tchad\/wp-json\/wp\/v2\/users\/82"}],"replies":[{"embeddable":true,"href":"https:\/\/www.africa-press.net\/tchad\/wp-json\/wp\/v2\/comments?post=28450"}],"version-history":[{"count":0,"href":"https:\/\/www.africa-press.net\/tchad\/wp-json\/wp\/v2\/posts\/28450\/revisions"}],"wp:featuredmedia":[{"embeddable":true,"href":"https:\/\/www.africa-press.net\/tchad\/wp-json\/wp\/v2\/media\/28449"}],"wp:attachment":[{"href":"https:\/\/www.africa-press.net\/tchad\/wp-json\/wp\/v2\/media?parent=28450"}],"wp:term":[{"taxonomy":"category","embeddable":true,"href":"https:\/\/www.africa-press.net\/tchad\/wp-json\/wp\/v2\/categories?post=28450"},{"taxonomy":"post_tag","embeddable":true,"href":"https:\/\/www.africa-press.net\/tchad\/wp-json\/wp\/v2\/tags?post=28450"}],"curies":[{"name":"wp","href":"https:\/\/api.w.org\/{rel}","templated":true}]}}