{"id":28457,"date":"2022-07-07T17:10:32","date_gmt":"2022-07-07T17:10:32","guid":{"rendered":"https:\/\/www.africa-press.net\/tchad\/politique\/le-tchad-a-celebre-la-journee-mondiale-des-zoonoses"},"modified":"2022-07-07T17:30:47","modified_gmt":"2022-07-07T17:30:47","slug":"le-tchad-a-celebre-la-journee-mondiale-des-zoonoses","status":"publish","type":"post","link":"https:\/\/www.africa-press.net\/tchad\/toutes-les-actualites\/le-tchad-a-celebre-la-journee-mondiale-des-zoonoses","title":{"rendered":"Le Tchad a c\u00e9l\u00e9br\u00e9 la journ\u00e9e mondiale des zoonoses"},"content":{"rendered":"<p><span style=\"color: #ff6600\"><strong>Africa-Press &#8211; Tchad. <\/strong><\/span><b>A l\u2019instar des autres pays du monde, la journ\u00e9e mondiale des zoonoses a \u00e9t\u00e9 c\u00e9l\u00e9br\u00e9e au Tchad le 06 juillet 2022. C\u2019est une maladie qui se transmet de l\u2019animal et l\u2019homme et vice versa.<\/b><\/p>\n<p>Plac\u00e9 sous le th\u00e8me \u00ab sensibilisation de la population sur les risques des maladies zoonotiques et leur pr\u00e9vention \u00bb, la journ\u00e9e mondiale des zoonoses a \u00e9t\u00e9 c\u00e9l\u00e9br\u00e9e au Tchad.<\/p>\n<p>A cet effet, le ministre de l\u2019Elevage et des Productions Animales, Dr Abderahim Awat Atteib laisse entendre que dans le cadre de la sant\u00e9 unique (One Heath), son d\u00e9partement \u00e0 travers le r\u00e9seau d\u2019Epidemiosurveillance des maladies animales au Tchad (REPIMAT) et en collaboration avec le minist\u00e8re en charge de la Sant\u00e9 Publique et celui de l\u2019Environnement, surveillent certaines maladies zoonotiques.<\/p>\n<p>Il s\u2019agit notamment de la grippe aviaire, la rage, la fi\u00e8vre charbonneuse, la fi\u00e8vre de la vall\u00e9e de Rift, la brucellose et la tuberculose. Il entend organiser une conf\u00e9rence d\u00e9bat le jeudi 07 juillet 2022 \u00e0 l\u2019ENATE, sur la tuberculose pour sensibiliser aussi bien les agents v\u00e9t\u00e9rinaires que la population sur les bonnes pratiques d\u2019hygi\u00e8nes, surtout \u00e0 l\u2019approche de la f\u00eate de Tabaski.<\/p>\n<p>Il y a \u00e9galement la Surveillance et le contr\u00f4le des maladies prioritaires y compris les zoonoses \u00e0 travers le PRAPS-Tchad, le Projet de Renforcement des Syst\u00e8mes R\u00e9gionaux de Surveillance des Maladies en Afrique Centrale (REDISSE4) et le Programme d\u2019Afrique contre les Epid\u00e9mies(ACE).<\/p>\n<p>Le ministre de l\u2019Elevage appelle \u00e0 une synergie d\u2019action pour r\u00e9duire les risques de contamination de la population par les zoonoses et au contr\u00f4le et l\u2019\u00e9radication de ces maladies. Pour lui, \u00ab un animal contr\u00f4l\u00e9 par les services v\u00e9t\u00e9rinaires, une population prot\u00e9g\u00e9e \u00bb.<\/p>\n<p><strong>Pour plus d&rsquo;informations et d&rsquo;analyses sur la <a href=\"https:\/\/www.africa-press.net\/tchad\">Tchad<\/a>, suivez <a href=\"https:\/\/www.africa-press.net\/\">Africa-Press<\/a><\/strong><\/p>\n","protected":false},"excerpt":{"rendered":"<p>Africa-Press &#8211; Tchad. A l\u2019instar des autres pays du monde, la journ\u00e9e mondiale des zoonoses a \u00e9t\u00e9 c\u00e9l\u00e9br\u00e9e au Tchad le 06 juillet 2022. C\u2019est une maladie qui se transmet de l\u2019animal et l\u2019homme et vice versa. Plac\u00e9 sous le th\u00e8me \u00ab sensibilisation de la population sur les risques des maladies zoonotiques et leur pr\u00e9vention [&hellip;]<\/p>\n","protected":false},"author":82,"featured_media":28456,"comment_status":"open","ping_status":"closed","sticky":false,"template":"","format":"standard","meta":{"footnotes":""},"categories":[21,11,10],"tags":[37,292,3936,29],"class_list":["post-28457","post","type-post","status-publish","format-standard","has-post-thumbnail","hentry","category-communaute","category-homepage-french","category-toutes-les-actualites","tag-africa-press","tag-africa-press-tchad","tag-ournee-mondiale-des-zoonoses","tag-tchad"],"yoast_head":"<!-- This site is optimized with the Yoast SEO Premium plugin v26.1 (Yoast SEO v27.0) - https:\/\/yoast.com\/product\/yoast-seo-premium-wordpress\/ -->\n<title>Le Tchad a c\u00e9l\u00e9br\u00e9 la journ\u00e9e mondiale des zoonoses - tchad<\/title>\n<meta name=\"description\" content=\"A l\u2019instar des autres pays du monde, la journ\u00e9e mondiale des zoonoses a \u00e9t\u00e9 c\u00e9l\u00e9br\u00e9e au Tchad le 06 juillet 2022. C\u2019e ...\" \/>\n<meta name=\"robots\" content=\"index, follow, max-snippet:-1, max-image-preview:large, max-video-preview:-1\" \/>\n<link rel=\"canonical\" href=\"https:\/\/www.africa-press.net\/tchad\/toutes-les-actualites\/le-tchad-a-celebre-la-journee-mondiale-des-zoonoses\" \/>\n<meta property=\"og:locale\" content=\"fr_FR\" \/>\n<meta property=\"og:type\" content=\"article\" \/>\n<meta property=\"og:title\" content=\"Le Tchad a c\u00e9l\u00e9br\u00e9 la journ\u00e9e mondiale des zoonoses\" \/>\n<meta property=\"og:description\" content=\"A l\u2019instar des autres pays du monde, la journ\u00e9e mondiale des zoonoses a \u00e9t\u00e9 c\u00e9l\u00e9br\u00e9e au Tchad le 06 juillet 2022. C\u2019e ...\" \/>\n<meta property=\"og:url\" content=\"https:\/\/www.africa-press.net\/tchad\/toutes-les-actualites\/le-tchad-a-celebre-la-journee-mondiale-des-zoonoses\" \/>\n<meta property=\"og:site_name\" content=\"tchad\" \/>\n<meta property=\"article:published_time\" content=\"2022-07-07T17:10:32+00:00\" \/>\n<meta property=\"article:modified_time\" content=\"2022-07-07T17:30:47+00:00\" \/>\n<meta property=\"og:image\" content=\"https:\/\/static.africa-press.net\/tchad\/sites\/41\/2022\/07\/postQueueImg_6-62c7182de53f6.jpg\" \/>\n\t<meta property=\"og:image:width\" content=\"780\" \/>\n\t<meta property=\"og:image:height\" content=\"440\" \/>\n\t<meta property=\"og:image:type\" content=\"image\/jpeg\" \/>\n<meta name=\"author\" content=\"cfeditorfr\" \/>\n<meta name=\"twitter:card\" content=\"summary_large_image\" \/>\n<meta name=\"twitter:label1\" content=\"\u00c9crit par\" \/>\n\t<meta name=\"twitter:data1\" content=\"cfeditorfr\" \/>\n\t<meta name=\"twitter:label2\" content=\"Dur\u00e9e de lecture estim\u00e9e\" \/>\n\t<meta name=\"twitter:data2\" content=\"2 minutes\" \/>\n<script type=\"application\/ld+json\" class=\"yoast-schema-graph\">{\"@context\":\"https:\/\/schema.org\",\"@graph\":[{\"@type\":\"Article\",\"@id\":\"https:\/\/www.africa-press.net\/tchad\/toutes-les-actualites\/le-tchad-a-celebre-la-journee-mondiale-des-zoonoses#article\",\"isPartOf\":{\"@id\":\"https:\/\/www.africa-press.net\/tchad\/toutes-les-actualites\/le-tchad-a-celebre-la-journee-mondiale-des-zoonoses\"},\"author\":{\"name\":\"cfeditorfr\",\"@id\":\"https:\/\/www.africa-press.net\/tchad\/#\/schema\/person\/2b1cf3cd81a31e3cd26889ca66d677f1\"},\"headline\":\"Le Tchad a c\u00e9l\u00e9br\u00e9 la journ\u00e9e mondiale des zoonoses\",\"datePublished\":\"2022-07-07T17:10:32+00:00\",\"dateModified\":\"2022-07-07T17:30:47+00:00\",\"mainEntityOfPage\":{\"@id\":\"https:\/\/www.africa-press.net\/tchad\/toutes-les-actualites\/le-tchad-a-celebre-la-journee-mondiale-des-zoonoses\"},\"wordCount\":334,\"commentCount\":0,\"image\":{\"@id\":\"https:\/\/www.africa-press.net\/tchad\/toutes-les-actualites\/le-tchad-a-celebre-la-journee-mondiale-des-zoonoses#primaryimage\"},\"thumbnailUrl\":\"https:\/\/static.africa-press.net\/tchad\/sites\/41\/2022\/07\/postQueueImg_6-62c7182de53f6.jpg\",\"keywords\":[\"Africa Press\",\"Africa Press-Tchad\",\"ourn\u00e9e mondiale des zoonoses\",\"Tchad\"],\"articleSection\":[\"Communaut\u00e9\",\"homepage-french\",\"Toutes les actualit\u00e9s\"],\"inLanguage\":\"fr-FR\",\"potentialAction\":[{\"@type\":\"CommentAction\",\"name\":\"Comment\",\"target\":[\"https:\/\/www.africa-press.net\/tchad\/toutes-les-actualites\/le-tchad-a-celebre-la-journee-mondiale-des-zoonoses#respond\"]}]},{\"@type\":\"WebPage\",\"@id\":\"https:\/\/www.africa-press.net\/tchad\/toutes-les-actualites\/le-tchad-a-celebre-la-journee-mondiale-des-zoonoses\",\"url\":\"https:\/\/www.africa-press.net\/tchad\/toutes-les-actualites\/le-tchad-a-celebre-la-journee-mondiale-des-zoonoses\",\"name\":\"Le Tchad a c\u00e9l\u00e9br\u00e9 la journ\u00e9e mondiale des zoonoses - tchad\",\"isPartOf\":{\"@id\":\"https:\/\/www.africa-press.net\/tchad\/#website\"},\"primaryImageOfPage\":{\"@id\":\"https:\/\/www.africa-press.net\/tchad\/toutes-les-actualites\/le-tchad-a-celebre-la-journee-mondiale-des-zoonoses#primaryimage\"},\"image\":{\"@id\":\"https:\/\/www.africa-press.net\/tchad\/toutes-les-actualites\/le-tchad-a-celebre-la-journee-mondiale-des-zoonoses#primaryimage\"},\"thumbnailUrl\":\"https:\/\/static.africa-press.net\/tchad\/sites\/41\/2022\/07\/postQueueImg_6-62c7182de53f6.jpg\",\"datePublished\":\"2022-07-07T17:10:32+00:00\",\"dateModified\":\"2022-07-07T17:30:47+00:00\",\"author\":{\"@id\":\"https:\/\/www.africa-press.net\/tchad\/#\/schema\/person\/2b1cf3cd81a31e3cd26889ca66d677f1\"},\"description\":\"A l\u2019instar des autres pays du monde, la journ\u00e9e mondiale des zoonoses a \u00e9t\u00e9 c\u00e9l\u00e9br\u00e9e au Tchad le 06 juillet 2022. C\u2019e ...\",\"breadcrumb\":{\"@id\":\"https:\/\/www.africa-press.net\/tchad\/toutes-les-actualites\/le-tchad-a-celebre-la-journee-mondiale-des-zoonoses#breadcrumb\"},\"inLanguage\":\"fr-FR\",\"potentialAction\":[{\"@type\":\"ReadAction\",\"target\":[\"https:\/\/www.africa-press.net\/tchad\/toutes-les-actualites\/le-tchad-a-celebre-la-journee-mondiale-des-zoonoses\"]}]},{\"@type\":\"ImageObject\",\"inLanguage\":\"fr-FR\",\"@id\":\"https:\/\/www.africa-press.net\/tchad\/toutes-les-actualites\/le-tchad-a-celebre-la-journee-mondiale-des-zoonoses#primaryimage\",\"url\":\"https:\/\/static.africa-press.net\/tchad\/sites\/41\/2022\/07\/postQueueImg_6-62c7182de53f6.jpg\",\"contentUrl\":\"https:\/\/static.africa-press.net\/tchad\/sites\/41\/2022\/07\/postQueueImg_6-62c7182de53f6.jpg\",\"width\":780,\"height\":440,\"caption\":\"Le Tchad a c\u00e9l\u00e9br\u00e9 la journ\u00e9e mondiale des zoonoses\"},{\"@type\":\"BreadcrumbList\",\"@id\":\"https:\/\/www.africa-press.net\/tchad\/toutes-les-actualites\/le-tchad-a-celebre-la-journee-mondiale-des-zoonoses#breadcrumb\",\"itemListElement\":[{\"@type\":\"ListItem\",\"position\":1,\"name\":\"Accueil\",\"item\":\"https:\/\/www.africa-press.net\/tchad\/\"},{\"@type\":\"ListItem\",\"position\":2,\"name\":\"Le Tchad a c\u00e9l\u00e9br\u00e9 la journ\u00e9e mondiale des zoonoses\"}]},{\"@type\":\"WebSite\",\"@id\":\"https:\/\/www.africa-press.net\/tchad\/#website\",\"url\":\"https:\/\/www.africa-press.net\/tchad\/\",\"name\":\"tchad\",\"description\":\"Just another Africa News Agency Sites site\",\"potentialAction\":[{\"@type\":\"SearchAction\",\"target\":{\"@type\":\"EntryPoint\",\"urlTemplate\":\"https:\/\/www.africa-press.net\/tchad\/?s={search_term_string}\"},\"query-input\":{\"@type\":\"PropertyValueSpecification\",\"valueRequired\":true,\"valueName\":\"search_term_string\"}}],\"inLanguage\":\"fr-FR\"},{\"@type\":\"Person\",\"@id\":\"https:\/\/www.africa-press.net\/tchad\/#\/schema\/person\/2b1cf3cd81a31e3cd26889ca66d677f1\",\"name\":\"cfeditorfr\"}]}<\/script>\n<!-- \/ Yoast SEO Premium plugin. -->","yoast_head_json":{"title":"Le Tchad a c\u00e9l\u00e9br\u00e9 la journ\u00e9e mondiale des zoonoses - tchad","description":"A l\u2019instar des autres pays du monde, la journ\u00e9e mondiale des zoonoses a \u00e9t\u00e9 c\u00e9l\u00e9br\u00e9e au Tchad le 06 juillet 2022. C\u2019e ...","robots":{"index":"index","follow":"follow","max-snippet":"max-snippet:-1","max-image-preview":"max-image-preview:large","max-video-preview":"max-video-preview:-1"},"canonical":"https:\/\/www.africa-press.net\/tchad\/toutes-les-actualites\/le-tchad-a-celebre-la-journee-mondiale-des-zoonoses","og_locale":"fr_FR","og_type":"article","og_title":"Le Tchad a c\u00e9l\u00e9br\u00e9 la journ\u00e9e mondiale des zoonoses","og_description":"A l\u2019instar des autres pays du monde, la journ\u00e9e mondiale des zoonoses a \u00e9t\u00e9 c\u00e9l\u00e9br\u00e9e au Tchad le 06 juillet 2022. C\u2019e ...","og_url":"https:\/\/www.africa-press.net\/tchad\/toutes-les-actualites\/le-tchad-a-celebre-la-journee-mondiale-des-zoonoses","og_site_name":"tchad","article_published_time":"2022-07-07T17:10:32+00:00","article_modified_time":"2022-07-07T17:30:47+00:00","og_image":[{"width":780,"height":440,"url":"https:\/\/static.africa-press.net\/tchad\/sites\/41\/2022\/07\/postQueueImg_6-62c7182de53f6.jpg","type":"image\/jpeg"}],"author":"cfeditorfr","twitter_card":"summary_large_image","twitter_misc":{"\u00c9crit par":"cfeditorfr","Dur\u00e9e de lecture estim\u00e9e":"2 minutes"},"schema":{"@context":"https:\/\/schema.org","@graph":[{"@type":"Article","@id":"https:\/\/www.africa-press.net\/tchad\/toutes-les-actualites\/le-tchad-a-celebre-la-journee-mondiale-des-zoonoses#article","isPartOf":{"@id":"https:\/\/www.africa-press.net\/tchad\/toutes-les-actualites\/le-tchad-a-celebre-la-journee-mondiale-des-zoonoses"},"author":{"name":"cfeditorfr","@id":"https:\/\/www.africa-press.net\/tchad\/#\/schema\/person\/2b1cf3cd81a31e3cd26889ca66d677f1"},"headline":"Le Tchad a c\u00e9l\u00e9br\u00e9 la journ\u00e9e mondiale des zoonoses","datePublished":"2022-07-07T17:10:32+00:00","dateModified":"2022-07-07T17:30:47+00:00","mainEntityOfPage":{"@id":"https:\/\/www.africa-press.net\/tchad\/toutes-les-actualites\/le-tchad-a-celebre-la-journee-mondiale-des-zoonoses"},"wordCount":334,"commentCount":0,"image":{"@id":"https:\/\/www.africa-press.net\/tchad\/toutes-les-actualites\/le-tchad-a-celebre-la-journee-mondiale-des-zoonoses#primaryimage"},"thumbnailUrl":"https:\/\/static.africa-press.net\/tchad\/sites\/41\/2022\/07\/postQueueImg_6-62c7182de53f6.jpg","keywords":["Africa Press","Africa Press-Tchad","ourn\u00e9e mondiale des zoonoses","Tchad"],"articleSection":["Communaut\u00e9","homepage-french","Toutes les actualit\u00e9s"],"inLanguage":"fr-FR","potentialAction":[{"@type":"CommentAction","name":"Comment","target":["https:\/\/www.africa-press.net\/tchad\/toutes-les-actualites\/le-tchad-a-celebre-la-journee-mondiale-des-zoonoses#respond"]}]},{"@type":"WebPage","@id":"https:\/\/www.africa-press.net\/tchad\/toutes-les-actualites\/le-tchad-a-celebre-la-journee-mondiale-des-zoonoses","url":"https:\/\/www.africa-press.net\/tchad\/toutes-les-actualites\/le-tchad-a-celebre-la-journee-mondiale-des-zoonoses","name":"Le Tchad a c\u00e9l\u00e9br\u00e9 la journ\u00e9e mondiale des zoonoses - tchad","isPartOf":{"@id":"https:\/\/www.africa-press.net\/tchad\/#website"},"primaryImageOfPage":{"@id":"https:\/\/www.africa-press.net\/tchad\/toutes-les-actualites\/le-tchad-a-celebre-la-journee-mondiale-des-zoonoses#primaryimage"},"image":{"@id":"https:\/\/www.africa-press.net\/tchad\/toutes-les-actualites\/le-tchad-a-celebre-la-journee-mondiale-des-zoonoses#primaryimage"},"thumbnailUrl":"https:\/\/static.africa-press.net\/tchad\/sites\/41\/2022\/07\/postQueueImg_6-62c7182de53f6.jpg","datePublished":"2022-07-07T17:10:32+00:00","dateModified":"2022-07-07T17:30:47+00:00","author":{"@id":"https:\/\/www.africa-press.net\/tchad\/#\/schema\/person\/2b1cf3cd81a31e3cd26889ca66d677f1"},"description":"A l\u2019instar des autres pays du monde, la journ\u00e9e mondiale des zoonoses a \u00e9t\u00e9 c\u00e9l\u00e9br\u00e9e au Tchad le 06 juillet 2022. C\u2019e ...","breadcrumb":{"@id":"https:\/\/www.africa-press.net\/tchad\/toutes-les-actualites\/le-tchad-a-celebre-la-journee-mondiale-des-zoonoses#breadcrumb"},"inLanguage":"fr-FR","potentialAction":[{"@type":"ReadAction","target":["https:\/\/www.africa-press.net\/tchad\/toutes-les-actualites\/le-tchad-a-celebre-la-journee-mondiale-des-zoonoses"]}]},{"@type":"ImageObject","inLanguage":"fr-FR","@id":"https:\/\/www.africa-press.net\/tchad\/toutes-les-actualites\/le-tchad-a-celebre-la-journee-mondiale-des-zoonoses#primaryimage","url":"https:\/\/static.africa-press.net\/tchad\/sites\/41\/2022\/07\/postQueueImg_6-62c7182de53f6.jpg","contentUrl":"https:\/\/static.africa-press.net\/tchad\/sites\/41\/2022\/07\/postQueueImg_6-62c7182de53f6.jpg","width":780,"height":440,"caption":"Le Tchad a c\u00e9l\u00e9br\u00e9 la journ\u00e9e mondiale des zoonoses"},{"@type":"BreadcrumbList","@id":"https:\/\/www.africa-press.net\/tchad\/toutes-les-actualites\/le-tchad-a-celebre-la-journee-mondiale-des-zoonoses#breadcrumb","itemListElement":[{"@type":"ListItem","position":1,"name":"Accueil","item":"https:\/\/www.africa-press.net\/tchad\/"},{"@type":"ListItem","position":2,"name":"Le Tchad a c\u00e9l\u00e9br\u00e9 la journ\u00e9e mondiale des zoonoses"}]},{"@type":"WebSite","@id":"https:\/\/www.africa-press.net\/tchad\/#website","url":"https:\/\/www.africa-press.net\/tchad\/","name":"tchad","description":"Just another Africa News Agency Sites site","potentialAction":[{"@type":"SearchAction","target":{"@type":"EntryPoint","urlTemplate":"https:\/\/www.africa-press.net\/tchad\/?s={search_term_string}"},"query-input":{"@type":"PropertyValueSpecification","valueRequired":true,"valueName":"search_term_string"}}],"inLanguage":"fr-FR"},{"@type":"Person","@id":"https:\/\/www.africa-press.net\/tchad\/#\/schema\/person\/2b1cf3cd81a31e3cd26889ca66d677f1","name":"cfeditorfr"}]}},"_links":{"self":[{"href":"https:\/\/www.africa-press.net\/tchad\/wp-json\/wp\/v2\/posts\/28457","targetHints":{"allow":["GET"]}}],"collection":[{"href":"https:\/\/www.africa-press.net\/tchad\/wp-json\/wp\/v2\/posts"}],"about":[{"href":"https:\/\/www.africa-press.net\/tchad\/wp-json\/wp\/v2\/types\/post"}],"author":[{"embeddable":true,"href":"https:\/\/www.africa-press.net\/tchad\/wp-json\/wp\/v2\/users\/82"}],"replies":[{"embeddable":true,"href":"https:\/\/www.africa-press.net\/tchad\/wp-json\/wp\/v2\/comments?post=28457"}],"version-history":[{"count":0,"href":"https:\/\/www.africa-press.net\/tchad\/wp-json\/wp\/v2\/posts\/28457\/revisions"}],"wp:featuredmedia":[{"embeddable":true,"href":"https:\/\/www.africa-press.net\/tchad\/wp-json\/wp\/v2\/media\/28456"}],"wp:attachment":[{"href":"https:\/\/www.africa-press.net\/tchad\/wp-json\/wp\/v2\/media?parent=28457"}],"wp:term":[{"taxonomy":"category","embeddable":true,"href":"https:\/\/www.africa-press.net\/tchad\/wp-json\/wp\/v2\/categories?post=28457"},{"taxonomy":"post_tag","embeddable":true,"href":"https:\/\/www.africa-press.net\/tchad\/wp-json\/wp\/v2\/tags?post=28457"}],"curies":[{"name":"wp","href":"https:\/\/api.w.org\/{rel}","templated":true}]}}