{"id":28466,"date":"2022-07-07T17:12:28","date_gmt":"2022-07-07T17:12:28","guid":{"rendered":"https:\/\/www.africa-press.net\/tchad\/politique\/les-personnes-handicapees-annoncent-une-operation-de-reptation-le-11-juillet"},"modified":"2022-07-07T17:32:25","modified_gmt":"2022-07-07T17:32:25","slug":"les-personnes-handicapees-annoncent-une-operation-de-reptation-le-11-juillet","status":"publish","type":"post","link":"https:\/\/www.africa-press.net\/tchad\/toutes-les-actualites\/les-personnes-handicapees-annoncent-une-operation-de-reptation-le-11-juillet","title":{"rendered":"les personnes handicap\u00e9es annoncent une op\u00e9ration de reptation le 11 juillet"},"content":{"rendered":"<p><span style=\"color: #ff6600\"><strong>Africa-Press &#8211; Tchad. <\/strong><\/span>Encore. Des personnes handicap\u00e9es de N\u2019Djamena sont f\u00e2ch\u00e9es. Elles sont \u00e9nerv\u00e9es contre la douane de N\u2019gueli, dans le 9e arrondissement. Dans une d\u00e9claration faite le 6 juillet, elles annoncent une op\u00e9ration de reptation.<\/p>\n<p>Elle se d\u00e9roulera le 11 juillet devant la douane de N\u2019gueli, selon leur porte-parole, Ali Oussignb\u00e9t\u00e9 Justin. Ces personnes handicap\u00e9es accusent la douane de N\u2019gueli le refus de la quittance.<\/p>\n<p>\u2019\u2019Nous avons commenc\u00e9 nos activit\u00e9s il y a de cela 3 semaines. A notre grande surprise la douane de N\u2019gueli nous interdit la quittance.<\/p>\n<p>Ils disent qu\u2019ils ne nous donnent pas la quittance mais pour quelle raison?\u2019\u2019 s\u2019interroge Ali Oussignb\u00e9t\u00e9 Justin. Le 19 juin, lors d\u2019une d\u00e9claration, les personnes handicap\u00e9es ont donn\u00e9 72heures \u00e0 la douane de N\u2019gueli de leur trouver une solution.<\/p>\n<p>Aucune solution n\u2019a \u00e9t\u00e9 trouv\u00e9e. M\u00e9contents, ces derni\u00e8res appellent \u00e0 une manifestation \u2019\u2019On se retrouve aujourd\u2019hui pour leur rappeler encore et informer l\u2019opinion nationale et internationale que la date du 11 juillet, d\u00e8s 6 heures, chers fr\u00e8res handicap\u00e9s nous allons ramper.<\/p>\n<p>Le droit s\u2019arrache, il ne se donne pas, je vous demande de gr\u00e2ce sortons le lundi. On viendra tous \u00e0 N\u2019gueli devant la douane de N\u2019gueli pour leur demander la quittance\u2019\u2019.<\/p>\n<p>Face \u00e0 ces coll\u00e8gues assis sur des tricycles, le porte-parole galvanise. \u2019\u2019Je voudrais rappeler encore une fois de plus chers fr\u00e8res on est dos au mur.<\/p>\n<p>On a des enfants, et sommes dans des maisons en location mais la situation est pr\u00e9caire. Ce n\u2019est pas une autre personne qui demandera la quittance \u00e0 notre place, c\u2019est nous-m\u00eames.<\/p>\n<p>L\u2019heure c\u2019est l\u2019heure, on va ramper d\u00e8s 6 heures devant la douane de N\u2019gueli\u201d. Ali Oussignb\u00e9t\u00e9 Justin avertit la Police que ce m\u00e9contentement n\u2019est ni contre elle, ni contre le poste d\u2019une personnalit\u00e9.<\/p>\n<p>\u2019\u2019Je voudrais dire \u00e0 la Police et la Gendarmerie, nous ne sommes pas contre quelqu\u2019un, nous demandons juste la quittance. Mais jusque-l\u00e0, ils nous interdisent. Ils disent que s\u2019ils nous donnent la quittance on va tuer l\u2019\u00e9conomie du pays\u2019\u2019.<\/p>\n<p>La \u201cquittance\u201d est l\u2019\u00e9crit par lequel un cr\u00e9ancier ou un groupe de personnes d\u00e9clare qu\u2019il a per\u00e7u de son d\u00e9biteur une somme d\u2019argent en paiement de tout ou partie de frais dont ce dernier \u00e9tait redevable.<\/p>\n<p><strong>Pour plus d&rsquo;informations et d&rsquo;analyses sur la <a href=\"https:\/\/www.africa-press.net\/tchad\">Tchad<\/a>, suivez <a href=\"https:\/\/www.africa-press.net\/\">Africa-Press<\/a><\/strong><\/p>\n","protected":false},"excerpt":{"rendered":"<p>Africa-Press &#8211; Tchad. Encore. Des personnes handicap\u00e9es de N\u2019Djamena sont f\u00e2ch\u00e9es. Elles sont \u00e9nerv\u00e9es contre la douane de N\u2019gueli, dans le 9e arrondissement. Dans une d\u00e9claration faite le 6 juillet, elles annoncent une op\u00e9ration de reptation. Elle se d\u00e9roulera le 11 juillet devant la douane de N\u2019gueli, selon leur porte-parole, Ali Oussignb\u00e9t\u00e9 Justin. Ces personnes [&hellip;]<\/p>\n","protected":false},"author":82,"featured_media":28465,"comment_status":"open","ping_status":"closed","sticky":false,"template":"","format":"standard","meta":{"footnotes":""},"categories":[21,11,10],"tags":[37,292,29],"class_list":["post-28466","post","type-post","status-publish","format-standard","has-post-thumbnail","hentry","category-communaute","category-homepage-french","category-toutes-les-actualites","tag-africa-press","tag-africa-press-tchad","tag-tchad"],"yoast_head":"<!-- This site is optimized with the Yoast SEO Premium plugin v26.1 (Yoast SEO v27.0) - https:\/\/yoast.com\/product\/yoast-seo-premium-wordpress\/ -->\n<title>les personnes handicap\u00e9es annoncent une op\u00e9ration de reptation le 11 juillet - tchad<\/title>\n<meta name=\"description\" content=\"Encore. Des personnes handicap\u00e9es de N\u2019Djamena sont f\u00e2ch\u00e9es. Elles sont \u00e9nerv\u00e9es contre la douane de N\u2019gueli, dans le 9e ...\" \/>\n<meta name=\"robots\" content=\"index, follow, max-snippet:-1, max-image-preview:large, max-video-preview:-1\" \/>\n<link rel=\"canonical\" href=\"https:\/\/www.africa-press.net\/tchad\/toutes-les-actualites\/les-personnes-handicapees-annoncent-une-operation-de-reptation-le-11-juillet\" \/>\n<meta property=\"og:locale\" content=\"fr_FR\" \/>\n<meta property=\"og:type\" content=\"article\" \/>\n<meta property=\"og:title\" content=\"les personnes handicap\u00e9es annoncent une op\u00e9ration de reptation le 11 juillet\" \/>\n<meta property=\"og:description\" content=\"Encore. Des personnes handicap\u00e9es de N\u2019Djamena sont f\u00e2ch\u00e9es. Elles sont \u00e9nerv\u00e9es contre la douane de N\u2019gueli, dans le 9e ...\" \/>\n<meta property=\"og:url\" content=\"https:\/\/www.africa-press.net\/tchad\/toutes-les-actualites\/les-personnes-handicapees-annoncent-une-operation-de-reptation-le-11-juillet\" \/>\n<meta property=\"og:site_name\" content=\"tchad\" \/>\n<meta property=\"article:published_time\" content=\"2022-07-07T17:12:28+00:00\" \/>\n<meta property=\"article:modified_time\" content=\"2022-07-07T17:32:25+00:00\" \/>\n<meta property=\"og:image\" content=\"https:\/\/static.africa-press.net\/tchad\/sites\/41\/2022\/07\/postQueueImg_9-62c7189278f40.jpg\" \/>\n\t<meta property=\"og:image:width\" content=\"1024\" \/>\n\t<meta property=\"og:image:height\" content=\"433\" \/>\n\t<meta property=\"og:image:type\" content=\"image\/jpeg\" \/>\n<meta name=\"author\" content=\"cfeditorfr\" \/>\n<meta name=\"twitter:card\" content=\"summary_large_image\" \/>\n<meta name=\"twitter:label1\" content=\"\u00c9crit par\" \/>\n\t<meta name=\"twitter:data1\" content=\"cfeditorfr\" \/>\n\t<meta name=\"twitter:label2\" content=\"Dur\u00e9e de lecture estim\u00e9e\" \/>\n\t<meta name=\"twitter:data2\" content=\"2 minutes\" \/>\n<script type=\"application\/ld+json\" class=\"yoast-schema-graph\">{\"@context\":\"https:\/\/schema.org\",\"@graph\":[{\"@type\":\"Article\",\"@id\":\"https:\/\/www.africa-press.net\/tchad\/toutes-les-actualites\/les-personnes-handicapees-annoncent-une-operation-de-reptation-le-11-juillet#article\",\"isPartOf\":{\"@id\":\"https:\/\/www.africa-press.net\/tchad\/toutes-les-actualites\/les-personnes-handicapees-annoncent-une-operation-de-reptation-le-11-juillet\"},\"author\":{\"name\":\"cfeditorfr\",\"@id\":\"https:\/\/www.africa-press.net\/tchad\/#\/schema\/person\/2b1cf3cd81a31e3cd26889ca66d677f1\"},\"headline\":\"les personnes handicap\u00e9es annoncent une op\u00e9ration de reptation le 11 juillet\",\"datePublished\":\"2022-07-07T17:12:28+00:00\",\"dateModified\":\"2022-07-07T17:32:25+00:00\",\"mainEntityOfPage\":{\"@id\":\"https:\/\/www.africa-press.net\/tchad\/toutes-les-actualites\/les-personnes-handicapees-annoncent-une-operation-de-reptation-le-11-juillet\"},\"wordCount\":437,\"commentCount\":0,\"image\":{\"@id\":\"https:\/\/www.africa-press.net\/tchad\/toutes-les-actualites\/les-personnes-handicapees-annoncent-une-operation-de-reptation-le-11-juillet#primaryimage\"},\"thumbnailUrl\":\"https:\/\/static.africa-press.net\/tchad\/sites\/41\/2022\/07\/postQueueImg_9-62c7189278f40.jpg\",\"keywords\":[\"Africa Press\",\"Africa Press-Tchad\",\"Tchad\"],\"articleSection\":[\"Communaut\u00e9\",\"homepage-french\",\"Toutes les actualit\u00e9s\"],\"inLanguage\":\"fr-FR\",\"potentialAction\":[{\"@type\":\"CommentAction\",\"name\":\"Comment\",\"target\":[\"https:\/\/www.africa-press.net\/tchad\/toutes-les-actualites\/les-personnes-handicapees-annoncent-une-operation-de-reptation-le-11-juillet#respond\"]}]},{\"@type\":\"WebPage\",\"@id\":\"https:\/\/www.africa-press.net\/tchad\/toutes-les-actualites\/les-personnes-handicapees-annoncent-une-operation-de-reptation-le-11-juillet\",\"url\":\"https:\/\/www.africa-press.net\/tchad\/toutes-les-actualites\/les-personnes-handicapees-annoncent-une-operation-de-reptation-le-11-juillet\",\"name\":\"les personnes handicap\u00e9es annoncent une op\u00e9ration de reptation le 11 juillet - tchad\",\"isPartOf\":{\"@id\":\"https:\/\/www.africa-press.net\/tchad\/#website\"},\"primaryImageOfPage\":{\"@id\":\"https:\/\/www.africa-press.net\/tchad\/toutes-les-actualites\/les-personnes-handicapees-annoncent-une-operation-de-reptation-le-11-juillet#primaryimage\"},\"image\":{\"@id\":\"https:\/\/www.africa-press.net\/tchad\/toutes-les-actualites\/les-personnes-handicapees-annoncent-une-operation-de-reptation-le-11-juillet#primaryimage\"},\"thumbnailUrl\":\"https:\/\/static.africa-press.net\/tchad\/sites\/41\/2022\/07\/postQueueImg_9-62c7189278f40.jpg\",\"datePublished\":\"2022-07-07T17:12:28+00:00\",\"dateModified\":\"2022-07-07T17:32:25+00:00\",\"author\":{\"@id\":\"https:\/\/www.africa-press.net\/tchad\/#\/schema\/person\/2b1cf3cd81a31e3cd26889ca66d677f1\"},\"description\":\"Encore. Des personnes handicap\u00e9es de N\u2019Djamena sont f\u00e2ch\u00e9es. Elles sont \u00e9nerv\u00e9es contre la douane de N\u2019gueli, dans le 9e ...\",\"breadcrumb\":{\"@id\":\"https:\/\/www.africa-press.net\/tchad\/toutes-les-actualites\/les-personnes-handicapees-annoncent-une-operation-de-reptation-le-11-juillet#breadcrumb\"},\"inLanguage\":\"fr-FR\",\"potentialAction\":[{\"@type\":\"ReadAction\",\"target\":[\"https:\/\/www.africa-press.net\/tchad\/toutes-les-actualites\/les-personnes-handicapees-annoncent-une-operation-de-reptation-le-11-juillet\"]}]},{\"@type\":\"ImageObject\",\"inLanguage\":\"fr-FR\",\"@id\":\"https:\/\/www.africa-press.net\/tchad\/toutes-les-actualites\/les-personnes-handicapees-annoncent-une-operation-de-reptation-le-11-juillet#primaryimage\",\"url\":\"https:\/\/static.africa-press.net\/tchad\/sites\/41\/2022\/07\/postQueueImg_9-62c7189278f40.jpg\",\"contentUrl\":\"https:\/\/static.africa-press.net\/tchad\/sites\/41\/2022\/07\/postQueueImg_9-62c7189278f40.jpg\",\"width\":1024,\"height\":433,\"caption\":\"les personnes handicap\u00e9es annoncent une op\u00e9ration de reptation le 11 juillet\"},{\"@type\":\"BreadcrumbList\",\"@id\":\"https:\/\/www.africa-press.net\/tchad\/toutes-les-actualites\/les-personnes-handicapees-annoncent-une-operation-de-reptation-le-11-juillet#breadcrumb\",\"itemListElement\":[{\"@type\":\"ListItem\",\"position\":1,\"name\":\"Accueil\",\"item\":\"https:\/\/www.africa-press.net\/tchad\/\"},{\"@type\":\"ListItem\",\"position\":2,\"name\":\"les personnes handicap\u00e9es annoncent une op\u00e9ration de reptation le 11 juillet\"}]},{\"@type\":\"WebSite\",\"@id\":\"https:\/\/www.africa-press.net\/tchad\/#website\",\"url\":\"https:\/\/www.africa-press.net\/tchad\/\",\"name\":\"tchad\",\"description\":\"Just another Africa News Agency Sites site\",\"potentialAction\":[{\"@type\":\"SearchAction\",\"target\":{\"@type\":\"EntryPoint\",\"urlTemplate\":\"https:\/\/www.africa-press.net\/tchad\/?s={search_term_string}\"},\"query-input\":{\"@type\":\"PropertyValueSpecification\",\"valueRequired\":true,\"valueName\":\"search_term_string\"}}],\"inLanguage\":\"fr-FR\"},{\"@type\":\"Person\",\"@id\":\"https:\/\/www.africa-press.net\/tchad\/#\/schema\/person\/2b1cf3cd81a31e3cd26889ca66d677f1\",\"name\":\"cfeditorfr\"}]}<\/script>\n<!-- \/ Yoast SEO Premium plugin. -->","yoast_head_json":{"title":"les personnes handicap\u00e9es annoncent une op\u00e9ration de reptation le 11 juillet - tchad","description":"Encore. Des personnes handicap\u00e9es de N\u2019Djamena sont f\u00e2ch\u00e9es. Elles sont \u00e9nerv\u00e9es contre la douane de N\u2019gueli, dans le 9e ...","robots":{"index":"index","follow":"follow","max-snippet":"max-snippet:-1","max-image-preview":"max-image-preview:large","max-video-preview":"max-video-preview:-1"},"canonical":"https:\/\/www.africa-press.net\/tchad\/toutes-les-actualites\/les-personnes-handicapees-annoncent-une-operation-de-reptation-le-11-juillet","og_locale":"fr_FR","og_type":"article","og_title":"les personnes handicap\u00e9es annoncent une op\u00e9ration de reptation le 11 juillet","og_description":"Encore. Des personnes handicap\u00e9es de N\u2019Djamena sont f\u00e2ch\u00e9es. Elles sont \u00e9nerv\u00e9es contre la douane de N\u2019gueli, dans le 9e ...","og_url":"https:\/\/www.africa-press.net\/tchad\/toutes-les-actualites\/les-personnes-handicapees-annoncent-une-operation-de-reptation-le-11-juillet","og_site_name":"tchad","article_published_time":"2022-07-07T17:12:28+00:00","article_modified_time":"2022-07-07T17:32:25+00:00","og_image":[{"width":1024,"height":433,"url":"https:\/\/static.africa-press.net\/tchad\/sites\/41\/2022\/07\/postQueueImg_9-62c7189278f40.jpg","type":"image\/jpeg"}],"author":"cfeditorfr","twitter_card":"summary_large_image","twitter_misc":{"\u00c9crit par":"cfeditorfr","Dur\u00e9e de lecture estim\u00e9e":"2 minutes"},"schema":{"@context":"https:\/\/schema.org","@graph":[{"@type":"Article","@id":"https:\/\/www.africa-press.net\/tchad\/toutes-les-actualites\/les-personnes-handicapees-annoncent-une-operation-de-reptation-le-11-juillet#article","isPartOf":{"@id":"https:\/\/www.africa-press.net\/tchad\/toutes-les-actualites\/les-personnes-handicapees-annoncent-une-operation-de-reptation-le-11-juillet"},"author":{"name":"cfeditorfr","@id":"https:\/\/www.africa-press.net\/tchad\/#\/schema\/person\/2b1cf3cd81a31e3cd26889ca66d677f1"},"headline":"les personnes handicap\u00e9es annoncent une op\u00e9ration de reptation le 11 juillet","datePublished":"2022-07-07T17:12:28+00:00","dateModified":"2022-07-07T17:32:25+00:00","mainEntityOfPage":{"@id":"https:\/\/www.africa-press.net\/tchad\/toutes-les-actualites\/les-personnes-handicapees-annoncent-une-operation-de-reptation-le-11-juillet"},"wordCount":437,"commentCount":0,"image":{"@id":"https:\/\/www.africa-press.net\/tchad\/toutes-les-actualites\/les-personnes-handicapees-annoncent-une-operation-de-reptation-le-11-juillet#primaryimage"},"thumbnailUrl":"https:\/\/static.africa-press.net\/tchad\/sites\/41\/2022\/07\/postQueueImg_9-62c7189278f40.jpg","keywords":["Africa Press","Africa Press-Tchad","Tchad"],"articleSection":["Communaut\u00e9","homepage-french","Toutes les actualit\u00e9s"],"inLanguage":"fr-FR","potentialAction":[{"@type":"CommentAction","name":"Comment","target":["https:\/\/www.africa-press.net\/tchad\/toutes-les-actualites\/les-personnes-handicapees-annoncent-une-operation-de-reptation-le-11-juillet#respond"]}]},{"@type":"WebPage","@id":"https:\/\/www.africa-press.net\/tchad\/toutes-les-actualites\/les-personnes-handicapees-annoncent-une-operation-de-reptation-le-11-juillet","url":"https:\/\/www.africa-press.net\/tchad\/toutes-les-actualites\/les-personnes-handicapees-annoncent-une-operation-de-reptation-le-11-juillet","name":"les personnes handicap\u00e9es annoncent une op\u00e9ration de reptation le 11 juillet - tchad","isPartOf":{"@id":"https:\/\/www.africa-press.net\/tchad\/#website"},"primaryImageOfPage":{"@id":"https:\/\/www.africa-press.net\/tchad\/toutes-les-actualites\/les-personnes-handicapees-annoncent-une-operation-de-reptation-le-11-juillet#primaryimage"},"image":{"@id":"https:\/\/www.africa-press.net\/tchad\/toutes-les-actualites\/les-personnes-handicapees-annoncent-une-operation-de-reptation-le-11-juillet#primaryimage"},"thumbnailUrl":"https:\/\/static.africa-press.net\/tchad\/sites\/41\/2022\/07\/postQueueImg_9-62c7189278f40.jpg","datePublished":"2022-07-07T17:12:28+00:00","dateModified":"2022-07-07T17:32:25+00:00","author":{"@id":"https:\/\/www.africa-press.net\/tchad\/#\/schema\/person\/2b1cf3cd81a31e3cd26889ca66d677f1"},"description":"Encore. Des personnes handicap\u00e9es de N\u2019Djamena sont f\u00e2ch\u00e9es. Elles sont \u00e9nerv\u00e9es contre la douane de N\u2019gueli, dans le 9e ...","breadcrumb":{"@id":"https:\/\/www.africa-press.net\/tchad\/toutes-les-actualites\/les-personnes-handicapees-annoncent-une-operation-de-reptation-le-11-juillet#breadcrumb"},"inLanguage":"fr-FR","potentialAction":[{"@type":"ReadAction","target":["https:\/\/www.africa-press.net\/tchad\/toutes-les-actualites\/les-personnes-handicapees-annoncent-une-operation-de-reptation-le-11-juillet"]}]},{"@type":"ImageObject","inLanguage":"fr-FR","@id":"https:\/\/www.africa-press.net\/tchad\/toutes-les-actualites\/les-personnes-handicapees-annoncent-une-operation-de-reptation-le-11-juillet#primaryimage","url":"https:\/\/static.africa-press.net\/tchad\/sites\/41\/2022\/07\/postQueueImg_9-62c7189278f40.jpg","contentUrl":"https:\/\/static.africa-press.net\/tchad\/sites\/41\/2022\/07\/postQueueImg_9-62c7189278f40.jpg","width":1024,"height":433,"caption":"les personnes handicap\u00e9es annoncent une op\u00e9ration de reptation le 11 juillet"},{"@type":"BreadcrumbList","@id":"https:\/\/www.africa-press.net\/tchad\/toutes-les-actualites\/les-personnes-handicapees-annoncent-une-operation-de-reptation-le-11-juillet#breadcrumb","itemListElement":[{"@type":"ListItem","position":1,"name":"Accueil","item":"https:\/\/www.africa-press.net\/tchad\/"},{"@type":"ListItem","position":2,"name":"les personnes handicap\u00e9es annoncent une op\u00e9ration de reptation le 11 juillet"}]},{"@type":"WebSite","@id":"https:\/\/www.africa-press.net\/tchad\/#website","url":"https:\/\/www.africa-press.net\/tchad\/","name":"tchad","description":"Just another Africa News Agency Sites site","potentialAction":[{"@type":"SearchAction","target":{"@type":"EntryPoint","urlTemplate":"https:\/\/www.africa-press.net\/tchad\/?s={search_term_string}"},"query-input":{"@type":"PropertyValueSpecification","valueRequired":true,"valueName":"search_term_string"}}],"inLanguage":"fr-FR"},{"@type":"Person","@id":"https:\/\/www.africa-press.net\/tchad\/#\/schema\/person\/2b1cf3cd81a31e3cd26889ca66d677f1","name":"cfeditorfr"}]}},"_links":{"self":[{"href":"https:\/\/www.africa-press.net\/tchad\/wp-json\/wp\/v2\/posts\/28466","targetHints":{"allow":["GET"]}}],"collection":[{"href":"https:\/\/www.africa-press.net\/tchad\/wp-json\/wp\/v2\/posts"}],"about":[{"href":"https:\/\/www.africa-press.net\/tchad\/wp-json\/wp\/v2\/types\/post"}],"author":[{"embeddable":true,"href":"https:\/\/www.africa-press.net\/tchad\/wp-json\/wp\/v2\/users\/82"}],"replies":[{"embeddable":true,"href":"https:\/\/www.africa-press.net\/tchad\/wp-json\/wp\/v2\/comments?post=28466"}],"version-history":[{"count":0,"href":"https:\/\/www.africa-press.net\/tchad\/wp-json\/wp\/v2\/posts\/28466\/revisions"}],"wp:featuredmedia":[{"embeddable":true,"href":"https:\/\/www.africa-press.net\/tchad\/wp-json\/wp\/v2\/media\/28465"}],"wp:attachment":[{"href":"https:\/\/www.africa-press.net\/tchad\/wp-json\/wp\/v2\/media?parent=28466"}],"wp:term":[{"taxonomy":"category","embeddable":true,"href":"https:\/\/www.africa-press.net\/tchad\/wp-json\/wp\/v2\/categories?post=28466"},{"taxonomy":"post_tag","embeddable":true,"href":"https:\/\/www.africa-press.net\/tchad\/wp-json\/wp\/v2\/tags?post=28466"}],"curies":[{"name":"wp","href":"https:\/\/api.w.org\/{rel}","templated":true}]}}