{"id":28471,"date":"2022-07-07T17:12:57","date_gmt":"2022-07-07T17:12:57","guid":{"rendered":"https:\/\/www.africa-press.net\/tchad\/politique\/leemet-mobilise-les-femmes-de-kelo-pour-renforcer-la-cohabitation"},"modified":"2022-07-07T17:33:34","modified_gmt":"2022-07-07T17:33:34","slug":"leemet-mobilise-les-femmes-de-kelo-pour-renforcer-la-cohabitation","status":"publish","type":"post","link":"https:\/\/www.africa-press.net\/tchad\/photo\/leemet-mobilise-les-femmes-de-kelo-pour-renforcer-la-cohabitation","title":{"rendered":"l\u2019EEMET mobilise les femmes de Kelo pour renforcer la cohabitation"},"content":{"rendered":"<p><span style=\"color: #ff6600\"><strong>Africa-Press &#8211; Tchad. <\/strong><\/span><a name=\"para_1\"><\/a>L&rsquo;Entente des \u00c9glises et missions \u00e9vang\u00e9liques du Tchad (EEMET), \u00e0 travers le d\u00e9partement de l&rsquo;\u00e9thique, la paix et la justice, organise du 7 au 9 juillet 2022, un s\u00e9minaire \u00e0 Kelo \u00e0 l&rsquo;intention des femmes leaders des trois confessions religieuses de la ville de Kelo.<\/p>\n<p>Cet atelier a pour th\u00e8me, le r\u00f4le des femmes dans l&rsquo;\u00e9ducation de la culture de paix et la cohabitation pacifique.<\/p>\n<p>C&rsquo;est le secr\u00e9taire g\u00e9n\u00e9ral du d\u00e9partement de la Tandjile Ouest, Ali Abakar Issa, qui a donn\u00e9 le coup d&rsquo;envoi des travaux.<\/p>\n<p>A l\u2019ouverture des travaux, le secr\u00e9taire g\u00e9n\u00e9ral de l&rsquo;EEMET locale, pasteur Tchangdoum Boniface, a remerci\u00e9 Dieu pour avoir facilit\u00e9 la tenue de cette grande retrouvaille qui, pour lui, peut apporter la paix au Tchad.<\/p>\n<p>Il a souhait\u00e9 que la ville de Kelo soit un mod\u00e8le de vivre-ensemble, \u00e0 travers cette rencontre.<\/p>\n<p>Le coordonnateur de l&rsquo;\u00e9thique, la paix et la justice, Dogos Victor, a pr\u00e9cis\u00e9 que le choix des femmes pour ce s\u00e9minaire n&rsquo;est pas fortuit.<\/p>\n<p>Pour lui, les femmes sont plus \u00e9cout\u00e9es et mieux comprises par leurs maris et leurs enfants.<\/p>\n<p>Lan\u00e7ant officiellement les activit\u00e9s de ce s\u00e9minaire, le secr\u00e9taire g\u00e9n\u00e9ral du d\u00e9partement de la Tandjile Ouest, Ali Abakar Issa, a exhort\u00e9 les femmes \u00e0 assurer pleinement leur r\u00f4le d\u2019ambassadrices de la paix.<\/p>\n\r\n                <style type=\"text\/css\">\r\n                    \r\n                    #td_uid_1_69eec8b28a8b8  .td-doubleSlider-2 .td-item1 {\r\n                        background: url(https:\/\/static.africa-press.net\/tchad\/sites\/41\/2022\/07\/postMediaimg_10_1-80x60.jpg) 0 0 no-repeat;\r\n                    }\r\n                    #td_uid_1_69eec8b28a8b8  .td-doubleSlider-2 .td-item2 {\r\n                        background: url(https:\/\/static.africa-press.net\/tchad\/sites\/41\/2022\/07\/postMediaimg_10_2-80x60.jpg) 0 0 no-repeat;\r\n                    }\r\n                <\/style>\r\n\r\n                <div id=\"td_uid_1_69eec8b28a8b8\" class=\"td-gallery td-slide-on-2-columns\">\r\n                    <div class=\"post_td_gallery\">\r\n                        <div class=\"td-gallery-slide-top\">\r\n                           <div class=\"td-gallery-title\"><\/div>\r\n\r\n                            <div class=\"td-gallery-controls-wrapper\">\r\n                                <div class=\"td-gallery-slide-count\"><span class=\"td-gallery-slide-item-focus\">1<\/span> de 2<\/div>\r\n                                <div class=\"td-gallery-slide-prev-next-but\">\r\n                                    <i class = \"td-icon-left doubleSliderPrevButton\"><\/i>\r\n                                    <i class = \"td-icon-right doubleSliderNextButton\"><\/i>\r\n                                <\/div>\r\n                            <\/div>\r\n                        <\/div>\r\n\r\n                        <div class = \"td-doubleSlider-1 \">\r\n                            <div class = \"td-slider\">\r\n                                \r\n                    <div class = \"td-slide-item td-item1\">\r\n                        <figure class=\"td-slide-galery-figure td-slide-popup-gallery\">\r\n                            <a class=\"slide-gallery-image-link\" href=\"https:\/\/static.africa-press.net\/tchad\/sites\/41\/2022\/07\/postMediaimg_10_1.jpg\" title=\"postMediaimg_10_1\"  data-caption=\"\"  data-description=\"\">\r\n                                <img decoding=\"async\" src=\"https:\/\/static.africa-press.net\/tchad\/sites\/41\/2022\/07\/postMediaimg_10_1.jpg\" srcset=\"https:\/\/static.africa-press.net\/tchad\/sites\/41\/2022\/07\/postMediaimg_10_1.jpg 1080w, https:\/\/static.africa-press.net\/tchad\/sites\/41\/2022\/07\/postMediaimg_10_1-300x150.jpg 300w, https:\/\/static.africa-press.net\/tchad\/sites\/41\/2022\/07\/postMediaimg_10_1-1024x512.jpg 1024w, https:\/\/static.africa-press.net\/tchad\/sites\/41\/2022\/07\/postMediaimg_10_1-768x384.jpg 768w\" sizes=\"(max-width: 1080px) 100vw, 1080px\" alt=\"\">\r\n                            <\/a>\r\n                            \r\n                        <\/figure>\r\n                    <\/div>\r\n                    <div class = \"td-slide-item td-item2\">\r\n                        <figure class=\"td-slide-galery-figure td-slide-popup-gallery\">\r\n                            <a class=\"slide-gallery-image-link\" href=\"https:\/\/static.africa-press.net\/tchad\/sites\/41\/2022\/07\/postMediaimg_10_2.jpg\" title=\"postMediaimg_10_2\"  data-caption=\"\"  data-description=\"\">\r\n                                <img decoding=\"async\" src=\"https:\/\/static.africa-press.net\/tchad\/sites\/41\/2022\/07\/postMediaimg_10_2.jpg\" srcset=\"https:\/\/static.africa-press.net\/tchad\/sites\/41\/2022\/07\/postMediaimg_10_2.jpg 1080w, https:\/\/static.africa-press.net\/tchad\/sites\/41\/2022\/07\/postMediaimg_10_2-300x150.jpg 300w, https:\/\/static.africa-press.net\/tchad\/sites\/41\/2022\/07\/postMediaimg_10_2-1024x512.jpg 1024w, https:\/\/static.africa-press.net\/tchad\/sites\/41\/2022\/07\/postMediaimg_10_2-768x384.jpg 768w\" sizes=\"(max-width: 1080px) 100vw, 1080px\" alt=\"\">\r\n                            <\/a>\r\n                            \r\n                        <\/figure>\r\n                    <\/div>\r\n                            <\/div>\r\n                        <\/div>\r\n\r\n                        <div class = \"td-doubleSlider-2\">\r\n                            <div class = \"td-slider\">\r\n                                \r\n                    <div class = \"td-button td-item1\">\r\n                        <div class = \"td-border\"><\/div>\r\n                    <\/div>\r\n                    <div class = \"td-button td-item2\">\r\n                        <div class = \"td-border\"><\/div>\r\n                    <\/div>\r\n                            <\/div>\r\n                        <\/div>\r\n\r\n                    <\/div>\r\n\r\n                <\/div>\r\n                \n<p><strong>Pour plus d&rsquo;informations et d&rsquo;analyses sur la <a href=\"https:\/\/www.africa-press.net\/tchad\">Tchad<\/a>, suivez <a href=\"https:\/\/www.africa-press.net\/\">Africa-Press<\/a><\/strong><\/p>\n","protected":false},"excerpt":{"rendered":"<p>Africa-Press &#8211; Tchad. L&rsquo;Entente des \u00c9glises et missions \u00e9vang\u00e9liques du Tchad (EEMET), \u00e0 travers le d\u00e9partement de l&rsquo;\u00e9thique, la paix et la justice, organise du 7 au 9 juillet 2022, un s\u00e9minaire \u00e0 Kelo \u00e0 l&rsquo;intention des femmes leaders des trois confessions religieuses de la ville de Kelo. Cet atelier a pour th\u00e8me, le r\u00f4le [&hellip;]<\/p>\n","protected":false},"author":82,"featured_media":28470,"comment_status":"open","ping_status":"closed","sticky":false,"template":"","format":"standard","meta":{"footnotes":""},"categories":[21,11,8,10],"tags":[37,292,29],"class_list":["post-28471","post","type-post","status-publish","format-standard","has-post-thumbnail","hentry","category-communaute","category-homepage-french","category-photo","category-toutes-les-actualites","tag-africa-press","tag-africa-press-tchad","tag-tchad"],"yoast_head":"<!-- This site is optimized with the Yoast SEO Premium plugin v26.1 (Yoast SEO v27.0) - https:\/\/yoast.com\/product\/yoast-seo-premium-wordpress\/ -->\n<title>l\u2019EEMET mobilise les femmes de Kelo pour renforcer la cohabitation - tchad<\/title>\n<meta name=\"description\" content=\"L&#039;Entente des \u00c9glises et missions \u00e9vang\u00e9liques du Tchad (EEMET), \u00e0 travers le d\u00e9partement de l&#039;\u00e9thi ...\" \/>\n<meta name=\"robots\" content=\"index, follow, max-snippet:-1, max-image-preview:large, max-video-preview:-1\" \/>\n<link rel=\"canonical\" href=\"https:\/\/www.africa-press.net\/tchad\/photo\/leemet-mobilise-les-femmes-de-kelo-pour-renforcer-la-cohabitation\" \/>\n<meta property=\"og:locale\" content=\"fr_FR\" \/>\n<meta property=\"og:type\" content=\"article\" \/>\n<meta property=\"og:title\" content=\"l\u2019EEMET mobilise les femmes de Kelo pour renforcer la cohabitation\" \/>\n<meta property=\"og:description\" content=\"L&#039;Entente des \u00c9glises et missions \u00e9vang\u00e9liques du Tchad (EEMET), \u00e0 travers le d\u00e9partement de l&#039;\u00e9thi ...\" \/>\n<meta property=\"og:url\" content=\"https:\/\/www.africa-press.net\/tchad\/photo\/leemet-mobilise-les-femmes-de-kelo-pour-renforcer-la-cohabitation\" \/>\n<meta property=\"og:site_name\" content=\"tchad\" \/>\n<meta property=\"article:published_time\" content=\"2022-07-07T17:12:57+00:00\" \/>\n<meta property=\"article:modified_time\" content=\"2022-07-07T17:33:34+00:00\" \/>\n<meta property=\"og:image\" content=\"https:\/\/static.africa-press.net\/tchad\/sites\/41\/2022\/07\/postQueueImg_10-62c718d00b1fd.jpg\" \/>\n\t<meta property=\"og:image:width\" content=\"1080\" \/>\n\t<meta property=\"og:image:height\" content=\"540\" \/>\n\t<meta property=\"og:image:type\" content=\"image\/jpeg\" \/>\n<meta name=\"author\" content=\"cfeditorfr\" \/>\n<meta name=\"twitter:card\" content=\"summary_large_image\" \/>\n<meta name=\"twitter:label1\" content=\"\u00c9crit par\" \/>\n\t<meta name=\"twitter:data1\" content=\"cfeditorfr\" \/>\n\t<meta name=\"twitter:label2\" content=\"Dur\u00e9e de lecture estim\u00e9e\" \/>\n\t<meta name=\"twitter:data2\" content=\"1 minute\" \/>\n<script type=\"application\/ld+json\" class=\"yoast-schema-graph\">{\"@context\":\"https:\/\/schema.org\",\"@graph\":[{\"@type\":\"Article\",\"@id\":\"https:\/\/www.africa-press.net\/tchad\/photo\/leemet-mobilise-les-femmes-de-kelo-pour-renforcer-la-cohabitation#article\",\"isPartOf\":{\"@id\":\"https:\/\/www.africa-press.net\/tchad\/photo\/leemet-mobilise-les-femmes-de-kelo-pour-renforcer-la-cohabitation\"},\"author\":{\"name\":\"cfeditorfr\",\"@id\":\"https:\/\/www.africa-press.net\/tchad\/#\/schema\/person\/2b1cf3cd81a31e3cd26889ca66d677f1\"},\"headline\":\"l\u2019EEMET mobilise les femmes de Kelo pour renforcer la cohabitation\",\"datePublished\":\"2022-07-07T17:12:57+00:00\",\"dateModified\":\"2022-07-07T17:33:34+00:00\",\"mainEntityOfPage\":{\"@id\":\"https:\/\/www.africa-press.net\/tchad\/photo\/leemet-mobilise-les-femmes-de-kelo-pour-renforcer-la-cohabitation\"},\"wordCount\":272,\"commentCount\":0,\"image\":{\"@id\":\"https:\/\/www.africa-press.net\/tchad\/photo\/leemet-mobilise-les-femmes-de-kelo-pour-renforcer-la-cohabitation#primaryimage\"},\"thumbnailUrl\":\"https:\/\/static.africa-press.net\/tchad\/sites\/41\/2022\/07\/postQueueImg_10-62c718d00b1fd.jpg\",\"keywords\":[\"Africa Press\",\"Africa Press-Tchad\",\"Tchad\"],\"articleSection\":[\"Communaut\u00e9\",\"homepage-french\",\"Photo\",\"Toutes les actualit\u00e9s\"],\"inLanguage\":\"fr-FR\",\"potentialAction\":[{\"@type\":\"CommentAction\",\"name\":\"Comment\",\"target\":[\"https:\/\/www.africa-press.net\/tchad\/photo\/leemet-mobilise-les-femmes-de-kelo-pour-renforcer-la-cohabitation#respond\"]}]},{\"@type\":\"WebPage\",\"@id\":\"https:\/\/www.africa-press.net\/tchad\/photo\/leemet-mobilise-les-femmes-de-kelo-pour-renforcer-la-cohabitation\",\"url\":\"https:\/\/www.africa-press.net\/tchad\/photo\/leemet-mobilise-les-femmes-de-kelo-pour-renforcer-la-cohabitation\",\"name\":\"l\u2019EEMET mobilise les femmes de Kelo pour renforcer la cohabitation - tchad\",\"isPartOf\":{\"@id\":\"https:\/\/www.africa-press.net\/tchad\/#website\"},\"primaryImageOfPage\":{\"@id\":\"https:\/\/www.africa-press.net\/tchad\/photo\/leemet-mobilise-les-femmes-de-kelo-pour-renforcer-la-cohabitation#primaryimage\"},\"image\":{\"@id\":\"https:\/\/www.africa-press.net\/tchad\/photo\/leemet-mobilise-les-femmes-de-kelo-pour-renforcer-la-cohabitation#primaryimage\"},\"thumbnailUrl\":\"https:\/\/static.africa-press.net\/tchad\/sites\/41\/2022\/07\/postQueueImg_10-62c718d00b1fd.jpg\",\"datePublished\":\"2022-07-07T17:12:57+00:00\",\"dateModified\":\"2022-07-07T17:33:34+00:00\",\"author\":{\"@id\":\"https:\/\/www.africa-press.net\/tchad\/#\/schema\/person\/2b1cf3cd81a31e3cd26889ca66d677f1\"},\"description\":\"L'Entente des \u00c9glises et missions \u00e9vang\u00e9liques du Tchad (EEMET), \u00e0 travers le d\u00e9partement de l'\u00e9thi ...\",\"breadcrumb\":{\"@id\":\"https:\/\/www.africa-press.net\/tchad\/photo\/leemet-mobilise-les-femmes-de-kelo-pour-renforcer-la-cohabitation#breadcrumb\"},\"inLanguage\":\"fr-FR\",\"potentialAction\":[{\"@type\":\"ReadAction\",\"target\":[\"https:\/\/www.africa-press.net\/tchad\/photo\/leemet-mobilise-les-femmes-de-kelo-pour-renforcer-la-cohabitation\"]}]},{\"@type\":\"ImageObject\",\"inLanguage\":\"fr-FR\",\"@id\":\"https:\/\/www.africa-press.net\/tchad\/photo\/leemet-mobilise-les-femmes-de-kelo-pour-renforcer-la-cohabitation#primaryimage\",\"url\":\"https:\/\/static.africa-press.net\/tchad\/sites\/41\/2022\/07\/postQueueImg_10-62c718d00b1fd.jpg\",\"contentUrl\":\"https:\/\/static.africa-press.net\/tchad\/sites\/41\/2022\/07\/postQueueImg_10-62c718d00b1fd.jpg\",\"width\":1080,\"height\":540,\"caption\":\"l\u2019EEMET mobilise les femmes de Kelo pour renforcer la cohabitation\"},{\"@type\":\"BreadcrumbList\",\"@id\":\"https:\/\/www.africa-press.net\/tchad\/photo\/leemet-mobilise-les-femmes-de-kelo-pour-renforcer-la-cohabitation#breadcrumb\",\"itemListElement\":[{\"@type\":\"ListItem\",\"position\":1,\"name\":\"Accueil\",\"item\":\"https:\/\/www.africa-press.net\/tchad\/\"},{\"@type\":\"ListItem\",\"position\":2,\"name\":\"l\u2019EEMET mobilise les femmes de Kelo pour renforcer la cohabitation\"}]},{\"@type\":\"WebSite\",\"@id\":\"https:\/\/www.africa-press.net\/tchad\/#website\",\"url\":\"https:\/\/www.africa-press.net\/tchad\/\",\"name\":\"tchad\",\"description\":\"Just another Africa News Agency Sites site\",\"potentialAction\":[{\"@type\":\"SearchAction\",\"target\":{\"@type\":\"EntryPoint\",\"urlTemplate\":\"https:\/\/www.africa-press.net\/tchad\/?s={search_term_string}\"},\"query-input\":{\"@type\":\"PropertyValueSpecification\",\"valueRequired\":true,\"valueName\":\"search_term_string\"}}],\"inLanguage\":\"fr-FR\"},{\"@type\":\"Person\",\"@id\":\"https:\/\/www.africa-press.net\/tchad\/#\/schema\/person\/2b1cf3cd81a31e3cd26889ca66d677f1\",\"name\":\"cfeditorfr\"}]}<\/script>\n<!-- \/ Yoast SEO Premium plugin. -->","yoast_head_json":{"title":"l\u2019EEMET mobilise les femmes de Kelo pour renforcer la cohabitation - tchad","description":"L'Entente des \u00c9glises et missions \u00e9vang\u00e9liques du Tchad (EEMET), \u00e0 travers le d\u00e9partement de l'\u00e9thi ...","robots":{"index":"index","follow":"follow","max-snippet":"max-snippet:-1","max-image-preview":"max-image-preview:large","max-video-preview":"max-video-preview:-1"},"canonical":"https:\/\/www.africa-press.net\/tchad\/photo\/leemet-mobilise-les-femmes-de-kelo-pour-renforcer-la-cohabitation","og_locale":"fr_FR","og_type":"article","og_title":"l\u2019EEMET mobilise les femmes de Kelo pour renforcer la cohabitation","og_description":"L'Entente des \u00c9glises et missions \u00e9vang\u00e9liques du Tchad (EEMET), \u00e0 travers le d\u00e9partement de l'\u00e9thi ...","og_url":"https:\/\/www.africa-press.net\/tchad\/photo\/leemet-mobilise-les-femmes-de-kelo-pour-renforcer-la-cohabitation","og_site_name":"tchad","article_published_time":"2022-07-07T17:12:57+00:00","article_modified_time":"2022-07-07T17:33:34+00:00","og_image":[{"width":1080,"height":540,"url":"https:\/\/static.africa-press.net\/tchad\/sites\/41\/2022\/07\/postQueueImg_10-62c718d00b1fd.jpg","type":"image\/jpeg"}],"author":"cfeditorfr","twitter_card":"summary_large_image","twitter_misc":{"\u00c9crit par":"cfeditorfr","Dur\u00e9e de lecture estim\u00e9e":"1 minute"},"schema":{"@context":"https:\/\/schema.org","@graph":[{"@type":"Article","@id":"https:\/\/www.africa-press.net\/tchad\/photo\/leemet-mobilise-les-femmes-de-kelo-pour-renforcer-la-cohabitation#article","isPartOf":{"@id":"https:\/\/www.africa-press.net\/tchad\/photo\/leemet-mobilise-les-femmes-de-kelo-pour-renforcer-la-cohabitation"},"author":{"name":"cfeditorfr","@id":"https:\/\/www.africa-press.net\/tchad\/#\/schema\/person\/2b1cf3cd81a31e3cd26889ca66d677f1"},"headline":"l\u2019EEMET mobilise les femmes de Kelo pour renforcer la cohabitation","datePublished":"2022-07-07T17:12:57+00:00","dateModified":"2022-07-07T17:33:34+00:00","mainEntityOfPage":{"@id":"https:\/\/www.africa-press.net\/tchad\/photo\/leemet-mobilise-les-femmes-de-kelo-pour-renforcer-la-cohabitation"},"wordCount":272,"commentCount":0,"image":{"@id":"https:\/\/www.africa-press.net\/tchad\/photo\/leemet-mobilise-les-femmes-de-kelo-pour-renforcer-la-cohabitation#primaryimage"},"thumbnailUrl":"https:\/\/static.africa-press.net\/tchad\/sites\/41\/2022\/07\/postQueueImg_10-62c718d00b1fd.jpg","keywords":["Africa Press","Africa Press-Tchad","Tchad"],"articleSection":["Communaut\u00e9","homepage-french","Photo","Toutes les actualit\u00e9s"],"inLanguage":"fr-FR","potentialAction":[{"@type":"CommentAction","name":"Comment","target":["https:\/\/www.africa-press.net\/tchad\/photo\/leemet-mobilise-les-femmes-de-kelo-pour-renforcer-la-cohabitation#respond"]}]},{"@type":"WebPage","@id":"https:\/\/www.africa-press.net\/tchad\/photo\/leemet-mobilise-les-femmes-de-kelo-pour-renforcer-la-cohabitation","url":"https:\/\/www.africa-press.net\/tchad\/photo\/leemet-mobilise-les-femmes-de-kelo-pour-renforcer-la-cohabitation","name":"l\u2019EEMET mobilise les femmes de Kelo pour renforcer la cohabitation - tchad","isPartOf":{"@id":"https:\/\/www.africa-press.net\/tchad\/#website"},"primaryImageOfPage":{"@id":"https:\/\/www.africa-press.net\/tchad\/photo\/leemet-mobilise-les-femmes-de-kelo-pour-renforcer-la-cohabitation#primaryimage"},"image":{"@id":"https:\/\/www.africa-press.net\/tchad\/photo\/leemet-mobilise-les-femmes-de-kelo-pour-renforcer-la-cohabitation#primaryimage"},"thumbnailUrl":"https:\/\/static.africa-press.net\/tchad\/sites\/41\/2022\/07\/postQueueImg_10-62c718d00b1fd.jpg","datePublished":"2022-07-07T17:12:57+00:00","dateModified":"2022-07-07T17:33:34+00:00","author":{"@id":"https:\/\/www.africa-press.net\/tchad\/#\/schema\/person\/2b1cf3cd81a31e3cd26889ca66d677f1"},"description":"L'Entente des \u00c9glises et missions \u00e9vang\u00e9liques du Tchad (EEMET), \u00e0 travers le d\u00e9partement de l'\u00e9thi ...","breadcrumb":{"@id":"https:\/\/www.africa-press.net\/tchad\/photo\/leemet-mobilise-les-femmes-de-kelo-pour-renforcer-la-cohabitation#breadcrumb"},"inLanguage":"fr-FR","potentialAction":[{"@type":"ReadAction","target":["https:\/\/www.africa-press.net\/tchad\/photo\/leemet-mobilise-les-femmes-de-kelo-pour-renforcer-la-cohabitation"]}]},{"@type":"ImageObject","inLanguage":"fr-FR","@id":"https:\/\/www.africa-press.net\/tchad\/photo\/leemet-mobilise-les-femmes-de-kelo-pour-renforcer-la-cohabitation#primaryimage","url":"https:\/\/static.africa-press.net\/tchad\/sites\/41\/2022\/07\/postQueueImg_10-62c718d00b1fd.jpg","contentUrl":"https:\/\/static.africa-press.net\/tchad\/sites\/41\/2022\/07\/postQueueImg_10-62c718d00b1fd.jpg","width":1080,"height":540,"caption":"l\u2019EEMET mobilise les femmes de Kelo pour renforcer la cohabitation"},{"@type":"BreadcrumbList","@id":"https:\/\/www.africa-press.net\/tchad\/photo\/leemet-mobilise-les-femmes-de-kelo-pour-renforcer-la-cohabitation#breadcrumb","itemListElement":[{"@type":"ListItem","position":1,"name":"Accueil","item":"https:\/\/www.africa-press.net\/tchad\/"},{"@type":"ListItem","position":2,"name":"l\u2019EEMET mobilise les femmes de Kelo pour renforcer la cohabitation"}]},{"@type":"WebSite","@id":"https:\/\/www.africa-press.net\/tchad\/#website","url":"https:\/\/www.africa-press.net\/tchad\/","name":"tchad","description":"Just another Africa News Agency Sites site","potentialAction":[{"@type":"SearchAction","target":{"@type":"EntryPoint","urlTemplate":"https:\/\/www.africa-press.net\/tchad\/?s={search_term_string}"},"query-input":{"@type":"PropertyValueSpecification","valueRequired":true,"valueName":"search_term_string"}}],"inLanguage":"fr-FR"},{"@type":"Person","@id":"https:\/\/www.africa-press.net\/tchad\/#\/schema\/person\/2b1cf3cd81a31e3cd26889ca66d677f1","name":"cfeditorfr"}]}},"_links":{"self":[{"href":"https:\/\/www.africa-press.net\/tchad\/wp-json\/wp\/v2\/posts\/28471","targetHints":{"allow":["GET"]}}],"collection":[{"href":"https:\/\/www.africa-press.net\/tchad\/wp-json\/wp\/v2\/posts"}],"about":[{"href":"https:\/\/www.africa-press.net\/tchad\/wp-json\/wp\/v2\/types\/post"}],"author":[{"embeddable":true,"href":"https:\/\/www.africa-press.net\/tchad\/wp-json\/wp\/v2\/users\/82"}],"replies":[{"embeddable":true,"href":"https:\/\/www.africa-press.net\/tchad\/wp-json\/wp\/v2\/comments?post=28471"}],"version-history":[{"count":0,"href":"https:\/\/www.africa-press.net\/tchad\/wp-json\/wp\/v2\/posts\/28471\/revisions"}],"wp:featuredmedia":[{"embeddable":true,"href":"https:\/\/www.africa-press.net\/tchad\/wp-json\/wp\/v2\/media\/28470"}],"wp:attachment":[{"href":"https:\/\/www.africa-press.net\/tchad\/wp-json\/wp\/v2\/media?parent=28471"}],"wp:term":[{"taxonomy":"category","embeddable":true,"href":"https:\/\/www.africa-press.net\/tchad\/wp-json\/wp\/v2\/categories?post=28471"},{"taxonomy":"post_tag","embeddable":true,"href":"https:\/\/www.africa-press.net\/tchad\/wp-json\/wp\/v2\/tags?post=28471"}],"curies":[{"name":"wp","href":"https:\/\/api.w.org\/{rel}","templated":true}]}}