{"id":28474,"date":"2022-07-07T17:13:42","date_gmt":"2022-07-07T17:13:42","guid":{"rendered":"https:\/\/www.africa-press.net\/tchad\/politique\/loim-aux-cotes-de-letat-pour-accompagner-le-retour-des-migrants"},"modified":"2022-07-07T17:34:02","modified_gmt":"2022-07-07T17:34:02","slug":"loim-aux-cotes-de-letat-pour-accompagner-le-retour-des-migrants","status":"publish","type":"post","link":"https:\/\/www.africa-press.net\/tchad\/toutes-les-actualites\/loim-aux-cotes-de-letat-pour-accompagner-le-retour-des-migrants","title":{"rendered":"l&rsquo;OIM aux c\u00f4t\u00e9s de l&rsquo;\u00c9tat pour accompagner le retour des migrants"},"content":{"rendered":"<p><span style=\"color: #ff6600\"><strong>Africa-Press &#8211; Tchad. <\/strong><\/span>L&rsquo;Organisation internationale pour les migrations (OIM) au Tchad sensibilise sur les proc\u00e9dures d&rsquo;aide au retour volontaire de r\u00e9int\u00e9gration, ainsi que la politique de retour, r\u00e9admission et de r\u00e9int\u00e9gration, pour les diff\u00e9rentes administrations \u00e9tatiques, les ambassadeurs et missions consulaires, \u00e0 travers un atelier organis\u00e9 ce 7 juillet 2022 \u00e0 Ndjamena.<\/p>\n<p>L&rsquo;OIM mobilise les diff\u00e9rents acteurs afin de veiller \u00e0 ce que le retour et la r\u00e9admission se d\u00e9roulent en toute s\u00e9curit\u00e9 et dignit\u00e9, mais aussi soutenir les migrants de retour.<\/p>\n<p>L&rsquo;organisation fait office d&rsquo;interm\u00e9diaire impartial pour fournir de l&rsquo;aide et des conseils aux gouvernements, ainsi qu&rsquo;aux autres parties prenantes.<\/p>\n<p>Elle garantit la responsabilit\u00e9 et la programmation fond\u00e9e sur des donn\u00e9es factuelles, tout au long du processus de retour, de r\u00e9admission et d&rsquo;int\u00e9gration, en assurant la coh\u00e9rence des activit\u00e9s pertinentes, avec les priorit\u00e9s nationales de d\u00e9veloppement et les plans-cadres de coop\u00e9ration des Nations Unies.<\/p>\n<p>Aladoungar Valencia, qui repr\u00e9sente le minist\u00e8re des Affaires \u00e9trang\u00e8res, de l&rsquo;Int\u00e9gration africaine et des Tchadiens de l&rsquo;\u00e9tranger, souligne que le gouvernement tchadien ne m\u00e9nage aucun effort pour assurer une protection efficace et efficiente des migrants tchadiens et \u00e9trangers.<\/p>\n<p>C\u2019est la raison pour laquelle son d\u00e9partement soutient les efforts de l&rsquo;OIM dans les proc\u00e9dures d&rsquo;aide au retour volontaire des migrants vuln\u00e9rables.<\/p>\n<p>La cheffe de mission de l&rsquo;OIM, Anne Katrine Sdi\u00e4fer, pr\u00e9cise qu&rsquo;apr\u00e8s le retour des migrants dans leur pays d&rsquo;origine, les migrants tchadiens et \u00e9trangers re\u00e7oivent une assistance socio-\u00e9conomique qui leur permet de r\u00e9int\u00e9grer leurs communaut\u00e9s et de recommencer leurs activit\u00e9s.<\/p>\n<p>Avec le soutien des \u00c9tats membres, l&rsquo;OIM a mis en place une nouvelle politique de retour, de r\u00e9admission et r\u00e9int\u00e9gration qui vise \u00e0 formuler et \u00e0 transmettre \u00e0 toutes les parties prenantes, une d\u00e9marche holistique, coh\u00e9rente, fond\u00e9e sur les droits et ax\u00e9e sur le d\u00e9veloppement durable d&rsquo;une bonne gestion du retour, de la r\u00e9admission et la r\u00e9int\u00e9gration p\u00e9renne, et qui tient compte du bien-\u00eatre des personnes et des communaut\u00e9s, de fa\u00e7on impartiale et non-discriminatoire.<\/p>\n<p><strong>Pour plus d&rsquo;informations et d&rsquo;analyses sur la <a href=\"https:\/\/www.africa-press.net\/tchad\">Tchad<\/a>, suivez <a href=\"https:\/\/www.africa-press.net\/\">Africa-Press<\/a><\/strong><\/p>\n","protected":false},"excerpt":{"rendered":"<p>Africa-Press &#8211; Tchad. L&rsquo;Organisation internationale pour les migrations (OIM) au Tchad sensibilise sur les proc\u00e9dures d&rsquo;aide au retour volontaire de r\u00e9int\u00e9gration, ainsi que la politique de retour, r\u00e9admission et de r\u00e9int\u00e9gration, pour les diff\u00e9rentes administrations \u00e9tatiques, les ambassadeurs et missions consulaires, \u00e0 travers un atelier organis\u00e9 ce 7 juillet 2022 \u00e0 Ndjamena. L&rsquo;OIM mobilise les [&hellip;]<\/p>\n","protected":false},"author":82,"featured_media":28473,"comment_status":"open","ping_status":"closed","sticky":false,"template":"","format":"standard","meta":{"footnotes":""},"categories":[21,11,10],"tags":[37,292,29],"class_list":["post-28474","post","type-post","status-publish","format-standard","has-post-thumbnail","hentry","category-communaute","category-homepage-french","category-toutes-les-actualites","tag-africa-press","tag-africa-press-tchad","tag-tchad"],"yoast_head":"<!-- This site is optimized with the Yoast SEO Premium plugin v26.1 (Yoast SEO v27.0) - https:\/\/yoast.com\/product\/yoast-seo-premium-wordpress\/ -->\n<title>l&#039;OIM aux c\u00f4t\u00e9s de l&#039;\u00c9tat pour accompagner le retour des migrants - tchad<\/title>\n<meta name=\"description\" content=\"L&#039;Organisation internationale pour les migrations (OIM) au Tchad sensibilise sur les proc\u00e9dures d&#039;aide au retour volonta ...\" \/>\n<meta name=\"robots\" content=\"index, follow, max-snippet:-1, max-image-preview:large, max-video-preview:-1\" \/>\n<link rel=\"canonical\" href=\"https:\/\/www.africa-press.net\/tchad\/toutes-les-actualites\/loim-aux-cotes-de-letat-pour-accompagner-le-retour-des-migrants\" \/>\n<meta property=\"og:locale\" content=\"fr_FR\" \/>\n<meta property=\"og:type\" content=\"article\" \/>\n<meta property=\"og:title\" content=\"l&#039;OIM aux c\u00f4t\u00e9s de l&#039;\u00c9tat pour accompagner le retour des migrants\" \/>\n<meta property=\"og:description\" content=\"L&#039;Organisation internationale pour les migrations (OIM) au Tchad sensibilise sur les proc\u00e9dures d&#039;aide au retour volonta ...\" \/>\n<meta property=\"og:url\" content=\"https:\/\/www.africa-press.net\/tchad\/toutes-les-actualites\/loim-aux-cotes-de-letat-pour-accompagner-le-retour-des-migrants\" \/>\n<meta property=\"og:site_name\" content=\"tchad\" \/>\n<meta property=\"article:published_time\" content=\"2022-07-07T17:13:42+00:00\" \/>\n<meta property=\"article:modified_time\" content=\"2022-07-07T17:34:02+00:00\" \/>\n<meta property=\"og:image\" content=\"https:\/\/static.africa-press.net\/tchad\/sites\/41\/2022\/07\/postQueueImg_11-62c718f3ec980.jpg\" \/>\n\t<meta property=\"og:image:width\" content=\"878\" \/>\n\t<meta property=\"og:image:height\" content=\"453\" \/>\n\t<meta property=\"og:image:type\" content=\"image\/jpeg\" \/>\n<meta name=\"author\" content=\"cfeditorfr\" \/>\n<meta name=\"twitter:card\" content=\"summary_large_image\" \/>\n<meta name=\"twitter:label1\" content=\"\u00c9crit par\" \/>\n\t<meta name=\"twitter:data1\" content=\"cfeditorfr\" \/>\n\t<meta name=\"twitter:label2\" content=\"Dur\u00e9e de lecture estim\u00e9e\" \/>\n\t<meta name=\"twitter:data2\" content=\"2 minutes\" \/>\n<script type=\"application\/ld+json\" class=\"yoast-schema-graph\">{\"@context\":\"https:\/\/schema.org\",\"@graph\":[{\"@type\":\"Article\",\"@id\":\"https:\/\/www.africa-press.net\/tchad\/toutes-les-actualites\/loim-aux-cotes-de-letat-pour-accompagner-le-retour-des-migrants#article\",\"isPartOf\":{\"@id\":\"https:\/\/www.africa-press.net\/tchad\/toutes-les-actualites\/loim-aux-cotes-de-letat-pour-accompagner-le-retour-des-migrants\"},\"author\":{\"name\":\"cfeditorfr\",\"@id\":\"https:\/\/www.africa-press.net\/tchad\/#\/schema\/person\/2b1cf3cd81a31e3cd26889ca66d677f1\"},\"headline\":\"l&rsquo;OIM aux c\u00f4t\u00e9s de l&rsquo;\u00c9tat pour accompagner le retour des migrants\",\"datePublished\":\"2022-07-07T17:13:42+00:00\",\"dateModified\":\"2022-07-07T17:34:02+00:00\",\"mainEntityOfPage\":{\"@id\":\"https:\/\/www.africa-press.net\/tchad\/toutes-les-actualites\/loim-aux-cotes-de-letat-pour-accompagner-le-retour-des-migrants\"},\"wordCount\":409,\"commentCount\":0,\"image\":{\"@id\":\"https:\/\/www.africa-press.net\/tchad\/toutes-les-actualites\/loim-aux-cotes-de-letat-pour-accompagner-le-retour-des-migrants#primaryimage\"},\"thumbnailUrl\":\"https:\/\/static.africa-press.net\/tchad\/sites\/41\/2022\/07\/postQueueImg_11-62c718f3ec980.jpg\",\"keywords\":[\"Africa Press\",\"Africa Press-Tchad\",\"Tchad\"],\"articleSection\":[\"Communaut\u00e9\",\"homepage-french\",\"Toutes les actualit\u00e9s\"],\"inLanguage\":\"fr-FR\",\"potentialAction\":[{\"@type\":\"CommentAction\",\"name\":\"Comment\",\"target\":[\"https:\/\/www.africa-press.net\/tchad\/toutes-les-actualites\/loim-aux-cotes-de-letat-pour-accompagner-le-retour-des-migrants#respond\"]}]},{\"@type\":\"WebPage\",\"@id\":\"https:\/\/www.africa-press.net\/tchad\/toutes-les-actualites\/loim-aux-cotes-de-letat-pour-accompagner-le-retour-des-migrants\",\"url\":\"https:\/\/www.africa-press.net\/tchad\/toutes-les-actualites\/loim-aux-cotes-de-letat-pour-accompagner-le-retour-des-migrants\",\"name\":\"l'OIM aux c\u00f4t\u00e9s de l'\u00c9tat pour accompagner le retour des migrants - tchad\",\"isPartOf\":{\"@id\":\"https:\/\/www.africa-press.net\/tchad\/#website\"},\"primaryImageOfPage\":{\"@id\":\"https:\/\/www.africa-press.net\/tchad\/toutes-les-actualites\/loim-aux-cotes-de-letat-pour-accompagner-le-retour-des-migrants#primaryimage\"},\"image\":{\"@id\":\"https:\/\/www.africa-press.net\/tchad\/toutes-les-actualites\/loim-aux-cotes-de-letat-pour-accompagner-le-retour-des-migrants#primaryimage\"},\"thumbnailUrl\":\"https:\/\/static.africa-press.net\/tchad\/sites\/41\/2022\/07\/postQueueImg_11-62c718f3ec980.jpg\",\"datePublished\":\"2022-07-07T17:13:42+00:00\",\"dateModified\":\"2022-07-07T17:34:02+00:00\",\"author\":{\"@id\":\"https:\/\/www.africa-press.net\/tchad\/#\/schema\/person\/2b1cf3cd81a31e3cd26889ca66d677f1\"},\"description\":\"L'Organisation internationale pour les migrations (OIM) au Tchad sensibilise sur les proc\u00e9dures d'aide au retour volonta ...\",\"breadcrumb\":{\"@id\":\"https:\/\/www.africa-press.net\/tchad\/toutes-les-actualites\/loim-aux-cotes-de-letat-pour-accompagner-le-retour-des-migrants#breadcrumb\"},\"inLanguage\":\"fr-FR\",\"potentialAction\":[{\"@type\":\"ReadAction\",\"target\":[\"https:\/\/www.africa-press.net\/tchad\/toutes-les-actualites\/loim-aux-cotes-de-letat-pour-accompagner-le-retour-des-migrants\"]}]},{\"@type\":\"ImageObject\",\"inLanguage\":\"fr-FR\",\"@id\":\"https:\/\/www.africa-press.net\/tchad\/toutes-les-actualites\/loim-aux-cotes-de-letat-pour-accompagner-le-retour-des-migrants#primaryimage\",\"url\":\"https:\/\/static.africa-press.net\/tchad\/sites\/41\/2022\/07\/postQueueImg_11-62c718f3ec980.jpg\",\"contentUrl\":\"https:\/\/static.africa-press.net\/tchad\/sites\/41\/2022\/07\/postQueueImg_11-62c718f3ec980.jpg\",\"width\":878,\"height\":453,\"caption\":\"l'OIM aux c\u00f4t\u00e9s de l'\u00c9tat pour accompagner le retour des migrants\"},{\"@type\":\"BreadcrumbList\",\"@id\":\"https:\/\/www.africa-press.net\/tchad\/toutes-les-actualites\/loim-aux-cotes-de-letat-pour-accompagner-le-retour-des-migrants#breadcrumb\",\"itemListElement\":[{\"@type\":\"ListItem\",\"position\":1,\"name\":\"Accueil\",\"item\":\"https:\/\/www.africa-press.net\/tchad\/\"},{\"@type\":\"ListItem\",\"position\":2,\"name\":\"l&#8217;OIM aux c\u00f4t\u00e9s de l&#8217;\u00c9tat pour accompagner le retour des migrants\"}]},{\"@type\":\"WebSite\",\"@id\":\"https:\/\/www.africa-press.net\/tchad\/#website\",\"url\":\"https:\/\/www.africa-press.net\/tchad\/\",\"name\":\"tchad\",\"description\":\"Just another Africa News Agency Sites site\",\"potentialAction\":[{\"@type\":\"SearchAction\",\"target\":{\"@type\":\"EntryPoint\",\"urlTemplate\":\"https:\/\/www.africa-press.net\/tchad\/?s={search_term_string}\"},\"query-input\":{\"@type\":\"PropertyValueSpecification\",\"valueRequired\":true,\"valueName\":\"search_term_string\"}}],\"inLanguage\":\"fr-FR\"},{\"@type\":\"Person\",\"@id\":\"https:\/\/www.africa-press.net\/tchad\/#\/schema\/person\/2b1cf3cd81a31e3cd26889ca66d677f1\",\"name\":\"cfeditorfr\"}]}<\/script>\n<!-- \/ Yoast SEO Premium plugin. -->","yoast_head_json":{"title":"l'OIM aux c\u00f4t\u00e9s de l'\u00c9tat pour accompagner le retour des migrants - tchad","description":"L'Organisation internationale pour les migrations (OIM) au Tchad sensibilise sur les proc\u00e9dures d'aide au retour volonta ...","robots":{"index":"index","follow":"follow","max-snippet":"max-snippet:-1","max-image-preview":"max-image-preview:large","max-video-preview":"max-video-preview:-1"},"canonical":"https:\/\/www.africa-press.net\/tchad\/toutes-les-actualites\/loim-aux-cotes-de-letat-pour-accompagner-le-retour-des-migrants","og_locale":"fr_FR","og_type":"article","og_title":"l'OIM aux c\u00f4t\u00e9s de l'\u00c9tat pour accompagner le retour des migrants","og_description":"L'Organisation internationale pour les migrations (OIM) au Tchad sensibilise sur les proc\u00e9dures d'aide au retour volonta ...","og_url":"https:\/\/www.africa-press.net\/tchad\/toutes-les-actualites\/loim-aux-cotes-de-letat-pour-accompagner-le-retour-des-migrants","og_site_name":"tchad","article_published_time":"2022-07-07T17:13:42+00:00","article_modified_time":"2022-07-07T17:34:02+00:00","og_image":[{"width":878,"height":453,"url":"https:\/\/static.africa-press.net\/tchad\/sites\/41\/2022\/07\/postQueueImg_11-62c718f3ec980.jpg","type":"image\/jpeg"}],"author":"cfeditorfr","twitter_card":"summary_large_image","twitter_misc":{"\u00c9crit par":"cfeditorfr","Dur\u00e9e de lecture estim\u00e9e":"2 minutes"},"schema":{"@context":"https:\/\/schema.org","@graph":[{"@type":"Article","@id":"https:\/\/www.africa-press.net\/tchad\/toutes-les-actualites\/loim-aux-cotes-de-letat-pour-accompagner-le-retour-des-migrants#article","isPartOf":{"@id":"https:\/\/www.africa-press.net\/tchad\/toutes-les-actualites\/loim-aux-cotes-de-letat-pour-accompagner-le-retour-des-migrants"},"author":{"name":"cfeditorfr","@id":"https:\/\/www.africa-press.net\/tchad\/#\/schema\/person\/2b1cf3cd81a31e3cd26889ca66d677f1"},"headline":"l&rsquo;OIM aux c\u00f4t\u00e9s de l&rsquo;\u00c9tat pour accompagner le retour des migrants","datePublished":"2022-07-07T17:13:42+00:00","dateModified":"2022-07-07T17:34:02+00:00","mainEntityOfPage":{"@id":"https:\/\/www.africa-press.net\/tchad\/toutes-les-actualites\/loim-aux-cotes-de-letat-pour-accompagner-le-retour-des-migrants"},"wordCount":409,"commentCount":0,"image":{"@id":"https:\/\/www.africa-press.net\/tchad\/toutes-les-actualites\/loim-aux-cotes-de-letat-pour-accompagner-le-retour-des-migrants#primaryimage"},"thumbnailUrl":"https:\/\/static.africa-press.net\/tchad\/sites\/41\/2022\/07\/postQueueImg_11-62c718f3ec980.jpg","keywords":["Africa Press","Africa Press-Tchad","Tchad"],"articleSection":["Communaut\u00e9","homepage-french","Toutes les actualit\u00e9s"],"inLanguage":"fr-FR","potentialAction":[{"@type":"CommentAction","name":"Comment","target":["https:\/\/www.africa-press.net\/tchad\/toutes-les-actualites\/loim-aux-cotes-de-letat-pour-accompagner-le-retour-des-migrants#respond"]}]},{"@type":"WebPage","@id":"https:\/\/www.africa-press.net\/tchad\/toutes-les-actualites\/loim-aux-cotes-de-letat-pour-accompagner-le-retour-des-migrants","url":"https:\/\/www.africa-press.net\/tchad\/toutes-les-actualites\/loim-aux-cotes-de-letat-pour-accompagner-le-retour-des-migrants","name":"l'OIM aux c\u00f4t\u00e9s de l'\u00c9tat pour accompagner le retour des migrants - tchad","isPartOf":{"@id":"https:\/\/www.africa-press.net\/tchad\/#website"},"primaryImageOfPage":{"@id":"https:\/\/www.africa-press.net\/tchad\/toutes-les-actualites\/loim-aux-cotes-de-letat-pour-accompagner-le-retour-des-migrants#primaryimage"},"image":{"@id":"https:\/\/www.africa-press.net\/tchad\/toutes-les-actualites\/loim-aux-cotes-de-letat-pour-accompagner-le-retour-des-migrants#primaryimage"},"thumbnailUrl":"https:\/\/static.africa-press.net\/tchad\/sites\/41\/2022\/07\/postQueueImg_11-62c718f3ec980.jpg","datePublished":"2022-07-07T17:13:42+00:00","dateModified":"2022-07-07T17:34:02+00:00","author":{"@id":"https:\/\/www.africa-press.net\/tchad\/#\/schema\/person\/2b1cf3cd81a31e3cd26889ca66d677f1"},"description":"L'Organisation internationale pour les migrations (OIM) au Tchad sensibilise sur les proc\u00e9dures d'aide au retour volonta ...","breadcrumb":{"@id":"https:\/\/www.africa-press.net\/tchad\/toutes-les-actualites\/loim-aux-cotes-de-letat-pour-accompagner-le-retour-des-migrants#breadcrumb"},"inLanguage":"fr-FR","potentialAction":[{"@type":"ReadAction","target":["https:\/\/www.africa-press.net\/tchad\/toutes-les-actualites\/loim-aux-cotes-de-letat-pour-accompagner-le-retour-des-migrants"]}]},{"@type":"ImageObject","inLanguage":"fr-FR","@id":"https:\/\/www.africa-press.net\/tchad\/toutes-les-actualites\/loim-aux-cotes-de-letat-pour-accompagner-le-retour-des-migrants#primaryimage","url":"https:\/\/static.africa-press.net\/tchad\/sites\/41\/2022\/07\/postQueueImg_11-62c718f3ec980.jpg","contentUrl":"https:\/\/static.africa-press.net\/tchad\/sites\/41\/2022\/07\/postQueueImg_11-62c718f3ec980.jpg","width":878,"height":453,"caption":"l'OIM aux c\u00f4t\u00e9s de l'\u00c9tat pour accompagner le retour des migrants"},{"@type":"BreadcrumbList","@id":"https:\/\/www.africa-press.net\/tchad\/toutes-les-actualites\/loim-aux-cotes-de-letat-pour-accompagner-le-retour-des-migrants#breadcrumb","itemListElement":[{"@type":"ListItem","position":1,"name":"Accueil","item":"https:\/\/www.africa-press.net\/tchad\/"},{"@type":"ListItem","position":2,"name":"l&#8217;OIM aux c\u00f4t\u00e9s de l&#8217;\u00c9tat pour accompagner le retour des migrants"}]},{"@type":"WebSite","@id":"https:\/\/www.africa-press.net\/tchad\/#website","url":"https:\/\/www.africa-press.net\/tchad\/","name":"tchad","description":"Just another Africa News Agency Sites site","potentialAction":[{"@type":"SearchAction","target":{"@type":"EntryPoint","urlTemplate":"https:\/\/www.africa-press.net\/tchad\/?s={search_term_string}"},"query-input":{"@type":"PropertyValueSpecification","valueRequired":true,"valueName":"search_term_string"}}],"inLanguage":"fr-FR"},{"@type":"Person","@id":"https:\/\/www.africa-press.net\/tchad\/#\/schema\/person\/2b1cf3cd81a31e3cd26889ca66d677f1","name":"cfeditorfr"}]}},"_links":{"self":[{"href":"https:\/\/www.africa-press.net\/tchad\/wp-json\/wp\/v2\/posts\/28474","targetHints":{"allow":["GET"]}}],"collection":[{"href":"https:\/\/www.africa-press.net\/tchad\/wp-json\/wp\/v2\/posts"}],"about":[{"href":"https:\/\/www.africa-press.net\/tchad\/wp-json\/wp\/v2\/types\/post"}],"author":[{"embeddable":true,"href":"https:\/\/www.africa-press.net\/tchad\/wp-json\/wp\/v2\/users\/82"}],"replies":[{"embeddable":true,"href":"https:\/\/www.africa-press.net\/tchad\/wp-json\/wp\/v2\/comments?post=28474"}],"version-history":[{"count":0,"href":"https:\/\/www.africa-press.net\/tchad\/wp-json\/wp\/v2\/posts\/28474\/revisions"}],"wp:featuredmedia":[{"embeddable":true,"href":"https:\/\/www.africa-press.net\/tchad\/wp-json\/wp\/v2\/media\/28473"}],"wp:attachment":[{"href":"https:\/\/www.africa-press.net\/tchad\/wp-json\/wp\/v2\/media?parent=28474"}],"wp:term":[{"taxonomy":"category","embeddable":true,"href":"https:\/\/www.africa-press.net\/tchad\/wp-json\/wp\/v2\/categories?post=28474"},{"taxonomy":"post_tag","embeddable":true,"href":"https:\/\/www.africa-press.net\/tchad\/wp-json\/wp\/v2\/tags?post=28474"}],"curies":[{"name":"wp","href":"https:\/\/api.w.org\/{rel}","templated":true}]}}