{"id":28483,"date":"2022-07-07T17:16:20","date_gmt":"2022-07-07T17:16:20","guid":{"rendered":"https:\/\/www.africa-press.net\/tchad\/politique\/le-programme-youthconnekt-tchad-lance-des-journees-portes-ouvertes-a-la-jeunesse"},"modified":"2022-07-07T17:35:47","modified_gmt":"2022-07-07T17:35:47","slug":"le-programme-youthconnekt-tchad-lance-des-journees-portes-ouvertes-a-la-jeunesse","status":"publish","type":"post","link":"https:\/\/www.africa-press.net\/tchad\/toutes-les-actualites\/le-programme-youthconnekt-tchad-lance-des-journees-portes-ouvertes-a-la-jeunesse","title":{"rendered":"le programme Youthconnekt-Tchad lance des journ\u00e9es portes ouvertes \u00e0 la jeunesse"},"content":{"rendered":"<p><span style=\"color: #ff6600\"><strong>Africa-Press &#8211; Tchad. <\/strong><\/span><a name=\"para_1\"><\/a><\/p>\n<p>C&rsquo;est dans le but d&rsquo;assurer l&rsquo;information, la sensibilisation et la promotion du programme Youthconnekt au Tchad, que les journ\u00e9es portes ouvertes ont \u00e9t\u00e9 lanc\u00e9es ce 7 juillet 2022, \u00e0 la Maison de la Femme.<\/p>\n<p>Plac\u00e9es sous le th\u00e8me : \u00ab connecter les jeunes tchadiens pour la paix et la prosp\u00e9rit\u00e9 \u00bb, les journ\u00e9es portes ouvertes sont une opportunit\u00e9 pour les jeunes et les partenaires du programme, pour avoir des informations sur la mission, les groupes cibles, les composantes et les th\u00e9matiques du programme Youthconnekt-Tchad.<\/p>\n<p>Le programme souhaite qu&rsquo;\u00e0 la fin, la jeunesse s&rsquo;approprie le concept, ses objectifs et son impact sur toute la jeunesse tchadienne.<\/p>\n<p>Le point focal du programme Youthconnekt Tchad, Ousman Abderaman Hamdan, a, dans son mot d&rsquo;ouverture, soulign\u00e9 que les journ\u00e9es portes ouvertes sont une occasion de connecter la jeunesse tchadienne dans toute sa diversit\u00e9, afin de ressortir le meilleur d&rsquo;elle, pour \u00eatre plus comp\u00e9titive dans un monde o\u00f9 l&#8217;emploi est un bien rare.<\/p>\n<p>Et de poursuivre que c&rsquo;est aussi l&rsquo;occasion de permettre \u00e0 la jeunesse de s&rsquo;exprimer librement, en faveur de la paix.<\/p>\n<p>Quant au ministre de la Jeunesse, des Sports et de la Promotion de l&rsquo;entrepreneuriat, Mahmoud Ali, il estime que l\u2019initiative du programme Youthconnekt Tchad vient \u00e0 point nomm\u00e9, pour soutenir le gouvernement et ses partenaires dans la recherche des strat\u00e9gies \u00e0 mettre en place pour \u00e9radiquer la probl\u00e9matique du ch\u00f4mage des jeunes.<\/p>\n<p>Le ministre a par ailleurs demand\u00e9 aux participants de se donner de la volont\u00e9 pour profiter et faire profiter les autres en connaissances, afin d&rsquo;arriver tous ensemble \u00e0 l&rsquo;objectif principal, celui de la r\u00e9insertion socioprofessionnelle de toute la jeunesse tchadienne.<\/p>\n<p>Le programme YouthConnekt, faut-il le rappeler, est une initiative lanc\u00e9e en 2012 par le gouvernement rwandais et le Programme des Nations Unies pour le D\u00e9veloppement (PNUD).<\/p>\n<p>Il vise \u00e0 connecter des jeunes \u00e0 diverses opportunit\u00e9s socio-\u00e9conomiques, civiques et politiques.<\/p>\n<p>Cette initiative s&rsquo;\u00e9tend d\u00e9sormais au niveau continental.<\/p>\n<p>A ce jour, plusieurs pays africains ont adh\u00e9r\u00e9 \u00e0 ce programme et le Tchad est le 25\u00e8me pays \u00e0 lancer officiellement son chapitre national.<\/p>\n<p>La c\u00e9r\u00e9monie d&rsquo;ouverture des journ\u00e9es portes ouvertes a \u00e9t\u00e9 sanctionn\u00e9e par une visite des stands du ministre de la Jeunesse.<\/p>\n<p><strong>Pour plus d&rsquo;informations et d&rsquo;analyses sur la <a href=\"https:\/\/www.africa-press.net\/tchad\">Tchad<\/a>, suivez <a href=\"https:\/\/www.africa-press.net\/\">Africa-Press<\/a><\/strong><\/p>\n","protected":false},"excerpt":{"rendered":"<p>Africa-Press &#8211; Tchad. C&rsquo;est dans le but d&rsquo;assurer l&rsquo;information, la sensibilisation et la promotion du programme Youthconnekt au Tchad, que les journ\u00e9es portes ouvertes ont \u00e9t\u00e9 lanc\u00e9es ce 7 juillet 2022, \u00e0 la Maison de la Femme. Plac\u00e9es sous le th\u00e8me : \u00ab connecter les jeunes tchadiens pour la paix et la prosp\u00e9rit\u00e9 \u00bb, les [&hellip;]<\/p>\n","protected":false},"author":82,"featured_media":28482,"comment_status":"open","ping_status":"closed","sticky":false,"template":"","format":"standard","meta":{"footnotes":""},"categories":[21,11,10],"tags":[37,292,29],"class_list":["post-28483","post","type-post","status-publish","format-standard","has-post-thumbnail","hentry","category-communaute","category-homepage-french","category-toutes-les-actualites","tag-africa-press","tag-africa-press-tchad","tag-tchad"],"yoast_head":"<!-- This site is optimized with the Yoast SEO Premium plugin v26.1 (Yoast SEO v27.0) - https:\/\/yoast.com\/product\/yoast-seo-premium-wordpress\/ -->\n<title>le programme Youthconnekt-Tchad lance des journ\u00e9es portes ouvertes \u00e0 la jeunesse - tchad<\/title>\n<meta name=\"description\" content=\"C&#039;est dans le but d&#039;assurer l&#039;information, la sensibilisation et la promotion du programme Youthc ...\" \/>\n<meta name=\"robots\" content=\"index, follow, max-snippet:-1, max-image-preview:large, max-video-preview:-1\" \/>\n<link rel=\"canonical\" href=\"https:\/\/www.africa-press.net\/tchad\/toutes-les-actualites\/le-programme-youthconnekt-tchad-lance-des-journees-portes-ouvertes-a-la-jeunesse\" \/>\n<meta property=\"og:locale\" content=\"fr_FR\" \/>\n<meta property=\"og:type\" content=\"article\" \/>\n<meta property=\"og:title\" content=\"le programme Youthconnekt-Tchad lance des journ\u00e9es portes ouvertes \u00e0 la jeunesse\" \/>\n<meta property=\"og:description\" content=\"C&#039;est dans le but d&#039;assurer l&#039;information, la sensibilisation et la promotion du programme Youthc ...\" \/>\n<meta property=\"og:url\" content=\"https:\/\/www.africa-press.net\/tchad\/toutes-les-actualites\/le-programme-youthconnekt-tchad-lance-des-journees-portes-ouvertes-a-la-jeunesse\" \/>\n<meta property=\"og:site_name\" content=\"tchad\" \/>\n<meta property=\"article:published_time\" content=\"2022-07-07T17:16:20+00:00\" \/>\n<meta property=\"article:modified_time\" content=\"2022-07-07T17:35:47+00:00\" \/>\n<meta property=\"og:image\" content=\"https:\/\/static.africa-press.net\/tchad\/sites\/41\/2022\/07\/postQueueImg_14-62c719530eaa1.jpg\" \/>\n\t<meta property=\"og:image:width\" content=\"1000\" \/>\n\t<meta property=\"og:image:height\" content=\"450\" \/>\n\t<meta property=\"og:image:type\" content=\"image\/jpeg\" \/>\n<meta name=\"author\" content=\"cfeditorfr\" \/>\n<meta name=\"twitter:card\" content=\"summary_large_image\" \/>\n<meta name=\"twitter:label1\" content=\"\u00c9crit par\" \/>\n\t<meta name=\"twitter:data1\" content=\"cfeditorfr\" \/>\n\t<meta name=\"twitter:label2\" content=\"Dur\u00e9e de lecture estim\u00e9e\" \/>\n\t<meta name=\"twitter:data2\" content=\"2 minutes\" \/>\n<script type=\"application\/ld+json\" class=\"yoast-schema-graph\">{\"@context\":\"https:\/\/schema.org\",\"@graph\":[{\"@type\":\"Article\",\"@id\":\"https:\/\/www.africa-press.net\/tchad\/toutes-les-actualites\/le-programme-youthconnekt-tchad-lance-des-journees-portes-ouvertes-a-la-jeunesse#article\",\"isPartOf\":{\"@id\":\"https:\/\/www.africa-press.net\/tchad\/toutes-les-actualites\/le-programme-youthconnekt-tchad-lance-des-journees-portes-ouvertes-a-la-jeunesse\"},\"author\":{\"name\":\"cfeditorfr\",\"@id\":\"https:\/\/www.africa-press.net\/tchad\/#\/schema\/person\/2b1cf3cd81a31e3cd26889ca66d677f1\"},\"headline\":\"le programme Youthconnekt-Tchad lance des journ\u00e9es portes ouvertes \u00e0 la jeunesse\",\"datePublished\":\"2022-07-07T17:16:20+00:00\",\"dateModified\":\"2022-07-07T17:35:47+00:00\",\"mainEntityOfPage\":{\"@id\":\"https:\/\/www.africa-press.net\/tchad\/toutes-les-actualites\/le-programme-youthconnekt-tchad-lance-des-journees-portes-ouvertes-a-la-jeunesse\"},\"wordCount\":409,\"commentCount\":0,\"image\":{\"@id\":\"https:\/\/www.africa-press.net\/tchad\/toutes-les-actualites\/le-programme-youthconnekt-tchad-lance-des-journees-portes-ouvertes-a-la-jeunesse#primaryimage\"},\"thumbnailUrl\":\"https:\/\/static.africa-press.net\/tchad\/sites\/41\/2022\/07\/postQueueImg_14-62c719530eaa1.jpg\",\"keywords\":[\"Africa Press\",\"Africa Press-Tchad\",\"Tchad\"],\"articleSection\":[\"Communaut\u00e9\",\"homepage-french\",\"Toutes les actualit\u00e9s\"],\"inLanguage\":\"fr-FR\",\"potentialAction\":[{\"@type\":\"CommentAction\",\"name\":\"Comment\",\"target\":[\"https:\/\/www.africa-press.net\/tchad\/toutes-les-actualites\/le-programme-youthconnekt-tchad-lance-des-journees-portes-ouvertes-a-la-jeunesse#respond\"]}]},{\"@type\":\"WebPage\",\"@id\":\"https:\/\/www.africa-press.net\/tchad\/toutes-les-actualites\/le-programme-youthconnekt-tchad-lance-des-journees-portes-ouvertes-a-la-jeunesse\",\"url\":\"https:\/\/www.africa-press.net\/tchad\/toutes-les-actualites\/le-programme-youthconnekt-tchad-lance-des-journees-portes-ouvertes-a-la-jeunesse\",\"name\":\"le programme Youthconnekt-Tchad lance des journ\u00e9es portes ouvertes \u00e0 la jeunesse - tchad\",\"isPartOf\":{\"@id\":\"https:\/\/www.africa-press.net\/tchad\/#website\"},\"primaryImageOfPage\":{\"@id\":\"https:\/\/www.africa-press.net\/tchad\/toutes-les-actualites\/le-programme-youthconnekt-tchad-lance-des-journees-portes-ouvertes-a-la-jeunesse#primaryimage\"},\"image\":{\"@id\":\"https:\/\/www.africa-press.net\/tchad\/toutes-les-actualites\/le-programme-youthconnekt-tchad-lance-des-journees-portes-ouvertes-a-la-jeunesse#primaryimage\"},\"thumbnailUrl\":\"https:\/\/static.africa-press.net\/tchad\/sites\/41\/2022\/07\/postQueueImg_14-62c719530eaa1.jpg\",\"datePublished\":\"2022-07-07T17:16:20+00:00\",\"dateModified\":\"2022-07-07T17:35:47+00:00\",\"author\":{\"@id\":\"https:\/\/www.africa-press.net\/tchad\/#\/schema\/person\/2b1cf3cd81a31e3cd26889ca66d677f1\"},\"description\":\"C'est dans le but d'assurer l'information, la sensibilisation et la promotion du programme Youthc ...\",\"breadcrumb\":{\"@id\":\"https:\/\/www.africa-press.net\/tchad\/toutes-les-actualites\/le-programme-youthconnekt-tchad-lance-des-journees-portes-ouvertes-a-la-jeunesse#breadcrumb\"},\"inLanguage\":\"fr-FR\",\"potentialAction\":[{\"@type\":\"ReadAction\",\"target\":[\"https:\/\/www.africa-press.net\/tchad\/toutes-les-actualites\/le-programme-youthconnekt-tchad-lance-des-journees-portes-ouvertes-a-la-jeunesse\"]}]},{\"@type\":\"ImageObject\",\"inLanguage\":\"fr-FR\",\"@id\":\"https:\/\/www.africa-press.net\/tchad\/toutes-les-actualites\/le-programme-youthconnekt-tchad-lance-des-journees-portes-ouvertes-a-la-jeunesse#primaryimage\",\"url\":\"https:\/\/static.africa-press.net\/tchad\/sites\/41\/2022\/07\/postQueueImg_14-62c719530eaa1.jpg\",\"contentUrl\":\"https:\/\/static.africa-press.net\/tchad\/sites\/41\/2022\/07\/postQueueImg_14-62c719530eaa1.jpg\",\"width\":1000,\"height\":450,\"caption\":\"le programme Youthconnekt-Tchad lance des journ\u00e9es portes ouvertes \u00e0 la jeunesse\"},{\"@type\":\"BreadcrumbList\",\"@id\":\"https:\/\/www.africa-press.net\/tchad\/toutes-les-actualites\/le-programme-youthconnekt-tchad-lance-des-journees-portes-ouvertes-a-la-jeunesse#breadcrumb\",\"itemListElement\":[{\"@type\":\"ListItem\",\"position\":1,\"name\":\"Accueil\",\"item\":\"https:\/\/www.africa-press.net\/tchad\/\"},{\"@type\":\"ListItem\",\"position\":2,\"name\":\"le programme Youthconnekt-Tchad lance des journ\u00e9es portes ouvertes \u00e0 la jeunesse\"}]},{\"@type\":\"WebSite\",\"@id\":\"https:\/\/www.africa-press.net\/tchad\/#website\",\"url\":\"https:\/\/www.africa-press.net\/tchad\/\",\"name\":\"tchad\",\"description\":\"Just another Africa News Agency Sites site\",\"potentialAction\":[{\"@type\":\"SearchAction\",\"target\":{\"@type\":\"EntryPoint\",\"urlTemplate\":\"https:\/\/www.africa-press.net\/tchad\/?s={search_term_string}\"},\"query-input\":{\"@type\":\"PropertyValueSpecification\",\"valueRequired\":true,\"valueName\":\"search_term_string\"}}],\"inLanguage\":\"fr-FR\"},{\"@type\":\"Person\",\"@id\":\"https:\/\/www.africa-press.net\/tchad\/#\/schema\/person\/2b1cf3cd81a31e3cd26889ca66d677f1\",\"name\":\"cfeditorfr\"}]}<\/script>\n<!-- \/ Yoast SEO Premium plugin. -->","yoast_head_json":{"title":"le programme Youthconnekt-Tchad lance des journ\u00e9es portes ouvertes \u00e0 la jeunesse - tchad","description":"C'est dans le but d'assurer l'information, la sensibilisation et la promotion du programme Youthc ...","robots":{"index":"index","follow":"follow","max-snippet":"max-snippet:-1","max-image-preview":"max-image-preview:large","max-video-preview":"max-video-preview:-1"},"canonical":"https:\/\/www.africa-press.net\/tchad\/toutes-les-actualites\/le-programme-youthconnekt-tchad-lance-des-journees-portes-ouvertes-a-la-jeunesse","og_locale":"fr_FR","og_type":"article","og_title":"le programme Youthconnekt-Tchad lance des journ\u00e9es portes ouvertes \u00e0 la jeunesse","og_description":"C'est dans le but d'assurer l'information, la sensibilisation et la promotion du programme Youthc ...","og_url":"https:\/\/www.africa-press.net\/tchad\/toutes-les-actualites\/le-programme-youthconnekt-tchad-lance-des-journees-portes-ouvertes-a-la-jeunesse","og_site_name":"tchad","article_published_time":"2022-07-07T17:16:20+00:00","article_modified_time":"2022-07-07T17:35:47+00:00","og_image":[{"width":1000,"height":450,"url":"https:\/\/static.africa-press.net\/tchad\/sites\/41\/2022\/07\/postQueueImg_14-62c719530eaa1.jpg","type":"image\/jpeg"}],"author":"cfeditorfr","twitter_card":"summary_large_image","twitter_misc":{"\u00c9crit par":"cfeditorfr","Dur\u00e9e de lecture estim\u00e9e":"2 minutes"},"schema":{"@context":"https:\/\/schema.org","@graph":[{"@type":"Article","@id":"https:\/\/www.africa-press.net\/tchad\/toutes-les-actualites\/le-programme-youthconnekt-tchad-lance-des-journees-portes-ouvertes-a-la-jeunesse#article","isPartOf":{"@id":"https:\/\/www.africa-press.net\/tchad\/toutes-les-actualites\/le-programme-youthconnekt-tchad-lance-des-journees-portes-ouvertes-a-la-jeunesse"},"author":{"name":"cfeditorfr","@id":"https:\/\/www.africa-press.net\/tchad\/#\/schema\/person\/2b1cf3cd81a31e3cd26889ca66d677f1"},"headline":"le programme Youthconnekt-Tchad lance des journ\u00e9es portes ouvertes \u00e0 la jeunesse","datePublished":"2022-07-07T17:16:20+00:00","dateModified":"2022-07-07T17:35:47+00:00","mainEntityOfPage":{"@id":"https:\/\/www.africa-press.net\/tchad\/toutes-les-actualites\/le-programme-youthconnekt-tchad-lance-des-journees-portes-ouvertes-a-la-jeunesse"},"wordCount":409,"commentCount":0,"image":{"@id":"https:\/\/www.africa-press.net\/tchad\/toutes-les-actualites\/le-programme-youthconnekt-tchad-lance-des-journees-portes-ouvertes-a-la-jeunesse#primaryimage"},"thumbnailUrl":"https:\/\/static.africa-press.net\/tchad\/sites\/41\/2022\/07\/postQueueImg_14-62c719530eaa1.jpg","keywords":["Africa Press","Africa Press-Tchad","Tchad"],"articleSection":["Communaut\u00e9","homepage-french","Toutes les actualit\u00e9s"],"inLanguage":"fr-FR","potentialAction":[{"@type":"CommentAction","name":"Comment","target":["https:\/\/www.africa-press.net\/tchad\/toutes-les-actualites\/le-programme-youthconnekt-tchad-lance-des-journees-portes-ouvertes-a-la-jeunesse#respond"]}]},{"@type":"WebPage","@id":"https:\/\/www.africa-press.net\/tchad\/toutes-les-actualites\/le-programme-youthconnekt-tchad-lance-des-journees-portes-ouvertes-a-la-jeunesse","url":"https:\/\/www.africa-press.net\/tchad\/toutes-les-actualites\/le-programme-youthconnekt-tchad-lance-des-journees-portes-ouvertes-a-la-jeunesse","name":"le programme Youthconnekt-Tchad lance des journ\u00e9es portes ouvertes \u00e0 la jeunesse - tchad","isPartOf":{"@id":"https:\/\/www.africa-press.net\/tchad\/#website"},"primaryImageOfPage":{"@id":"https:\/\/www.africa-press.net\/tchad\/toutes-les-actualites\/le-programme-youthconnekt-tchad-lance-des-journees-portes-ouvertes-a-la-jeunesse#primaryimage"},"image":{"@id":"https:\/\/www.africa-press.net\/tchad\/toutes-les-actualites\/le-programme-youthconnekt-tchad-lance-des-journees-portes-ouvertes-a-la-jeunesse#primaryimage"},"thumbnailUrl":"https:\/\/static.africa-press.net\/tchad\/sites\/41\/2022\/07\/postQueueImg_14-62c719530eaa1.jpg","datePublished":"2022-07-07T17:16:20+00:00","dateModified":"2022-07-07T17:35:47+00:00","author":{"@id":"https:\/\/www.africa-press.net\/tchad\/#\/schema\/person\/2b1cf3cd81a31e3cd26889ca66d677f1"},"description":"C'est dans le but d'assurer l'information, la sensibilisation et la promotion du programme Youthc ...","breadcrumb":{"@id":"https:\/\/www.africa-press.net\/tchad\/toutes-les-actualites\/le-programme-youthconnekt-tchad-lance-des-journees-portes-ouvertes-a-la-jeunesse#breadcrumb"},"inLanguage":"fr-FR","potentialAction":[{"@type":"ReadAction","target":["https:\/\/www.africa-press.net\/tchad\/toutes-les-actualites\/le-programme-youthconnekt-tchad-lance-des-journees-portes-ouvertes-a-la-jeunesse"]}]},{"@type":"ImageObject","inLanguage":"fr-FR","@id":"https:\/\/www.africa-press.net\/tchad\/toutes-les-actualites\/le-programme-youthconnekt-tchad-lance-des-journees-portes-ouvertes-a-la-jeunesse#primaryimage","url":"https:\/\/static.africa-press.net\/tchad\/sites\/41\/2022\/07\/postQueueImg_14-62c719530eaa1.jpg","contentUrl":"https:\/\/static.africa-press.net\/tchad\/sites\/41\/2022\/07\/postQueueImg_14-62c719530eaa1.jpg","width":1000,"height":450,"caption":"le programme Youthconnekt-Tchad lance des journ\u00e9es portes ouvertes \u00e0 la jeunesse"},{"@type":"BreadcrumbList","@id":"https:\/\/www.africa-press.net\/tchad\/toutes-les-actualites\/le-programme-youthconnekt-tchad-lance-des-journees-portes-ouvertes-a-la-jeunesse#breadcrumb","itemListElement":[{"@type":"ListItem","position":1,"name":"Accueil","item":"https:\/\/www.africa-press.net\/tchad\/"},{"@type":"ListItem","position":2,"name":"le programme Youthconnekt-Tchad lance des journ\u00e9es portes ouvertes \u00e0 la jeunesse"}]},{"@type":"WebSite","@id":"https:\/\/www.africa-press.net\/tchad\/#website","url":"https:\/\/www.africa-press.net\/tchad\/","name":"tchad","description":"Just another Africa News Agency Sites site","potentialAction":[{"@type":"SearchAction","target":{"@type":"EntryPoint","urlTemplate":"https:\/\/www.africa-press.net\/tchad\/?s={search_term_string}"},"query-input":{"@type":"PropertyValueSpecification","valueRequired":true,"valueName":"search_term_string"}}],"inLanguage":"fr-FR"},{"@type":"Person","@id":"https:\/\/www.africa-press.net\/tchad\/#\/schema\/person\/2b1cf3cd81a31e3cd26889ca66d677f1","name":"cfeditorfr"}]}},"_links":{"self":[{"href":"https:\/\/www.africa-press.net\/tchad\/wp-json\/wp\/v2\/posts\/28483","targetHints":{"allow":["GET"]}}],"collection":[{"href":"https:\/\/www.africa-press.net\/tchad\/wp-json\/wp\/v2\/posts"}],"about":[{"href":"https:\/\/www.africa-press.net\/tchad\/wp-json\/wp\/v2\/types\/post"}],"author":[{"embeddable":true,"href":"https:\/\/www.africa-press.net\/tchad\/wp-json\/wp\/v2\/users\/82"}],"replies":[{"embeddable":true,"href":"https:\/\/www.africa-press.net\/tchad\/wp-json\/wp\/v2\/comments?post=28483"}],"version-history":[{"count":0,"href":"https:\/\/www.africa-press.net\/tchad\/wp-json\/wp\/v2\/posts\/28483\/revisions"}],"wp:featuredmedia":[{"embeddable":true,"href":"https:\/\/www.africa-press.net\/tchad\/wp-json\/wp\/v2\/media\/28482"}],"wp:attachment":[{"href":"https:\/\/www.africa-press.net\/tchad\/wp-json\/wp\/v2\/media?parent=28483"}],"wp:term":[{"taxonomy":"category","embeddable":true,"href":"https:\/\/www.africa-press.net\/tchad\/wp-json\/wp\/v2\/categories?post=28483"},{"taxonomy":"post_tag","embeddable":true,"href":"https:\/\/www.africa-press.net\/tchad\/wp-json\/wp\/v2\/tags?post=28483"}],"curies":[{"name":"wp","href":"https:\/\/api.w.org\/{rel}","templated":true}]}}