{"id":28513,"date":"2022-07-08T15:47:37","date_gmt":"2022-07-08T15:47:37","guid":{"rendered":"https:\/\/www.africa-press.net\/tchad\/politique\/mise-au-point-sur-linterpellation-du-dg-de-la-sonacim"},"modified":"2022-07-08T16:03:55","modified_gmt":"2022-07-08T16:03:55","slug":"mise-au-point-sur-linterpellation-du-dg-de-la-sonacim","status":"publish","type":"post","link":"https:\/\/www.africa-press.net\/tchad\/toutes-les-actualites\/mise-au-point-sur-linterpellation-du-dg-de-la-sonacim","title":{"rendered":"mise au point sur l\u2019interpellation du DG de la SONACIM"},"content":{"rendered":"<p><span style=\"color: #ff6600\"><strong>Africa-Press &#8211; Tchad. <\/strong><\/span><b>Le directeur g\u00e9n\u00e9ral de la Soci\u00e9t\u00e9 nationale de ciment (Ciment) a \u00e9t\u00e9 interpell\u00e9 \u00e0 l\u2019a\u00e9roport Hassan Djamous de N\u2019Djamena ce vendredi avec une somme de 650 000 euros, soit plus de 400 millions de Fcfa.<\/b><\/p>\n<p>Les faits se sont d\u00e9roul\u00e9s cette matin\u00e9e du vendredi 08 juillet 2022. Les agents de la douane en faction \u00e0 l\u2019a\u00e9roport international Hassan Djamous de N\u2019Djamena ont emp\u00each\u00e9 le directeur g\u00e9n\u00e9ral de la SONACIM Elhad Biney Emma, de quitter le pays en direction de l\u2019Egypte. La nouvelle a fortement \u00e9t\u00e9 relay\u00e9e sur les r\u00e9seaux sociaux. Plusieurs m\u00e9dias et internautes ont fait \u00e9tat d\u2019un transfert illicite de devise (650 000 d\u2019euros) vers l\u2019Egypte.<\/p>\n<p>Pour stopper la rumeur, le service de communication de la SONACIM a fait une mise au point. Dans sa version des faits, la soci\u00e9t\u00e9 explique que : \u00ab c\u2019est une question d\u2019incompr\u00e9hension qui s\u2019est tourn\u00e9e en rumeurs. \u00bb Elle explique que le DG de la SONACIM Elhad Biney Emma et son tr\u00e9sorier s\u2019appr\u00eataient \u00e0 se rendre en \u00c9gypte pour solder le reliquat de l\u2019achat d\u2019un Groupe \u00e9lectrog\u00e8ne, qui date de deux ans. D\u2019apr\u00e8s le document, \u00ab c\u2019est donc une mission officielle autoris\u00e9e d\u00fbment par la hi\u00e9rarchie pour r\u00e9gler une affaire d\u2019urgence. \u00bb<\/p>\n<p>La m\u00eame source pr\u00e9cise que : \u00ab la SONACIM a acquis ce groupe \u00e9lectrog\u00e8ne depuis 2019 et a m\u00eame vers\u00e9 la moiti\u00e9 du co\u00fbt total. Seulement, les vendeurs \u00e9gyptiens s\u2019impatientent et la date butoir des p\u00e9nalit\u00e9s du contrat est dans deux semaines. Or les transferts bancaires internationaux se sont compliqu\u00e9s avec les r\u00e9cents scandales financiers qui ont n\u00e9cessit\u00e9 les contr\u00f4les de la COBAC, il est de plus en plus urgent de r\u00e9pondre au d\u00e9lai du contrat avec les partenaires \u00e9gyptiens \u00bb.<\/p>\n<p>La mission conduite par le directeur g\u00e9n\u00e9ral a \u00e9t\u00e9 d\u00e9p\u00each\u00e9e pour : \u00ab \u00e9viter que la SONACIM perde le groupe \u00e9lectrog\u00e8ne qui est capitale pour son fonctionnement en cette p\u00e9riode de grande demande. \u00bb le DG a donc eu les autorisations de sa hi\u00e9rarchie pour le transfert des fonds, contrairement \u00e0) ce que disaient les rumeurs.<\/p>\n<p>\u00ab Mais \u00e0 l\u2019a\u00e9roport, malgr\u00e9 que les formalit\u00e9s ont \u00e9t\u00e9 faites en bonne et due forme, la douane a exig\u00e9 le paiement de taxes de conversion de devise \u00e9trang\u00e8re. Ce qui est normal mais compte tenu que ces textes n\u2019ont pas \u00e9t\u00e9 pr\u00e9vus dans le fond, le Directeur G\u00e9n\u00e9ral de la SONACIM et son tr\u00e9sorier ont jug\u00e9 n\u00e9cessaire d\u2019annuler la mission pour r\u00e9gler les choses officiellement avant de reprendre le processus d\u2019acquisition de l\u2019engin \u00bb, relate la SONACIM.<\/p>\n<p>Les faits se sont d\u00e9roul\u00e9s cette matin\u00e9e du vendredi 08 juillet 2022. Les agents de la douane en faction \u00e0 l\u2019a\u00e9roport international Hassan Djamous de N\u2019Djamena ont emp\u00each\u00e9 le directeur g\u00e9n\u00e9ral de la SONACIM Elhad Biney Emma, de quitter le pays en direction de l\u2019Egypte. La nouvelle a fortement \u00e9t\u00e9 relay\u00e9e sur les r\u00e9seaux sociaux. Plusieurs m\u00e9dias et internautes ont fait \u00e9tat d\u2019un transfert illicite de devise (650 000 d\u2019euros) vers l\u2019Egypte.<\/p>\n<p><b>Elhad Biney Emma<\/b><\/p>\n<p>Pour stopper la rumeur, le service de communication de la SONACIM a fait une mise au point. Dans sa version des faits, la soci\u00e9t\u00e9 explique que : \u00ab c\u2019est une question d\u2019incompr\u00e9hension qui s\u2019est tourn\u00e9e en rumeurs. \u00bb Elle explique que le DG de la SONACIM Elhad Biney Emma et son tr\u00e9sorier s\u2019appr\u00eataient \u00e0 se rendre en \u00c9gypte pour solder le reliquat de l\u2019achat d\u2019un Groupe \u00e9lectrog\u00e8ne, qui date de deux ans. D\u2019apr\u00e8s le document, \u00ab c\u2019est donc une mission officielle autoris\u00e9e d\u00fbment par la hi\u00e9rarchie pour r\u00e9gler une affaire d\u2019urgence. \u00bb<\/p>\n<p><b>c\u2019est une question d\u2019incompr\u00e9hension qui s\u2019est tourn\u00e9e en rumeurs.<\/b><br \/>\n<b>Elhad Biney Emma<\/b><br \/>\n<b>c\u2019est donc une mission officielle autoris\u00e9e d\u00fbment par la hi\u00e9rarchie pour r\u00e9gler une affaire d\u2019urgence.<\/b><br \/>\n<b>c\u2019est donc une mission officielle autoris\u00e9e d\u00fbment par la hi\u00e9rarchie pour r\u00e9gler une affaire d\u2019urgence<\/b><\/p>\n<p>La m\u00eame source pr\u00e9cise que : \u00ab la SONACIM a acquis ce groupe \u00e9lectrog\u00e8ne depuis 2019 et a m\u00eame vers\u00e9 la moiti\u00e9 du co\u00fbt total. Seulement, les vendeurs \u00e9gyptiens s\u2019impatientent et la date butoir des p\u00e9nalit\u00e9s du contrat est dans deux semaines. Or les transferts bancaires internationaux se sont compliqu\u00e9s avec les r\u00e9cents scandales financiers qui ont n\u00e9cessit\u00e9 les contr\u00f4les de la COBAC, il est de plus en plus urgent de r\u00e9pondre au d\u00e9lai du contrat avec les partenaires \u00e9gyptiens \u00bb.<\/p>\n<p><b>la SONACIM a acquis ce groupe \u00e9lectrog\u00e8ne depuis 2019 et a m\u00eame vers\u00e9 la moiti\u00e9 du co\u00fbt total. Seulement, les vendeurs \u00e9gyptiens s\u2019impatientent et la date butoir des p\u00e9nalit\u00e9s du contrat est dans deux semaines. Or les transferts bancaires internationaux se sont compliqu\u00e9s avec les r\u00e9cents scandales financiers qui ont n\u00e9cessit\u00e9 les contr\u00f4les de la COBAC, il est de plus en plus urgent de r\u00e9pondre au d\u00e9lai du contrat avec les partenaires \u00e9gyptiens<\/b><br \/>\n<b>la SONACIM a acquis ce groupe \u00e9lectrog\u00e8ne depuis 2019 et a m\u00eame vers\u00e9 la moiti\u00e9 du co\u00fbt total. Seulement, les vendeurs \u00e9gyptiens s\u2019impatientent et la date butoir des p\u00e9nalit\u00e9s du contrat est dans deux semaines. Or les transferts bancaires internationaux se sont compliqu\u00e9s avec les r\u00e9cents scandales financiers qui ont n\u00e9cessit\u00e9 les contr\u00f4les de la COBAC, il est de plus en plus urgent de r\u00e9pondre au d\u00e9lai du contrat avec<\/b><br \/>\n<b>les partenaires \u00e9gyptien<\/b><\/p>\n<p>La mission conduite par le directeur g\u00e9n\u00e9ral a \u00e9t\u00e9 d\u00e9p\u00each\u00e9e pour : \u00ab \u00e9viter que la SONACIM perde le groupe \u00e9lectrog\u00e8ne qui est capitale pour son fonctionnement en cette p\u00e9riode de grande demande. \u00bb le DG a donc eu les autorisations de sa hi\u00e9rarchie pour le transfert des fonds, contrairement \u00e0) ce que disaient les rumeurs.<\/p>\n<p><b>\u00e9viter que la SONACIM perde le groupe \u00e9lectrog\u00e8ne qui est capitale pour son fonctionnement en cette p\u00e9riode de grande demande<\/b><\/p>\n<p>\u00ab Mais \u00e0 l\u2019a\u00e9roport, malgr\u00e9 que les formalit\u00e9s ont \u00e9t\u00e9 faites en bonne et due forme, la douane a exig\u00e9 le paiement de taxes de conversion de devise \u00e9trang\u00e8re. Ce qui est normal mais compte tenu que ces textes n\u2019ont pas \u00e9t\u00e9 pr\u00e9vus dans le fond, le Directeur G\u00e9n\u00e9ral de la SONACIM et son tr\u00e9sorier ont jug\u00e9 n\u00e9cessaire d\u2019annuler la mission pour r\u00e9gler les choses officiellement avant de reprendre le processus d\u2019acquisition de l\u2019engin \u00bb, relate la SONACIM.<\/p>\n<p><b>Mais \u00e0 l\u2019a\u00e9roport, malgr\u00e9 que les formalit\u00e9s ont \u00e9t\u00e9 faites en bonne et due forme, la douane a exig\u00e9 le paiement de taxes de conversion de devise \u00e9trang\u00e8re. Ce qui est normal mais compte tenu que ces textes n\u2019ont pas \u00e9t\u00e9 pr\u00e9vus dans le fond, le Directeur G\u00e9n\u00e9ral de la SONACIM et son tr\u00e9sorier ont jug\u00e9 n\u00e9cessaire d\u2019annuler la mission pour r\u00e9gler les choses officiellement avant de reprendre le processus d\u2019acquisition de l\u2019engin<\/b><br \/>\n<b>Mais \u00e0 l\u2019a\u00e9roport, malgr\u00e9 que les formalit\u00e9s ont \u00e9t\u00e9 faites en bonne et due forme, la douane a exig\u00e9 le paiement de taxes de conversion de devise \u00e9trang\u00e8re. Ce qui est normal mais compte tenu que ces textes n\u2019ont pas \u00e9t\u00e9 pr\u00e9vus dans le fond, le Directeur G\u00e9n\u00e9ral de la SONACIM et son tr\u00e9sorier ont jug\u00e9 n\u00e9cessaire d\u2019annuler la mission pour r\u00e9gler les choses officiellement avant de reprendre le processus d\u2019acquisition de l\u2019engin<\/b><\/p>\n<p><strong>Pour plus d&rsquo;informations et d&rsquo;analyses sur la <a href=\"https:\/\/www.africa-press.net\/tchad\">Tchad<\/a>, suivez <a href=\"https:\/\/www.africa-press.net\/\">Africa-Press<\/a><\/strong><\/p>\n","protected":false},"excerpt":{"rendered":"<p>Africa-Press &#8211; Tchad. Le directeur g\u00e9n\u00e9ral de la Soci\u00e9t\u00e9 nationale de ciment (Ciment) a \u00e9t\u00e9 interpell\u00e9 \u00e0 l\u2019a\u00e9roport Hassan Djamous de N\u2019Djamena ce vendredi avec une somme de 650 000 euros, soit plus de 400 millions de Fcfa. Les faits se sont d\u00e9roul\u00e9s cette matin\u00e9e du vendredi 08 juillet 2022. Les agents de la douane [&hellip;]<\/p>\n","protected":false},"author":82,"featured_media":28512,"comment_status":"open","ping_status":"closed","sticky":false,"template":"","format":"standard","meta":{"footnotes":""},"categories":[21,11,10],"tags":[37,292,3940,3939,29],"class_list":["post-28513","post","type-post","status-publish","format-standard","has-post-thumbnail","hentry","category-communaute","category-homepage-french","category-toutes-les-actualites","tag-africa-press","tag-africa-press-tchad","tag-dg-de-la-sonacim","tag-elhad-biney-emma","tag-tchad"],"yoast_head":"<!-- This site is optimized with the Yoast SEO Premium plugin v26.1 (Yoast SEO v27.0) - https:\/\/yoast.com\/product\/yoast-seo-premium-wordpress\/ -->\n<title>mise au point sur l\u2019interpellation du DG de la SONACIM - tchad<\/title>\n<meta name=\"description\" content=\"Le directeur g\u00e9n\u00e9ral de la Soci\u00e9t\u00e9 nationale de ciment (Ciment) a \u00e9t\u00e9 interpell\u00e9 \u00e0 l\u2019a\u00e9roport Hassan Djamous de N\u2019Dja ...\" \/>\n<meta name=\"robots\" content=\"index, follow, max-snippet:-1, max-image-preview:large, max-video-preview:-1\" \/>\n<link rel=\"canonical\" href=\"https:\/\/www.africa-press.net\/tchad\/toutes-les-actualites\/mise-au-point-sur-linterpellation-du-dg-de-la-sonacim\" \/>\n<meta property=\"og:locale\" content=\"fr_FR\" \/>\n<meta property=\"og:type\" content=\"article\" \/>\n<meta property=\"og:title\" content=\"mise au point sur l\u2019interpellation du DG de la SONACIM\" \/>\n<meta property=\"og:description\" content=\"Le directeur g\u00e9n\u00e9ral de la Soci\u00e9t\u00e9 nationale de ciment (Ciment) a \u00e9t\u00e9 interpell\u00e9 \u00e0 l\u2019a\u00e9roport Hassan Djamous de N\u2019Dja ...\" \/>\n<meta property=\"og:url\" content=\"https:\/\/www.africa-press.net\/tchad\/toutes-les-actualites\/mise-au-point-sur-linterpellation-du-dg-de-la-sonacim\" \/>\n<meta property=\"og:site_name\" content=\"tchad\" \/>\n<meta property=\"article:published_time\" content=\"2022-07-08T15:47:37+00:00\" \/>\n<meta property=\"article:modified_time\" content=\"2022-07-08T16:03:55+00:00\" \/>\n<meta property=\"og:image\" content=\"https:\/\/static.africa-press.net\/tchad\/sites\/41\/2022\/07\/postQueueImg_4-62c8555685dc2.jpg\" \/>\n\t<meta property=\"og:image:width\" content=\"780\" \/>\n\t<meta property=\"og:image:height\" content=\"440\" \/>\n\t<meta property=\"og:image:type\" content=\"image\/jpeg\" \/>\n<meta name=\"author\" content=\"cfeditorfr\" \/>\n<meta name=\"twitter:card\" content=\"summary_large_image\" \/>\n<meta name=\"twitter:label1\" content=\"\u00c9crit par\" \/>\n\t<meta name=\"twitter:data1\" content=\"cfeditorfr\" \/>\n\t<meta name=\"twitter:label2\" content=\"Dur\u00e9e de lecture estim\u00e9e\" \/>\n\t<meta name=\"twitter:data2\" content=\"7 minutes\" \/>\n<script type=\"application\/ld+json\" class=\"yoast-schema-graph\">{\"@context\":\"https:\/\/schema.org\",\"@graph\":[{\"@type\":\"Article\",\"@id\":\"https:\/\/www.africa-press.net\/tchad\/toutes-les-actualites\/mise-au-point-sur-linterpellation-du-dg-de-la-sonacim#article\",\"isPartOf\":{\"@id\":\"https:\/\/www.africa-press.net\/tchad\/toutes-les-actualites\/mise-au-point-sur-linterpellation-du-dg-de-la-sonacim\"},\"author\":{\"name\":\"cfeditorfr\",\"@id\":\"https:\/\/www.africa-press.net\/tchad\/#\/schema\/person\/2b1cf3cd81a31e3cd26889ca66d677f1\"},\"headline\":\"mise au point sur l\u2019interpellation du DG de la SONACIM\",\"datePublished\":\"2022-07-08T15:47:37+00:00\",\"dateModified\":\"2022-07-08T16:03:55+00:00\",\"mainEntityOfPage\":{\"@id\":\"https:\/\/www.africa-press.net\/tchad\/toutes-les-actualites\/mise-au-point-sur-linterpellation-du-dg-de-la-sonacim\"},\"wordCount\":1345,\"commentCount\":0,\"image\":{\"@id\":\"https:\/\/www.africa-press.net\/tchad\/toutes-les-actualites\/mise-au-point-sur-linterpellation-du-dg-de-la-sonacim#primaryimage\"},\"thumbnailUrl\":\"https:\/\/static.africa-press.net\/tchad\/sites\/41\/2022\/07\/postQueueImg_4-62c8555685dc2.jpg\",\"keywords\":[\"Africa Press\",\"Africa Press-Tchad\",\"DG de la SONACIM\",\"Elhad Biney Emma\",\"Tchad\"],\"articleSection\":[\"Communaut\u00e9\",\"homepage-french\",\"Toutes les actualit\u00e9s\"],\"inLanguage\":\"fr-FR\",\"potentialAction\":[{\"@type\":\"CommentAction\",\"name\":\"Comment\",\"target\":[\"https:\/\/www.africa-press.net\/tchad\/toutes-les-actualites\/mise-au-point-sur-linterpellation-du-dg-de-la-sonacim#respond\"]}]},{\"@type\":\"WebPage\",\"@id\":\"https:\/\/www.africa-press.net\/tchad\/toutes-les-actualites\/mise-au-point-sur-linterpellation-du-dg-de-la-sonacim\",\"url\":\"https:\/\/www.africa-press.net\/tchad\/toutes-les-actualites\/mise-au-point-sur-linterpellation-du-dg-de-la-sonacim\",\"name\":\"mise au point sur l\u2019interpellation du DG de la SONACIM - tchad\",\"isPartOf\":{\"@id\":\"https:\/\/www.africa-press.net\/tchad\/#website\"},\"primaryImageOfPage\":{\"@id\":\"https:\/\/www.africa-press.net\/tchad\/toutes-les-actualites\/mise-au-point-sur-linterpellation-du-dg-de-la-sonacim#primaryimage\"},\"image\":{\"@id\":\"https:\/\/www.africa-press.net\/tchad\/toutes-les-actualites\/mise-au-point-sur-linterpellation-du-dg-de-la-sonacim#primaryimage\"},\"thumbnailUrl\":\"https:\/\/static.africa-press.net\/tchad\/sites\/41\/2022\/07\/postQueueImg_4-62c8555685dc2.jpg\",\"datePublished\":\"2022-07-08T15:47:37+00:00\",\"dateModified\":\"2022-07-08T16:03:55+00:00\",\"author\":{\"@id\":\"https:\/\/www.africa-press.net\/tchad\/#\/schema\/person\/2b1cf3cd81a31e3cd26889ca66d677f1\"},\"description\":\"Le directeur g\u00e9n\u00e9ral de la Soci\u00e9t\u00e9 nationale de ciment (Ciment) a \u00e9t\u00e9 interpell\u00e9 \u00e0 l\u2019a\u00e9roport Hassan Djamous de N\u2019Dja ...\",\"breadcrumb\":{\"@id\":\"https:\/\/www.africa-press.net\/tchad\/toutes-les-actualites\/mise-au-point-sur-linterpellation-du-dg-de-la-sonacim#breadcrumb\"},\"inLanguage\":\"fr-FR\",\"potentialAction\":[{\"@type\":\"ReadAction\",\"target\":[\"https:\/\/www.africa-press.net\/tchad\/toutes-les-actualites\/mise-au-point-sur-linterpellation-du-dg-de-la-sonacim\"]}]},{\"@type\":\"ImageObject\",\"inLanguage\":\"fr-FR\",\"@id\":\"https:\/\/www.africa-press.net\/tchad\/toutes-les-actualites\/mise-au-point-sur-linterpellation-du-dg-de-la-sonacim#primaryimage\",\"url\":\"https:\/\/static.africa-press.net\/tchad\/sites\/41\/2022\/07\/postQueueImg_4-62c8555685dc2.jpg\",\"contentUrl\":\"https:\/\/static.africa-press.net\/tchad\/sites\/41\/2022\/07\/postQueueImg_4-62c8555685dc2.jpg\",\"width\":780,\"height\":440,\"caption\":\"mise au point sur l\u2019interpellation du DG de la SONACIM\"},{\"@type\":\"BreadcrumbList\",\"@id\":\"https:\/\/www.africa-press.net\/tchad\/toutes-les-actualites\/mise-au-point-sur-linterpellation-du-dg-de-la-sonacim#breadcrumb\",\"itemListElement\":[{\"@type\":\"ListItem\",\"position\":1,\"name\":\"Accueil\",\"item\":\"https:\/\/www.africa-press.net\/tchad\/\"},{\"@type\":\"ListItem\",\"position\":2,\"name\":\"mise au point sur l\u2019interpellation du DG de la SONACIM\"}]},{\"@type\":\"WebSite\",\"@id\":\"https:\/\/www.africa-press.net\/tchad\/#website\",\"url\":\"https:\/\/www.africa-press.net\/tchad\/\",\"name\":\"tchad\",\"description\":\"Just another Africa News Agency Sites site\",\"potentialAction\":[{\"@type\":\"SearchAction\",\"target\":{\"@type\":\"EntryPoint\",\"urlTemplate\":\"https:\/\/www.africa-press.net\/tchad\/?s={search_term_string}\"},\"query-input\":{\"@type\":\"PropertyValueSpecification\",\"valueRequired\":true,\"valueName\":\"search_term_string\"}}],\"inLanguage\":\"fr-FR\"},{\"@type\":\"Person\",\"@id\":\"https:\/\/www.africa-press.net\/tchad\/#\/schema\/person\/2b1cf3cd81a31e3cd26889ca66d677f1\",\"name\":\"cfeditorfr\"}]}<\/script>\n<!-- \/ Yoast SEO Premium plugin. -->","yoast_head_json":{"title":"mise au point sur l\u2019interpellation du DG de la SONACIM - tchad","description":"Le directeur g\u00e9n\u00e9ral de la Soci\u00e9t\u00e9 nationale de ciment (Ciment) a \u00e9t\u00e9 interpell\u00e9 \u00e0 l\u2019a\u00e9roport Hassan Djamous de N\u2019Dja ...","robots":{"index":"index","follow":"follow","max-snippet":"max-snippet:-1","max-image-preview":"max-image-preview:large","max-video-preview":"max-video-preview:-1"},"canonical":"https:\/\/www.africa-press.net\/tchad\/toutes-les-actualites\/mise-au-point-sur-linterpellation-du-dg-de-la-sonacim","og_locale":"fr_FR","og_type":"article","og_title":"mise au point sur l\u2019interpellation du DG de la SONACIM","og_description":"Le directeur g\u00e9n\u00e9ral de la Soci\u00e9t\u00e9 nationale de ciment (Ciment) a \u00e9t\u00e9 interpell\u00e9 \u00e0 l\u2019a\u00e9roport Hassan Djamous de N\u2019Dja ...","og_url":"https:\/\/www.africa-press.net\/tchad\/toutes-les-actualites\/mise-au-point-sur-linterpellation-du-dg-de-la-sonacim","og_site_name":"tchad","article_published_time":"2022-07-08T15:47:37+00:00","article_modified_time":"2022-07-08T16:03:55+00:00","og_image":[{"width":780,"height":440,"url":"https:\/\/static.africa-press.net\/tchad\/sites\/41\/2022\/07\/postQueueImg_4-62c8555685dc2.jpg","type":"image\/jpeg"}],"author":"cfeditorfr","twitter_card":"summary_large_image","twitter_misc":{"\u00c9crit par":"cfeditorfr","Dur\u00e9e de lecture estim\u00e9e":"7 minutes"},"schema":{"@context":"https:\/\/schema.org","@graph":[{"@type":"Article","@id":"https:\/\/www.africa-press.net\/tchad\/toutes-les-actualites\/mise-au-point-sur-linterpellation-du-dg-de-la-sonacim#article","isPartOf":{"@id":"https:\/\/www.africa-press.net\/tchad\/toutes-les-actualites\/mise-au-point-sur-linterpellation-du-dg-de-la-sonacim"},"author":{"name":"cfeditorfr","@id":"https:\/\/www.africa-press.net\/tchad\/#\/schema\/person\/2b1cf3cd81a31e3cd26889ca66d677f1"},"headline":"mise au point sur l\u2019interpellation du DG de la SONACIM","datePublished":"2022-07-08T15:47:37+00:00","dateModified":"2022-07-08T16:03:55+00:00","mainEntityOfPage":{"@id":"https:\/\/www.africa-press.net\/tchad\/toutes-les-actualites\/mise-au-point-sur-linterpellation-du-dg-de-la-sonacim"},"wordCount":1345,"commentCount":0,"image":{"@id":"https:\/\/www.africa-press.net\/tchad\/toutes-les-actualites\/mise-au-point-sur-linterpellation-du-dg-de-la-sonacim#primaryimage"},"thumbnailUrl":"https:\/\/static.africa-press.net\/tchad\/sites\/41\/2022\/07\/postQueueImg_4-62c8555685dc2.jpg","keywords":["Africa Press","Africa Press-Tchad","DG de la SONACIM","Elhad Biney Emma","Tchad"],"articleSection":["Communaut\u00e9","homepage-french","Toutes les actualit\u00e9s"],"inLanguage":"fr-FR","potentialAction":[{"@type":"CommentAction","name":"Comment","target":["https:\/\/www.africa-press.net\/tchad\/toutes-les-actualites\/mise-au-point-sur-linterpellation-du-dg-de-la-sonacim#respond"]}]},{"@type":"WebPage","@id":"https:\/\/www.africa-press.net\/tchad\/toutes-les-actualites\/mise-au-point-sur-linterpellation-du-dg-de-la-sonacim","url":"https:\/\/www.africa-press.net\/tchad\/toutes-les-actualites\/mise-au-point-sur-linterpellation-du-dg-de-la-sonacim","name":"mise au point sur l\u2019interpellation du DG de la SONACIM - tchad","isPartOf":{"@id":"https:\/\/www.africa-press.net\/tchad\/#website"},"primaryImageOfPage":{"@id":"https:\/\/www.africa-press.net\/tchad\/toutes-les-actualites\/mise-au-point-sur-linterpellation-du-dg-de-la-sonacim#primaryimage"},"image":{"@id":"https:\/\/www.africa-press.net\/tchad\/toutes-les-actualites\/mise-au-point-sur-linterpellation-du-dg-de-la-sonacim#primaryimage"},"thumbnailUrl":"https:\/\/static.africa-press.net\/tchad\/sites\/41\/2022\/07\/postQueueImg_4-62c8555685dc2.jpg","datePublished":"2022-07-08T15:47:37+00:00","dateModified":"2022-07-08T16:03:55+00:00","author":{"@id":"https:\/\/www.africa-press.net\/tchad\/#\/schema\/person\/2b1cf3cd81a31e3cd26889ca66d677f1"},"description":"Le directeur g\u00e9n\u00e9ral de la Soci\u00e9t\u00e9 nationale de ciment (Ciment) a \u00e9t\u00e9 interpell\u00e9 \u00e0 l\u2019a\u00e9roport Hassan Djamous de N\u2019Dja ...","breadcrumb":{"@id":"https:\/\/www.africa-press.net\/tchad\/toutes-les-actualites\/mise-au-point-sur-linterpellation-du-dg-de-la-sonacim#breadcrumb"},"inLanguage":"fr-FR","potentialAction":[{"@type":"ReadAction","target":["https:\/\/www.africa-press.net\/tchad\/toutes-les-actualites\/mise-au-point-sur-linterpellation-du-dg-de-la-sonacim"]}]},{"@type":"ImageObject","inLanguage":"fr-FR","@id":"https:\/\/www.africa-press.net\/tchad\/toutes-les-actualites\/mise-au-point-sur-linterpellation-du-dg-de-la-sonacim#primaryimage","url":"https:\/\/static.africa-press.net\/tchad\/sites\/41\/2022\/07\/postQueueImg_4-62c8555685dc2.jpg","contentUrl":"https:\/\/static.africa-press.net\/tchad\/sites\/41\/2022\/07\/postQueueImg_4-62c8555685dc2.jpg","width":780,"height":440,"caption":"mise au point sur l\u2019interpellation du DG de la SONACIM"},{"@type":"BreadcrumbList","@id":"https:\/\/www.africa-press.net\/tchad\/toutes-les-actualites\/mise-au-point-sur-linterpellation-du-dg-de-la-sonacim#breadcrumb","itemListElement":[{"@type":"ListItem","position":1,"name":"Accueil","item":"https:\/\/www.africa-press.net\/tchad\/"},{"@type":"ListItem","position":2,"name":"mise au point sur l\u2019interpellation du DG de la SONACIM"}]},{"@type":"WebSite","@id":"https:\/\/www.africa-press.net\/tchad\/#website","url":"https:\/\/www.africa-press.net\/tchad\/","name":"tchad","description":"Just another Africa News Agency Sites site","potentialAction":[{"@type":"SearchAction","target":{"@type":"EntryPoint","urlTemplate":"https:\/\/www.africa-press.net\/tchad\/?s={search_term_string}"},"query-input":{"@type":"PropertyValueSpecification","valueRequired":true,"valueName":"search_term_string"}}],"inLanguage":"fr-FR"},{"@type":"Person","@id":"https:\/\/www.africa-press.net\/tchad\/#\/schema\/person\/2b1cf3cd81a31e3cd26889ca66d677f1","name":"cfeditorfr"}]}},"_links":{"self":[{"href":"https:\/\/www.africa-press.net\/tchad\/wp-json\/wp\/v2\/posts\/28513","targetHints":{"allow":["GET"]}}],"collection":[{"href":"https:\/\/www.africa-press.net\/tchad\/wp-json\/wp\/v2\/posts"}],"about":[{"href":"https:\/\/www.africa-press.net\/tchad\/wp-json\/wp\/v2\/types\/post"}],"author":[{"embeddable":true,"href":"https:\/\/www.africa-press.net\/tchad\/wp-json\/wp\/v2\/users\/82"}],"replies":[{"embeddable":true,"href":"https:\/\/www.africa-press.net\/tchad\/wp-json\/wp\/v2\/comments?post=28513"}],"version-history":[{"count":0,"href":"https:\/\/www.africa-press.net\/tchad\/wp-json\/wp\/v2\/posts\/28513\/revisions"}],"wp:featuredmedia":[{"embeddable":true,"href":"https:\/\/www.africa-press.net\/tchad\/wp-json\/wp\/v2\/media\/28512"}],"wp:attachment":[{"href":"https:\/\/www.africa-press.net\/tchad\/wp-json\/wp\/v2\/media?parent=28513"}],"wp:term":[{"taxonomy":"category","embeddable":true,"href":"https:\/\/www.africa-press.net\/tchad\/wp-json\/wp\/v2\/categories?post=28513"},{"taxonomy":"post_tag","embeddable":true,"href":"https:\/\/www.africa-press.net\/tchad\/wp-json\/wp\/v2\/tags?post=28513"}],"curies":[{"name":"wp","href":"https:\/\/api.w.org\/{rel}","templated":true}]}}