{"id":28531,"date":"2022-07-08T15:52:43","date_gmt":"2022-07-08T15:52:43","guid":{"rendered":"https:\/\/www.africa-press.net\/tchad\/politique\/le-programme-youthconneckt-lance-officiellement-ses-journees-portes-ouvertes"},"modified":"2022-07-08T16:07:39","modified_gmt":"2022-07-08T16:07:39","slug":"le-programme-youthconneckt-lance-officiellement-ses-journees-portes-ouvertes","status":"publish","type":"post","link":"https:\/\/www.africa-press.net\/tchad\/sports\/le-programme-youthconneckt-lance-officiellement-ses-journees-portes-ouvertes","title":{"rendered":"Le programme YouthConneckt lance officiellement ses Journ\u00e9es Portes Ouvertes"},"content":{"rendered":"<p><span style=\"color: #ff6600\"><strong>Africa-Press &#8211; Tchad. <\/strong><\/span>Le Ministre de la Jeunesse, Mahmoud Ali S\u00e9id a proc\u00e9d\u00e9 au lancement officiel des Journ\u00e9es Portes Ouvertes sur le Programme Youthconnect-Tchad, ce mercredi 7 juillet 2022, \u00e0 la Maison de la Femme de N\u2019Djam\u00e9na.<\/p>\n<p>Plusieurs personnalit\u00e9s et leaders des associations de jeunes ont pris part \u00e0 cette c\u00e9r\u00e9monie.<\/p>\n<p>Ces Journ\u00e9es Portes Ouvertes ont pour objectif principal d\u2019assurer l\u2019information, la formation, la sensibilisation et la promotion du programme Youthconnect au Tchad.<\/p>\n<p>Elles visent ainsi \u00e0 diffuser et faire la promotion du programme ; informer, sensibiliser et conscientiser les jeunes, les autorit\u00e9s et les partenaires sur les enjeux et les d\u00e9fis du programme ; offrir aux jeunes une tribune de libre expression sur les th\u00e9matiques li\u00e9es \u00e0 son \u00e9panouissement ; faire une exposition sur le programme Youthconnectt son concept ainsi que les Start-ups des jeunes ; et enfin accro\u00eetre la visibilit\u00e9 des activit\u00e9s du programme.<\/p>\n<p>Le point focal de Youthconnect-Tchad, Outhman Abderaman Hamdane, a pr\u00e9cis\u00e9 que le Youthconnect-Tchad est un programme qui \u0153uvre dans les domaines de la promotion de la jeunesse, de l\u2019entrepreneuriat jeune, \u00e0 l\u2019innovation de la technologie et \u00e0 l\u2019\u00e9ducation.<\/p>\n<p>\u00ab Le programme Youthconnect-Tchad est une plateforme vise \u00e0 connecter les jeunes \u00e0 travers diverses opportunit\u00e9s socio-\u00e9conomiques, civiques et politiques et qui s\u2019\u00e9tend d\u00e9sormais au niveau continental \u00bb, a-t-il ajout\u00e9.<\/p>\n<p>Pour le Ministre de la Jeunesse, Mahmoud Ali S\u00e9id, ce programme panafricain vient \u00e0 point nomm\u00e9 dans le cadre de la promotion de la jeunesse dans le domaine de l\u2019entrepreneuriat, des nouvelles technologies, de l\u2019\u00e9ducation et celle de la paix.<\/p>\n<p>\u00ab Youthconnect \u00e0 travers ces opportunit\u00e9s cit\u00e9es vient en appui \u00e0 la politique du Gouvernement qui consiste \u00e0 donner aux jeunes le possibilit\u00e9s de leur autonomisation et un cadre d\u2019\u00e9changes pour leur \u00e9panouissement \u00bb, a relev\u00e9 le Ministre.<\/p>\n<p>Ces Journ\u00e9es Portes Ouvertes dureront trois (3) jours et seront marqu\u00e9es par plusieurs activit\u00e9s, notamment des expositions, conf\u00e9rences-d\u00e9bats, ateliers et panels et des activit\u00e9s culturelles.<\/p>\n<p>Elles seront ax\u00e9es sur les sous-th\u00e8mes suivants : emploi et entrepreneuriat ; \u00e9ducations et comp\u00e9tences ; soci\u00e9t\u00e9 civile et leadership ; technologie et innovation, etc.<\/p>\n<p><strong>Pour plus d&rsquo;informations et d&rsquo;analyses sur la <a href=\"https:\/\/www.africa-press.net\/tchad\">Tchad<\/a>, suivez <a href=\"https:\/\/www.africa-press.net\/\">Africa-Press<\/a><\/strong><\/p>\n","protected":false},"excerpt":{"rendered":"<p>Africa-Press &#8211; Tchad. Le Ministre de la Jeunesse, Mahmoud Ali S\u00e9id a proc\u00e9d\u00e9 au lancement officiel des Journ\u00e9es Portes Ouvertes sur le Programme Youthconnect-Tchad, ce mercredi 7 juillet 2022, \u00e0 la Maison de la Femme de N\u2019Djam\u00e9na. Plusieurs personnalit\u00e9s et leaders des associations de jeunes ont pris part \u00e0 cette c\u00e9r\u00e9monie. Ces Journ\u00e9es Portes Ouvertes [&hellip;]<\/p>\n","protected":false},"author":82,"featured_media":28530,"comment_status":"open","ping_status":"closed","sticky":false,"template":"","format":"standard","meta":{"footnotes":""},"categories":[11,6,10],"tags":[37,292,29],"class_list":["post-28531","post","type-post","status-publish","format-standard","has-post-thumbnail","hentry","category-homepage-french","category-sports","category-toutes-les-actualites","tag-africa-press","tag-africa-press-tchad","tag-tchad"],"yoast_head":"<!-- This site is optimized with the Yoast SEO Premium plugin v26.1 (Yoast SEO v27.0) - https:\/\/yoast.com\/product\/yoast-seo-premium-wordpress\/ -->\n<title>Le programme YouthConneckt lance officiellement ses Journ\u00e9es Portes Ouvertes - tchad<\/title>\n<meta name=\"description\" content=\"Le Ministre de la Jeunesse, Mahmoud Ali S\u00e9id a proc\u00e9d\u00e9 au lancement officiel des Journ\u00e9es Portes Ouvertes sur le Program ...\" \/>\n<meta name=\"robots\" content=\"index, follow, max-snippet:-1, max-image-preview:large, max-video-preview:-1\" \/>\n<link rel=\"canonical\" href=\"https:\/\/www.africa-press.net\/tchad\/sports\/le-programme-youthconneckt-lance-officiellement-ses-journees-portes-ouvertes\" \/>\n<meta property=\"og:locale\" content=\"fr_FR\" \/>\n<meta property=\"og:type\" content=\"article\" \/>\n<meta property=\"og:title\" content=\"Le programme YouthConneckt lance officiellement ses Journ\u00e9es Portes Ouvertes\" \/>\n<meta property=\"og:description\" content=\"Le Ministre de la Jeunesse, Mahmoud Ali S\u00e9id a proc\u00e9d\u00e9 au lancement officiel des Journ\u00e9es Portes Ouvertes sur le Program ...\" \/>\n<meta property=\"og:url\" content=\"https:\/\/www.africa-press.net\/tchad\/sports\/le-programme-youthconneckt-lance-officiellement-ses-journees-portes-ouvertes\" \/>\n<meta property=\"og:site_name\" content=\"tchad\" \/>\n<meta property=\"article:published_time\" content=\"2022-07-08T15:52:43+00:00\" \/>\n<meta property=\"article:modified_time\" content=\"2022-07-08T16:07:39+00:00\" \/>\n<meta property=\"og:image\" content=\"https:\/\/static.africa-press.net\/tchad\/sites\/41\/2022\/07\/postQueueImg_11-62c8563344db4.jpg\" \/>\n\t<meta property=\"og:image:width\" content=\"800\" \/>\n\t<meta property=\"og:image:height\" content=\"445\" \/>\n\t<meta property=\"og:image:type\" content=\"image\/jpeg\" \/>\n<meta name=\"author\" content=\"cfeditorfr\" \/>\n<meta name=\"twitter:card\" content=\"summary_large_image\" \/>\n<meta name=\"twitter:label1\" content=\"\u00c9crit par\" \/>\n\t<meta name=\"twitter:data1\" content=\"cfeditorfr\" \/>\n\t<meta name=\"twitter:label2\" content=\"Dur\u00e9e de lecture estim\u00e9e\" \/>\n\t<meta name=\"twitter:data2\" content=\"2 minutes\" \/>\n<script type=\"application\/ld+json\" class=\"yoast-schema-graph\">{\"@context\":\"https:\/\/schema.org\",\"@graph\":[{\"@type\":\"Article\",\"@id\":\"https:\/\/www.africa-press.net\/tchad\/sports\/le-programme-youthconneckt-lance-officiellement-ses-journees-portes-ouvertes#article\",\"isPartOf\":{\"@id\":\"https:\/\/www.africa-press.net\/tchad\/sports\/le-programme-youthconneckt-lance-officiellement-ses-journees-portes-ouvertes\"},\"author\":{\"name\":\"cfeditorfr\",\"@id\":\"https:\/\/www.africa-press.net\/tchad\/#\/schema\/person\/2b1cf3cd81a31e3cd26889ca66d677f1\"},\"headline\":\"Le programme YouthConneckt lance officiellement ses Journ\u00e9es Portes Ouvertes\",\"datePublished\":\"2022-07-08T15:52:43+00:00\",\"dateModified\":\"2022-07-08T16:07:39+00:00\",\"mainEntityOfPage\":{\"@id\":\"https:\/\/www.africa-press.net\/tchad\/sports\/le-programme-youthconneckt-lance-officiellement-ses-journees-portes-ouvertes\"},\"wordCount\":379,\"commentCount\":0,\"image\":{\"@id\":\"https:\/\/www.africa-press.net\/tchad\/sports\/le-programme-youthconneckt-lance-officiellement-ses-journees-portes-ouvertes#primaryimage\"},\"thumbnailUrl\":\"https:\/\/static.africa-press.net\/tchad\/sites\/41\/2022\/07\/postQueueImg_11-62c8563344db4.jpg\",\"keywords\":[\"Africa Press\",\"Africa Press-Tchad\",\"Tchad\"],\"articleSection\":[\"homepage-french\",\"Sports\",\"Toutes les actualit\u00e9s\"],\"inLanguage\":\"fr-FR\",\"potentialAction\":[{\"@type\":\"CommentAction\",\"name\":\"Comment\",\"target\":[\"https:\/\/www.africa-press.net\/tchad\/sports\/le-programme-youthconneckt-lance-officiellement-ses-journees-portes-ouvertes#respond\"]}]},{\"@type\":\"WebPage\",\"@id\":\"https:\/\/www.africa-press.net\/tchad\/sports\/le-programme-youthconneckt-lance-officiellement-ses-journees-portes-ouvertes\",\"url\":\"https:\/\/www.africa-press.net\/tchad\/sports\/le-programme-youthconneckt-lance-officiellement-ses-journees-portes-ouvertes\",\"name\":\"Le programme YouthConneckt lance officiellement ses Journ\u00e9es Portes Ouvertes - tchad\",\"isPartOf\":{\"@id\":\"https:\/\/www.africa-press.net\/tchad\/#website\"},\"primaryImageOfPage\":{\"@id\":\"https:\/\/www.africa-press.net\/tchad\/sports\/le-programme-youthconneckt-lance-officiellement-ses-journees-portes-ouvertes#primaryimage\"},\"image\":{\"@id\":\"https:\/\/www.africa-press.net\/tchad\/sports\/le-programme-youthconneckt-lance-officiellement-ses-journees-portes-ouvertes#primaryimage\"},\"thumbnailUrl\":\"https:\/\/static.africa-press.net\/tchad\/sites\/41\/2022\/07\/postQueueImg_11-62c8563344db4.jpg\",\"datePublished\":\"2022-07-08T15:52:43+00:00\",\"dateModified\":\"2022-07-08T16:07:39+00:00\",\"author\":{\"@id\":\"https:\/\/www.africa-press.net\/tchad\/#\/schema\/person\/2b1cf3cd81a31e3cd26889ca66d677f1\"},\"description\":\"Le Ministre de la Jeunesse, Mahmoud Ali S\u00e9id a proc\u00e9d\u00e9 au lancement officiel des Journ\u00e9es Portes Ouvertes sur le Program ...\",\"breadcrumb\":{\"@id\":\"https:\/\/www.africa-press.net\/tchad\/sports\/le-programme-youthconneckt-lance-officiellement-ses-journees-portes-ouvertes#breadcrumb\"},\"inLanguage\":\"fr-FR\",\"potentialAction\":[{\"@type\":\"ReadAction\",\"target\":[\"https:\/\/www.africa-press.net\/tchad\/sports\/le-programme-youthconneckt-lance-officiellement-ses-journees-portes-ouvertes\"]}]},{\"@type\":\"ImageObject\",\"inLanguage\":\"fr-FR\",\"@id\":\"https:\/\/www.africa-press.net\/tchad\/sports\/le-programme-youthconneckt-lance-officiellement-ses-journees-portes-ouvertes#primaryimage\",\"url\":\"https:\/\/static.africa-press.net\/tchad\/sites\/41\/2022\/07\/postQueueImg_11-62c8563344db4.jpg\",\"contentUrl\":\"https:\/\/static.africa-press.net\/tchad\/sites\/41\/2022\/07\/postQueueImg_11-62c8563344db4.jpg\",\"width\":800,\"height\":445,\"caption\":\"Le programme YouthConneckt lance officiellement ses Journ\u00e9es Portes Ouvertes\"},{\"@type\":\"BreadcrumbList\",\"@id\":\"https:\/\/www.africa-press.net\/tchad\/sports\/le-programme-youthconneckt-lance-officiellement-ses-journees-portes-ouvertes#breadcrumb\",\"itemListElement\":[{\"@type\":\"ListItem\",\"position\":1,\"name\":\"Accueil\",\"item\":\"https:\/\/www.africa-press.net\/tchad\/\"},{\"@type\":\"ListItem\",\"position\":2,\"name\":\"Le programme YouthConneckt lance officiellement ses Journ\u00e9es Portes Ouvertes\"}]},{\"@type\":\"WebSite\",\"@id\":\"https:\/\/www.africa-press.net\/tchad\/#website\",\"url\":\"https:\/\/www.africa-press.net\/tchad\/\",\"name\":\"tchad\",\"description\":\"Just another Africa News Agency Sites site\",\"potentialAction\":[{\"@type\":\"SearchAction\",\"target\":{\"@type\":\"EntryPoint\",\"urlTemplate\":\"https:\/\/www.africa-press.net\/tchad\/?s={search_term_string}\"},\"query-input\":{\"@type\":\"PropertyValueSpecification\",\"valueRequired\":true,\"valueName\":\"search_term_string\"}}],\"inLanguage\":\"fr-FR\"},{\"@type\":\"Person\",\"@id\":\"https:\/\/www.africa-press.net\/tchad\/#\/schema\/person\/2b1cf3cd81a31e3cd26889ca66d677f1\",\"name\":\"cfeditorfr\"}]}<\/script>\n<!-- \/ Yoast SEO Premium plugin. -->","yoast_head_json":{"title":"Le programme YouthConneckt lance officiellement ses Journ\u00e9es Portes Ouvertes - tchad","description":"Le Ministre de la Jeunesse, Mahmoud Ali S\u00e9id a proc\u00e9d\u00e9 au lancement officiel des Journ\u00e9es Portes Ouvertes sur le Program ...","robots":{"index":"index","follow":"follow","max-snippet":"max-snippet:-1","max-image-preview":"max-image-preview:large","max-video-preview":"max-video-preview:-1"},"canonical":"https:\/\/www.africa-press.net\/tchad\/sports\/le-programme-youthconneckt-lance-officiellement-ses-journees-portes-ouvertes","og_locale":"fr_FR","og_type":"article","og_title":"Le programme YouthConneckt lance officiellement ses Journ\u00e9es Portes Ouvertes","og_description":"Le Ministre de la Jeunesse, Mahmoud Ali S\u00e9id a proc\u00e9d\u00e9 au lancement officiel des Journ\u00e9es Portes Ouvertes sur le Program ...","og_url":"https:\/\/www.africa-press.net\/tchad\/sports\/le-programme-youthconneckt-lance-officiellement-ses-journees-portes-ouvertes","og_site_name":"tchad","article_published_time":"2022-07-08T15:52:43+00:00","article_modified_time":"2022-07-08T16:07:39+00:00","og_image":[{"width":800,"height":445,"url":"https:\/\/static.africa-press.net\/tchad\/sites\/41\/2022\/07\/postQueueImg_11-62c8563344db4.jpg","type":"image\/jpeg"}],"author":"cfeditorfr","twitter_card":"summary_large_image","twitter_misc":{"\u00c9crit par":"cfeditorfr","Dur\u00e9e de lecture estim\u00e9e":"2 minutes"},"schema":{"@context":"https:\/\/schema.org","@graph":[{"@type":"Article","@id":"https:\/\/www.africa-press.net\/tchad\/sports\/le-programme-youthconneckt-lance-officiellement-ses-journees-portes-ouvertes#article","isPartOf":{"@id":"https:\/\/www.africa-press.net\/tchad\/sports\/le-programme-youthconneckt-lance-officiellement-ses-journees-portes-ouvertes"},"author":{"name":"cfeditorfr","@id":"https:\/\/www.africa-press.net\/tchad\/#\/schema\/person\/2b1cf3cd81a31e3cd26889ca66d677f1"},"headline":"Le programme YouthConneckt lance officiellement ses Journ\u00e9es Portes Ouvertes","datePublished":"2022-07-08T15:52:43+00:00","dateModified":"2022-07-08T16:07:39+00:00","mainEntityOfPage":{"@id":"https:\/\/www.africa-press.net\/tchad\/sports\/le-programme-youthconneckt-lance-officiellement-ses-journees-portes-ouvertes"},"wordCount":379,"commentCount":0,"image":{"@id":"https:\/\/www.africa-press.net\/tchad\/sports\/le-programme-youthconneckt-lance-officiellement-ses-journees-portes-ouvertes#primaryimage"},"thumbnailUrl":"https:\/\/static.africa-press.net\/tchad\/sites\/41\/2022\/07\/postQueueImg_11-62c8563344db4.jpg","keywords":["Africa Press","Africa Press-Tchad","Tchad"],"articleSection":["homepage-french","Sports","Toutes les actualit\u00e9s"],"inLanguage":"fr-FR","potentialAction":[{"@type":"CommentAction","name":"Comment","target":["https:\/\/www.africa-press.net\/tchad\/sports\/le-programme-youthconneckt-lance-officiellement-ses-journees-portes-ouvertes#respond"]}]},{"@type":"WebPage","@id":"https:\/\/www.africa-press.net\/tchad\/sports\/le-programme-youthconneckt-lance-officiellement-ses-journees-portes-ouvertes","url":"https:\/\/www.africa-press.net\/tchad\/sports\/le-programme-youthconneckt-lance-officiellement-ses-journees-portes-ouvertes","name":"Le programme YouthConneckt lance officiellement ses Journ\u00e9es Portes Ouvertes - tchad","isPartOf":{"@id":"https:\/\/www.africa-press.net\/tchad\/#website"},"primaryImageOfPage":{"@id":"https:\/\/www.africa-press.net\/tchad\/sports\/le-programme-youthconneckt-lance-officiellement-ses-journees-portes-ouvertes#primaryimage"},"image":{"@id":"https:\/\/www.africa-press.net\/tchad\/sports\/le-programme-youthconneckt-lance-officiellement-ses-journees-portes-ouvertes#primaryimage"},"thumbnailUrl":"https:\/\/static.africa-press.net\/tchad\/sites\/41\/2022\/07\/postQueueImg_11-62c8563344db4.jpg","datePublished":"2022-07-08T15:52:43+00:00","dateModified":"2022-07-08T16:07:39+00:00","author":{"@id":"https:\/\/www.africa-press.net\/tchad\/#\/schema\/person\/2b1cf3cd81a31e3cd26889ca66d677f1"},"description":"Le Ministre de la Jeunesse, Mahmoud Ali S\u00e9id a proc\u00e9d\u00e9 au lancement officiel des Journ\u00e9es Portes Ouvertes sur le Program ...","breadcrumb":{"@id":"https:\/\/www.africa-press.net\/tchad\/sports\/le-programme-youthconneckt-lance-officiellement-ses-journees-portes-ouvertes#breadcrumb"},"inLanguage":"fr-FR","potentialAction":[{"@type":"ReadAction","target":["https:\/\/www.africa-press.net\/tchad\/sports\/le-programme-youthconneckt-lance-officiellement-ses-journees-portes-ouvertes"]}]},{"@type":"ImageObject","inLanguage":"fr-FR","@id":"https:\/\/www.africa-press.net\/tchad\/sports\/le-programme-youthconneckt-lance-officiellement-ses-journees-portes-ouvertes#primaryimage","url":"https:\/\/static.africa-press.net\/tchad\/sites\/41\/2022\/07\/postQueueImg_11-62c8563344db4.jpg","contentUrl":"https:\/\/static.africa-press.net\/tchad\/sites\/41\/2022\/07\/postQueueImg_11-62c8563344db4.jpg","width":800,"height":445,"caption":"Le programme YouthConneckt lance officiellement ses Journ\u00e9es Portes Ouvertes"},{"@type":"BreadcrumbList","@id":"https:\/\/www.africa-press.net\/tchad\/sports\/le-programme-youthconneckt-lance-officiellement-ses-journees-portes-ouvertes#breadcrumb","itemListElement":[{"@type":"ListItem","position":1,"name":"Accueil","item":"https:\/\/www.africa-press.net\/tchad\/"},{"@type":"ListItem","position":2,"name":"Le programme YouthConneckt lance officiellement ses Journ\u00e9es Portes Ouvertes"}]},{"@type":"WebSite","@id":"https:\/\/www.africa-press.net\/tchad\/#website","url":"https:\/\/www.africa-press.net\/tchad\/","name":"tchad","description":"Just another Africa News Agency Sites site","potentialAction":[{"@type":"SearchAction","target":{"@type":"EntryPoint","urlTemplate":"https:\/\/www.africa-press.net\/tchad\/?s={search_term_string}"},"query-input":{"@type":"PropertyValueSpecification","valueRequired":true,"valueName":"search_term_string"}}],"inLanguage":"fr-FR"},{"@type":"Person","@id":"https:\/\/www.africa-press.net\/tchad\/#\/schema\/person\/2b1cf3cd81a31e3cd26889ca66d677f1","name":"cfeditorfr"}]}},"_links":{"self":[{"href":"https:\/\/www.africa-press.net\/tchad\/wp-json\/wp\/v2\/posts\/28531","targetHints":{"allow":["GET"]}}],"collection":[{"href":"https:\/\/www.africa-press.net\/tchad\/wp-json\/wp\/v2\/posts"}],"about":[{"href":"https:\/\/www.africa-press.net\/tchad\/wp-json\/wp\/v2\/types\/post"}],"author":[{"embeddable":true,"href":"https:\/\/www.africa-press.net\/tchad\/wp-json\/wp\/v2\/users\/82"}],"replies":[{"embeddable":true,"href":"https:\/\/www.africa-press.net\/tchad\/wp-json\/wp\/v2\/comments?post=28531"}],"version-history":[{"count":0,"href":"https:\/\/www.africa-press.net\/tchad\/wp-json\/wp\/v2\/posts\/28531\/revisions"}],"wp:featuredmedia":[{"embeddable":true,"href":"https:\/\/www.africa-press.net\/tchad\/wp-json\/wp\/v2\/media\/28530"}],"wp:attachment":[{"href":"https:\/\/www.africa-press.net\/tchad\/wp-json\/wp\/v2\/media?parent=28531"}],"wp:term":[{"taxonomy":"category","embeddable":true,"href":"https:\/\/www.africa-press.net\/tchad\/wp-json\/wp\/v2\/categories?post=28531"},{"taxonomy":"post_tag","embeddable":true,"href":"https:\/\/www.africa-press.net\/tchad\/wp-json\/wp\/v2\/tags?post=28531"}],"curies":[{"name":"wp","href":"https:\/\/api.w.org\/{rel}","templated":true}]}}