{"id":2855,"date":"2021-02-11T15:27:32","date_gmt":"2021-02-11T15:27:32","guid":{"rendered":"https:\/\/www.africa-press.net\/tchad\/?p=2855"},"modified":"2021-02-11T15:27:32","modified_gmt":"2021-02-11T15:27:32","slug":"une-coalition-de-partis-demande-la-liberation-immediate-des-manifestants-arretes","status":"publish","type":"post","link":"https:\/\/www.africa-press.net\/tchad\/politique\/une-coalition-de-partis-demande-la-liberation-immediate-des-manifestants-arretes","title":{"rendered":"une coalition de partis demande la \u00ab\u00a0lib\u00e9ration imm\u00e9diate\u00a0\u00bb des manifestants arr\u00eat\u00e9s"},"content":{"rendered":"<p><span style=\"color: #ff6600\"><strong><a href=\"https:\/\/www.africa-press.net\/\">Africa-Press<\/a> &#8211; <a href=\"https:\/\/www.africa-press.net\/tchad\">Tchad<\/a>. <\/strong><\/span>La Coalition pour le changement d\u00e9mocratique (CCD) a exig\u00e9 mercredi la \u00ab\u00a0lib\u00e9ration imm\u00e9diate\u00a0\u00bb des manifestants arr\u00eat\u00e9s lors des manifestations du 6 f\u00e9vrier, et la \u00ab\u00a0fin du syst\u00e8me r\u00e9pressif mis en place contre la soci\u00e9t\u00e9 civile et l&rsquo;opposition\u00a0\u00bb.<\/p>\n<p>Selon son porte-parole Mahamat Bichara, les partis politiques membres de la CCD \u00ab\u00a0constatent avec regret l&rsquo;instrumentalisation \u00e0 outrance de la justice lors des s\u00e9ances d&rsquo;audition des manifestants ce lundi 8 f\u00e9vrier 2021\u00a0\u00bb.<br \/>\n\u00ab\u00a0\u00a0\u00bbLe ridicule a \u00e9t\u00e9 franchi avec le placement sous mandat de d\u00e9p\u00f4t des pr\u00e9venus avant m\u00eame que les principaux concern\u00e9s ne soient \u00e9cout\u00e9s et pire encore, la manoeuvre a \u00e9t\u00e9 faite par les gendarmes en lieu et place de l&rsquo;autorit\u00e9 de poursuite\u00a0\u00bb.<\/p>\n<p>La Coalition rappelle que les manifestations ne peuvent \u00eatre syst\u00e9matiquement interdites, \u00e9tant d&rsquo;essence constitutionnelles. \u00ab\u00a0La place de Mahamat Nour Ibedou et ses compagnons d&rsquo;infortune n&rsquo;est pas dans la prison car ils n&rsquo;ont fait qu&rsquo;exercer un droit constitutionnel\u00a0\u00bb.<\/p>\n<p>L&rsquo;audience de comparution est pr\u00e9vue ce vendredi 12 f\u00e9vrier au Palais de justice de N&rsquo;Djamena.<\/p>\n","protected":false},"excerpt":{"rendered":"<p>Africa-Press &#8211; Tchad. La Coalition pour le changement d\u00e9mocratique (CCD) a exig\u00e9 mercredi la \u00ab\u00a0lib\u00e9ration imm\u00e9diate\u00a0\u00bb des manifestants arr\u00eat\u00e9s lors des manifestations du 6 f\u00e9vrier, et la \u00ab\u00a0fin du syst\u00e8me r\u00e9pressif mis en place contre la soci\u00e9t\u00e9 civile et l&rsquo;opposition\u00a0\u00bb. Selon son porte-parole Mahamat Bichara, les partis politiques membres de la CCD \u00ab\u00a0constatent avec regret [&hellip;]<\/p>\n","protected":false},"author":82,"featured_media":2856,"comment_status":"open","ping_status":"closed","sticky":false,"template":"","format":"standard","meta":{"footnotes":""},"categories":[11,2,20,10],"tags":[],"class_list":["post-2855","post","type-post","status-publish","format-standard","has-post-thumbnail","hentry","category-homepage-french","category-politique","category-top-nouvelles","category-toutes-les-actualites"],"yoast_head":"<!-- This site is optimized with the Yoast SEO Premium plugin v26.1 (Yoast SEO v27.0) - https:\/\/yoast.com\/product\/yoast-seo-premium-wordpress\/ -->\n<title>une coalition de partis demande la &quot;lib\u00e9ration imm\u00e9diate&quot; des manifestants arr\u00eat\u00e9s - tchad<\/title>\n<meta name=\"description\" content=\"La Coalition pour le changement d\u00e9mocratique (CCD) a exig\u00e9 mercredi la &quot;lib\u00e9ration imm\u00e9diate&quot; des manifestants\" \/>\n<meta name=\"robots\" content=\"index, follow, max-snippet:-1, max-image-preview:large, max-video-preview:-1\" \/>\n<link rel=\"canonical\" href=\"https:\/\/www.africa-press.net\/tchad\/politique\/une-coalition-de-partis-demande-la-liberation-immediate-des-manifestants-arretes\" \/>\n<meta property=\"og:locale\" content=\"fr_FR\" \/>\n<meta property=\"og:type\" content=\"article\" \/>\n<meta property=\"og:title\" content=\"une coalition de partis demande la &quot;lib\u00e9ration imm\u00e9diate&quot; des manifestants arr\u00eat\u00e9s\" \/>\n<meta property=\"og:description\" content=\"La Coalition pour le changement d\u00e9mocratique (CCD) a exig\u00e9 mercredi la &quot;lib\u00e9ration imm\u00e9diate&quot; des manifestants\" \/>\n<meta property=\"og:url\" content=\"https:\/\/www.africa-press.net\/tchad\/politique\/une-coalition-de-partis-demande-la-liberation-immediate-des-manifestants-arretes\" \/>\n<meta property=\"og:site_name\" content=\"tchad\" \/>\n<meta property=\"article:published_time\" content=\"2021-02-11T15:27:32+00:00\" \/>\n<meta property=\"og:image\" content=\"https:\/\/static.africa-press.net\/tchad\/sites\/41\/2021\/02\/60.jpg\" \/>\n\t<meta property=\"og:image:width\" content=\"870\" \/>\n\t<meta property=\"og:image:height\" content=\"489\" \/>\n\t<meta property=\"og:image:type\" content=\"image\/jpeg\" \/>\n<meta name=\"author\" content=\"cfeditorfr\" \/>\n<meta name=\"twitter:card\" content=\"summary_large_image\" \/>\n<meta name=\"twitter:label1\" content=\"\u00c9crit par\" \/>\n\t<meta name=\"twitter:data1\" content=\"cfeditorfr\" \/>\n\t<meta name=\"twitter:label2\" content=\"Dur\u00e9e de lecture estim\u00e9e\" \/>\n\t<meta name=\"twitter:data2\" content=\"1 minute\" \/>\n<script type=\"application\/ld+json\" class=\"yoast-schema-graph\">{\"@context\":\"https:\/\/schema.org\",\"@graph\":[{\"@type\":\"Article\",\"@id\":\"https:\/\/www.africa-press.net\/tchad\/politique\/une-coalition-de-partis-demande-la-liberation-immediate-des-manifestants-arretes#article\",\"isPartOf\":{\"@id\":\"https:\/\/www.africa-press.net\/tchad\/politique\/une-coalition-de-partis-demande-la-liberation-immediate-des-manifestants-arretes\"},\"author\":{\"name\":\"cfeditorfr\",\"@id\":\"https:\/\/www.africa-press.net\/tchad\/#\/schema\/person\/2b1cf3cd81a31e3cd26889ca66d677f1\"},\"headline\":\"une coalition de partis demande la \u00ab\u00a0lib\u00e9ration imm\u00e9diate\u00a0\u00bb des manifestants arr\u00eat\u00e9s\",\"datePublished\":\"2021-02-11T15:27:32+00:00\",\"mainEntityOfPage\":{\"@id\":\"https:\/\/www.africa-press.net\/tchad\/politique\/une-coalition-de-partis-demande-la-liberation-immediate-des-manifestants-arretes\"},\"wordCount\":207,\"commentCount\":0,\"image\":{\"@id\":\"https:\/\/www.africa-press.net\/tchad\/politique\/une-coalition-de-partis-demande-la-liberation-immediate-des-manifestants-arretes#primaryimage\"},\"thumbnailUrl\":\"https:\/\/static.africa-press.net\/tchad\/sites\/41\/2021\/02\/60.jpg\",\"articleSection\":[\"homepage-french\",\"Politique\",\"Top Nouvelles\",\"Toutes les actualit\u00e9s\"],\"inLanguage\":\"fr-FR\",\"potentialAction\":[{\"@type\":\"CommentAction\",\"name\":\"Comment\",\"target\":[\"https:\/\/www.africa-press.net\/tchad\/politique\/une-coalition-de-partis-demande-la-liberation-immediate-des-manifestants-arretes#respond\"]}]},{\"@type\":\"WebPage\",\"@id\":\"https:\/\/www.africa-press.net\/tchad\/politique\/une-coalition-de-partis-demande-la-liberation-immediate-des-manifestants-arretes\",\"url\":\"https:\/\/www.africa-press.net\/tchad\/politique\/une-coalition-de-partis-demande-la-liberation-immediate-des-manifestants-arretes\",\"name\":\"une coalition de partis demande la \\\"lib\u00e9ration imm\u00e9diate\\\" des manifestants arr\u00eat\u00e9s - tchad\",\"isPartOf\":{\"@id\":\"https:\/\/www.africa-press.net\/tchad\/#website\"},\"primaryImageOfPage\":{\"@id\":\"https:\/\/www.africa-press.net\/tchad\/politique\/une-coalition-de-partis-demande-la-liberation-immediate-des-manifestants-arretes#primaryimage\"},\"image\":{\"@id\":\"https:\/\/www.africa-press.net\/tchad\/politique\/une-coalition-de-partis-demande-la-liberation-immediate-des-manifestants-arretes#primaryimage\"},\"thumbnailUrl\":\"https:\/\/static.africa-press.net\/tchad\/sites\/41\/2021\/02\/60.jpg\",\"datePublished\":\"2021-02-11T15:27:32+00:00\",\"author\":{\"@id\":\"https:\/\/www.africa-press.net\/tchad\/#\/schema\/person\/2b1cf3cd81a31e3cd26889ca66d677f1\"},\"description\":\"La Coalition pour le changement d\u00e9mocratique (CCD) a exig\u00e9 mercredi la \\\"lib\u00e9ration imm\u00e9diate\\\" des manifestants\",\"breadcrumb\":{\"@id\":\"https:\/\/www.africa-press.net\/tchad\/politique\/une-coalition-de-partis-demande-la-liberation-immediate-des-manifestants-arretes#breadcrumb\"},\"inLanguage\":\"fr-FR\",\"potentialAction\":[{\"@type\":\"ReadAction\",\"target\":[\"https:\/\/www.africa-press.net\/tchad\/politique\/une-coalition-de-partis-demande-la-liberation-immediate-des-manifestants-arretes\"]}]},{\"@type\":\"ImageObject\",\"inLanguage\":\"fr-FR\",\"@id\":\"https:\/\/www.africa-press.net\/tchad\/politique\/une-coalition-de-partis-demande-la-liberation-immediate-des-manifestants-arretes#primaryimage\",\"url\":\"https:\/\/static.africa-press.net\/tchad\/sites\/41\/2021\/02\/60.jpg\",\"contentUrl\":\"https:\/\/static.africa-press.net\/tchad\/sites\/41\/2021\/02\/60.jpg\",\"width\":870,\"height\":489},{\"@type\":\"BreadcrumbList\",\"@id\":\"https:\/\/www.africa-press.net\/tchad\/politique\/une-coalition-de-partis-demande-la-liberation-immediate-des-manifestants-arretes#breadcrumb\",\"itemListElement\":[{\"@type\":\"ListItem\",\"position\":1,\"name\":\"Accueil\",\"item\":\"https:\/\/www.africa-press.net\/tchad\/\"},{\"@type\":\"ListItem\",\"position\":2,\"name\":\"une coalition de partis demande la &#8220;lib\u00e9ration imm\u00e9diate&#8221; des manifestants arr\u00eat\u00e9s\"}]},{\"@type\":\"WebSite\",\"@id\":\"https:\/\/www.africa-press.net\/tchad\/#website\",\"url\":\"https:\/\/www.africa-press.net\/tchad\/\",\"name\":\"tchad\",\"description\":\"Just another Africa News Agency Sites site\",\"potentialAction\":[{\"@type\":\"SearchAction\",\"target\":{\"@type\":\"EntryPoint\",\"urlTemplate\":\"https:\/\/www.africa-press.net\/tchad\/?s={search_term_string}\"},\"query-input\":{\"@type\":\"PropertyValueSpecification\",\"valueRequired\":true,\"valueName\":\"search_term_string\"}}],\"inLanguage\":\"fr-FR\"},{\"@type\":\"Person\",\"@id\":\"https:\/\/www.africa-press.net\/tchad\/#\/schema\/person\/2b1cf3cd81a31e3cd26889ca66d677f1\",\"name\":\"cfeditorfr\"}]}<\/script>\n<!-- \/ Yoast SEO Premium plugin. -->","yoast_head_json":{"title":"une coalition de partis demande la \"lib\u00e9ration imm\u00e9diate\" des manifestants arr\u00eat\u00e9s - tchad","description":"La Coalition pour le changement d\u00e9mocratique (CCD) a exig\u00e9 mercredi la \"lib\u00e9ration imm\u00e9diate\" des manifestants","robots":{"index":"index","follow":"follow","max-snippet":"max-snippet:-1","max-image-preview":"max-image-preview:large","max-video-preview":"max-video-preview:-1"},"canonical":"https:\/\/www.africa-press.net\/tchad\/politique\/une-coalition-de-partis-demande-la-liberation-immediate-des-manifestants-arretes","og_locale":"fr_FR","og_type":"article","og_title":"une coalition de partis demande la \"lib\u00e9ration imm\u00e9diate\" des manifestants arr\u00eat\u00e9s","og_description":"La Coalition pour le changement d\u00e9mocratique (CCD) a exig\u00e9 mercredi la \"lib\u00e9ration imm\u00e9diate\" des manifestants","og_url":"https:\/\/www.africa-press.net\/tchad\/politique\/une-coalition-de-partis-demande-la-liberation-immediate-des-manifestants-arretes","og_site_name":"tchad","article_published_time":"2021-02-11T15:27:32+00:00","og_image":[{"width":870,"height":489,"url":"https:\/\/static.africa-press.net\/tchad\/sites\/41\/2021\/02\/60.jpg","type":"image\/jpeg"}],"author":"cfeditorfr","twitter_card":"summary_large_image","twitter_misc":{"\u00c9crit par":"cfeditorfr","Dur\u00e9e de lecture estim\u00e9e":"1 minute"},"schema":{"@context":"https:\/\/schema.org","@graph":[{"@type":"Article","@id":"https:\/\/www.africa-press.net\/tchad\/politique\/une-coalition-de-partis-demande-la-liberation-immediate-des-manifestants-arretes#article","isPartOf":{"@id":"https:\/\/www.africa-press.net\/tchad\/politique\/une-coalition-de-partis-demande-la-liberation-immediate-des-manifestants-arretes"},"author":{"name":"cfeditorfr","@id":"https:\/\/www.africa-press.net\/tchad\/#\/schema\/person\/2b1cf3cd81a31e3cd26889ca66d677f1"},"headline":"une coalition de partis demande la \u00ab\u00a0lib\u00e9ration imm\u00e9diate\u00a0\u00bb des manifestants arr\u00eat\u00e9s","datePublished":"2021-02-11T15:27:32+00:00","mainEntityOfPage":{"@id":"https:\/\/www.africa-press.net\/tchad\/politique\/une-coalition-de-partis-demande-la-liberation-immediate-des-manifestants-arretes"},"wordCount":207,"commentCount":0,"image":{"@id":"https:\/\/www.africa-press.net\/tchad\/politique\/une-coalition-de-partis-demande-la-liberation-immediate-des-manifestants-arretes#primaryimage"},"thumbnailUrl":"https:\/\/static.africa-press.net\/tchad\/sites\/41\/2021\/02\/60.jpg","articleSection":["homepage-french","Politique","Top Nouvelles","Toutes les actualit\u00e9s"],"inLanguage":"fr-FR","potentialAction":[{"@type":"CommentAction","name":"Comment","target":["https:\/\/www.africa-press.net\/tchad\/politique\/une-coalition-de-partis-demande-la-liberation-immediate-des-manifestants-arretes#respond"]}]},{"@type":"WebPage","@id":"https:\/\/www.africa-press.net\/tchad\/politique\/une-coalition-de-partis-demande-la-liberation-immediate-des-manifestants-arretes","url":"https:\/\/www.africa-press.net\/tchad\/politique\/une-coalition-de-partis-demande-la-liberation-immediate-des-manifestants-arretes","name":"une coalition de partis demande la \"lib\u00e9ration imm\u00e9diate\" des manifestants arr\u00eat\u00e9s - tchad","isPartOf":{"@id":"https:\/\/www.africa-press.net\/tchad\/#website"},"primaryImageOfPage":{"@id":"https:\/\/www.africa-press.net\/tchad\/politique\/une-coalition-de-partis-demande-la-liberation-immediate-des-manifestants-arretes#primaryimage"},"image":{"@id":"https:\/\/www.africa-press.net\/tchad\/politique\/une-coalition-de-partis-demande-la-liberation-immediate-des-manifestants-arretes#primaryimage"},"thumbnailUrl":"https:\/\/static.africa-press.net\/tchad\/sites\/41\/2021\/02\/60.jpg","datePublished":"2021-02-11T15:27:32+00:00","author":{"@id":"https:\/\/www.africa-press.net\/tchad\/#\/schema\/person\/2b1cf3cd81a31e3cd26889ca66d677f1"},"description":"La Coalition pour le changement d\u00e9mocratique (CCD) a exig\u00e9 mercredi la \"lib\u00e9ration imm\u00e9diate\" des manifestants","breadcrumb":{"@id":"https:\/\/www.africa-press.net\/tchad\/politique\/une-coalition-de-partis-demande-la-liberation-immediate-des-manifestants-arretes#breadcrumb"},"inLanguage":"fr-FR","potentialAction":[{"@type":"ReadAction","target":["https:\/\/www.africa-press.net\/tchad\/politique\/une-coalition-de-partis-demande-la-liberation-immediate-des-manifestants-arretes"]}]},{"@type":"ImageObject","inLanguage":"fr-FR","@id":"https:\/\/www.africa-press.net\/tchad\/politique\/une-coalition-de-partis-demande-la-liberation-immediate-des-manifestants-arretes#primaryimage","url":"https:\/\/static.africa-press.net\/tchad\/sites\/41\/2021\/02\/60.jpg","contentUrl":"https:\/\/static.africa-press.net\/tchad\/sites\/41\/2021\/02\/60.jpg","width":870,"height":489},{"@type":"BreadcrumbList","@id":"https:\/\/www.africa-press.net\/tchad\/politique\/une-coalition-de-partis-demande-la-liberation-immediate-des-manifestants-arretes#breadcrumb","itemListElement":[{"@type":"ListItem","position":1,"name":"Accueil","item":"https:\/\/www.africa-press.net\/tchad\/"},{"@type":"ListItem","position":2,"name":"une coalition de partis demande la &#8220;lib\u00e9ration imm\u00e9diate&#8221; des manifestants arr\u00eat\u00e9s"}]},{"@type":"WebSite","@id":"https:\/\/www.africa-press.net\/tchad\/#website","url":"https:\/\/www.africa-press.net\/tchad\/","name":"tchad","description":"Just another Africa News Agency Sites site","potentialAction":[{"@type":"SearchAction","target":{"@type":"EntryPoint","urlTemplate":"https:\/\/www.africa-press.net\/tchad\/?s={search_term_string}"},"query-input":{"@type":"PropertyValueSpecification","valueRequired":true,"valueName":"search_term_string"}}],"inLanguage":"fr-FR"},{"@type":"Person","@id":"https:\/\/www.africa-press.net\/tchad\/#\/schema\/person\/2b1cf3cd81a31e3cd26889ca66d677f1","name":"cfeditorfr"}]}},"_links":{"self":[{"href":"https:\/\/www.africa-press.net\/tchad\/wp-json\/wp\/v2\/posts\/2855","targetHints":{"allow":["GET"]}}],"collection":[{"href":"https:\/\/www.africa-press.net\/tchad\/wp-json\/wp\/v2\/posts"}],"about":[{"href":"https:\/\/www.africa-press.net\/tchad\/wp-json\/wp\/v2\/types\/post"}],"author":[{"embeddable":true,"href":"https:\/\/www.africa-press.net\/tchad\/wp-json\/wp\/v2\/users\/82"}],"replies":[{"embeddable":true,"href":"https:\/\/www.africa-press.net\/tchad\/wp-json\/wp\/v2\/comments?post=2855"}],"version-history":[{"count":0,"href":"https:\/\/www.africa-press.net\/tchad\/wp-json\/wp\/v2\/posts\/2855\/revisions"}],"wp:featuredmedia":[{"embeddable":true,"href":"https:\/\/www.africa-press.net\/tchad\/wp-json\/wp\/v2\/media\/2856"}],"wp:attachment":[{"href":"https:\/\/www.africa-press.net\/tchad\/wp-json\/wp\/v2\/media?parent=2855"}],"wp:term":[{"taxonomy":"category","embeddable":true,"href":"https:\/\/www.africa-press.net\/tchad\/wp-json\/wp\/v2\/categories?post=2855"},{"taxonomy":"post_tag","embeddable":true,"href":"https:\/\/www.africa-press.net\/tchad\/wp-json\/wp\/v2\/tags?post=2855"}],"curies":[{"name":"wp","href":"https:\/\/api.w.org\/{rel}","templated":true}]}}