{"id":28554,"date":"2022-07-08T15:57:49","date_gmt":"2022-07-08T15:57:49","guid":{"rendered":"https:\/\/www.africa-press.net\/tchad\/politique\/hadj-2022-4086-pelerins-tchadiens-prient-au-mont-arafa"},"modified":"2022-07-08T16:12:03","modified_gmt":"2022-07-08T16:12:03","slug":"hadj-2022-4086-pelerins-tchadiens-prient-au-mont-arafa","status":"publish","type":"post","link":"https:\/\/www.africa-press.net\/tchad\/photo\/hadj-2022-4086-pelerins-tchadiens-prient-au-mont-arafa","title":{"rendered":"Hadj 2022 : 4086 p\u00e8lerins Tchadiens prient au mont Arafa"},"content":{"rendered":"<p><span style=\"color: #ff6600\"><strong>Africa-Press &#8211; Tchad. <\/strong><\/span>Les p\u00e8lerins Tchadiens qui sont au nombre de 4086 [y compris les membres du comit\u00e9 d\u2019organisation] poursuivent le Hadj \u00e0 l\u2019instar des milliers des p\u00e8lerins venus de tous les pays du monde.<\/p>\n<p>\u00ab C\u2019est le cas de deux p\u00e8lerins diab\u00e9tiques qui nous a un peu inqui\u00e9t\u00e9 au d\u00e9but mais Alhamdoulilah gr\u00e2ce \u00e0 l\u2019aide des autorit\u00e9s saoudiennes, ils ont effectu\u00e9 le d\u00e9placement aujourd\u2019hui \u00e0 Arafa pour poursuivre leur Hadj \u00bb, fait savoir le charg\u00e9 de communication du comit\u00e9 d\u2019organisation.<\/p>\n<p>En ce moment, tous les p\u00e8lerins se trouvent au mont Arafat o\u00f9 le proph\u00e8te Mohammed (PSL) pronon\u00e7a son serment d\u2019adieu en 632.<\/p>\n<p>Apr\u00e8s le coucher du soleil, ils partiront en direction de Mina, et s\u2019arr\u00eateront pour prier et se reposer \u00e0 Mouzdalifah.<\/p>\n\r\n                <style type=\"text\/css\">\r\n                    \r\n                    #td_uid_1_69eef194a9b73  .td-doubleSlider-2 .td-item1 {\r\n                        background: url(https:\/\/static.africa-press.net\/tchad\/sites\/41\/2022\/07\/postMediaimg_18_1-80x60.jpg) 0 0 no-repeat;\r\n                    }\r\n                    #td_uid_1_69eef194a9b73  .td-doubleSlider-2 .td-item2 {\r\n                        background: url(https:\/\/static.africa-press.net\/tchad\/sites\/41\/2022\/07\/postMediaimg_18_2-80x60.jpg) 0 0 no-repeat;\r\n                    }\r\n                <\/style>\r\n\r\n                <div id=\"td_uid_1_69eef194a9b73\" class=\"td-gallery td-slide-on-2-columns\">\r\n                    <div class=\"post_td_gallery\">\r\n                        <div class=\"td-gallery-slide-top\">\r\n                           <div class=\"td-gallery-title\"><\/div>\r\n\r\n                            <div class=\"td-gallery-controls-wrapper\">\r\n                                <div class=\"td-gallery-slide-count\"><span class=\"td-gallery-slide-item-focus\">1<\/span> de 2<\/div>\r\n                                <div class=\"td-gallery-slide-prev-next-but\">\r\n                                    <i class = \"td-icon-left doubleSliderPrevButton\"><\/i>\r\n                                    <i class = \"td-icon-right doubleSliderNextButton\"><\/i>\r\n                                <\/div>\r\n                            <\/div>\r\n                        <\/div>\r\n\r\n                        <div class = \"td-doubleSlider-1 \">\r\n                            <div class = \"td-slider\">\r\n                                \r\n                    <div class = \"td-slide-item td-item1\">\r\n                        <figure class=\"td-slide-galery-figure td-slide-popup-gallery\">\r\n                            <a class=\"slide-gallery-image-link\" href=\"https:\/\/static.africa-press.net\/tchad\/sites\/41\/2022\/07\/postMediaimg_18_1.jpg\" title=\"postMediaimg_18_1\"  data-caption=\"\"  data-description=\"\">\r\n                                <img decoding=\"async\" src=\"https:\/\/static.africa-press.net\/tchad\/sites\/41\/2022\/07\/postMediaimg_18_1.jpg\" srcset=\"https:\/\/static.africa-press.net\/tchad\/sites\/41\/2022\/07\/postMediaimg_18_1.jpg 696w, https:\/\/static.africa-press.net\/tchad\/sites\/41\/2022\/07\/postMediaimg_18_1-300x169.jpg 300w\" sizes=\"(max-width: 696px) 100vw, 696px\" alt=\"\">\r\n                            <\/a>\r\n                            \r\n                        <\/figure>\r\n                    <\/div>\r\n                    <div class = \"td-slide-item td-item2\">\r\n                        <figure class=\"td-slide-galery-figure td-slide-popup-gallery\">\r\n                            <a class=\"slide-gallery-image-link\" href=\"https:\/\/static.africa-press.net\/tchad\/sites\/41\/2022\/07\/postMediaimg_18_2.jpg\" title=\"postMediaimg_18_2\"  data-caption=\"\"  data-description=\"\">\r\n                                <img decoding=\"async\" src=\"https:\/\/static.africa-press.net\/tchad\/sites\/41\/2022\/07\/postMediaimg_18_2.jpg\" srcset=\"https:\/\/static.africa-press.net\/tchad\/sites\/41\/2022\/07\/postMediaimg_18_2.jpg 696w, https:\/\/static.africa-press.net\/tchad\/sites\/41\/2022\/07\/postMediaimg_18_2-300x169.jpg 300w\" sizes=\"(max-width: 696px) 100vw, 696px\" alt=\"\">\r\n                            <\/a>\r\n                            \r\n                        <\/figure>\r\n                    <\/div>\r\n                            <\/div>\r\n                        <\/div>\r\n\r\n                        <div class = \"td-doubleSlider-2\">\r\n                            <div class = \"td-slider\">\r\n                                \r\n                    <div class = \"td-button td-item1\">\r\n                        <div class = \"td-border\"><\/div>\r\n                    <\/div>\r\n                    <div class = \"td-button td-item2\">\r\n                        <div class = \"td-border\"><\/div>\r\n                    <\/div>\r\n                            <\/div>\r\n                        <\/div>\r\n\r\n                    <\/div>\r\n\r\n                <\/div>\r\n                \n<p><strong>Pour plus d&rsquo;informations et d&rsquo;analyses sur la <a href=\"https:\/\/www.africa-press.net\/tchad\">Tchad<\/a>, suivez <a href=\"https:\/\/www.africa-press.net\/\">Africa-Press<\/a><\/strong><\/p>\n","protected":false},"excerpt":{"rendered":"<p>Africa-Press &#8211; Tchad. Les p\u00e8lerins Tchadiens qui sont au nombre de 4086 [y compris les membres du comit\u00e9 d\u2019organisation] poursuivent le Hadj \u00e0 l\u2019instar des milliers des p\u00e8lerins venus de tous les pays du monde. \u00ab C\u2019est le cas de deux p\u00e8lerins diab\u00e9tiques qui nous a un peu inqui\u00e9t\u00e9 au d\u00e9but mais Alhamdoulilah gr\u00e2ce \u00e0 [&hellip;]<\/p>\n","protected":false},"author":82,"featured_media":28553,"comment_status":"open","ping_status":"closed","sticky":false,"template":"","format":"standard","meta":{"footnotes":""},"categories":[21,11,8,10],"tags":[37,292,29],"class_list":["post-28554","post","type-post","status-publish","format-standard","has-post-thumbnail","hentry","category-communaute","category-homepage-french","category-photo","category-toutes-les-actualites","tag-africa-press","tag-africa-press-tchad","tag-tchad"],"yoast_head":"<!-- This site is optimized with the Yoast SEO Premium plugin v26.1 (Yoast SEO v27.0) - https:\/\/yoast.com\/product\/yoast-seo-premium-wordpress\/ -->\n<title>Hadj 2022 : 4086 p\u00e8lerins Tchadiens prient au mont Arafa - tchad<\/title>\n<meta name=\"description\" content=\"Les p\u00e8lerins Tchadiens qui sont au nombre de 4086 [y compris les membres du comit\u00e9 d\u2019organisation] poursuivent le Hadj \u00e0 ...\" \/>\n<meta name=\"robots\" content=\"index, follow, max-snippet:-1, max-image-preview:large, max-video-preview:-1\" \/>\n<link rel=\"canonical\" href=\"https:\/\/www.africa-press.net\/tchad\/photo\/hadj-2022-4086-pelerins-tchadiens-prient-au-mont-arafa\" \/>\n<meta property=\"og:locale\" content=\"fr_FR\" \/>\n<meta property=\"og:type\" content=\"article\" \/>\n<meta property=\"og:title\" content=\"Hadj 2022 : 4086 p\u00e8lerins Tchadiens prient au mont Arafa\" \/>\n<meta property=\"og:description\" content=\"Les p\u00e8lerins Tchadiens qui sont au nombre de 4086 [y compris les membres du comit\u00e9 d\u2019organisation] poursuivent le Hadj \u00e0 ...\" \/>\n<meta property=\"og:url\" content=\"https:\/\/www.africa-press.net\/tchad\/photo\/hadj-2022-4086-pelerins-tchadiens-prient-au-mont-arafa\" \/>\n<meta property=\"og:site_name\" content=\"tchad\" \/>\n<meta property=\"article:published_time\" content=\"2022-07-08T15:57:49+00:00\" \/>\n<meta property=\"article:modified_time\" content=\"2022-07-08T16:12:03+00:00\" \/>\n<meta property=\"og:image\" content=\"https:\/\/static.africa-press.net\/tchad\/sites\/41\/2022\/07\/postQueueImg_18-62c8573a4f3a3.jpg\" \/>\n\t<meta property=\"og:image:width\" content=\"696\" \/>\n\t<meta property=\"og:image:height\" content=\"392\" \/>\n\t<meta property=\"og:image:type\" content=\"image\/jpeg\" \/>\n<meta name=\"author\" content=\"cfeditorfr\" \/>\n<meta name=\"twitter:card\" content=\"summary_large_image\" \/>\n<meta name=\"twitter:label1\" content=\"\u00c9crit par\" \/>\n\t<meta name=\"twitter:data1\" content=\"cfeditorfr\" \/>\n\t<meta name=\"twitter:label2\" content=\"Dur\u00e9e de lecture estim\u00e9e\" \/>\n\t<meta name=\"twitter:data2\" content=\"1 minute\" \/>\n<script type=\"application\/ld+json\" class=\"yoast-schema-graph\">{\"@context\":\"https:\/\/schema.org\",\"@graph\":[{\"@type\":\"Article\",\"@id\":\"https:\/\/www.africa-press.net\/tchad\/photo\/hadj-2022-4086-pelerins-tchadiens-prient-au-mont-arafa#article\",\"isPartOf\":{\"@id\":\"https:\/\/www.africa-press.net\/tchad\/photo\/hadj-2022-4086-pelerins-tchadiens-prient-au-mont-arafa\"},\"author\":{\"name\":\"cfeditorfr\",\"@id\":\"https:\/\/www.africa-press.net\/tchad\/#\/schema\/person\/2b1cf3cd81a31e3cd26889ca66d677f1\"},\"headline\":\"Hadj 2022 : 4086 p\u00e8lerins Tchadiens prient au mont Arafa\",\"datePublished\":\"2022-07-08T15:57:49+00:00\",\"dateModified\":\"2022-07-08T16:12:03+00:00\",\"mainEntityOfPage\":{\"@id\":\"https:\/\/www.africa-press.net\/tchad\/photo\/hadj-2022-4086-pelerins-tchadiens-prient-au-mont-arafa\"},\"wordCount\":167,\"commentCount\":0,\"image\":{\"@id\":\"https:\/\/www.africa-press.net\/tchad\/photo\/hadj-2022-4086-pelerins-tchadiens-prient-au-mont-arafa#primaryimage\"},\"thumbnailUrl\":\"https:\/\/static.africa-press.net\/tchad\/sites\/41\/2022\/07\/postQueueImg_18-62c8573a4f3a3.jpg\",\"keywords\":[\"Africa Press\",\"Africa Press-Tchad\",\"Tchad\"],\"articleSection\":[\"Communaut\u00e9\",\"homepage-french\",\"Photo\",\"Toutes les actualit\u00e9s\"],\"inLanguage\":\"fr-FR\",\"potentialAction\":[{\"@type\":\"CommentAction\",\"name\":\"Comment\",\"target\":[\"https:\/\/www.africa-press.net\/tchad\/photo\/hadj-2022-4086-pelerins-tchadiens-prient-au-mont-arafa#respond\"]}]},{\"@type\":\"WebPage\",\"@id\":\"https:\/\/www.africa-press.net\/tchad\/photo\/hadj-2022-4086-pelerins-tchadiens-prient-au-mont-arafa\",\"url\":\"https:\/\/www.africa-press.net\/tchad\/photo\/hadj-2022-4086-pelerins-tchadiens-prient-au-mont-arafa\",\"name\":\"Hadj 2022 : 4086 p\u00e8lerins Tchadiens prient au mont Arafa - tchad\",\"isPartOf\":{\"@id\":\"https:\/\/www.africa-press.net\/tchad\/#website\"},\"primaryImageOfPage\":{\"@id\":\"https:\/\/www.africa-press.net\/tchad\/photo\/hadj-2022-4086-pelerins-tchadiens-prient-au-mont-arafa#primaryimage\"},\"image\":{\"@id\":\"https:\/\/www.africa-press.net\/tchad\/photo\/hadj-2022-4086-pelerins-tchadiens-prient-au-mont-arafa#primaryimage\"},\"thumbnailUrl\":\"https:\/\/static.africa-press.net\/tchad\/sites\/41\/2022\/07\/postQueueImg_18-62c8573a4f3a3.jpg\",\"datePublished\":\"2022-07-08T15:57:49+00:00\",\"dateModified\":\"2022-07-08T16:12:03+00:00\",\"author\":{\"@id\":\"https:\/\/www.africa-press.net\/tchad\/#\/schema\/person\/2b1cf3cd81a31e3cd26889ca66d677f1\"},\"description\":\"Les p\u00e8lerins Tchadiens qui sont au nombre de 4086 [y compris les membres du comit\u00e9 d\u2019organisation] poursuivent le Hadj \u00e0 ...\",\"breadcrumb\":{\"@id\":\"https:\/\/www.africa-press.net\/tchad\/photo\/hadj-2022-4086-pelerins-tchadiens-prient-au-mont-arafa#breadcrumb\"},\"inLanguage\":\"fr-FR\",\"potentialAction\":[{\"@type\":\"ReadAction\",\"target\":[\"https:\/\/www.africa-press.net\/tchad\/photo\/hadj-2022-4086-pelerins-tchadiens-prient-au-mont-arafa\"]}]},{\"@type\":\"ImageObject\",\"inLanguage\":\"fr-FR\",\"@id\":\"https:\/\/www.africa-press.net\/tchad\/photo\/hadj-2022-4086-pelerins-tchadiens-prient-au-mont-arafa#primaryimage\",\"url\":\"https:\/\/static.africa-press.net\/tchad\/sites\/41\/2022\/07\/postQueueImg_18-62c8573a4f3a3.jpg\",\"contentUrl\":\"https:\/\/static.africa-press.net\/tchad\/sites\/41\/2022\/07\/postQueueImg_18-62c8573a4f3a3.jpg\",\"width\":696,\"height\":392,\"caption\":\"Hadj 2022 : 4086 p\u00e8lerins Tchadiens prient au mont Arafa\"},{\"@type\":\"BreadcrumbList\",\"@id\":\"https:\/\/www.africa-press.net\/tchad\/photo\/hadj-2022-4086-pelerins-tchadiens-prient-au-mont-arafa#breadcrumb\",\"itemListElement\":[{\"@type\":\"ListItem\",\"position\":1,\"name\":\"Accueil\",\"item\":\"https:\/\/www.africa-press.net\/tchad\/\"},{\"@type\":\"ListItem\",\"position\":2,\"name\":\"Hadj 2022 : 4086 p\u00e8lerins Tchadiens prient au mont Arafa\"}]},{\"@type\":\"WebSite\",\"@id\":\"https:\/\/www.africa-press.net\/tchad\/#website\",\"url\":\"https:\/\/www.africa-press.net\/tchad\/\",\"name\":\"tchad\",\"description\":\"Just another Africa News Agency Sites site\",\"potentialAction\":[{\"@type\":\"SearchAction\",\"target\":{\"@type\":\"EntryPoint\",\"urlTemplate\":\"https:\/\/www.africa-press.net\/tchad\/?s={search_term_string}\"},\"query-input\":{\"@type\":\"PropertyValueSpecification\",\"valueRequired\":true,\"valueName\":\"search_term_string\"}}],\"inLanguage\":\"fr-FR\"},{\"@type\":\"Person\",\"@id\":\"https:\/\/www.africa-press.net\/tchad\/#\/schema\/person\/2b1cf3cd81a31e3cd26889ca66d677f1\",\"name\":\"cfeditorfr\"}]}<\/script>\n<!-- \/ Yoast SEO Premium plugin. -->","yoast_head_json":{"title":"Hadj 2022 : 4086 p\u00e8lerins Tchadiens prient au mont Arafa - tchad","description":"Les p\u00e8lerins Tchadiens qui sont au nombre de 4086 [y compris les membres du comit\u00e9 d\u2019organisation] poursuivent le Hadj \u00e0 ...","robots":{"index":"index","follow":"follow","max-snippet":"max-snippet:-1","max-image-preview":"max-image-preview:large","max-video-preview":"max-video-preview:-1"},"canonical":"https:\/\/www.africa-press.net\/tchad\/photo\/hadj-2022-4086-pelerins-tchadiens-prient-au-mont-arafa","og_locale":"fr_FR","og_type":"article","og_title":"Hadj 2022 : 4086 p\u00e8lerins Tchadiens prient au mont Arafa","og_description":"Les p\u00e8lerins Tchadiens qui sont au nombre de 4086 [y compris les membres du comit\u00e9 d\u2019organisation] poursuivent le Hadj \u00e0 ...","og_url":"https:\/\/www.africa-press.net\/tchad\/photo\/hadj-2022-4086-pelerins-tchadiens-prient-au-mont-arafa","og_site_name":"tchad","article_published_time":"2022-07-08T15:57:49+00:00","article_modified_time":"2022-07-08T16:12:03+00:00","og_image":[{"width":696,"height":392,"url":"https:\/\/static.africa-press.net\/tchad\/sites\/41\/2022\/07\/postQueueImg_18-62c8573a4f3a3.jpg","type":"image\/jpeg"}],"author":"cfeditorfr","twitter_card":"summary_large_image","twitter_misc":{"\u00c9crit par":"cfeditorfr","Dur\u00e9e de lecture estim\u00e9e":"1 minute"},"schema":{"@context":"https:\/\/schema.org","@graph":[{"@type":"Article","@id":"https:\/\/www.africa-press.net\/tchad\/photo\/hadj-2022-4086-pelerins-tchadiens-prient-au-mont-arafa#article","isPartOf":{"@id":"https:\/\/www.africa-press.net\/tchad\/photo\/hadj-2022-4086-pelerins-tchadiens-prient-au-mont-arafa"},"author":{"name":"cfeditorfr","@id":"https:\/\/www.africa-press.net\/tchad\/#\/schema\/person\/2b1cf3cd81a31e3cd26889ca66d677f1"},"headline":"Hadj 2022 : 4086 p\u00e8lerins Tchadiens prient au mont Arafa","datePublished":"2022-07-08T15:57:49+00:00","dateModified":"2022-07-08T16:12:03+00:00","mainEntityOfPage":{"@id":"https:\/\/www.africa-press.net\/tchad\/photo\/hadj-2022-4086-pelerins-tchadiens-prient-au-mont-arafa"},"wordCount":167,"commentCount":0,"image":{"@id":"https:\/\/www.africa-press.net\/tchad\/photo\/hadj-2022-4086-pelerins-tchadiens-prient-au-mont-arafa#primaryimage"},"thumbnailUrl":"https:\/\/static.africa-press.net\/tchad\/sites\/41\/2022\/07\/postQueueImg_18-62c8573a4f3a3.jpg","keywords":["Africa Press","Africa Press-Tchad","Tchad"],"articleSection":["Communaut\u00e9","homepage-french","Photo","Toutes les actualit\u00e9s"],"inLanguage":"fr-FR","potentialAction":[{"@type":"CommentAction","name":"Comment","target":["https:\/\/www.africa-press.net\/tchad\/photo\/hadj-2022-4086-pelerins-tchadiens-prient-au-mont-arafa#respond"]}]},{"@type":"WebPage","@id":"https:\/\/www.africa-press.net\/tchad\/photo\/hadj-2022-4086-pelerins-tchadiens-prient-au-mont-arafa","url":"https:\/\/www.africa-press.net\/tchad\/photo\/hadj-2022-4086-pelerins-tchadiens-prient-au-mont-arafa","name":"Hadj 2022 : 4086 p\u00e8lerins Tchadiens prient au mont Arafa - tchad","isPartOf":{"@id":"https:\/\/www.africa-press.net\/tchad\/#website"},"primaryImageOfPage":{"@id":"https:\/\/www.africa-press.net\/tchad\/photo\/hadj-2022-4086-pelerins-tchadiens-prient-au-mont-arafa#primaryimage"},"image":{"@id":"https:\/\/www.africa-press.net\/tchad\/photo\/hadj-2022-4086-pelerins-tchadiens-prient-au-mont-arafa#primaryimage"},"thumbnailUrl":"https:\/\/static.africa-press.net\/tchad\/sites\/41\/2022\/07\/postQueueImg_18-62c8573a4f3a3.jpg","datePublished":"2022-07-08T15:57:49+00:00","dateModified":"2022-07-08T16:12:03+00:00","author":{"@id":"https:\/\/www.africa-press.net\/tchad\/#\/schema\/person\/2b1cf3cd81a31e3cd26889ca66d677f1"},"description":"Les p\u00e8lerins Tchadiens qui sont au nombre de 4086 [y compris les membres du comit\u00e9 d\u2019organisation] poursuivent le Hadj \u00e0 ...","breadcrumb":{"@id":"https:\/\/www.africa-press.net\/tchad\/photo\/hadj-2022-4086-pelerins-tchadiens-prient-au-mont-arafa#breadcrumb"},"inLanguage":"fr-FR","potentialAction":[{"@type":"ReadAction","target":["https:\/\/www.africa-press.net\/tchad\/photo\/hadj-2022-4086-pelerins-tchadiens-prient-au-mont-arafa"]}]},{"@type":"ImageObject","inLanguage":"fr-FR","@id":"https:\/\/www.africa-press.net\/tchad\/photo\/hadj-2022-4086-pelerins-tchadiens-prient-au-mont-arafa#primaryimage","url":"https:\/\/static.africa-press.net\/tchad\/sites\/41\/2022\/07\/postQueueImg_18-62c8573a4f3a3.jpg","contentUrl":"https:\/\/static.africa-press.net\/tchad\/sites\/41\/2022\/07\/postQueueImg_18-62c8573a4f3a3.jpg","width":696,"height":392,"caption":"Hadj 2022 : 4086 p\u00e8lerins Tchadiens prient au mont Arafa"},{"@type":"BreadcrumbList","@id":"https:\/\/www.africa-press.net\/tchad\/photo\/hadj-2022-4086-pelerins-tchadiens-prient-au-mont-arafa#breadcrumb","itemListElement":[{"@type":"ListItem","position":1,"name":"Accueil","item":"https:\/\/www.africa-press.net\/tchad\/"},{"@type":"ListItem","position":2,"name":"Hadj 2022 : 4086 p\u00e8lerins Tchadiens prient au mont Arafa"}]},{"@type":"WebSite","@id":"https:\/\/www.africa-press.net\/tchad\/#website","url":"https:\/\/www.africa-press.net\/tchad\/","name":"tchad","description":"Just another Africa News Agency Sites site","potentialAction":[{"@type":"SearchAction","target":{"@type":"EntryPoint","urlTemplate":"https:\/\/www.africa-press.net\/tchad\/?s={search_term_string}"},"query-input":{"@type":"PropertyValueSpecification","valueRequired":true,"valueName":"search_term_string"}}],"inLanguage":"fr-FR"},{"@type":"Person","@id":"https:\/\/www.africa-press.net\/tchad\/#\/schema\/person\/2b1cf3cd81a31e3cd26889ca66d677f1","name":"cfeditorfr"}]}},"_links":{"self":[{"href":"https:\/\/www.africa-press.net\/tchad\/wp-json\/wp\/v2\/posts\/28554","targetHints":{"allow":["GET"]}}],"collection":[{"href":"https:\/\/www.africa-press.net\/tchad\/wp-json\/wp\/v2\/posts"}],"about":[{"href":"https:\/\/www.africa-press.net\/tchad\/wp-json\/wp\/v2\/types\/post"}],"author":[{"embeddable":true,"href":"https:\/\/www.africa-press.net\/tchad\/wp-json\/wp\/v2\/users\/82"}],"replies":[{"embeddable":true,"href":"https:\/\/www.africa-press.net\/tchad\/wp-json\/wp\/v2\/comments?post=28554"}],"version-history":[{"count":0,"href":"https:\/\/www.africa-press.net\/tchad\/wp-json\/wp\/v2\/posts\/28554\/revisions"}],"wp:featuredmedia":[{"embeddable":true,"href":"https:\/\/www.africa-press.net\/tchad\/wp-json\/wp\/v2\/media\/28553"}],"wp:attachment":[{"href":"https:\/\/www.africa-press.net\/tchad\/wp-json\/wp\/v2\/media?parent=28554"}],"wp:term":[{"taxonomy":"category","embeddable":true,"href":"https:\/\/www.africa-press.net\/tchad\/wp-json\/wp\/v2\/categories?post=28554"},{"taxonomy":"post_tag","embeddable":true,"href":"https:\/\/www.africa-press.net\/tchad\/wp-json\/wp\/v2\/tags?post=28554"}],"curies":[{"name":"wp","href":"https:\/\/api.w.org\/{rel}","templated":true}]}}