{"id":28563,"date":"2022-07-09T13:05:30","date_gmt":"2022-07-09T13:05:30","guid":{"rendered":"https:\/\/www.africa-press.net\/tchad\/politique\/fatime-zara-haroun-plaide-pour-le-developpement-durable-au-forum-politique-de-haut-niveau-des-nations-unies"},"modified":"2022-07-09T13:11:19","modified_gmt":"2022-07-09T13:11:19","slug":"fatime-zara-haroun-plaide-pour-le-developpement-durable-au-forum-politique-de-haut-niveau-des-nations-unies","status":"publish","type":"post","link":"https:\/\/www.africa-press.net\/tchad\/politique\/fatime-zara-haroun-plaide-pour-le-developpement-durable-au-forum-politique-de-haut-niveau-des-nations-unies","title":{"rendered":"Fatim\u00e9 Zara Haroun, plaide pour le d\u00e9veloppement durable au Forum politique de haut niveau des Nations Unies"},"content":{"rendered":"<p><span style=\"color: #ff6600\"><strong>Africa-Press &#8211; Tchad. <\/strong><\/span>A 21 ans, Fatim\u00e9 Zara Haroun, la \u00ab super Banat \u00bb a plaid\u00e9 ce jeudi au Forum Politique de Haut Niveau pour le d\u00e9veloppement durable, la principale plateforme mondiale pour le suivi et l\u2019examen du Programme de d\u00e9veloppement durable \u00e0 l\u2019horizon 2030 et des objectifs de d\u00e9veloppement durable.<\/p>\n<p>Au cours de ce forum qui se tient au si\u00e8ge des Nations-Unies \u00e0 New York jusqu\u2019au 15 juillet, la jeune Fatim\u00e9 Zara a rappel\u00e9 l\u2019importance de ne pas oublier la question des violences faites aux enfants.<\/p>\n<p>Devant de nombreuses autres jeunes de son \u00e2ge, venues de part le monde et des personnalit\u00e9s onusiennes du d\u00e9veloppement durable, Fatim\u00e9 Zara a parl\u00e9 la question des jeunes victimes de viol.<\/p>\n<p>\u00ab Elles sont souvent apeur\u00e9es, bris\u00e9es et peuvent vivre avec les cicatrices et les blessures du viol sans pouvoir raconter leur histoire.<\/p>\n<p>Et parfois, le viol peut causer des dommages irr\u00e9parables \u00bb, a-t-elle r\u00e9v\u00e9l\u00e9.<\/p>\n<p>L\u2019une des t\u00eates pensantes de \u00ab Super Banat \u00bb, un programme communautaire de leadership f\u00e9minin et transformationnelle qui engage les filles et adolescentes autour des questions de sant\u00e9, de genre et de violences bas\u00e9es sur le genre, Fatim\u00e9 Zara a pr\u00e9sent\u00e9 les actions men\u00e9es par les \u00ab supers banats \u00bb et leur engagement pour l\u2019am\u00e9lioration de la situation de la jeune fille tchadienne et son \u00e9panouissement.<\/p>\n<p>\u00ab Nous les supers banats, faisons-en sorte que les jeunes filles puissent sortir du silence.<\/p>\n<p>Nous luttons contre ces multiples pratiques qui freinent l\u2019\u00e9panouissement des filles : viols, violences, mariage d\u2019enfants, grossesses pr\u00e9coces, infections sexuellement transmissibles et le Vih \u00bb, pr\u00e9cise-t-elle.<\/p>\n<p>\u00ab Il est urgent d\u2019agir.<\/p>\n<p>Seules, nous n\u2019y parviendrons pas.<\/p>\n<p>Nous avons besoin de l\u2019engagement de nos Etats, des partenaires techniques et financiers, du syst\u00e8me des Nations Unies pour mat\u00e9rialiser nos droits tant \u00e0 la sant\u00e9 qu\u2019\u00e0 l\u2019\u00e9ducation \u00bb, ajoute-t-elle.<\/p>\n<p>Le mot \u00ab super banat \u00bb d\u00e9riv\u00e9 de l\u2019arabe tchadien \u00ab Banat \u00bb qui signifie \u00ab fille \u00bb, est un programme mis en \u0153uvre par un r\u00e9seau de 130 jeunes filles tchadiennes avec le soutien du minist\u00e8re de la Culture, et le soutien financier de l\u2019Unicef au Tchad.<\/p>\n<p>Il r\u00e9unit les adolescentes et jeunes filles \u00e2g\u00e9es de 15-24ans, qui sont les \u00ab filles mod\u00e8les \u00bb.<\/p>\n<p><strong>Pour plus d&rsquo;informations et d&rsquo;analyses sur la <a href=\"https:\/\/www.africa-press.net\/tchad\">Tchad<\/a>, suivez <a href=\"https:\/\/www.africa-press.net\/\">Africa-Press<\/a><\/strong><\/p>\n","protected":false},"excerpt":{"rendered":"<p>Africa-Press &#8211; Tchad. A 21 ans, Fatim\u00e9 Zara Haroun, la \u00ab super Banat \u00bb a plaid\u00e9 ce jeudi au Forum Politique de Haut Niveau pour le d\u00e9veloppement durable, la principale plateforme mondiale pour le suivi et l\u2019examen du Programme de d\u00e9veloppement durable \u00e0 l\u2019horizon 2030 et des objectifs de d\u00e9veloppement durable. Au cours de ce [&hellip;]<\/p>\n","protected":false},"author":82,"featured_media":28562,"comment_status":"open","ping_status":"closed","sticky":false,"template":"","format":"standard","meta":{"footnotes":""},"categories":[11,2,20,10],"tags":[37,292,29],"class_list":["post-28563","post","type-post","status-publish","format-standard","has-post-thumbnail","hentry","category-homepage-french","category-politique","category-top-nouvelles","category-toutes-les-actualites","tag-africa-press","tag-africa-press-tchad","tag-tchad"],"yoast_head":"<!-- This site is optimized with the Yoast SEO Premium plugin v26.1 (Yoast SEO v27.0) - https:\/\/yoast.com\/product\/yoast-seo-premium-wordpress\/ -->\n<title>Fatim\u00e9 Zara Haroun, plaide pour le d\u00e9veloppement durable au Forum politique de haut niveau des Nations Unies - tchad<\/title>\n<meta name=\"description\" content=\"A 21 ans, Fatim\u00e9 Zara Haroun, la \u00ab super Banat \u00bb a plaid\u00e9 ce jeudi au Forum Politique de Haut Niveau pour le d\u00e9veloppeme ...\" \/>\n<meta name=\"robots\" content=\"index, follow, max-snippet:-1, max-image-preview:large, max-video-preview:-1\" \/>\n<link rel=\"canonical\" href=\"https:\/\/www.africa-press.net\/tchad\/politique\/fatime-zara-haroun-plaide-pour-le-developpement-durable-au-forum-politique-de-haut-niveau-des-nations-unies\" \/>\n<meta property=\"og:locale\" content=\"fr_FR\" \/>\n<meta property=\"og:type\" content=\"article\" \/>\n<meta property=\"og:title\" content=\"Fatim\u00e9 Zara Haroun, plaide pour le d\u00e9veloppement durable au Forum politique de haut niveau des Nations Unies\" \/>\n<meta property=\"og:description\" content=\"A 21 ans, Fatim\u00e9 Zara Haroun, la \u00ab super Banat \u00bb a plaid\u00e9 ce jeudi au Forum Politique de Haut Niveau pour le d\u00e9veloppeme ...\" \/>\n<meta property=\"og:url\" content=\"https:\/\/www.africa-press.net\/tchad\/politique\/fatime-zara-haroun-plaide-pour-le-developpement-durable-au-forum-politique-de-haut-niveau-des-nations-unies\" \/>\n<meta property=\"og:site_name\" content=\"tchad\" \/>\n<meta property=\"article:published_time\" content=\"2022-07-09T13:05:30+00:00\" \/>\n<meta property=\"article:modified_time\" content=\"2022-07-09T13:11:19+00:00\" \/>\n<meta property=\"og:image\" content=\"https:\/\/static.africa-press.net\/tchad\/sites\/41\/2022\/07\/postQueueImg_2-62c97e5f6161c.jpg\" \/>\n\t<meta property=\"og:image:width\" content=\"499\" \/>\n\t<meta property=\"og:image:height\" content=\"367\" \/>\n\t<meta property=\"og:image:type\" content=\"image\/jpeg\" \/>\n<meta name=\"author\" content=\"cfeditorfr\" \/>\n<meta name=\"twitter:card\" content=\"summary_large_image\" \/>\n<meta name=\"twitter:label1\" content=\"\u00c9crit par\" \/>\n\t<meta name=\"twitter:data1\" content=\"cfeditorfr\" \/>\n\t<meta name=\"twitter:label2\" content=\"Dur\u00e9e de lecture estim\u00e9e\" \/>\n\t<meta name=\"twitter:data2\" content=\"2 minutes\" \/>\n<script type=\"application\/ld+json\" class=\"yoast-schema-graph\">{\"@context\":\"https:\/\/schema.org\",\"@graph\":[{\"@type\":\"Article\",\"@id\":\"https:\/\/www.africa-press.net\/tchad\/politique\/fatime-zara-haroun-plaide-pour-le-developpement-durable-au-forum-politique-de-haut-niveau-des-nations-unies#article\",\"isPartOf\":{\"@id\":\"https:\/\/www.africa-press.net\/tchad\/politique\/fatime-zara-haroun-plaide-pour-le-developpement-durable-au-forum-politique-de-haut-niveau-des-nations-unies\"},\"author\":{\"name\":\"cfeditorfr\",\"@id\":\"https:\/\/www.africa-press.net\/tchad\/#\/schema\/person\/2b1cf3cd81a31e3cd26889ca66d677f1\"},\"headline\":\"Fatim\u00e9 Zara Haroun, plaide pour le d\u00e9veloppement durable au Forum politique de haut niveau des Nations Unies\",\"datePublished\":\"2022-07-09T13:05:30+00:00\",\"dateModified\":\"2022-07-09T13:11:19+00:00\",\"mainEntityOfPage\":{\"@id\":\"https:\/\/www.africa-press.net\/tchad\/politique\/fatime-zara-haroun-plaide-pour-le-developpement-durable-au-forum-politique-de-haut-niveau-des-nations-unies\"},\"wordCount\":408,\"commentCount\":0,\"image\":{\"@id\":\"https:\/\/www.africa-press.net\/tchad\/politique\/fatime-zara-haroun-plaide-pour-le-developpement-durable-au-forum-politique-de-haut-niveau-des-nations-unies#primaryimage\"},\"thumbnailUrl\":\"https:\/\/static.africa-press.net\/tchad\/sites\/41\/2022\/07\/postQueueImg_2-62c97e5f6161c.jpg\",\"keywords\":[\"Africa Press\",\"Africa Press-Tchad\",\"Tchad\"],\"articleSection\":[\"homepage-french\",\"Politique\",\"Top Nouvelles\",\"Toutes les actualit\u00e9s\"],\"inLanguage\":\"fr-FR\",\"potentialAction\":[{\"@type\":\"CommentAction\",\"name\":\"Comment\",\"target\":[\"https:\/\/www.africa-press.net\/tchad\/politique\/fatime-zara-haroun-plaide-pour-le-developpement-durable-au-forum-politique-de-haut-niveau-des-nations-unies#respond\"]}]},{\"@type\":\"WebPage\",\"@id\":\"https:\/\/www.africa-press.net\/tchad\/politique\/fatime-zara-haroun-plaide-pour-le-developpement-durable-au-forum-politique-de-haut-niveau-des-nations-unies\",\"url\":\"https:\/\/www.africa-press.net\/tchad\/politique\/fatime-zara-haroun-plaide-pour-le-developpement-durable-au-forum-politique-de-haut-niveau-des-nations-unies\",\"name\":\"Fatim\u00e9 Zara Haroun, plaide pour le d\u00e9veloppement durable au Forum politique de haut niveau des Nations Unies - tchad\",\"isPartOf\":{\"@id\":\"https:\/\/www.africa-press.net\/tchad\/#website\"},\"primaryImageOfPage\":{\"@id\":\"https:\/\/www.africa-press.net\/tchad\/politique\/fatime-zara-haroun-plaide-pour-le-developpement-durable-au-forum-politique-de-haut-niveau-des-nations-unies#primaryimage\"},\"image\":{\"@id\":\"https:\/\/www.africa-press.net\/tchad\/politique\/fatime-zara-haroun-plaide-pour-le-developpement-durable-au-forum-politique-de-haut-niveau-des-nations-unies#primaryimage\"},\"thumbnailUrl\":\"https:\/\/static.africa-press.net\/tchad\/sites\/41\/2022\/07\/postQueueImg_2-62c97e5f6161c.jpg\",\"datePublished\":\"2022-07-09T13:05:30+00:00\",\"dateModified\":\"2022-07-09T13:11:19+00:00\",\"author\":{\"@id\":\"https:\/\/www.africa-press.net\/tchad\/#\/schema\/person\/2b1cf3cd81a31e3cd26889ca66d677f1\"},\"description\":\"A 21 ans, Fatim\u00e9 Zara Haroun, la \u00ab super Banat \u00bb a plaid\u00e9 ce jeudi au Forum Politique de Haut Niveau pour le d\u00e9veloppeme ...\",\"breadcrumb\":{\"@id\":\"https:\/\/www.africa-press.net\/tchad\/politique\/fatime-zara-haroun-plaide-pour-le-developpement-durable-au-forum-politique-de-haut-niveau-des-nations-unies#breadcrumb\"},\"inLanguage\":\"fr-FR\",\"potentialAction\":[{\"@type\":\"ReadAction\",\"target\":[\"https:\/\/www.africa-press.net\/tchad\/politique\/fatime-zara-haroun-plaide-pour-le-developpement-durable-au-forum-politique-de-haut-niveau-des-nations-unies\"]}]},{\"@type\":\"ImageObject\",\"inLanguage\":\"fr-FR\",\"@id\":\"https:\/\/www.africa-press.net\/tchad\/politique\/fatime-zara-haroun-plaide-pour-le-developpement-durable-au-forum-politique-de-haut-niveau-des-nations-unies#primaryimage\",\"url\":\"https:\/\/static.africa-press.net\/tchad\/sites\/41\/2022\/07\/postQueueImg_2-62c97e5f6161c.jpg\",\"contentUrl\":\"https:\/\/static.africa-press.net\/tchad\/sites\/41\/2022\/07\/postQueueImg_2-62c97e5f6161c.jpg\",\"width\":499,\"height\":367,\"caption\":\"Fatim\u00e9 Zara Haroun, plaide pour le d\u00e9veloppement durable au Forum politique de haut niveau des Nations Unies\"},{\"@type\":\"BreadcrumbList\",\"@id\":\"https:\/\/www.africa-press.net\/tchad\/politique\/fatime-zara-haroun-plaide-pour-le-developpement-durable-au-forum-politique-de-haut-niveau-des-nations-unies#breadcrumb\",\"itemListElement\":[{\"@type\":\"ListItem\",\"position\":1,\"name\":\"Accueil\",\"item\":\"https:\/\/www.africa-press.net\/tchad\/\"},{\"@type\":\"ListItem\",\"position\":2,\"name\":\"Fatim\u00e9 Zara Haroun, plaide pour le d\u00e9veloppement durable au Forum politique de haut niveau des Nations Unies\"}]},{\"@type\":\"WebSite\",\"@id\":\"https:\/\/www.africa-press.net\/tchad\/#website\",\"url\":\"https:\/\/www.africa-press.net\/tchad\/\",\"name\":\"tchad\",\"description\":\"Just another Africa News Agency Sites site\",\"potentialAction\":[{\"@type\":\"SearchAction\",\"target\":{\"@type\":\"EntryPoint\",\"urlTemplate\":\"https:\/\/www.africa-press.net\/tchad\/?s={search_term_string}\"},\"query-input\":{\"@type\":\"PropertyValueSpecification\",\"valueRequired\":true,\"valueName\":\"search_term_string\"}}],\"inLanguage\":\"fr-FR\"},{\"@type\":\"Person\",\"@id\":\"https:\/\/www.africa-press.net\/tchad\/#\/schema\/person\/2b1cf3cd81a31e3cd26889ca66d677f1\",\"name\":\"cfeditorfr\"}]}<\/script>\n<!-- \/ Yoast SEO Premium plugin. -->","yoast_head_json":{"title":"Fatim\u00e9 Zara Haroun, plaide pour le d\u00e9veloppement durable au Forum politique de haut niveau des Nations Unies - tchad","description":"A 21 ans, Fatim\u00e9 Zara Haroun, la \u00ab super Banat \u00bb a plaid\u00e9 ce jeudi au Forum Politique de Haut Niveau pour le d\u00e9veloppeme ...","robots":{"index":"index","follow":"follow","max-snippet":"max-snippet:-1","max-image-preview":"max-image-preview:large","max-video-preview":"max-video-preview:-1"},"canonical":"https:\/\/www.africa-press.net\/tchad\/politique\/fatime-zara-haroun-plaide-pour-le-developpement-durable-au-forum-politique-de-haut-niveau-des-nations-unies","og_locale":"fr_FR","og_type":"article","og_title":"Fatim\u00e9 Zara Haroun, plaide pour le d\u00e9veloppement durable au Forum politique de haut niveau des Nations Unies","og_description":"A 21 ans, Fatim\u00e9 Zara Haroun, la \u00ab super Banat \u00bb a plaid\u00e9 ce jeudi au Forum Politique de Haut Niveau pour le d\u00e9veloppeme ...","og_url":"https:\/\/www.africa-press.net\/tchad\/politique\/fatime-zara-haroun-plaide-pour-le-developpement-durable-au-forum-politique-de-haut-niveau-des-nations-unies","og_site_name":"tchad","article_published_time":"2022-07-09T13:05:30+00:00","article_modified_time":"2022-07-09T13:11:19+00:00","og_image":[{"width":499,"height":367,"url":"https:\/\/static.africa-press.net\/tchad\/sites\/41\/2022\/07\/postQueueImg_2-62c97e5f6161c.jpg","type":"image\/jpeg"}],"author":"cfeditorfr","twitter_card":"summary_large_image","twitter_misc":{"\u00c9crit par":"cfeditorfr","Dur\u00e9e de lecture estim\u00e9e":"2 minutes"},"schema":{"@context":"https:\/\/schema.org","@graph":[{"@type":"Article","@id":"https:\/\/www.africa-press.net\/tchad\/politique\/fatime-zara-haroun-plaide-pour-le-developpement-durable-au-forum-politique-de-haut-niveau-des-nations-unies#article","isPartOf":{"@id":"https:\/\/www.africa-press.net\/tchad\/politique\/fatime-zara-haroun-plaide-pour-le-developpement-durable-au-forum-politique-de-haut-niveau-des-nations-unies"},"author":{"name":"cfeditorfr","@id":"https:\/\/www.africa-press.net\/tchad\/#\/schema\/person\/2b1cf3cd81a31e3cd26889ca66d677f1"},"headline":"Fatim\u00e9 Zara Haroun, plaide pour le d\u00e9veloppement durable au Forum politique de haut niveau des Nations Unies","datePublished":"2022-07-09T13:05:30+00:00","dateModified":"2022-07-09T13:11:19+00:00","mainEntityOfPage":{"@id":"https:\/\/www.africa-press.net\/tchad\/politique\/fatime-zara-haroun-plaide-pour-le-developpement-durable-au-forum-politique-de-haut-niveau-des-nations-unies"},"wordCount":408,"commentCount":0,"image":{"@id":"https:\/\/www.africa-press.net\/tchad\/politique\/fatime-zara-haroun-plaide-pour-le-developpement-durable-au-forum-politique-de-haut-niveau-des-nations-unies#primaryimage"},"thumbnailUrl":"https:\/\/static.africa-press.net\/tchad\/sites\/41\/2022\/07\/postQueueImg_2-62c97e5f6161c.jpg","keywords":["Africa Press","Africa Press-Tchad","Tchad"],"articleSection":["homepage-french","Politique","Top Nouvelles","Toutes les actualit\u00e9s"],"inLanguage":"fr-FR","potentialAction":[{"@type":"CommentAction","name":"Comment","target":["https:\/\/www.africa-press.net\/tchad\/politique\/fatime-zara-haroun-plaide-pour-le-developpement-durable-au-forum-politique-de-haut-niveau-des-nations-unies#respond"]}]},{"@type":"WebPage","@id":"https:\/\/www.africa-press.net\/tchad\/politique\/fatime-zara-haroun-plaide-pour-le-developpement-durable-au-forum-politique-de-haut-niveau-des-nations-unies","url":"https:\/\/www.africa-press.net\/tchad\/politique\/fatime-zara-haroun-plaide-pour-le-developpement-durable-au-forum-politique-de-haut-niveau-des-nations-unies","name":"Fatim\u00e9 Zara Haroun, plaide pour le d\u00e9veloppement durable au Forum politique de haut niveau des Nations Unies - tchad","isPartOf":{"@id":"https:\/\/www.africa-press.net\/tchad\/#website"},"primaryImageOfPage":{"@id":"https:\/\/www.africa-press.net\/tchad\/politique\/fatime-zara-haroun-plaide-pour-le-developpement-durable-au-forum-politique-de-haut-niveau-des-nations-unies#primaryimage"},"image":{"@id":"https:\/\/www.africa-press.net\/tchad\/politique\/fatime-zara-haroun-plaide-pour-le-developpement-durable-au-forum-politique-de-haut-niveau-des-nations-unies#primaryimage"},"thumbnailUrl":"https:\/\/static.africa-press.net\/tchad\/sites\/41\/2022\/07\/postQueueImg_2-62c97e5f6161c.jpg","datePublished":"2022-07-09T13:05:30+00:00","dateModified":"2022-07-09T13:11:19+00:00","author":{"@id":"https:\/\/www.africa-press.net\/tchad\/#\/schema\/person\/2b1cf3cd81a31e3cd26889ca66d677f1"},"description":"A 21 ans, Fatim\u00e9 Zara Haroun, la \u00ab super Banat \u00bb a plaid\u00e9 ce jeudi au Forum Politique de Haut Niveau pour le d\u00e9veloppeme ...","breadcrumb":{"@id":"https:\/\/www.africa-press.net\/tchad\/politique\/fatime-zara-haroun-plaide-pour-le-developpement-durable-au-forum-politique-de-haut-niveau-des-nations-unies#breadcrumb"},"inLanguage":"fr-FR","potentialAction":[{"@type":"ReadAction","target":["https:\/\/www.africa-press.net\/tchad\/politique\/fatime-zara-haroun-plaide-pour-le-developpement-durable-au-forum-politique-de-haut-niveau-des-nations-unies"]}]},{"@type":"ImageObject","inLanguage":"fr-FR","@id":"https:\/\/www.africa-press.net\/tchad\/politique\/fatime-zara-haroun-plaide-pour-le-developpement-durable-au-forum-politique-de-haut-niveau-des-nations-unies#primaryimage","url":"https:\/\/static.africa-press.net\/tchad\/sites\/41\/2022\/07\/postQueueImg_2-62c97e5f6161c.jpg","contentUrl":"https:\/\/static.africa-press.net\/tchad\/sites\/41\/2022\/07\/postQueueImg_2-62c97e5f6161c.jpg","width":499,"height":367,"caption":"Fatim\u00e9 Zara Haroun, plaide pour le d\u00e9veloppement durable au Forum politique de haut niveau des Nations Unies"},{"@type":"BreadcrumbList","@id":"https:\/\/www.africa-press.net\/tchad\/politique\/fatime-zara-haroun-plaide-pour-le-developpement-durable-au-forum-politique-de-haut-niveau-des-nations-unies#breadcrumb","itemListElement":[{"@type":"ListItem","position":1,"name":"Accueil","item":"https:\/\/www.africa-press.net\/tchad\/"},{"@type":"ListItem","position":2,"name":"Fatim\u00e9 Zara Haroun, plaide pour le d\u00e9veloppement durable au Forum politique de haut niveau des Nations Unies"}]},{"@type":"WebSite","@id":"https:\/\/www.africa-press.net\/tchad\/#website","url":"https:\/\/www.africa-press.net\/tchad\/","name":"tchad","description":"Just another Africa News Agency Sites site","potentialAction":[{"@type":"SearchAction","target":{"@type":"EntryPoint","urlTemplate":"https:\/\/www.africa-press.net\/tchad\/?s={search_term_string}"},"query-input":{"@type":"PropertyValueSpecification","valueRequired":true,"valueName":"search_term_string"}}],"inLanguage":"fr-FR"},{"@type":"Person","@id":"https:\/\/www.africa-press.net\/tchad\/#\/schema\/person\/2b1cf3cd81a31e3cd26889ca66d677f1","name":"cfeditorfr"}]}},"_links":{"self":[{"href":"https:\/\/www.africa-press.net\/tchad\/wp-json\/wp\/v2\/posts\/28563","targetHints":{"allow":["GET"]}}],"collection":[{"href":"https:\/\/www.africa-press.net\/tchad\/wp-json\/wp\/v2\/posts"}],"about":[{"href":"https:\/\/www.africa-press.net\/tchad\/wp-json\/wp\/v2\/types\/post"}],"author":[{"embeddable":true,"href":"https:\/\/www.africa-press.net\/tchad\/wp-json\/wp\/v2\/users\/82"}],"replies":[{"embeddable":true,"href":"https:\/\/www.africa-press.net\/tchad\/wp-json\/wp\/v2\/comments?post=28563"}],"version-history":[{"count":0,"href":"https:\/\/www.africa-press.net\/tchad\/wp-json\/wp\/v2\/posts\/28563\/revisions"}],"wp:featuredmedia":[{"embeddable":true,"href":"https:\/\/www.africa-press.net\/tchad\/wp-json\/wp\/v2\/media\/28562"}],"wp:attachment":[{"href":"https:\/\/www.africa-press.net\/tchad\/wp-json\/wp\/v2\/media?parent=28563"}],"wp:term":[{"taxonomy":"category","embeddable":true,"href":"https:\/\/www.africa-press.net\/tchad\/wp-json\/wp\/v2\/categories?post=28563"},{"taxonomy":"post_tag","embeddable":true,"href":"https:\/\/www.africa-press.net\/tchad\/wp-json\/wp\/v2\/tags?post=28563"}],"curies":[{"name":"wp","href":"https:\/\/api.w.org\/{rel}","templated":true}]}}