{"id":28581,"date":"2022-07-09T13:23:37","date_gmt":"2022-07-09T13:23:37","guid":{"rendered":"https:\/\/www.africa-press.net\/tchad\/politique\/le-pcmt-a-pris-part-a-la-celebration-de-la-fete-de-tabaski"},"modified":"2022-07-09T13:31:47","modified_gmt":"2022-07-09T13:31:47","slug":"le-pcmt-a-pris-part-a-la-celebration-de-la-fete-de-tabaski","status":"publish","type":"post","link":"https:\/\/www.africa-press.net\/tchad\/toutes-les-actualites\/le-pcmt-a-pris-part-a-la-celebration-de-la-fete-de-tabaski","title":{"rendered":"Le Pcmt a pris part \u00e0 la c\u00e9l\u00e9bration de la f\u00eate de Tabaski"},"content":{"rendered":"<p><span style=\"color: #ff6600\"><strong>Africa-Press &#8211; Tchad. <\/strong><\/span>Le Pr\u00e9sident du Conseil militaire de transition, le g\u00e9n\u00e9ral Mahamat Idriss Deby a pris part, ce samedi 09 juillet 2022 \u00e0 la grande pri\u00e8re marquant la c\u00e9l\u00e9bration de l\u2019A\u00efd Al-Adha Al Moubarak ou f\u00eate de Tabaski.<\/p>\n<p>Conform\u00e9ment au rite islamique, le Pr\u00e9sident de la R\u00e9publique a d\u2019abord accomplit les deux rakats de salutation \u00e0 la Mosqu\u00e9e. Commence aussit\u00f4t, la grande pri\u00e8re dirig\u00e9e par l\u2019imam de la grande mosqu\u00e9e et Mufti du Tchad, Cheikh Ahmat Annour Mahamat Al-H\u00e9lou. Dans son hom\u00e9lie, l\u2019imam a exhort\u00e9 les fid\u00e8les \u00e0 un comportement responsable, \u00e0 la solidatir\u00e9, la tol\u00e9rance et \u00e0 pr\u00eacher partout la paix et l\u2019unit\u00e9 des fils du Tchad. \u00ab En ce jour b\u00e9ni, je vous exhorte \u00e0 penser aux pauvres, aux orphelins, aux veuves et aux n\u00e9cessiteux \u00bb, a d\u00e9clar\u00e9 l\u2019imam Ahmat Annour Mahamat Al-H\u00e9lou.<\/p>\n<p>En outre, les vols et d\u00e9tournements des derniers publics, le mensonge et l\u2019hypocrisie auxquels se livrent les musulmans, serviteurs de l\u2019Etat, ont \u00e9t\u00e9 d\u00e9nonc\u00e9s par Cheikh Ahmat Annour Mahamat Al-H\u00e9lou, qui invite les fid\u00e8les musulmans \u00e0 la crainte d\u2019Allah. \u00ab Eduquez vos enfants \u00e0 respecter la personne humaine, la patrie et les biens d\u2019autrui. Ce pays nous est l\u00e9gu\u00e9 par nos a\u00efeux, nous devons le transmettre \u00e0 une g\u00e9n\u00e9ration saine d\u2019esprit et vertueuse \u00bb, exhorte-t-il.<\/p>\n<p>L\u2019utilisation des r\u00e9seaux sociaux pour propager la haine entre les tchadiens est aussi fustig\u00e9 par l\u2019imam. Selon lui, la libert\u00e9 d\u2019expression en islam, c\u2019est le respect des autres, de soi et des pr\u00e9ceptes de cette noble religion.<\/p>\n<p><strong>Pour plus d&rsquo;informations et d&rsquo;analyses sur la <a href=\"https:\/\/www.africa-press.net\/tchad\">Tchad<\/a>, suivez <a href=\"https:\/\/www.africa-press.net\/\">Africa-Press<\/a><\/strong><\/p>\n","protected":false},"excerpt":{"rendered":"<p>Africa-Press &#8211; Tchad. Le Pr\u00e9sident du Conseil militaire de transition, le g\u00e9n\u00e9ral Mahamat Idriss Deby a pris part, ce samedi 09 juillet 2022 \u00e0 la grande pri\u00e8re marquant la c\u00e9l\u00e9bration de l\u2019A\u00efd Al-Adha Al Moubarak ou f\u00eate de Tabaski. Conform\u00e9ment au rite islamique, le Pr\u00e9sident de la R\u00e9publique a d\u2019abord accomplit les deux rakats de [&hellip;]<\/p>\n","protected":false},"author":82,"featured_media":28580,"comment_status":"open","ping_status":"closed","sticky":false,"template":"","format":"standard","meta":{"footnotes":""},"categories":[21,11,10],"tags":[37,292,29],"class_list":["post-28581","post","type-post","status-publish","format-standard","has-post-thumbnail","hentry","category-communaute","category-homepage-french","category-toutes-les-actualites","tag-africa-press","tag-africa-press-tchad","tag-tchad"],"yoast_head":"<!-- This site is optimized with the Yoast SEO Premium plugin v26.1 (Yoast SEO v27.0) - https:\/\/yoast.com\/product\/yoast-seo-premium-wordpress\/ -->\n<title>Le Pcmt a pris part \u00e0 la c\u00e9l\u00e9bration de la f\u00eate de Tabaski - tchad<\/title>\n<meta name=\"description\" content=\"Le Pr\u00e9sident du Conseil militaire de transition, le g\u00e9n\u00e9ral Mahamat Idriss Deby a pris part, ce samedi 09 juillet 2022 \u00e0 ...\" \/>\n<meta name=\"robots\" content=\"index, follow, max-snippet:-1, max-image-preview:large, max-video-preview:-1\" \/>\n<link rel=\"canonical\" href=\"https:\/\/www.africa-press.net\/tchad\/toutes-les-actualites\/le-pcmt-a-pris-part-a-la-celebration-de-la-fete-de-tabaski\" \/>\n<meta property=\"og:locale\" content=\"fr_FR\" \/>\n<meta property=\"og:type\" content=\"article\" \/>\n<meta property=\"og:title\" content=\"Le Pcmt a pris part \u00e0 la c\u00e9l\u00e9bration de la f\u00eate de Tabaski\" \/>\n<meta property=\"og:description\" content=\"Le Pr\u00e9sident du Conseil militaire de transition, le g\u00e9n\u00e9ral Mahamat Idriss Deby a pris part, ce samedi 09 juillet 2022 \u00e0 ...\" \/>\n<meta property=\"og:url\" content=\"https:\/\/www.africa-press.net\/tchad\/toutes-les-actualites\/le-pcmt-a-pris-part-a-la-celebration-de-la-fete-de-tabaski\" \/>\n<meta property=\"og:site_name\" content=\"tchad\" \/>\n<meta property=\"article:published_time\" content=\"2022-07-09T13:23:37+00:00\" \/>\n<meta property=\"article:modified_time\" content=\"2022-07-09T13:31:47+00:00\" \/>\n<meta property=\"og:image\" content=\"https:\/\/static.africa-press.net\/tchad\/sites\/41\/2022\/07\/postQueueImg_3-62c9832ed6e8f.jpg\" \/>\n\t<meta property=\"og:image:width\" content=\"720\" \/>\n\t<meta property=\"og:image:height\" content=\"435\" \/>\n\t<meta property=\"og:image:type\" content=\"image\/jpeg\" \/>\n<meta name=\"author\" content=\"cfeditorfr\" \/>\n<meta name=\"twitter:card\" content=\"summary_large_image\" \/>\n<meta name=\"twitter:label1\" content=\"\u00c9crit par\" \/>\n\t<meta name=\"twitter:data1\" content=\"cfeditorfr\" \/>\n\t<meta name=\"twitter:label2\" content=\"Dur\u00e9e de lecture estim\u00e9e\" \/>\n\t<meta name=\"twitter:data2\" content=\"1 minute\" \/>\n<script type=\"application\/ld+json\" class=\"yoast-schema-graph\">{\"@context\":\"https:\/\/schema.org\",\"@graph\":[{\"@type\":\"Article\",\"@id\":\"https:\/\/www.africa-press.net\/tchad\/toutes-les-actualites\/le-pcmt-a-pris-part-a-la-celebration-de-la-fete-de-tabaski#article\",\"isPartOf\":{\"@id\":\"https:\/\/www.africa-press.net\/tchad\/toutes-les-actualites\/le-pcmt-a-pris-part-a-la-celebration-de-la-fete-de-tabaski\"},\"author\":{\"name\":\"cfeditorfr\",\"@id\":\"https:\/\/www.africa-press.net\/tchad\/#\/schema\/person\/2b1cf3cd81a31e3cd26889ca66d677f1\"},\"headline\":\"Le Pcmt a pris part \u00e0 la c\u00e9l\u00e9bration de la f\u00eate de Tabaski\",\"datePublished\":\"2022-07-09T13:23:37+00:00\",\"dateModified\":\"2022-07-09T13:31:47+00:00\",\"mainEntityOfPage\":{\"@id\":\"https:\/\/www.africa-press.net\/tchad\/toutes-les-actualites\/le-pcmt-a-pris-part-a-la-celebration-de-la-fete-de-tabaski\"},\"wordCount\":311,\"commentCount\":0,\"image\":{\"@id\":\"https:\/\/www.africa-press.net\/tchad\/toutes-les-actualites\/le-pcmt-a-pris-part-a-la-celebration-de-la-fete-de-tabaski#primaryimage\"},\"thumbnailUrl\":\"https:\/\/static.africa-press.net\/tchad\/sites\/41\/2022\/07\/postQueueImg_3-62c9832ed6e8f.jpg\",\"keywords\":[\"Africa Press\",\"Africa Press-Tchad\",\"Tchad\"],\"articleSection\":[\"Communaut\u00e9\",\"homepage-french\",\"Toutes les actualit\u00e9s\"],\"inLanguage\":\"fr-FR\",\"potentialAction\":[{\"@type\":\"CommentAction\",\"name\":\"Comment\",\"target\":[\"https:\/\/www.africa-press.net\/tchad\/toutes-les-actualites\/le-pcmt-a-pris-part-a-la-celebration-de-la-fete-de-tabaski#respond\"]}]},{\"@type\":\"WebPage\",\"@id\":\"https:\/\/www.africa-press.net\/tchad\/toutes-les-actualites\/le-pcmt-a-pris-part-a-la-celebration-de-la-fete-de-tabaski\",\"url\":\"https:\/\/www.africa-press.net\/tchad\/toutes-les-actualites\/le-pcmt-a-pris-part-a-la-celebration-de-la-fete-de-tabaski\",\"name\":\"Le Pcmt a pris part \u00e0 la c\u00e9l\u00e9bration de la f\u00eate de Tabaski - tchad\",\"isPartOf\":{\"@id\":\"https:\/\/www.africa-press.net\/tchad\/#website\"},\"primaryImageOfPage\":{\"@id\":\"https:\/\/www.africa-press.net\/tchad\/toutes-les-actualites\/le-pcmt-a-pris-part-a-la-celebration-de-la-fete-de-tabaski#primaryimage\"},\"image\":{\"@id\":\"https:\/\/www.africa-press.net\/tchad\/toutes-les-actualites\/le-pcmt-a-pris-part-a-la-celebration-de-la-fete-de-tabaski#primaryimage\"},\"thumbnailUrl\":\"https:\/\/static.africa-press.net\/tchad\/sites\/41\/2022\/07\/postQueueImg_3-62c9832ed6e8f.jpg\",\"datePublished\":\"2022-07-09T13:23:37+00:00\",\"dateModified\":\"2022-07-09T13:31:47+00:00\",\"author\":{\"@id\":\"https:\/\/www.africa-press.net\/tchad\/#\/schema\/person\/2b1cf3cd81a31e3cd26889ca66d677f1\"},\"description\":\"Le Pr\u00e9sident du Conseil militaire de transition, le g\u00e9n\u00e9ral Mahamat Idriss Deby a pris part, ce samedi 09 juillet 2022 \u00e0 ...\",\"breadcrumb\":{\"@id\":\"https:\/\/www.africa-press.net\/tchad\/toutes-les-actualites\/le-pcmt-a-pris-part-a-la-celebration-de-la-fete-de-tabaski#breadcrumb\"},\"inLanguage\":\"fr-FR\",\"potentialAction\":[{\"@type\":\"ReadAction\",\"target\":[\"https:\/\/www.africa-press.net\/tchad\/toutes-les-actualites\/le-pcmt-a-pris-part-a-la-celebration-de-la-fete-de-tabaski\"]}]},{\"@type\":\"ImageObject\",\"inLanguage\":\"fr-FR\",\"@id\":\"https:\/\/www.africa-press.net\/tchad\/toutes-les-actualites\/le-pcmt-a-pris-part-a-la-celebration-de-la-fete-de-tabaski#primaryimage\",\"url\":\"https:\/\/static.africa-press.net\/tchad\/sites\/41\/2022\/07\/postQueueImg_3-62c9832ed6e8f.jpg\",\"contentUrl\":\"https:\/\/static.africa-press.net\/tchad\/sites\/41\/2022\/07\/postQueueImg_3-62c9832ed6e8f.jpg\",\"width\":720,\"height\":435,\"caption\":\"Le Pcmt a pris part \u00e0 la c\u00e9l\u00e9bration de la f\u00eate de Tabaski\"},{\"@type\":\"BreadcrumbList\",\"@id\":\"https:\/\/www.africa-press.net\/tchad\/toutes-les-actualites\/le-pcmt-a-pris-part-a-la-celebration-de-la-fete-de-tabaski#breadcrumb\",\"itemListElement\":[{\"@type\":\"ListItem\",\"position\":1,\"name\":\"Accueil\",\"item\":\"https:\/\/www.africa-press.net\/tchad\/\"},{\"@type\":\"ListItem\",\"position\":2,\"name\":\"Le Pcmt a pris part \u00e0 la c\u00e9l\u00e9bration de la f\u00eate de Tabaski\"}]},{\"@type\":\"WebSite\",\"@id\":\"https:\/\/www.africa-press.net\/tchad\/#website\",\"url\":\"https:\/\/www.africa-press.net\/tchad\/\",\"name\":\"tchad\",\"description\":\"Just another Africa News Agency Sites site\",\"potentialAction\":[{\"@type\":\"SearchAction\",\"target\":{\"@type\":\"EntryPoint\",\"urlTemplate\":\"https:\/\/www.africa-press.net\/tchad\/?s={search_term_string}\"},\"query-input\":{\"@type\":\"PropertyValueSpecification\",\"valueRequired\":true,\"valueName\":\"search_term_string\"}}],\"inLanguage\":\"fr-FR\"},{\"@type\":\"Person\",\"@id\":\"https:\/\/www.africa-press.net\/tchad\/#\/schema\/person\/2b1cf3cd81a31e3cd26889ca66d677f1\",\"name\":\"cfeditorfr\"}]}<\/script>\n<!-- \/ Yoast SEO Premium plugin. -->","yoast_head_json":{"title":"Le Pcmt a pris part \u00e0 la c\u00e9l\u00e9bration de la f\u00eate de Tabaski - tchad","description":"Le Pr\u00e9sident du Conseil militaire de transition, le g\u00e9n\u00e9ral Mahamat Idriss Deby a pris part, ce samedi 09 juillet 2022 \u00e0 ...","robots":{"index":"index","follow":"follow","max-snippet":"max-snippet:-1","max-image-preview":"max-image-preview:large","max-video-preview":"max-video-preview:-1"},"canonical":"https:\/\/www.africa-press.net\/tchad\/toutes-les-actualites\/le-pcmt-a-pris-part-a-la-celebration-de-la-fete-de-tabaski","og_locale":"fr_FR","og_type":"article","og_title":"Le Pcmt a pris part \u00e0 la c\u00e9l\u00e9bration de la f\u00eate de Tabaski","og_description":"Le Pr\u00e9sident du Conseil militaire de transition, le g\u00e9n\u00e9ral Mahamat Idriss Deby a pris part, ce samedi 09 juillet 2022 \u00e0 ...","og_url":"https:\/\/www.africa-press.net\/tchad\/toutes-les-actualites\/le-pcmt-a-pris-part-a-la-celebration-de-la-fete-de-tabaski","og_site_name":"tchad","article_published_time":"2022-07-09T13:23:37+00:00","article_modified_time":"2022-07-09T13:31:47+00:00","og_image":[{"width":720,"height":435,"url":"https:\/\/static.africa-press.net\/tchad\/sites\/41\/2022\/07\/postQueueImg_3-62c9832ed6e8f.jpg","type":"image\/jpeg"}],"author":"cfeditorfr","twitter_card":"summary_large_image","twitter_misc":{"\u00c9crit par":"cfeditorfr","Dur\u00e9e de lecture estim\u00e9e":"1 minute"},"schema":{"@context":"https:\/\/schema.org","@graph":[{"@type":"Article","@id":"https:\/\/www.africa-press.net\/tchad\/toutes-les-actualites\/le-pcmt-a-pris-part-a-la-celebration-de-la-fete-de-tabaski#article","isPartOf":{"@id":"https:\/\/www.africa-press.net\/tchad\/toutes-les-actualites\/le-pcmt-a-pris-part-a-la-celebration-de-la-fete-de-tabaski"},"author":{"name":"cfeditorfr","@id":"https:\/\/www.africa-press.net\/tchad\/#\/schema\/person\/2b1cf3cd81a31e3cd26889ca66d677f1"},"headline":"Le Pcmt a pris part \u00e0 la c\u00e9l\u00e9bration de la f\u00eate de Tabaski","datePublished":"2022-07-09T13:23:37+00:00","dateModified":"2022-07-09T13:31:47+00:00","mainEntityOfPage":{"@id":"https:\/\/www.africa-press.net\/tchad\/toutes-les-actualites\/le-pcmt-a-pris-part-a-la-celebration-de-la-fete-de-tabaski"},"wordCount":311,"commentCount":0,"image":{"@id":"https:\/\/www.africa-press.net\/tchad\/toutes-les-actualites\/le-pcmt-a-pris-part-a-la-celebration-de-la-fete-de-tabaski#primaryimage"},"thumbnailUrl":"https:\/\/static.africa-press.net\/tchad\/sites\/41\/2022\/07\/postQueueImg_3-62c9832ed6e8f.jpg","keywords":["Africa Press","Africa Press-Tchad","Tchad"],"articleSection":["Communaut\u00e9","homepage-french","Toutes les actualit\u00e9s"],"inLanguage":"fr-FR","potentialAction":[{"@type":"CommentAction","name":"Comment","target":["https:\/\/www.africa-press.net\/tchad\/toutes-les-actualites\/le-pcmt-a-pris-part-a-la-celebration-de-la-fete-de-tabaski#respond"]}]},{"@type":"WebPage","@id":"https:\/\/www.africa-press.net\/tchad\/toutes-les-actualites\/le-pcmt-a-pris-part-a-la-celebration-de-la-fete-de-tabaski","url":"https:\/\/www.africa-press.net\/tchad\/toutes-les-actualites\/le-pcmt-a-pris-part-a-la-celebration-de-la-fete-de-tabaski","name":"Le Pcmt a pris part \u00e0 la c\u00e9l\u00e9bration de la f\u00eate de Tabaski - tchad","isPartOf":{"@id":"https:\/\/www.africa-press.net\/tchad\/#website"},"primaryImageOfPage":{"@id":"https:\/\/www.africa-press.net\/tchad\/toutes-les-actualites\/le-pcmt-a-pris-part-a-la-celebration-de-la-fete-de-tabaski#primaryimage"},"image":{"@id":"https:\/\/www.africa-press.net\/tchad\/toutes-les-actualites\/le-pcmt-a-pris-part-a-la-celebration-de-la-fete-de-tabaski#primaryimage"},"thumbnailUrl":"https:\/\/static.africa-press.net\/tchad\/sites\/41\/2022\/07\/postQueueImg_3-62c9832ed6e8f.jpg","datePublished":"2022-07-09T13:23:37+00:00","dateModified":"2022-07-09T13:31:47+00:00","author":{"@id":"https:\/\/www.africa-press.net\/tchad\/#\/schema\/person\/2b1cf3cd81a31e3cd26889ca66d677f1"},"description":"Le Pr\u00e9sident du Conseil militaire de transition, le g\u00e9n\u00e9ral Mahamat Idriss Deby a pris part, ce samedi 09 juillet 2022 \u00e0 ...","breadcrumb":{"@id":"https:\/\/www.africa-press.net\/tchad\/toutes-les-actualites\/le-pcmt-a-pris-part-a-la-celebration-de-la-fete-de-tabaski#breadcrumb"},"inLanguage":"fr-FR","potentialAction":[{"@type":"ReadAction","target":["https:\/\/www.africa-press.net\/tchad\/toutes-les-actualites\/le-pcmt-a-pris-part-a-la-celebration-de-la-fete-de-tabaski"]}]},{"@type":"ImageObject","inLanguage":"fr-FR","@id":"https:\/\/www.africa-press.net\/tchad\/toutes-les-actualites\/le-pcmt-a-pris-part-a-la-celebration-de-la-fete-de-tabaski#primaryimage","url":"https:\/\/static.africa-press.net\/tchad\/sites\/41\/2022\/07\/postQueueImg_3-62c9832ed6e8f.jpg","contentUrl":"https:\/\/static.africa-press.net\/tchad\/sites\/41\/2022\/07\/postQueueImg_3-62c9832ed6e8f.jpg","width":720,"height":435,"caption":"Le Pcmt a pris part \u00e0 la c\u00e9l\u00e9bration de la f\u00eate de Tabaski"},{"@type":"BreadcrumbList","@id":"https:\/\/www.africa-press.net\/tchad\/toutes-les-actualites\/le-pcmt-a-pris-part-a-la-celebration-de-la-fete-de-tabaski#breadcrumb","itemListElement":[{"@type":"ListItem","position":1,"name":"Accueil","item":"https:\/\/www.africa-press.net\/tchad\/"},{"@type":"ListItem","position":2,"name":"Le Pcmt a pris part \u00e0 la c\u00e9l\u00e9bration de la f\u00eate de Tabaski"}]},{"@type":"WebSite","@id":"https:\/\/www.africa-press.net\/tchad\/#website","url":"https:\/\/www.africa-press.net\/tchad\/","name":"tchad","description":"Just another Africa News Agency Sites site","potentialAction":[{"@type":"SearchAction","target":{"@type":"EntryPoint","urlTemplate":"https:\/\/www.africa-press.net\/tchad\/?s={search_term_string}"},"query-input":{"@type":"PropertyValueSpecification","valueRequired":true,"valueName":"search_term_string"}}],"inLanguage":"fr-FR"},{"@type":"Person","@id":"https:\/\/www.africa-press.net\/tchad\/#\/schema\/person\/2b1cf3cd81a31e3cd26889ca66d677f1","name":"cfeditorfr"}]}},"_links":{"self":[{"href":"https:\/\/www.africa-press.net\/tchad\/wp-json\/wp\/v2\/posts\/28581","targetHints":{"allow":["GET"]}}],"collection":[{"href":"https:\/\/www.africa-press.net\/tchad\/wp-json\/wp\/v2\/posts"}],"about":[{"href":"https:\/\/www.africa-press.net\/tchad\/wp-json\/wp\/v2\/types\/post"}],"author":[{"embeddable":true,"href":"https:\/\/www.africa-press.net\/tchad\/wp-json\/wp\/v2\/users\/82"}],"replies":[{"embeddable":true,"href":"https:\/\/www.africa-press.net\/tchad\/wp-json\/wp\/v2\/comments?post=28581"}],"version-history":[{"count":0,"href":"https:\/\/www.africa-press.net\/tchad\/wp-json\/wp\/v2\/posts\/28581\/revisions"}],"wp:featuredmedia":[{"embeddable":true,"href":"https:\/\/www.africa-press.net\/tchad\/wp-json\/wp\/v2\/media\/28580"}],"wp:attachment":[{"href":"https:\/\/www.africa-press.net\/tchad\/wp-json\/wp\/v2\/media?parent=28581"}],"wp:term":[{"taxonomy":"category","embeddable":true,"href":"https:\/\/www.africa-press.net\/tchad\/wp-json\/wp\/v2\/categories?post=28581"},{"taxonomy":"post_tag","embeddable":true,"href":"https:\/\/www.africa-press.net\/tchad\/wp-json\/wp\/v2\/tags?post=28581"}],"curies":[{"name":"wp","href":"https:\/\/api.w.org\/{rel}","templated":true}]}}