{"id":28608,"date":"2022-07-10T07:52:15","date_gmt":"2022-07-10T07:52:15","guid":{"rendered":"https:\/\/www.africa-press.net\/tchad\/politique\/laid-al-adha-celebree-a-am-timan-par-une-grande-priere"},"modified":"2022-07-10T08:41:34","modified_gmt":"2022-07-10T08:41:34","slug":"laid-al-adha-celebree-a-am-timan-par-une-grande-priere","status":"publish","type":"post","link":"https:\/\/www.africa-press.net\/tchad\/toutes-les-actualites\/laid-al-adha-celebree-a-am-timan-par-une-grande-priere","title":{"rendered":"l&rsquo;A\u00efd Al Adha c\u00e9l\u00e9br\u00e9e \u00e0 Am-Timan par une grande pri\u00e8re"},"content":{"rendered":"<p><span style=\"color: #ff6600\"><strong>Africa-Press &#8211; Tchad. <\/strong><\/span><a name=\"para_1\"><\/a><\/p>\n<p>\u00c0 l&rsquo;exemple des musulmans du monde, la communaut\u00e9 musulmane d&rsquo;Am-Timan c\u00e9l\u00e8bre l&rsquo;A\u00efd Al Adha ou f\u00eate de mouton. T\u00f4t ce matin, la place de l&rsquo;ind\u00e9pendance, endroit id\u00e9al r\u00e9serv\u00e9 pour la grande pri\u00e8re, est bond\u00e9e de monde. Le gouverneur de la province du Salamat, Abdoulaye Ibrahim Siam, entour\u00e9 des quelques personnalit\u00e9s, a pris part \u00e0 la pri\u00e8re marquant cette f\u00eate.<\/p>\n<p>C&rsquo;est \u00e0 8 heures que l&rsquo;imam de la grande mosqu\u00e9e et pr\u00e9sident du Conseil sup\u00e9rieur des affaires islamiques (CSAI), Cheikh Asseyid Abdallah Fadallalah arrive et la foule scandant des invocations \u00e0 la gloire de Dieu, se met debout, commence la pri\u00e8re qui dure quelques minutes.<\/p>\n<p>Pronon\u00e7ant son sermon, l&rsquo;imam a d&rsquo;abord rappel\u00e9 l&rsquo;importance de cette grande f\u00eate musulmane au cours de laquelle la viande d\u2019un animal immol\u00e9, principalement le mouton, est partag\u00e9e au sein de la famille mais aussi une partie sera offerte aux personnes d\u00e9munies.<\/p>\n<p>Il exhorte les fid\u00e8les \u00e0 se conformer scrupuleusement aux principes \u00e9tablis par la religion qui sont bas\u00e9es sur le vivre-ensemble, la culture de la paix et la coh\u00e9sion sociale. Il demande aux musulmans de se repentir et d&rsquo;\u00e9viter les conflits entre les communaut\u00e9s.<\/p>\n<p>Les membres du Conseil sup\u00e9rieur des affaires islamiques conduits par leur pr\u00e9sident, sont re\u00e7us par le gouverneur Abdoulaye Ibrahim Siam pour la pr\u00e9sentation des voeux. Au cours de l&rsquo;audience, il exhorte les leaders religieux \u00e0 s&rsquo;impliquer davantage dans le processus de transition afin de contribuer positivement pour que la paix r\u00e8gne dans la province du Salamat et le Tchad tout entier.<\/p>\n<p><strong>Pour plus d&rsquo;informations et d&rsquo;analyses sur la <a href=\"https:\/\/www.africa-press.net\/tchad\">Tchad<\/a>, suivez <a href=\"https:\/\/www.africa-press.net\/\">Africa-Press<\/a><\/strong><\/p>\n","protected":false},"excerpt":{"rendered":"<p>Africa-Press &#8211; Tchad. \u00c0 l&rsquo;exemple des musulmans du monde, la communaut\u00e9 musulmane d&rsquo;Am-Timan c\u00e9l\u00e8bre l&rsquo;A\u00efd Al Adha ou f\u00eate de mouton. T\u00f4t ce matin, la place de l&rsquo;ind\u00e9pendance, endroit id\u00e9al r\u00e9serv\u00e9 pour la grande pri\u00e8re, est bond\u00e9e de monde. Le gouverneur de la province du Salamat, Abdoulaye Ibrahim Siam, entour\u00e9 des quelques personnalit\u00e9s, a pris [&hellip;]<\/p>\n","protected":false},"author":82,"featured_media":28607,"comment_status":"open","ping_status":"closed","sticky":false,"template":"","format":"standard","meta":{"footnotes":""},"categories":[21,11,10],"tags":[37,292,29],"class_list":["post-28608","post","type-post","status-publish","format-standard","has-post-thumbnail","hentry","category-communaute","category-homepage-french","category-toutes-les-actualites","tag-africa-press","tag-africa-press-tchad","tag-tchad"],"yoast_head":"<!-- This site is optimized with the Yoast SEO Premium plugin v26.1 (Yoast SEO v27.0) - https:\/\/yoast.com\/product\/yoast-seo-premium-wordpress\/ -->\n<title>l&#039;A\u00efd Al Adha c\u00e9l\u00e9br\u00e9e \u00e0 Am-Timan par une grande pri\u00e8re - tchad<\/title>\n<meta name=\"description\" content=\"\u00c0 l&#039;exemple des musulmans du monde, la communaut\u00e9 musulmane d&#039;Am-Timan c\u00e9l\u00e8bre l&#039;A\u00efd Al Adha ou f ...\" \/>\n<meta name=\"robots\" content=\"index, follow, max-snippet:-1, max-image-preview:large, max-video-preview:-1\" \/>\n<link rel=\"canonical\" href=\"https:\/\/www.africa-press.net\/tchad\/toutes-les-actualites\/laid-al-adha-celebree-a-am-timan-par-une-grande-priere\" \/>\n<meta property=\"og:locale\" content=\"fr_FR\" \/>\n<meta property=\"og:type\" content=\"article\" \/>\n<meta property=\"og:title\" content=\"l&#039;A\u00efd Al Adha c\u00e9l\u00e9br\u00e9e \u00e0 Am-Timan par une grande pri\u00e8re\" \/>\n<meta property=\"og:description\" content=\"\u00c0 l&#039;exemple des musulmans du monde, la communaut\u00e9 musulmane d&#039;Am-Timan c\u00e9l\u00e8bre l&#039;A\u00efd Al Adha ou f ...\" \/>\n<meta property=\"og:url\" content=\"https:\/\/www.africa-press.net\/tchad\/toutes-les-actualites\/laid-al-adha-celebree-a-am-timan-par-une-grande-priere\" \/>\n<meta property=\"og:site_name\" content=\"tchad\" \/>\n<meta property=\"article:published_time\" content=\"2022-07-10T07:52:15+00:00\" \/>\n<meta property=\"article:modified_time\" content=\"2022-07-10T08:41:34+00:00\" \/>\n<meta property=\"og:image\" content=\"https:\/\/static.africa-press.net\/tchad\/sites\/41\/2022\/07\/postQueueImg_4-62ca90a7964fa.jpg\" \/>\n\t<meta property=\"og:image:width\" content=\"819\" \/>\n\t<meta property=\"og:image:height\" content=\"461\" \/>\n\t<meta property=\"og:image:type\" content=\"image\/jpeg\" \/>\n<meta name=\"author\" content=\"cfeditorfr\" \/>\n<meta name=\"twitter:card\" content=\"summary_large_image\" \/>\n<meta name=\"twitter:label1\" content=\"\u00c9crit par\" \/>\n\t<meta name=\"twitter:data1\" content=\"cfeditorfr\" \/>\n\t<meta name=\"twitter:label2\" content=\"Dur\u00e9e de lecture estim\u00e9e\" \/>\n\t<meta name=\"twitter:data2\" content=\"1 minute\" \/>\n<script type=\"application\/ld+json\" class=\"yoast-schema-graph\">{\"@context\":\"https:\/\/schema.org\",\"@graph\":[{\"@type\":\"Article\",\"@id\":\"https:\/\/www.africa-press.net\/tchad\/toutes-les-actualites\/laid-al-adha-celebree-a-am-timan-par-une-grande-priere#article\",\"isPartOf\":{\"@id\":\"https:\/\/www.africa-press.net\/tchad\/toutes-les-actualites\/laid-al-adha-celebree-a-am-timan-par-une-grande-priere\"},\"author\":{\"name\":\"cfeditorfr\",\"@id\":\"https:\/\/www.africa-press.net\/tchad\/#\/schema\/person\/2b1cf3cd81a31e3cd26889ca66d677f1\"},\"headline\":\"l&rsquo;A\u00efd Al Adha c\u00e9l\u00e9br\u00e9e \u00e0 Am-Timan par une grande pri\u00e8re\",\"datePublished\":\"2022-07-10T07:52:15+00:00\",\"dateModified\":\"2022-07-10T08:41:34+00:00\",\"mainEntityOfPage\":{\"@id\":\"https:\/\/www.africa-press.net\/tchad\/toutes-les-actualites\/laid-al-adha-celebree-a-am-timan-par-une-grande-priere\"},\"wordCount\":315,\"commentCount\":0,\"image\":{\"@id\":\"https:\/\/www.africa-press.net\/tchad\/toutes-les-actualites\/laid-al-adha-celebree-a-am-timan-par-une-grande-priere#primaryimage\"},\"thumbnailUrl\":\"https:\/\/static.africa-press.net\/tchad\/sites\/41\/2022\/07\/postQueueImg_4-62ca90a7964fa.jpg\",\"keywords\":[\"Africa Press\",\"Africa Press-Tchad\",\"Tchad\"],\"articleSection\":[\"Communaut\u00e9\",\"homepage-french\",\"Toutes les actualit\u00e9s\"],\"inLanguage\":\"fr-FR\",\"potentialAction\":[{\"@type\":\"CommentAction\",\"name\":\"Comment\",\"target\":[\"https:\/\/www.africa-press.net\/tchad\/toutes-les-actualites\/laid-al-adha-celebree-a-am-timan-par-une-grande-priere#respond\"]}]},{\"@type\":\"WebPage\",\"@id\":\"https:\/\/www.africa-press.net\/tchad\/toutes-les-actualites\/laid-al-adha-celebree-a-am-timan-par-une-grande-priere\",\"url\":\"https:\/\/www.africa-press.net\/tchad\/toutes-les-actualites\/laid-al-adha-celebree-a-am-timan-par-une-grande-priere\",\"name\":\"l'A\u00efd Al Adha c\u00e9l\u00e9br\u00e9e \u00e0 Am-Timan par une grande pri\u00e8re - tchad\",\"isPartOf\":{\"@id\":\"https:\/\/www.africa-press.net\/tchad\/#website\"},\"primaryImageOfPage\":{\"@id\":\"https:\/\/www.africa-press.net\/tchad\/toutes-les-actualites\/laid-al-adha-celebree-a-am-timan-par-une-grande-priere#primaryimage\"},\"image\":{\"@id\":\"https:\/\/www.africa-press.net\/tchad\/toutes-les-actualites\/laid-al-adha-celebree-a-am-timan-par-une-grande-priere#primaryimage\"},\"thumbnailUrl\":\"https:\/\/static.africa-press.net\/tchad\/sites\/41\/2022\/07\/postQueueImg_4-62ca90a7964fa.jpg\",\"datePublished\":\"2022-07-10T07:52:15+00:00\",\"dateModified\":\"2022-07-10T08:41:34+00:00\",\"author\":{\"@id\":\"https:\/\/www.africa-press.net\/tchad\/#\/schema\/person\/2b1cf3cd81a31e3cd26889ca66d677f1\"},\"description\":\"\u00c0 l'exemple des musulmans du monde, la communaut\u00e9 musulmane d'Am-Timan c\u00e9l\u00e8bre l'A\u00efd Al Adha ou f ...\",\"breadcrumb\":{\"@id\":\"https:\/\/www.africa-press.net\/tchad\/toutes-les-actualites\/laid-al-adha-celebree-a-am-timan-par-une-grande-priere#breadcrumb\"},\"inLanguage\":\"fr-FR\",\"potentialAction\":[{\"@type\":\"ReadAction\",\"target\":[\"https:\/\/www.africa-press.net\/tchad\/toutes-les-actualites\/laid-al-adha-celebree-a-am-timan-par-une-grande-priere\"]}]},{\"@type\":\"ImageObject\",\"inLanguage\":\"fr-FR\",\"@id\":\"https:\/\/www.africa-press.net\/tchad\/toutes-les-actualites\/laid-al-adha-celebree-a-am-timan-par-une-grande-priere#primaryimage\",\"url\":\"https:\/\/static.africa-press.net\/tchad\/sites\/41\/2022\/07\/postQueueImg_4-62ca90a7964fa.jpg\",\"contentUrl\":\"https:\/\/static.africa-press.net\/tchad\/sites\/41\/2022\/07\/postQueueImg_4-62ca90a7964fa.jpg\",\"width\":819,\"height\":461,\"caption\":\"l'A\u00efd Al Adha c\u00e9l\u00e9br\u00e9e \u00e0 Am-Timan par une grande pri\u00e8re\"},{\"@type\":\"BreadcrumbList\",\"@id\":\"https:\/\/www.africa-press.net\/tchad\/toutes-les-actualites\/laid-al-adha-celebree-a-am-timan-par-une-grande-priere#breadcrumb\",\"itemListElement\":[{\"@type\":\"ListItem\",\"position\":1,\"name\":\"Accueil\",\"item\":\"https:\/\/www.africa-press.net\/tchad\/\"},{\"@type\":\"ListItem\",\"position\":2,\"name\":\"l&#8217;A\u00efd Al Adha c\u00e9l\u00e9br\u00e9e \u00e0 Am-Timan par une grande pri\u00e8re\"}]},{\"@type\":\"WebSite\",\"@id\":\"https:\/\/www.africa-press.net\/tchad\/#website\",\"url\":\"https:\/\/www.africa-press.net\/tchad\/\",\"name\":\"tchad\",\"description\":\"Just another Africa News Agency Sites site\",\"potentialAction\":[{\"@type\":\"SearchAction\",\"target\":{\"@type\":\"EntryPoint\",\"urlTemplate\":\"https:\/\/www.africa-press.net\/tchad\/?s={search_term_string}\"},\"query-input\":{\"@type\":\"PropertyValueSpecification\",\"valueRequired\":true,\"valueName\":\"search_term_string\"}}],\"inLanguage\":\"fr-FR\"},{\"@type\":\"Person\",\"@id\":\"https:\/\/www.africa-press.net\/tchad\/#\/schema\/person\/2b1cf3cd81a31e3cd26889ca66d677f1\",\"name\":\"cfeditorfr\"}]}<\/script>\n<!-- \/ Yoast SEO Premium plugin. -->","yoast_head_json":{"title":"l'A\u00efd Al Adha c\u00e9l\u00e9br\u00e9e \u00e0 Am-Timan par une grande pri\u00e8re - tchad","description":"\u00c0 l'exemple des musulmans du monde, la communaut\u00e9 musulmane d'Am-Timan c\u00e9l\u00e8bre l'A\u00efd Al Adha ou f ...","robots":{"index":"index","follow":"follow","max-snippet":"max-snippet:-1","max-image-preview":"max-image-preview:large","max-video-preview":"max-video-preview:-1"},"canonical":"https:\/\/www.africa-press.net\/tchad\/toutes-les-actualites\/laid-al-adha-celebree-a-am-timan-par-une-grande-priere","og_locale":"fr_FR","og_type":"article","og_title":"l'A\u00efd Al Adha c\u00e9l\u00e9br\u00e9e \u00e0 Am-Timan par une grande pri\u00e8re","og_description":"\u00c0 l'exemple des musulmans du monde, la communaut\u00e9 musulmane d'Am-Timan c\u00e9l\u00e8bre l'A\u00efd Al Adha ou f ...","og_url":"https:\/\/www.africa-press.net\/tchad\/toutes-les-actualites\/laid-al-adha-celebree-a-am-timan-par-une-grande-priere","og_site_name":"tchad","article_published_time":"2022-07-10T07:52:15+00:00","article_modified_time":"2022-07-10T08:41:34+00:00","og_image":[{"width":819,"height":461,"url":"https:\/\/static.africa-press.net\/tchad\/sites\/41\/2022\/07\/postQueueImg_4-62ca90a7964fa.jpg","type":"image\/jpeg"}],"author":"cfeditorfr","twitter_card":"summary_large_image","twitter_misc":{"\u00c9crit par":"cfeditorfr","Dur\u00e9e de lecture estim\u00e9e":"1 minute"},"schema":{"@context":"https:\/\/schema.org","@graph":[{"@type":"Article","@id":"https:\/\/www.africa-press.net\/tchad\/toutes-les-actualites\/laid-al-adha-celebree-a-am-timan-par-une-grande-priere#article","isPartOf":{"@id":"https:\/\/www.africa-press.net\/tchad\/toutes-les-actualites\/laid-al-adha-celebree-a-am-timan-par-une-grande-priere"},"author":{"name":"cfeditorfr","@id":"https:\/\/www.africa-press.net\/tchad\/#\/schema\/person\/2b1cf3cd81a31e3cd26889ca66d677f1"},"headline":"l&rsquo;A\u00efd Al Adha c\u00e9l\u00e9br\u00e9e \u00e0 Am-Timan par une grande pri\u00e8re","datePublished":"2022-07-10T07:52:15+00:00","dateModified":"2022-07-10T08:41:34+00:00","mainEntityOfPage":{"@id":"https:\/\/www.africa-press.net\/tchad\/toutes-les-actualites\/laid-al-adha-celebree-a-am-timan-par-une-grande-priere"},"wordCount":315,"commentCount":0,"image":{"@id":"https:\/\/www.africa-press.net\/tchad\/toutes-les-actualites\/laid-al-adha-celebree-a-am-timan-par-une-grande-priere#primaryimage"},"thumbnailUrl":"https:\/\/static.africa-press.net\/tchad\/sites\/41\/2022\/07\/postQueueImg_4-62ca90a7964fa.jpg","keywords":["Africa Press","Africa Press-Tchad","Tchad"],"articleSection":["Communaut\u00e9","homepage-french","Toutes les actualit\u00e9s"],"inLanguage":"fr-FR","potentialAction":[{"@type":"CommentAction","name":"Comment","target":["https:\/\/www.africa-press.net\/tchad\/toutes-les-actualites\/laid-al-adha-celebree-a-am-timan-par-une-grande-priere#respond"]}]},{"@type":"WebPage","@id":"https:\/\/www.africa-press.net\/tchad\/toutes-les-actualites\/laid-al-adha-celebree-a-am-timan-par-une-grande-priere","url":"https:\/\/www.africa-press.net\/tchad\/toutes-les-actualites\/laid-al-adha-celebree-a-am-timan-par-une-grande-priere","name":"l'A\u00efd Al Adha c\u00e9l\u00e9br\u00e9e \u00e0 Am-Timan par une grande pri\u00e8re - tchad","isPartOf":{"@id":"https:\/\/www.africa-press.net\/tchad\/#website"},"primaryImageOfPage":{"@id":"https:\/\/www.africa-press.net\/tchad\/toutes-les-actualites\/laid-al-adha-celebree-a-am-timan-par-une-grande-priere#primaryimage"},"image":{"@id":"https:\/\/www.africa-press.net\/tchad\/toutes-les-actualites\/laid-al-adha-celebree-a-am-timan-par-une-grande-priere#primaryimage"},"thumbnailUrl":"https:\/\/static.africa-press.net\/tchad\/sites\/41\/2022\/07\/postQueueImg_4-62ca90a7964fa.jpg","datePublished":"2022-07-10T07:52:15+00:00","dateModified":"2022-07-10T08:41:34+00:00","author":{"@id":"https:\/\/www.africa-press.net\/tchad\/#\/schema\/person\/2b1cf3cd81a31e3cd26889ca66d677f1"},"description":"\u00c0 l'exemple des musulmans du monde, la communaut\u00e9 musulmane d'Am-Timan c\u00e9l\u00e8bre l'A\u00efd Al Adha ou f ...","breadcrumb":{"@id":"https:\/\/www.africa-press.net\/tchad\/toutes-les-actualites\/laid-al-adha-celebree-a-am-timan-par-une-grande-priere#breadcrumb"},"inLanguage":"fr-FR","potentialAction":[{"@type":"ReadAction","target":["https:\/\/www.africa-press.net\/tchad\/toutes-les-actualites\/laid-al-adha-celebree-a-am-timan-par-une-grande-priere"]}]},{"@type":"ImageObject","inLanguage":"fr-FR","@id":"https:\/\/www.africa-press.net\/tchad\/toutes-les-actualites\/laid-al-adha-celebree-a-am-timan-par-une-grande-priere#primaryimage","url":"https:\/\/static.africa-press.net\/tchad\/sites\/41\/2022\/07\/postQueueImg_4-62ca90a7964fa.jpg","contentUrl":"https:\/\/static.africa-press.net\/tchad\/sites\/41\/2022\/07\/postQueueImg_4-62ca90a7964fa.jpg","width":819,"height":461,"caption":"l'A\u00efd Al Adha c\u00e9l\u00e9br\u00e9e \u00e0 Am-Timan par une grande pri\u00e8re"},{"@type":"BreadcrumbList","@id":"https:\/\/www.africa-press.net\/tchad\/toutes-les-actualites\/laid-al-adha-celebree-a-am-timan-par-une-grande-priere#breadcrumb","itemListElement":[{"@type":"ListItem","position":1,"name":"Accueil","item":"https:\/\/www.africa-press.net\/tchad\/"},{"@type":"ListItem","position":2,"name":"l&#8217;A\u00efd Al Adha c\u00e9l\u00e9br\u00e9e \u00e0 Am-Timan par une grande pri\u00e8re"}]},{"@type":"WebSite","@id":"https:\/\/www.africa-press.net\/tchad\/#website","url":"https:\/\/www.africa-press.net\/tchad\/","name":"tchad","description":"Just another Africa News Agency Sites site","potentialAction":[{"@type":"SearchAction","target":{"@type":"EntryPoint","urlTemplate":"https:\/\/www.africa-press.net\/tchad\/?s={search_term_string}"},"query-input":{"@type":"PropertyValueSpecification","valueRequired":true,"valueName":"search_term_string"}}],"inLanguage":"fr-FR"},{"@type":"Person","@id":"https:\/\/www.africa-press.net\/tchad\/#\/schema\/person\/2b1cf3cd81a31e3cd26889ca66d677f1","name":"cfeditorfr"}]}},"_links":{"self":[{"href":"https:\/\/www.africa-press.net\/tchad\/wp-json\/wp\/v2\/posts\/28608","targetHints":{"allow":["GET"]}}],"collection":[{"href":"https:\/\/www.africa-press.net\/tchad\/wp-json\/wp\/v2\/posts"}],"about":[{"href":"https:\/\/www.africa-press.net\/tchad\/wp-json\/wp\/v2\/types\/post"}],"author":[{"embeddable":true,"href":"https:\/\/www.africa-press.net\/tchad\/wp-json\/wp\/v2\/users\/82"}],"replies":[{"embeddable":true,"href":"https:\/\/www.africa-press.net\/tchad\/wp-json\/wp\/v2\/comments?post=28608"}],"version-history":[{"count":0,"href":"https:\/\/www.africa-press.net\/tchad\/wp-json\/wp\/v2\/posts\/28608\/revisions"}],"wp:featuredmedia":[{"embeddable":true,"href":"https:\/\/www.africa-press.net\/tchad\/wp-json\/wp\/v2\/media\/28607"}],"wp:attachment":[{"href":"https:\/\/www.africa-press.net\/tchad\/wp-json\/wp\/v2\/media?parent=28608"}],"wp:term":[{"taxonomy":"category","embeddable":true,"href":"https:\/\/www.africa-press.net\/tchad\/wp-json\/wp\/v2\/categories?post=28608"},{"taxonomy":"post_tag","embeddable":true,"href":"https:\/\/www.africa-press.net\/tchad\/wp-json\/wp\/v2\/tags?post=28608"}],"curies":[{"name":"wp","href":"https:\/\/api.w.org\/{rel}","templated":true}]}}